{"id":3364,"date":"2022-05-11T15:28:59","date_gmt":"2022-05-11T15:28:59","guid":{"rendered":"https:\/\/aprh.zalox.pt\/?p=3364"},"modified":"2024-10-23T10:54:26","modified_gmt":"2024-10-23T10:54:26","slug":"8o-seminario-reutilizacao-de-aguas-residuais-tratadas-na-regiao-norte-um-desafio","status":"publish","type":"post","link":"https:\/\/aprh.pt\/pt\/eventos\/organizados-pela-aprh\/passados-2019\/8o-seminario-reutilizacao-de-aguas-residuais-tratadas-na-regiao-norte-um-desafio\/","title":{"rendered":"8\u00ba Semin\u00e1rio &#8211; Reutiliza\u00e7\u00e3o de \u00e1guas residuais tratadas na regi\u00e3o Norte. Um desafio?"},"content":{"rendered":"\t\t<div data-elementor-type=\"wp-post\" data-elementor-id=\"3364\" class=\"elementor elementor-3364\" data-elementor-post-type=\"post\">\n\t\t\t\t\t\t<section class=\"elementor-section elementor-top-section elementor-element elementor-element-3337ba3 elementor-section-boxed elementor-section-height-default elementor-section-height-default\" data-id=\"3337ba3\" data-element_type=\"section\">\n\t\t\t\t\t\t<div class=\"elementor-container elementor-column-gap-default\">\n\t\t\t\t\t<div class=\"elementor-column elementor-col-100 elementor-top-column elementor-element elementor-element-b58ccd3\" data-id=\"b58ccd3\" data-element_type=\"column\">\n\t\t\t<div class=\"elementor-widget-wrap elementor-element-populated\">\n\t\t\t\t\t\t<div class=\"elementor-element elementor-element-c9f4022 elementor-widget elementor-widget-spacer\" data-id=\"c9f4022\" data-element_type=\"widget\" data-widget_type=\"spacer.default\">\n\t\t\t\t<div class=\"elementor-widget-container\">\n\t\t\t\t\t<div class=\"elementor-spacer\">\n\t\t\t<div class=\"elementor-spacer-inner\"><\/div>\n\t\t<\/div>\n\t\t\t\t<\/div>\n\t\t\t\t<\/div>\n\t\t\t\t\t<\/div>\n\t\t<\/div>\n\t\t\t\t\t<\/div>\n\t\t<\/section>\n\t\t\t\t<section class=\"elementor-section elementor-top-section elementor-element elementor-element-4e40f973 elementor-section-boxed elementor-section-height-default elementor-section-height-default\" data-id=\"4e40f973\" data-element_type=\"section\">\n\t\t\t\t\t\t<div class=\"elementor-container elementor-column-gap-no\">\n\t\t\t\t\t<div class=\"elementor-column elementor-col-50 elementor-top-column elementor-element elementor-element-524447a9\" data-id=\"524447a9\" data-element_type=\"column\">\n\t\t\t<div class=\"elementor-widget-wrap elementor-element-populated\">\n\t\t\t\t\t\t<div class=\"elementor-element elementor-element-344cf56d elementor-widget elementor-widget-theme-post-featured-image elementor-widget-image\" data-id=\"344cf56d\" data-element_type=\"widget\" data-widget_type=\"theme-post-featured-image.default\">\n\t\t\t\t<div class=\"elementor-widget-container\">\n\t\t\t\t\t\t\t\t\t\t\t\t\t<img fetchpriority=\"high\" decoding=\"async\" width=\"500\" height=\"383\" src=\"https:\/\/aprh.pt\/wp-content\/uploads\/2022\/05\/8seminarioNRN.jpeg\" class=\"attachment-large size-large wp-image-3098\" alt=\"8\u00ba Semin\u00e1rio - Reutiliza\u00e7\u00e3o de \u00e1guas residuais tratadas na regi\u00e3o Norte. Um desafio?\" srcset=\"https:\/\/aprh.pt\/wp-content\/uploads\/2022\/05\/8seminarioNRN.jpeg 500w, https:\/\/aprh.pt\/wp-content\/uploads\/2022\/05\/8seminarioNRN-300x230.jpeg 300w\" sizes=\"(max-width: 500px) 100vw, 500px\" \/>\t\t\t\t\t\t\t\t\t\t\t\t\t<\/div>\n\t\t\t\t<\/div>\n\t\t\t\t\t<\/div>\n\t\t<\/div>\n\t\t\t\t<div class=\"elementor-column elementor-col-50 elementor-top-column elementor-element elementor-element-1157c8e0\" data-id=\"1157c8e0\" data-element_type=\"column\">\n\t\t\t<div class=\"elementor-widget-wrap elementor-element-populated\">\n\t\t\t\t\t\t<div class=\"elementor-element elementor-element-47dd3fdb elementor-widget__width-auto elementor-widget elementor-widget-theme-post-excerpt\" data-id=\"47dd3fdb\" data-element_type=\"widget\" data-widget_type=\"theme-post-excerpt.default\">\n\t\t\t\t<div class=\"elementor-widget-container\">\n\t\t\t10 DEZ\t\t<\/div>\n\t\t\t\t<\/div>\n\t\t\t\t<div class=\"elementor-element elementor-element-36d0da48 elementor-widget elementor-widget-theme-post-title elementor-page-title elementor-widget-heading\" data-id=\"36d0da48\" data-element_type=\"widget\" data-widget_type=\"theme-post-title.default\">\n\t\t\t\t<div class=\"elementor-widget-container\">\n\t\t\t<h1 class=\"elementor-heading-title elementor-size-default\">8\u00ba Semin\u00e1rio &#8211; Reutiliza\u00e7\u00e3o de \u00e1guas residuais tratadas na regi\u00e3o Norte. Um desafio?<\/h1>\t\t<\/div>\n\t\t\t\t<\/div>\n\t\t\t\t<div class=\"elementor-element elementor-element-3613ae94 elementor-widget elementor-widget-text-editor\" data-id=\"3613ae94\" data-element_type=\"widget\" data-widget_type=\"text-editor.default\">\n\t\t\t\t<div class=\"elementor-widget-container\">\n\t\t\t\t\t\t\t<p><strong>10 de dezembro de 2019<\/strong><\/p><p>O N\u00facleo Regional do Norte da APRH selecionou como tema para o seu 8\u00ba Semin\u00e1rio a \u201cReutiliza\u00e7\u00e3o de \u00c1guas Residuais Tratadas na Regi\u00e3o Norte\u201d, fruto dos recentes desenvolvimentos com a publica\u00e7\u00e3o do D.L. 119\/2019 de 21 de agosto \u2026<\/p><p>Poster (<a href=\"https:\/\/aprh.pt\/images\/stories\/pdf\/8seminarioNRN_poster.pdf\" target=\"_blank\" rel=\"noopener\">PDF<\/a>) | Programa (<a href=\"https:\/\/aprh.pt\/images\/stories\/pdf\/8SeminarioAPRH_NRNORTE_Programa.pdf\" target=\"_blank\" rel=\"noopener\">PDF<\/a>) | Declara\u00e7\u00e3o do evento (<a href=\"https:\/\/aprh.pt\/images\/stories\/pdf\/Declaracao-Evento_NRNorte_8_Seminario.pdf\" target=\"_blank\" rel=\"noopener\">PDF<\/a>)<\/p>\t\t\t\t\t\t<\/div>\n\t\t\t\t<\/div>\n\t\t\t\t<div class=\"elementor-element elementor-element-67753488 elementor-share-buttons--view-icon elementor-share-buttons--skin-flat elementor-share-buttons--shape-circle elementor-share-buttons--align-right elementor-share-buttons--color-custom elementor-grid-0 elementor-widget elementor-widget-share-buttons\" data-id=\"67753488\" data-element_type=\"widget\" data-widget_type=\"share-buttons.default\">\n\t\t\t\t<div class=\"elementor-widget-container\">\n\t\t\t\t\t<div class=\"elementor-grid\">\n\t\t\t\t\t\t\t\t<div class=\"elementor-grid-item\">\n\t\t\t\t\t\t<div\n\t\t\t\t\t\t\tclass=\"elementor-share-btn elementor-share-btn_facebook\"\n\t\t\t\t\t\t\trole=\"button\"\n\t\t\t\t\t\t\ttabindex=\"0\"\n\t\t\t\t\t\t\taria-label=\"Share on facebook\"\n\t\t\t\t\t\t>\n\t\t\t\t\t\t\t\t\t\t\t\t\t\t\t<span class=\"elementor-share-btn__icon\">\n\t\t\t\t\t\t\t\t<i class=\"fab fa-facebook\" aria-hidden=\"true\"><\/i>\t\t\t\t\t\t\t<\/span>\n\t\t\t\t\t\t\t\t\t\t\t\t\t\t\t\t\t\t\t\t<\/div>\n\t\t\t\t\t<\/div>\n\t\t\t\t\t\t\t\t\t<div class=\"elementor-grid-item\">\n\t\t\t\t\t\t<div\n\t\t\t\t\t\t\tclass=\"elementor-share-btn elementor-share-btn_twitter\"\n\t\t\t\t\t\t\trole=\"button\"\n\t\t\t\t\t\t\ttabindex=\"0\"\n\t\t\t\t\t\t\taria-label=\"Share on twitter\"\n\t\t\t\t\t\t>\n\t\t\t\t\t\t\t\t\t\t\t\t\t\t\t<span class=\"elementor-share-btn__icon\">\n\t\t\t\t\t\t\t\t<i class=\"fab fa-twitter\" aria-hidden=\"true\"><\/i>\t\t\t\t\t\t\t<\/span>\n\t\t\t\t\t\t\t\t\t\t\t\t\t\t\t\t\t\t\t\t<\/div>\n\t\t\t\t\t<\/div>\n\t\t\t\t\t\t\t\t\t<div class=\"elementor-grid-item\">\n\t\t\t\t\t\t<div\n\t\t\t\t\t\t\tclass=\"elementor-share-btn elementor-share-btn_linkedin\"\n\t\t\t\t\t\t\trole=\"button\"\n\t\t\t\t\t\t\ttabindex=\"0\"\n\t\t\t\t\t\t\taria-label=\"Share on linkedin\"\n\t\t\t\t\t\t>\n\t\t\t\t\t\t\t\t\t\t\t\t\t\t\t<span class=\"elementor-share-btn__icon\">\n\t\t\t\t\t\t\t\t<i class=\"fab fa-linkedin\" aria-hidden=\"true\"><\/i>\t\t\t\t\t\t\t<\/span>\n\t\t\t\t\t\t\t\t\t\t\t\t\t\t\t\t\t\t\t\t<\/div>\n\t\t\t\t\t<\/div>\n\t\t\t\t\t\t<\/div>\n\t\t\t\t<\/div>\n\t\t\t\t<\/div>\n\t\t\t\t\t<\/div>\n\t\t<\/div>\n\t\t\t\t\t<\/div>\n\t\t<\/section>\n\t\t\t\t<section class=\"elementor-section elementor-top-section elementor-element elementor-element-53bfe9f3 elementor-section-boxed elementor-section-height-default elementor-section-height-default\" data-id=\"53bfe9f3\" data-element_type=\"section\">\n\t\t\t\t\t\t<div class=\"elementor-container elementor-column-gap-no\">\n\t\t\t\t\t<div class=\"elementor-column elementor-col-100 elementor-top-column elementor-element elementor-element-29e3fb82\" data-id=\"29e3fb82\" data-element_type=\"column\">\n\t\t\t<div class=\"elementor-widget-wrap elementor-element-populated\">\n\t\t\t\t\t\t<div class=\"elementor-element elementor-element-4caff13b tabs_eventos elementor-tabs-view-horizontal elementor-widget elementor-widget-tabs\" data-id=\"4caff13b\" data-element_type=\"widget\" data-widget_type=\"tabs.default\">\n\t\t\t\t<div class=\"elementor-widget-container\">\n\t\t\t\t\t<div class=\"elementor-tabs\">\n\t\t\t<div class=\"elementor-tabs-wrapper\" role=\"tablist\" >\n\t\t\t\t\t\t\t\t\t<div id=\"elementor-tab-title-1281\" class=\"elementor-tab-title elementor-tab-desktop-title\" aria-selected=\"true\" data-tab=\"1\" role=\"tab\" tabindex=\"0\" aria-controls=\"elementor-tab-content-1281\" aria-expanded=\"false\">Objetivo<\/div>\n\t\t\t\t\t\t\t\t\t<div id=\"elementor-tab-title-1282\" class=\"elementor-tab-title elementor-tab-desktop-title\" aria-selected=\"false\" data-tab=\"2\" role=\"tab\" tabindex=\"-1\" aria-controls=\"elementor-tab-content-1282\" aria-expanded=\"false\">Enquadramento<\/div>\n\t\t\t\t\t\t\t\t\t<div id=\"elementor-tab-title-1283\" class=\"elementor-tab-title elementor-tab-desktop-title\" aria-selected=\"false\" data-tab=\"3\" role=\"tab\" tabindex=\"-1\" aria-controls=\"elementor-tab-content-1283\" aria-expanded=\"false\">Agenda<\/div>\n\t\t\t\t\t\t\t\t\t<div id=\"elementor-tab-title-1284\" class=\"elementor-tab-title elementor-tab-desktop-title\" aria-selected=\"false\" data-tab=\"4\" role=\"tab\" tabindex=\"-1\" aria-controls=\"elementor-tab-content-1284\" aria-expanded=\"false\">Informa\u00e7\u00f5es<\/div>\n\t\t\t\t\t\t\t\t\t<div id=\"elementor-tab-title-1285\" class=\"elementor-tab-title elementor-tab-desktop-title\" aria-selected=\"false\" data-tab=\"5\" role=\"tab\" tabindex=\"-1\" aria-controls=\"elementor-tab-content-1285\" aria-expanded=\"false\">Custos<\/div>\n\t\t\t\t\t\t\t\t\t<div id=\"elementor-tab-title-1286\" class=\"elementor-tab-title elementor-tab-desktop-title\" aria-selected=\"false\" data-tab=\"6\" role=\"tab\" tabindex=\"-1\" aria-controls=\"elementor-tab-content-1286\" aria-expanded=\"false\">Inscri\u00e7\u00f5es<\/div>\n\t\t\t\t\t\t\t\t\t<div id=\"elementor-tab-title-1287\" class=\"elementor-tab-title elementor-tab-desktop-title\" aria-selected=\"false\" data-tab=\"7\" role=\"tab\" tabindex=\"-1\" aria-controls=\"elementor-tab-content-1287\" aria-expanded=\"false\">Fotos<\/div>\n\t\t\t\t\t\t\t<\/div>\n\t\t\t<div class=\"elementor-tabs-content-wrapper\" role=\"tablist\" aria-orientation=\"vertical\">\n\t\t\t\t\t\t\t\t\t<div class=\"elementor-tab-title elementor-tab-mobile-title\" aria-selected=\"true\" data-tab=\"1\" role=\"tab\" tabindex=\"0\" aria-controls=\"elementor-tab-content-1281\" aria-expanded=\"false\">Objetivo<\/div>\n\t\t\t\t\t<div id=\"elementor-tab-content-1281\" class=\"elementor-tab-content elementor-clearfix\" data-tab=\"1\" role=\"tabpanel\" aria-labelledby=\"elementor-tab-title-1281\" tabindex=\"0\" hidden=\"false\"><p>O\u00a0N\u00facleo Regional do Norte\u00a0da APRH selecionou como tema para o seu 8\u00ba Semin\u00e1rio a \u201cReutiliza\u00e7\u00e3o de \u00c1guas Residuais Tratadas na Regi\u00e3o Norte\u201d, fruto dos recentes desenvolvimentos com a publica\u00e7\u00e3o do D.L. 119\/2019 de 21 de agosto, que estabelece o regime jur\u00eddico de produ\u00e7\u00e3o de \u00e1gua para reutiliza\u00e7\u00e3o, obtida a partir do tratamento de \u00e1guas residuais, bem como da sua utiliza\u00e7\u00e3o.<\/p><p>Neste 8\u00ba Semin\u00e1rio pretende-se, ent\u00e3o, apresentar e discutir o tema, enquadrando a aplicabilidade e potencial de implementa\u00e7\u00e3o de projetos de reutiliza\u00e7\u00e3o de \u00e1guas residuais tratadas na Regi\u00e3o Norte, atendendo \u00e0s suas caracter\u00edsticas.<\/p><p>A n\u00edvel de estrutura, contar-se-\u00e1 com a participa\u00e7\u00e3o de oradores convidados, e tamb\u00e9m com a contribui\u00e7\u00e3o de autores que pretendam participar ativamente, submetendo resumos t\u00e9cnicos e cient\u00edficos, para apresenta\u00e7\u00e3o oral, relativos \u00e0 tem\u00e1tica de Reutiliza\u00e7\u00e3o de \u00c1guas Residuais Tratadas.<\/p><\/div>\n\t\t\t\t\t\t\t\t\t<div class=\"elementor-tab-title elementor-tab-mobile-title\" aria-selected=\"false\" data-tab=\"2\" role=\"tab\" tabindex=\"-1\" aria-controls=\"elementor-tab-content-1282\" aria-expanded=\"false\">Enquadramento<\/div>\n\t\t\t\t\t<div id=\"elementor-tab-content-1282\" class=\"elementor-tab-content elementor-clearfix\" data-tab=\"2\" role=\"tabpanel\" aria-labelledby=\"elementor-tab-title-1282\" tabindex=\"0\" hidden=\"hidden\"><p>A Reutiliza\u00e7\u00e3o de \u00c1guas Residuais Tratadas constitui uma origem de \u00e1gua alternativa, contribuindo para o uso sustent\u00e1vel dos Recursos H\u00eddricos, em linha com os princ\u00edpios da Economia Circular e preservando a utiliza\u00e7\u00e3o da \u00e1gua para o futuro. Por outro lado, em algumas situa\u00e7\u00f5es, a reutiliza\u00e7\u00e3o poder\u00e1 exigir menores custos de investimento e de opera\u00e7\u00e3o, constituindo uma medida de adapta\u00e7\u00e3o \u00e0s Altera\u00e7\u00f5es Clim\u00e1ticas e de boa pr\u00e1tica de gest\u00e3o da \u00e1gua, designadamente para fazer face ao expect\u00e1vel aumento da frequ\u00eancia e intensidade de per\u00edodos de seca e alargamento das regi\u00f5es com escassez de \u00e1gua.<\/p><p>A n\u00edvel global\/mundial, a reutiliza\u00e7\u00e3o de \u00e1guas residuais tem-se desenvolvido especialmente ao n\u00edvel da rega (agr\u00edcola e de espa\u00e7os verdes), mas tamb\u00e9m para usos urbanos restritos (lavagens de ruas, contentores, etc.). No entanto, existem j\u00e1 exemplos mundiais de sucesso com usos pot\u00e1veis indiretos (ex. recarga de aqu\u00edferos) ou mesmo diretos (purifica\u00e7\u00e3o da \u00e1gua para liga\u00e7\u00e3o a sistemas de distribui\u00e7\u00e3o de \u00e1gua pot\u00e1vel e mistura com outras origens).<\/p><p>Os potenciais efeitos adversos sobre a sa\u00fade p\u00fablica e sobre o ambiente imp\u00f5e, contudo, a defini\u00e7\u00e3o de normas e regras a aplicar \u00e0 pr\u00e1tica de reutiliza\u00e7\u00e3o de \u00e1gua, bem como ao desenvolvimento de metodologias para a respetiva avalia\u00e7\u00e3o do risco.<\/p><p>O recente Decreto-Lei n\u00ba119\/2019 de 21 de agosto, estipula, assim, o regime jur\u00eddico para a produ\u00e7\u00e3o de \u00e1guas para reutiliza\u00e7\u00e3o, e tamb\u00e9m para a sua utiliza\u00e7\u00e3o, definindo-se normas espec\u00edficas de acordo com os usos em causa (fit-for-purpose), bem como a prote\u00e7\u00e3o dos potenciais recetores, tomando por base uma avalia\u00e7\u00e3o do risco. Neste decreto s\u00e3o, ainda, definidos os requisitos a assegurar para o licenciamento e para a qualidade e monitoriza\u00e7\u00e3o da \u00e1gua e as principais tarefas de gest\u00e3o do risco, com vista \u00e0 garantia de seguran\u00e7a para a sa\u00fade p\u00fablica e para o ambiente da reutiliza\u00e7\u00e3o de \u00e1guas residuais tratadas.<\/p><p>Assim, atendendo \u00e0 import\u00e2ncia do assunto em apre\u00e7o, importa enquadrar, refletir e discutir em que medida o estabelecimento de um enquadramento regulat\u00f3rio para garantir que as \u00e1guas residuais tratadas s\u00e3o reutilizadas sempre que poss\u00edvel e adequado, resulta numa maior aposta nesta origem de \u00e1gua alternativa, em especial na Regi\u00e3o Norte do pa\u00eds, tradicionalmente chuvosa e com recursos h\u00eddricos abundantes, mas em que tamb\u00e9m j\u00e1 se reconhecem situa\u00e7\u00f5es de particular escassez (no interior) e verificando-se alguma frequ\u00eancia na ocorr\u00eancia de situa\u00e7\u00f5es de seca.<\/p><\/div>\n\t\t\t\t\t\t\t\t\t<div class=\"elementor-tab-title elementor-tab-mobile-title\" aria-selected=\"false\" data-tab=\"3\" role=\"tab\" tabindex=\"-1\" aria-controls=\"elementor-tab-content-1283\" aria-expanded=\"false\">Agenda<\/div>\n\t\t\t\t\t<div id=\"elementor-tab-content-1283\" class=\"elementor-tab-content elementor-clearfix\" data-tab=\"3\" role=\"tabpanel\" aria-labelledby=\"elementor-tab-title-1283\" tabindex=\"0\" hidden=\"hidden\"><table><tbody><tr><td valign=\"top\"><strong>Hor\u00e1rio<\/strong><\/td><td valign=\"top\"><strong>Sess\u00f5es<\/strong><\/td><\/tr><tr><td valign=\"top\">8:45-9:15\u00a0<\/td><td valign=\"top\"><strong>Rece\u00e7\u00e3o aos Participante<\/strong><\/td><\/tr><tr><td valign=\"top\">9:15-9:45<\/td><td valign=\"top\"><strong>Sess\u00e3o de abertura<\/strong><br \/>Arq. Benjamim Pereira \u2013 Presidente da C\u00e2mara Municipal de Esposende*<br \/>Dra. In\u00eas Andrade \u2013 Administradora Regional APA \/ ARH Norte<br \/>Eng.\u00ba Pedro Teiga \u2013 Vice-Presidente da APRH<br \/>Eng.\u00ba Eduardo Vivas \u2013 Presidente do N\u00facleo Regional Norte da APRH<\/td><\/tr><tr><td valign=\"top\">9:45-10:15<\/td><td valign=\"top\"><strong>ENQUADRAMENTO \u2013 \u201cReutiliza\u00e7\u00e3o de \u00e1guas residuais tratadas. Exemplos. Limita\u00e7\u00f5es\u201d<\/strong><br \/>KEYNOTE SPEAKER:<br \/>Prof. Joaquim Po\u00e7as Martins \u2013 Professor Associado FEUP \/ Presidente Ordem dos Engenheiros \u2013 Regi\u00e3o Norte<\/td><\/tr><tr><td valign=\"top\">10:15-10:45\u00a0<\/td><td valign=\"top\"><strong>Intervalo para Caf\u00e9<\/strong><\/td><\/tr><tr><td valign=\"top\">10:45-12:00<\/td><td valign=\"top\"><strong>MESA REDONDA: \u201cNovo regime jur\u00eddico de produ\u00e7\u00e3o de \u00c1gua para Reutiliza\u00e7\u00e3o (ApR) e da sua utiliza\u00e7\u00e3o\u201d<br \/><\/strong>Moderador \u2013 Eng.\u00ba Eduardo Vivas, S\u00f3cio-Gerente H2OPT, Pres. Comiss\u00e3o Diretiva APRH-NRNorte<br \/>Participantes:<br \/>Eng.\u00aa Lara Carvalho &#8211; Chefe de Divis\u00e3o dos Recursos H\u00eddricos Interiores \u2013 APA \/ ARH Norte<br \/>Eng.\u00aa Alda Br\u00e1s &#8211; Chefe de Divis\u00e3o de Ambiente e Infraestruturas \u2013 Dire\u00e7\u00e3o Regional de Agricultura e Pescas Norte<br \/>Eng.\u00aa Gabriela Rodrigues \u2013 Departamento de Sa\u00fade P\u00fablica \u2013 ARS Norte<\/td><\/tr><tr><td valign=\"top\">12:00-12:30<\/td><td valign=\"top\"><strong>EXEMPLOS EM PORTUGAL: \u201cA experi\u00eancia da \u00c1guas do Tejo Atl\u00e2ntico: F\u00e1bricas da \u00c1gua\u201d<\/strong><br \/>Orador:<br \/>Eng.\u00ba Pedro P\u00f3voa &#8211; Diretor de Gest\u00e3o de Ativos e das \u00e1reas de Inova\u00e7\u00e3o e Sistemas de Informa\u00e7\u00e3o &#8211; \u00c1guas do Tejo<br \/>Atl\u00e2ntico<\/td><\/tr><tr><td valign=\"top\">12:30-14:00\u00a0<\/td><td valign=\"top\"><strong>Almo\u00e7o (Inclu\u00eddo)<\/strong><\/td><\/tr><tr><td valign=\"top\">14:00-15:15\u00a0<\/td><td valign=\"top\"><strong>COMUNICA\u00c7\u00d5ES LIVRES<\/strong><br \/>Moderador \u2013 Prof. Paulo Rosa Santos, Professor Auxiliar FEUP, Comiss\u00e3o Diretiva APRH &#8211; NRNorte<br \/><em>\u201cREUTILIZA\u00c7\u00c3O DE EFLUENTES TRATADOS \u2013 APLICA\u00c7\u00c3O A UM CASO DE ESTUDO DA IND\u00daSTRIA ALIMENTAR\u201d<\/em><br \/>A\u00edas Santino de Lima, Tiago Andr\u00e9 Abreu, S\u00f3nia Figueiredo &#8211; ISEP.<br \/><em>\u201cREAPROVEITAMENTO DE \u00c1GUAS RESIDUAIS DOM\u00c9STICAS TRATADAS PARA REGA\u201d<\/em><br \/>Mafalda Pires, Teresa R. Freitas, Berta Gon\u00e7alves, Jos\u00e9 A. Peres, Eunice Bacelar &#8211; UTAD.<br \/><em>\u201cREUTILIZA\u00c7\u00c3O DE \u00c1GUAS RESIDUAIS CONTENDO F\u00c1RMACOS TRATADAS POR BIORREMEDIA\u00c7\u00c3O\u201d<\/em><br \/>Andreia Silva, S\u00f3nia Figueiredo, Olga Freitas, Cristina Delerue-Matos \u2013 REQUIMTE &#8211; ISEP.<br \/><em>\u201cSER\u00c1 VIAVEL E SEGURA A REUTILIZA\u00c7\u00c3O DE EFLUENTES VIN\u00cdCOLAS TRATADOS NA REGA DE ESPA\u00c7OS VERDES?\u201d<\/em><br \/>Teresa R. Freitas, Mafalda Pires, Berta Gon\u00e7alves, Jos\u00e9 A. Peres, Eunice Bacelar &#8211; UTAD.<\/td><\/tr><tr><td valign=\"top\">15:15-17:00<\/td><td valign=\"top\"><strong>MESA REDONDA: \u201cPotencial de produ\u00e7\u00e3o e de utiliza\u00e7\u00e3o de \u00e1guas residuais tratadas na Regi\u00e3o Norte\u201d<\/strong><br \/>Moderador \u2013 Dr. Jo\u00e3o Vila\u00e7a, Diretor de Explora\u00e7\u00e3o SIMDOURO, Vogal Mesa da Assembleia Regional APRH &#8211;\u00a0NRNorte<br \/>Eng.\u00ba Miguel Campos \u2013 Coordenador Regional de Explora\u00e7\u00e3o &#8211; \u00c1guas do Norte, S.A.<br \/>Eng.\u00ba Fernando Ferreira \u2013 Diretor \u00c1guas Pluviais e Ambiente &#8211; \u00c1guas de Gaia, EM<br \/>Eng.\u00ba Jos\u00e9 Manso \u2013 Presidente da Comiss\u00e3o Diretiva da Associa\u00e7\u00e3o para o Desenvolvimento da Viticultura Duriense<br \/>\u2013 ADVID<br \/>Eng.\u00ba Jos\u00e9 Be\u00e7a \u2013 Gestor de Infraestruturas \u2013 SONAE MC Log\u00edstic<\/td><\/tr><tr><td valign=\"top\">17:00<\/td><td valign=\"top\"><strong>Encerramento<\/strong><\/td><\/tr><\/tbody><\/table><\/div>\n\t\t\t\t\t\t\t\t\t<div class=\"elementor-tab-title elementor-tab-mobile-title\" aria-selected=\"false\" data-tab=\"4\" role=\"tab\" tabindex=\"-1\" aria-controls=\"elementor-tab-content-1284\" aria-expanded=\"false\">Informa\u00e7\u00f5es<\/div>\n\t\t\t\t\t<div id=\"elementor-tab-content-1284\" class=\"elementor-tab-content elementor-clearfix\" data-tab=\"4\" role=\"tabpanel\" aria-labelledby=\"elementor-tab-title-1284\" tabindex=\"0\" hidden=\"hidden\"><p>S\u00e3o eleg\u00edveis comunica\u00e7\u00f5es orais sobre a tem\u00e1tica do Semin\u00e1rio, sendo necess\u00e1rio submeter um resumo alargado para aprecia\u00e7\u00e3o. Os resumos a submeter dever\u00e3o ser compostos por um m\u00e1ximo de 4 p\u00e1ginas e m\u00ednimo de 1 p\u00e1gina, de acordo com o modelo disponibilizado, e dever\u00e3o refletir os principais m\u00e9todos e conclus\u00f5es dos trabalhos realizados e a apresentar.<\/p><blockquote><em><strong>Os autores dos melhores trabalhos (resumos alargados\/comunica\u00e7\u00f5es) ser\u00e3o convidados a preparar um artigo t\u00e9cnico-cient\u00edfico para ser considerado para publica\u00e7\u00e3o na\u00a0<a href=\"https:\/\/www.aprh.pt\/rh\/\" target=\"_blank\" rel=\"noopener noreferrer\">Revista Recursos H\u00eddricos<\/a>\u00a0da APRH.<\/strong><\/em><\/blockquote><p>Comunica\u00e7\u00e3o aos autores da\u00a0<strong>aceita\u00e7\u00e3o dos resumos para a apresenta\u00e7\u00e3o e distribui\u00e7\u00e3o no Semin\u00e1rio:<\/strong>\u00a020-11-2019<\/p><\/div>\n\t\t\t\t\t\t\t\t\t<div class=\"elementor-tab-title elementor-tab-mobile-title\" aria-selected=\"false\" data-tab=\"5\" role=\"tab\" tabindex=\"-1\" aria-controls=\"elementor-tab-content-1285\" aria-expanded=\"false\">Custos<\/div>\n\t\t\t\t\t<div id=\"elementor-tab-content-1285\" class=\"elementor-tab-content elementor-clearfix\" data-tab=\"5\" role=\"tabpanel\" aria-labelledby=\"elementor-tab-title-1285\" tabindex=\"0\" hidden=\"hidden\"><p>At\u00e9 30\/11\/2019<br \/>Associados da APRH: 20 \u20ac<br \/>N\u00e3o associados: 40 \u20ac<br \/>Estudantes: 5 \u20ac<\/p><p>Ap\u00f3s 30\/11\/2019<br \/>Associados da APRH: 40 \u20ac<br \/>N\u00e3o associados: 60 \u20ac<br \/>Estudantes: 10 \u20ac<\/p><\/div>\n\t\t\t\t\t\t\t\t\t<div class=\"elementor-tab-title elementor-tab-mobile-title\" aria-selected=\"false\" data-tab=\"6\" role=\"tab\" tabindex=\"-1\" aria-controls=\"elementor-tab-content-1286\" aria-expanded=\"false\">Inscri\u00e7\u00f5es<\/div>\n\t\t\t\t\t<div id=\"elementor-tab-content-1286\" class=\"elementor-tab-content elementor-clearfix\" data-tab=\"6\" role=\"tabpanel\" aria-labelledby=\"elementor-tab-title-1286\" tabindex=\"0\" hidden=\"hidden\"><p>As inscri\u00e7\u00f5es est\u00e3o encerradas.<\/p><p><b>**************************************************************<\/b><\/p><p>Enviar o comprovativo da Transfer\u00eancia Banc\u00e1ria para:<\/p><p>APRH \u2013 N\u00daCLEO REGIONAL DO NORTE<br \/>a\/c Paula Pinto &#8211;\u00a0<span id=\"cloak8d4196dae830c64cbfc641f036653c85\"><a href=\"mailto:paulap@fe.up.pt\">paulap@fe.up.pt<\/a><\/span><\/p><p>\u00a0<\/p><\/div>\n\t\t\t\t\t\t\t\t\t<div class=\"elementor-tab-title elementor-tab-mobile-title\" aria-selected=\"false\" data-tab=\"7\" role=\"tab\" tabindex=\"-1\" aria-controls=\"elementor-tab-content-1287\" aria-expanded=\"false\">Fotos<\/div>\n\t\t\t\t\t<div id=\"elementor-tab-content-1287\" class=\"elementor-tab-content elementor-clearfix\" data-tab=\"7\" role=\"tabpanel\" aria-labelledby=\"elementor-tab-title-1287\" tabindex=\"0\" hidden=\"hidden\"><img decoding=\"async\" class=\"alignnone size-full wp-image-50109\" src=\"https:\/\/www.aprh.pt\/wp-content\/uploads\/2022\/10\/10dez2019_site.jpg\" alt=\"\" width=\"500\" height=\"375\" srcset=\"https:\/\/aprh.pt\/wp-content\/uploads\/2022\/10\/10dez2019_site.jpg 500w, https:\/\/aprh.pt\/wp-content\/uploads\/2022\/10\/10dez2019_site-300x225.jpg 300w\" sizes=\"(max-width: 500px) 100vw, 500px\" \/>\n<p><a href=\"https:\/\/photos.app.goo.gl\/Niv8usH8kC8b4BMMA\" target=\"_blank\">Galeria de fotos<\/a><\/p><\/div>\n\t\t\t\t\t\t\t<\/div>\n\t\t<\/div>\n\t\t\t\t<\/div>\n\t\t\t\t<\/div>\n\t\t\t\t<div class=\"elementor-element elementor-element-67a15e4b elementor-widget elementor-widget-global elementor-global-500 elementor-widget-spacer\" data-id=\"67a15e4b\" data-element_type=\"widget\" data-widget_type=\"spacer.default\">\n\t\t\t\t<div class=\"elementor-widget-container\">\n\t\t\t\t\t<div class=\"elementor-spacer\">\n\t\t\t<div class=\"elementor-spacer-inner\"><\/div>\n\t\t<\/div>\n\t\t\t\t<\/div>\n\t\t\t\t<\/div>\n\t\t\t\t\t<\/div>\n\t\t<\/div>\n\t\t\t\t\t<\/div>\n\t\t<\/section>\n\t\t\t\t<\/div>\n\t\t","protected":false},"excerpt":{"rendered":"<p>10 DEZ<\/p>\n","protected":false},"author":1,"featured_media":3098,"comment_status":"closed","ping_status":"open","sticky":false,"template":"","format":"standard","meta":{"footnotes":""},"categories":[39],"tags":[],"class_list":["post-3364","post","type-post","status-publish","format-standard","has-post-thumbnail","hentry","category-passados-2019"],"yoast_head":"<!-- This site is optimized with the Yoast SEO plugin v23.8 - https:\/\/yoast.com\/wordpress\/plugins\/seo\/ -->\n<title>8\u00ba Semin\u00e1rio - Reutiliza\u00e7\u00e3o de \u00e1guas residuais tratadas na regi\u00e3o Norte. Um desafio? - APRH<\/title>\n<meta name=\"robots\" content=\"index, follow, max-snippet:-1, max-image-preview:large, max-video-preview:-1\" \/>\n<link rel=\"canonical\" href=\"https:\/\/aprh.pt\/pt\/eventos\/organizados-pela-aprh\/passados-2019\/8o-seminario-reutilizacao-de-aguas-residuais-tratadas-na-regiao-norte-um-desafio\/\" \/>\n<meta property=\"og:locale\" content=\"pt_PT\" \/>\n<meta property=\"og:type\" content=\"article\" \/>\n<meta property=\"og:title\" content=\"8\u00ba Semin\u00e1rio - Reutiliza\u00e7\u00e3o de \u00e1guas residuais tratadas na regi\u00e3o Norte. Um desafio? - APRH\" \/>\n<meta property=\"og:description\" content=\"10 DEZ\" \/>\n<meta property=\"og:url\" content=\"https:\/\/aprh.pt\/pt\/eventos\/organizados-pela-aprh\/passados-2019\/8o-seminario-reutilizacao-de-aguas-residuais-tratadas-na-regiao-norte-um-desafio\/\" \/>\n<meta property=\"og:site_name\" content=\"APRH\" \/>\n<meta property=\"article:published_time\" content=\"2022-05-11T15:28:59+00:00\" \/>\n<meta property=\"article:modified_time\" content=\"2024-10-23T10:54:26+00:00\" \/>\n<meta property=\"og:image\" content=\"https:\/\/aprh.pt\/wp-content\/uploads\/2022\/05\/8seminarioNRN.jpeg\" \/>\n\t<meta property=\"og:image:width\" content=\"500\" \/>\n\t<meta property=\"og:image:height\" content=\"383\" \/>\n\t<meta property=\"og:image:type\" content=\"image\/jpeg\" \/>\n<meta name=\"author\" content=\"admin\" \/>\n<meta name=\"twitter:card\" content=\"summary_large_image\" \/>\n<meta name=\"twitter:label1\" content=\"Escrito por\" \/>\n\t<meta name=\"twitter:data1\" content=\"admin\" \/>\n\t<meta name=\"twitter:label2\" content=\"Tempo estimado de leitura\" \/>\n\t<meta name=\"twitter:data2\" content=\"7 minutos\" \/>\n<script type=\"application\/ld+json\" class=\"yoast-schema-graph\">{\"@context\":\"https:\/\/schema.org\",\"@graph\":[{\"@type\":\"Article\",\"@id\":\"https:\/\/aprh.pt\/pt\/eventos\/organizados-pela-aprh\/passados-2019\/8o-seminario-reutilizacao-de-aguas-residuais-tratadas-na-regiao-norte-um-desafio\/#article\",\"isPartOf\":{\"@id\":\"https:\/\/aprh.pt\/pt\/eventos\/organizados-pela-aprh\/passados-2019\/8o-seminario-reutilizacao-de-aguas-residuais-tratadas-na-regiao-norte-um-desafio\/\"},\"author\":{\"name\":\"admin\",\"@id\":\"https:\/\/aprh.pt\/pt\/#\/schema\/person\/48b266141210923df72b6ffbb5cdcbaa\"},\"headline\":\"8\u00ba Semin\u00e1rio &#8211; Reutiliza\u00e7\u00e3o de \u00e1guas residuais tratadas na regi\u00e3o Norte. Um desafio?\",\"datePublished\":\"2022-05-11T15:28:59+00:00\",\"dateModified\":\"2024-10-23T10:54:26+00:00\",\"mainEntityOfPage\":{\"@id\":\"https:\/\/aprh.pt\/pt\/eventos\/organizados-pela-aprh\/passados-2019\/8o-seminario-reutilizacao-de-aguas-residuais-tratadas-na-regiao-norte-um-desafio\/\"},\"wordCount\":1268,\"publisher\":{\"@id\":\"https:\/\/aprh.pt\/pt\/#organization\"},\"image\":{\"@id\":\"https:\/\/aprh.pt\/pt\/eventos\/organizados-pela-aprh\/passados-2019\/8o-seminario-reutilizacao-de-aguas-residuais-tratadas-na-regiao-norte-um-desafio\/#primaryimage\"},\"thumbnailUrl\":\"https:\/\/aprh.pt\/wp-content\/uploads\/2022\/05\/8seminarioNRN.jpeg\",\"articleSection\":[\"Passados 2019\"],\"inLanguage\":\"pt-PT\"},{\"@type\":\"WebPage\",\"@id\":\"https:\/\/aprh.pt\/pt\/eventos\/organizados-pela-aprh\/passados-2019\/8o-seminario-reutilizacao-de-aguas-residuais-tratadas-na-regiao-norte-um-desafio\/\",\"url\":\"https:\/\/aprh.pt\/pt\/eventos\/organizados-pela-aprh\/passados-2019\/8o-seminario-reutilizacao-de-aguas-residuais-tratadas-na-regiao-norte-um-desafio\/\",\"name\":\"8\u00ba Semin\u00e1rio - Reutiliza\u00e7\u00e3o de \u00e1guas residuais tratadas na regi\u00e3o Norte. Um desafio? - APRH\",\"isPartOf\":{\"@id\":\"https:\/\/aprh.pt\/pt\/#website\"},\"primaryImageOfPage\":{\"@id\":\"https:\/\/aprh.pt\/pt\/eventos\/organizados-pela-aprh\/passados-2019\/8o-seminario-reutilizacao-de-aguas-residuais-tratadas-na-regiao-norte-um-desafio\/#primaryimage\"},\"image\":{\"@id\":\"https:\/\/aprh.pt\/pt\/eventos\/organizados-pela-aprh\/passados-2019\/8o-seminario-reutilizacao-de-aguas-residuais-tratadas-na-regiao-norte-um-desafio\/#primaryimage\"},\"thumbnailUrl\":\"https:\/\/aprh.pt\/wp-content\/uploads\/2022\/05\/8seminarioNRN.jpeg\",\"datePublished\":\"2022-05-11T15:28:59+00:00\",\"dateModified\":\"2024-10-23T10:54:26+00:00\",\"breadcrumb\":{\"@id\":\"https:\/\/aprh.pt\/pt\/eventos\/organizados-pela-aprh\/passados-2019\/8o-seminario-reutilizacao-de-aguas-residuais-tratadas-na-regiao-norte-um-desafio\/#breadcrumb\"},\"inLanguage\":\"pt-PT\",\"potentialAction\":[{\"@type\":\"ReadAction\",\"target\":[\"https:\/\/aprh.pt\/pt\/eventos\/organizados-pela-aprh\/passados-2019\/8o-seminario-reutilizacao-de-aguas-residuais-tratadas-na-regiao-norte-um-desafio\/\"]}]},{\"@type\":\"ImageObject\",\"inLanguage\":\"pt-PT\",\"@id\":\"https:\/\/aprh.pt\/pt\/eventos\/organizados-pela-aprh\/passados-2019\/8o-seminario-reutilizacao-de-aguas-residuais-tratadas-na-regiao-norte-um-desafio\/#primaryimage\",\"url\":\"https:\/\/aprh.pt\/wp-content\/uploads\/2022\/05\/8seminarioNRN.jpeg\",\"contentUrl\":\"https:\/\/aprh.pt\/wp-content\/uploads\/2022\/05\/8seminarioNRN.jpeg\",\"width\":500,\"height\":383,\"caption\":\"8\u00ba Semin\u00e1rio - Reutiliza\u00e7\u00e3o de \u00e1guas residuais tratadas na regi\u00e3o Norte. Um desafio?\"},{\"@type\":\"BreadcrumbList\",\"@id\":\"https:\/\/aprh.pt\/pt\/eventos\/organizados-pela-aprh\/passados-2019\/8o-seminario-reutilizacao-de-aguas-residuais-tratadas-na-regiao-norte-um-desafio\/#breadcrumb\",\"itemListElement\":[{\"@type\":\"ListItem\",\"position\":1,\"name\":\"Home\",\"item\":\"https:\/\/aprh.pt\/pt\/\"},{\"@type\":\"ListItem\",\"position\":2,\"name\":\"Eventos\",\"item\":\"https:\/\/aprh.pt\/pt\/category\/eventos\/\"},{\"@type\":\"ListItem\",\"position\":3,\"name\":\"Organizados pela APRH\",\"item\":\"https:\/\/aprh.pt\/pt\/category\/eventos\/organizados-pela-aprh\/\"},{\"@type\":\"ListItem\",\"position\":4,\"name\":\"Passados 2019\",\"item\":\"https:\/\/aprh.pt\/pt\/category\/eventos\/organizados-pela-aprh\/passados-2019\/\"},{\"@type\":\"ListItem\",\"position\":5,\"name\":\"8\u00ba Semin\u00e1rio &#8211; Reutiliza\u00e7\u00e3o de \u00e1guas residuais tratadas na regi\u00e3o Norte. Um desafio?\"}]},{\"@type\":\"WebSite\",\"@id\":\"https:\/\/aprh.pt\/pt\/#website\",\"url\":\"https:\/\/aprh.pt\/pt\/\",\"name\":\"APRH\",\"description\":\"Associa\u00e7\u00e3o Portuguesa dos Recursos H\u00eddricos\",\"publisher\":{\"@id\":\"https:\/\/aprh.pt\/pt\/#organization\"},\"potentialAction\":[{\"@type\":\"SearchAction\",\"target\":{\"@type\":\"EntryPoint\",\"urlTemplate\":\"https:\/\/aprh.pt\/pt\/?s={search_term_string}\"},\"query-input\":{\"@type\":\"PropertyValueSpecification\",\"valueRequired\":true,\"valueName\":\"search_term_string\"}}],\"inLanguage\":\"pt-PT\"},{\"@type\":\"Organization\",\"@id\":\"https:\/\/aprh.pt\/pt\/#organization\",\"name\":\"APRH\",\"url\":\"https:\/\/aprh.pt\/pt\/\",\"logo\":{\"@type\":\"ImageObject\",\"inLanguage\":\"pt-PT\",\"@id\":\"https:\/\/aprh.pt\/pt\/#\/schema\/logo\/image\/\",\"url\":\"https:\/\/aprh.pt\/wp-content\/uploads\/2022\/04\/logotipo.png\",\"contentUrl\":\"https:\/\/aprh.pt\/wp-content\/uploads\/2022\/04\/logotipo.png\",\"width\":181,\"height\":80,\"caption\":\"APRH\"},\"image\":{\"@id\":\"https:\/\/aprh.pt\/pt\/#\/schema\/logo\/image\/\"}},{\"@type\":\"Person\",\"@id\":\"https:\/\/aprh.pt\/pt\/#\/schema\/person\/48b266141210923df72b6ffbb5cdcbaa\",\"name\":\"admin\",\"image\":{\"@type\":\"ImageObject\",\"inLanguage\":\"pt-PT\",\"@id\":\"https:\/\/aprh.pt\/pt\/#\/schema\/person\/image\/\",\"url\":\"https:\/\/secure.gravatar.com\/avatar\/596e45d48db05fe4ed97c1aa961f66ff?s=96&d=mm&r=g\",\"contentUrl\":\"https:\/\/secure.gravatar.com\/avatar\/596e45d48db05fe4ed97c1aa961f66ff?s=96&d=mm&r=g\",\"caption\":\"admin\"},\"sameAs\":[\"https:\/\/aprh.zalox.pt\"],\"url\":\"https:\/\/aprh.pt\/pt\/author\/zalox\/\"}]}<\/script>\n<!-- \/ Yoast SEO plugin. -->","yoast_head_json":{"title":"8\u00ba Semin\u00e1rio - Reutiliza\u00e7\u00e3o de \u00e1guas residuais tratadas na regi\u00e3o Norte. Um desafio? - APRH","robots":{"index":"index","follow":"follow","max-snippet":"max-snippet:-1","max-image-preview":"max-image-preview:large","max-video-preview":"max-video-preview:-1"},"canonical":"https:\/\/aprh.pt\/pt\/eventos\/organizados-pela-aprh\/passados-2019\/8o-seminario-reutilizacao-de-aguas-residuais-tratadas-na-regiao-norte-um-desafio\/","og_locale":"pt_PT","og_type":"article","og_title":"8\u00ba Semin\u00e1rio - Reutiliza\u00e7\u00e3o de \u00e1guas residuais tratadas na regi\u00e3o Norte. Um desafio? - APRH","og_description":"10 DEZ","og_url":"https:\/\/aprh.pt\/pt\/eventos\/organizados-pela-aprh\/passados-2019\/8o-seminario-reutilizacao-de-aguas-residuais-tratadas-na-regiao-norte-um-desafio\/","og_site_name":"APRH","article_published_time":"2022-05-11T15:28:59+00:00","article_modified_time":"2024-10-23T10:54:26+00:00","og_image":[{"width":500,"height":383,"url":"https:\/\/aprh.pt\/wp-content\/uploads\/2022\/05\/8seminarioNRN.jpeg","type":"image\/jpeg"}],"author":"admin","twitter_card":"summary_large_image","twitter_misc":{"Escrito por":"admin","Tempo estimado de leitura":"7 minutos"},"schema":{"@context":"https:\/\/schema.org","@graph":[{"@type":"Article","@id":"https:\/\/aprh.pt\/pt\/eventos\/organizados-pela-aprh\/passados-2019\/8o-seminario-reutilizacao-de-aguas-residuais-tratadas-na-regiao-norte-um-desafio\/#article","isPartOf":{"@id":"https:\/\/aprh.pt\/pt\/eventos\/organizados-pela-aprh\/passados-2019\/8o-seminario-reutilizacao-de-aguas-residuais-tratadas-na-regiao-norte-um-desafio\/"},"author":{"name":"admin","@id":"https:\/\/aprh.pt\/pt\/#\/schema\/person\/48b266141210923df72b6ffbb5cdcbaa"},"headline":"8\u00ba Semin\u00e1rio &#8211; Reutiliza\u00e7\u00e3o de \u00e1guas residuais tratadas na regi\u00e3o Norte. Um desafio?","datePublished":"2022-05-11T15:28:59+00:00","dateModified":"2024-10-23T10:54:26+00:00","mainEntityOfPage":{"@id":"https:\/\/aprh.pt\/pt\/eventos\/organizados-pela-aprh\/passados-2019\/8o-seminario-reutilizacao-de-aguas-residuais-tratadas-na-regiao-norte-um-desafio\/"},"wordCount":1268,"publisher":{"@id":"https:\/\/aprh.pt\/pt\/#organization"},"image":{"@id":"https:\/\/aprh.pt\/pt\/eventos\/organizados-pela-aprh\/passados-2019\/8o-seminario-reutilizacao-de-aguas-residuais-tratadas-na-regiao-norte-um-desafio\/#primaryimage"},"thumbnailUrl":"https:\/\/aprh.pt\/wp-content\/uploads\/2022\/05\/8seminarioNRN.jpeg","articleSection":["Passados 2019"],"inLanguage":"pt-PT"},{"@type":"WebPage","@id":"https:\/\/aprh.pt\/pt\/eventos\/organizados-pela-aprh\/passados-2019\/8o-seminario-reutilizacao-de-aguas-residuais-tratadas-na-regiao-norte-um-desafio\/","url":"https:\/\/aprh.pt\/pt\/eventos\/organizados-pela-aprh\/passados-2019\/8o-seminario-reutilizacao-de-aguas-residuais-tratadas-na-regiao-norte-um-desafio\/","name":"8\u00ba Semin\u00e1rio - Reutiliza\u00e7\u00e3o de \u00e1guas residuais tratadas na regi\u00e3o Norte. Um desafio? - APRH","isPartOf":{"@id":"https:\/\/aprh.pt\/pt\/#website"},"primaryImageOfPage":{"@id":"https:\/\/aprh.pt\/pt\/eventos\/organizados-pela-aprh\/passados-2019\/8o-seminario-reutilizacao-de-aguas-residuais-tratadas-na-regiao-norte-um-desafio\/#primaryimage"},"image":{"@id":"https:\/\/aprh.pt\/pt\/eventos\/organizados-pela-aprh\/passados-2019\/8o-seminario-reutilizacao-de-aguas-residuais-tratadas-na-regiao-norte-um-desafio\/#primaryimage"},"thumbnailUrl":"https:\/\/aprh.pt\/wp-content\/uploads\/2022\/05\/8seminarioNRN.jpeg","datePublished":"2022-05-11T15:28:59+00:00","dateModified":"2024-10-23T10:54:26+00:00","breadcrumb":{"@id":"https:\/\/aprh.pt\/pt\/eventos\/organizados-pela-aprh\/passados-2019\/8o-seminario-reutilizacao-de-aguas-residuais-tratadas-na-regiao-norte-um-desafio\/#breadcrumb"},"inLanguage":"pt-PT","potentialAction":[{"@type":"ReadAction","target":["https:\/\/aprh.pt\/pt\/eventos\/organizados-pela-aprh\/passados-2019\/8o-seminario-reutilizacao-de-aguas-residuais-tratadas-na-regiao-norte-um-desafio\/"]}]},{"@type":"ImageObject","inLanguage":"pt-PT","@id":"https:\/\/aprh.pt\/pt\/eventos\/organizados-pela-aprh\/passados-2019\/8o-seminario-reutilizacao-de-aguas-residuais-tratadas-na-regiao-norte-um-desafio\/#primaryimage","url":"https:\/\/aprh.pt\/wp-content\/uploads\/2022\/05\/8seminarioNRN.jpeg","contentUrl":"https:\/\/aprh.pt\/wp-content\/uploads\/2022\/05\/8seminarioNRN.jpeg","width":500,"height":383,"caption":"8\u00ba Semin\u00e1rio - Reutiliza\u00e7\u00e3o de \u00e1guas residuais tratadas na regi\u00e3o Norte. Um desafio?"},{"@type":"BreadcrumbList","@id":"https:\/\/aprh.pt\/pt\/eventos\/organizados-pela-aprh\/passados-2019\/8o-seminario-reutilizacao-de-aguas-residuais-tratadas-na-regiao-norte-um-desafio\/#breadcrumb","itemListElement":[{"@type":"ListItem","position":1,"name":"Home","item":"https:\/\/aprh.pt\/pt\/"},{"@type":"ListItem","position":2,"name":"Eventos","item":"https:\/\/aprh.pt\/pt\/category\/eventos\/"},{"@type":"ListItem","position":3,"name":"Organizados pela APRH","item":"https:\/\/aprh.pt\/pt\/category\/eventos\/organizados-pela-aprh\/"},{"@type":"ListItem","position":4,"name":"Passados 2019","item":"https:\/\/aprh.pt\/pt\/category\/eventos\/organizados-pela-aprh\/passados-2019\/"},{"@type":"ListItem","position":5,"name":"8\u00ba Semin\u00e1rio &#8211; Reutiliza\u00e7\u00e3o de \u00e1guas residuais tratadas na regi\u00e3o Norte. Um desafio?"}]},{"@type":"WebSite","@id":"https:\/\/aprh.pt\/pt\/#website","url":"https:\/\/aprh.pt\/pt\/","name":"APRH","description":"Associa\u00e7\u00e3o Portuguesa dos Recursos H\u00eddricos","publisher":{"@id":"https:\/\/aprh.pt\/pt\/#organization"},"potentialAction":[{"@type":"SearchAction","target":{"@type":"EntryPoint","urlTemplate":"https:\/\/aprh.pt\/pt\/?s={search_term_string}"},"query-input":{"@type":"PropertyValueSpecification","valueRequired":true,"valueName":"search_term_string"}}],"inLanguage":"pt-PT"},{"@type":"Organization","@id":"https:\/\/aprh.pt\/pt\/#organization","name":"APRH","url":"https:\/\/aprh.pt\/pt\/","logo":{"@type":"ImageObject","inLanguage":"pt-PT","@id":"https:\/\/aprh.pt\/pt\/#\/schema\/logo\/image\/","url":"https:\/\/aprh.pt\/wp-content\/uploads\/2022\/04\/logotipo.png","contentUrl":"https:\/\/aprh.pt\/wp-content\/uploads\/2022\/04\/logotipo.png","width":181,"height":80,"caption":"APRH"},"image":{"@id":"https:\/\/aprh.pt\/pt\/#\/schema\/logo\/image\/"}},{"@type":"Person","@id":"https:\/\/aprh.pt\/pt\/#\/schema\/person\/48b266141210923df72b6ffbb5cdcbaa","name":"admin","image":{"@type":"ImageObject","inLanguage":"pt-PT","@id":"https:\/\/aprh.pt\/pt\/#\/schema\/person\/image\/","url":"https:\/\/secure.gravatar.com\/avatar\/596e45d48db05fe4ed97c1aa961f66ff?s=96&d=mm&r=g","contentUrl":"https:\/\/secure.gravatar.com\/avatar\/596e45d48db05fe4ed97c1aa961f66ff?s=96&d=mm&r=g","caption":"admin"},"sameAs":["https:\/\/aprh.zalox.pt"],"url":"https:\/\/aprh.pt\/pt\/author\/zalox\/"}]}},"_links":{"self":[{"href":"https:\/\/aprh.pt\/pt\/wp-json\/wp\/v2\/posts\/3364","targetHints":{"allow":["GET"]}}],"collection":[{"href":"https:\/\/aprh.pt\/pt\/wp-json\/wp\/v2\/posts"}],"about":[{"href":"https:\/\/aprh.pt\/pt\/wp-json\/wp\/v2\/types\/post"}],"author":[{"embeddable":true,"href":"https:\/\/aprh.pt\/pt\/wp-json\/wp\/v2\/users\/1"}],"replies":[{"embeddable":true,"href":"https:\/\/aprh.pt\/pt\/wp-json\/wp\/v2\/comments?post=3364"}],"version-history":[{"count":16,"href":"https:\/\/aprh.pt\/pt\/wp-json\/wp\/v2\/posts\/3364\/revisions"}],"predecessor-version":[{"id":77978,"href":"https:\/\/aprh.pt\/pt\/wp-json\/wp\/v2\/posts\/3364\/revisions\/77978"}],"wp:featuredmedia":[{"embeddable":true,"href":"https:\/\/aprh.pt\/pt\/wp-json\/wp\/v2\/media\/3098"}],"wp:attachment":[{"href":"https:\/\/aprh.pt\/pt\/wp-json\/wp\/v2\/media?parent=3364"}],"wp:term":[{"taxonomy":"category","embeddable":true,"href":"https:\/\/aprh.pt\/pt\/wp-json\/wp\/v2\/categories?post=3364"},{"taxonomy":"post_tag","embeddable":true,"href":"https:\/\/aprh.pt\/pt\/wp-json\/wp\/v2\/tags?post=3364"}],"curies":[{"name":"wp","href":"https:\/\/api.w.org\/{rel}","templated":true}]}}