{"id":34146,"date":"2022-06-09T12:22:05","date_gmt":"2022-06-09T12:22:05","guid":{"rendered":"https:\/\/aprh.zalox.pt\/sem-categoria\/a-gestao-da-agua-no-ambito-da-implementacao-de-sistemas-de-gestao-ambiental-o-caso-de-uma-organizac\/"},"modified":"2022-06-09T12:22:05","modified_gmt":"2022-06-09T12:22:05","slug":"a-gestao-da-agua-no-ambito-da-implementacao-de-sistemas-de-gestao-ambiental-o-caso-de-uma-organizac","status":"publish","type":"post","link":"https:\/\/aprh.pt\/pt\/publicacoes\/artigos\/a-gestao-da-agua-no-ambito-da-implementacao-de-sistemas-de-gestao-ambiental-o-caso-de-uma-organizac\/","title":{"rendered":"A gest\u00e3o da \u00e1gua no \u00e2mbito da implementa\u00e7\u00e3o de sistemas de gest\u00e3o ambiental. O caso de uma organiza\u00e7"},"content":{"rendered":"<h6>T\u00edtulo:<\/h6>\n<p>A gest\u00e3o da \u00e1gua no \u00e2mbito da implementa\u00e7\u00e3o de sistemas de gest\u00e3o ambiental. O caso de uma organiza\u00e7<\/p>\n<h6>Resumo:<\/h6>\n<\/p>\n<h6>Autores:<\/h6>\n<p> Joana Dias,  Micaela Soares,  Ant\u00f3nio J. D. Ferreira,  Marta A. R. Lopes,  \u00c9rica G. Castanheira,  Manuela A. Carreiras,  Rui Amaro,  Gil Feio,  Maria de Lourdes Costa,  Maria da C. C. Costa,  Martins<\/p>\n","protected":false},"excerpt":{"rendered":"<p>T\u00edtulo: A gest\u00e3o da \u00e1gua no \u00e2mbito da implementa\u00e7\u00e3o de sistemas de gest\u00e3o ambiental. O caso de uma organiza\u00e7 Resumo: Autores: Joana Dias, Micaela Soares, Ant\u00f3nio J. D. Ferreira, Marta A. R. Lopes, \u00c9rica G. Castanheira, Manuela A. Carreiras, Rui Amaro, Gil Feio, Maria de Lourdes Costa, Maria da C. C. Costa, Martins<\/p>\n","protected":false},"author":1,"featured_media":0,"comment_status":"open","ping_status":"open","sticky":false,"template":"","format":"standard","meta":{"footnotes":""},"categories":[163],"tags":[],"class_list":["post-34146","post","type-post","status-publish","format-standard","hentry","category-artigos"],"yoast_head":"<!-- This site is optimized with the Yoast SEO plugin v23.8 - https:\/\/yoast.com\/wordpress\/plugins\/seo\/ -->\n<title>A gest\u00e3o da \u00e1gua no \u00e2mbito da implementa\u00e7\u00e3o de sistemas de gest\u00e3o ambiental. O caso de uma organiza\u00e7 - APRH<\/title>\n<meta name=\"robots\" content=\"index, follow, max-snippet:-1, max-image-preview:large, max-video-preview:-1\" \/>\n<link rel=\"canonical\" href=\"https:\/\/aprh.pt\/pt\/publicacoes\/artigos\/a-gestao-da-agua-no-ambito-da-implementacao-de-sistemas-de-gestao-ambiental-o-caso-de-uma-organizac\/\" \/>\n<meta property=\"og:locale\" content=\"pt_PT\" \/>\n<meta property=\"og:type\" content=\"article\" \/>\n<meta property=\"og:title\" content=\"A gest\u00e3o da \u00e1gua no \u00e2mbito da implementa\u00e7\u00e3o de sistemas de gest\u00e3o ambiental. O caso de uma organiza\u00e7 - APRH\" \/>\n<meta property=\"og:description\" content=\"T\u00edtulo: A gest\u00e3o da \u00e1gua no \u00e2mbito da implementa\u00e7\u00e3o de sistemas de gest\u00e3o ambiental. O caso de uma organiza\u00e7 Resumo: Autores: Joana Dias, Micaela Soares, Ant\u00f3nio J. D. Ferreira, Marta A. R. Lopes, \u00c9rica G. Castanheira, Manuela A. Carreiras, Rui Amaro, Gil Feio, Maria de Lourdes Costa, Maria da C. C. Costa, Martins\" \/>\n<meta property=\"og:url\" content=\"https:\/\/aprh.pt\/pt\/publicacoes\/artigos\/a-gestao-da-agua-no-ambito-da-implementacao-de-sistemas-de-gestao-ambiental-o-caso-de-uma-organizac\/\" \/>\n<meta property=\"og:site_name\" content=\"APRH\" \/>\n<meta property=\"article:published_time\" content=\"2022-06-09T12:22:05+00:00\" \/>\n<meta name=\"author\" content=\"admin\" \/>\n<meta name=\"twitter:card\" content=\"summary_large_image\" \/>\n<meta name=\"twitter:label1\" content=\"Escrito por\" \/>\n\t<meta name=\"twitter:data1\" content=\"admin\" \/>\n<script type=\"application\/ld+json\" class=\"yoast-schema-graph\">{\"@context\":\"https:\/\/schema.org\",\"@graph\":[{\"@type\":\"Article\",\"@id\":\"https:\/\/aprh.pt\/pt\/publicacoes\/artigos\/a-gestao-da-agua-no-ambito-da-implementacao-de-sistemas-de-gestao-ambiental-o-caso-de-uma-organizac\/#article\",\"isPartOf\":{\"@id\":\"https:\/\/aprh.pt\/pt\/publicacoes\/artigos\/a-gestao-da-agua-no-ambito-da-implementacao-de-sistemas-de-gestao-ambiental-o-caso-de-uma-organizac\/\"},\"author\":{\"name\":\"admin\",\"@id\":\"https:\/\/aprh.pt\/pt\/#\/schema\/person\/48b266141210923df72b6ffbb5cdcbaa\"},\"headline\":\"A gest\u00e3o da \u00e1gua no \u00e2mbito da implementa\u00e7\u00e3o de sistemas de gest\u00e3o ambiental. O caso de uma organiza\u00e7\",\"datePublished\":\"2022-06-09T12:22:05+00:00\",\"dateModified\":\"2022-06-09T12:22:05+00:00\",\"mainEntityOfPage\":{\"@id\":\"https:\/\/aprh.pt\/pt\/publicacoes\/artigos\/a-gestao-da-agua-no-ambito-da-implementacao-de-sistemas-de-gestao-ambiental-o-caso-de-uma-organizac\/\"},\"wordCount\":79,\"commentCount\":0,\"publisher\":{\"@id\":\"https:\/\/aprh.pt\/pt\/#organization\"},\"articleSection\":[\"Artigos\"],\"inLanguage\":\"pt-PT\",\"potentialAction\":[{\"@type\":\"CommentAction\",\"name\":\"Comment\",\"target\":[\"https:\/\/aprh.pt\/pt\/publicacoes\/artigos\/a-gestao-da-agua-no-ambito-da-implementacao-de-sistemas-de-gestao-ambiental-o-caso-de-uma-organizac\/#respond\"]}]},{\"@type\":\"WebPage\",\"@id\":\"https:\/\/aprh.pt\/pt\/publicacoes\/artigos\/a-gestao-da-agua-no-ambito-da-implementacao-de-sistemas-de-gestao-ambiental-o-caso-de-uma-organizac\/\",\"url\":\"https:\/\/aprh.pt\/pt\/publicacoes\/artigos\/a-gestao-da-agua-no-ambito-da-implementacao-de-sistemas-de-gestao-ambiental-o-caso-de-uma-organizac\/\",\"name\":\"A gest\u00e3o da \u00e1gua no \u00e2mbito da implementa\u00e7\u00e3o de sistemas de gest\u00e3o ambiental. O caso de uma organiza\u00e7 - APRH\",\"isPartOf\":{\"@id\":\"https:\/\/aprh.pt\/pt\/#website\"},\"datePublished\":\"2022-06-09T12:22:05+00:00\",\"dateModified\":\"2022-06-09T12:22:05+00:00\",\"breadcrumb\":{\"@id\":\"https:\/\/aprh.pt\/pt\/publicacoes\/artigos\/a-gestao-da-agua-no-ambito-da-implementacao-de-sistemas-de-gestao-ambiental-o-caso-de-uma-organizac\/#breadcrumb\"},\"inLanguage\":\"pt-PT\",\"potentialAction\":[{\"@type\":\"ReadAction\",\"target\":[\"https:\/\/aprh.pt\/pt\/publicacoes\/artigos\/a-gestao-da-agua-no-ambito-da-implementacao-de-sistemas-de-gestao-ambiental-o-caso-de-uma-organizac\/\"]}]},{\"@type\":\"BreadcrumbList\",\"@id\":\"https:\/\/aprh.pt\/pt\/publicacoes\/artigos\/a-gestao-da-agua-no-ambito-da-implementacao-de-sistemas-de-gestao-ambiental-o-caso-de-uma-organizac\/#breadcrumb\",\"itemListElement\":[{\"@type\":\"ListItem\",\"position\":1,\"name\":\"Home\",\"item\":\"https:\/\/aprh.pt\/pt\/\"},{\"@type\":\"ListItem\",\"position\":2,\"name\":\"Publica\u00e7\u00f5es\",\"item\":\"https:\/\/aprh.pt\/pt\/category\/publicacoes\/\"},{\"@type\":\"ListItem\",\"position\":3,\"name\":\"Artigos\",\"item\":\"https:\/\/aprh.pt\/pt\/category\/publicacoes\/artigos\/\"},{\"@type\":\"ListItem\",\"position\":4,\"name\":\"A gest\u00e3o da \u00e1gua no \u00e2mbito da implementa\u00e7\u00e3o de sistemas de gest\u00e3o ambiental. O caso de uma organiza\u00e7\"}]},{\"@type\":\"WebSite\",\"@id\":\"https:\/\/aprh.pt\/pt\/#website\",\"url\":\"https:\/\/aprh.pt\/pt\/\",\"name\":\"APRH\",\"description\":\"Associa\u00e7\u00e3o Portuguesa dos Recursos H\u00eddricos\",\"publisher\":{\"@id\":\"https:\/\/aprh.pt\/pt\/#organization\"},\"potentialAction\":[{\"@type\":\"SearchAction\",\"target\":{\"@type\":\"EntryPoint\",\"urlTemplate\":\"https:\/\/aprh.pt\/pt\/?s={search_term_string}\"},\"query-input\":{\"@type\":\"PropertyValueSpecification\",\"valueRequired\":true,\"valueName\":\"search_term_string\"}}],\"inLanguage\":\"pt-PT\"},{\"@type\":\"Organization\",\"@id\":\"https:\/\/aprh.pt\/pt\/#organization\",\"name\":\"APRH\",\"url\":\"https:\/\/aprh.pt\/pt\/\",\"logo\":{\"@type\":\"ImageObject\",\"inLanguage\":\"pt-PT\",\"@id\":\"https:\/\/aprh.pt\/pt\/#\/schema\/logo\/image\/\",\"url\":\"https:\/\/aprh.pt\/wp-content\/uploads\/2022\/04\/logotipo.png\",\"contentUrl\":\"https:\/\/aprh.pt\/wp-content\/uploads\/2022\/04\/logotipo.png\",\"width\":181,\"height\":80,\"caption\":\"APRH\"},\"image\":{\"@id\":\"https:\/\/aprh.pt\/pt\/#\/schema\/logo\/image\/\"}},{\"@type\":\"Person\",\"@id\":\"https:\/\/aprh.pt\/pt\/#\/schema\/person\/48b266141210923df72b6ffbb5cdcbaa\",\"name\":\"admin\",\"image\":{\"@type\":\"ImageObject\",\"inLanguage\":\"pt-PT\",\"@id\":\"https:\/\/aprh.pt\/pt\/#\/schema\/person\/image\/\",\"url\":\"https:\/\/secure.gravatar.com\/avatar\/596e45d48db05fe4ed97c1aa961f66ff?s=96&d=mm&r=g\",\"contentUrl\":\"https:\/\/secure.gravatar.com\/avatar\/596e45d48db05fe4ed97c1aa961f66ff?s=96&d=mm&r=g\",\"caption\":\"admin\"},\"sameAs\":[\"https:\/\/aprh.zalox.pt\"],\"url\":\"https:\/\/aprh.pt\/pt\/author\/zalox\/\"}]}<\/script>\n<!-- \/ Yoast SEO plugin. -->","yoast_head_json":{"title":"A gest\u00e3o da \u00e1gua no \u00e2mbito da implementa\u00e7\u00e3o de sistemas de gest\u00e3o ambiental. O caso de uma organiza\u00e7 - APRH","robots":{"index":"index","follow":"follow","max-snippet":"max-snippet:-1","max-image-preview":"max-image-preview:large","max-video-preview":"max-video-preview:-1"},"canonical":"https:\/\/aprh.pt\/pt\/publicacoes\/artigos\/a-gestao-da-agua-no-ambito-da-implementacao-de-sistemas-de-gestao-ambiental-o-caso-de-uma-organizac\/","og_locale":"pt_PT","og_type":"article","og_title":"A gest\u00e3o da \u00e1gua no \u00e2mbito da implementa\u00e7\u00e3o de sistemas de gest\u00e3o ambiental. O caso de uma organiza\u00e7 - APRH","og_description":"T\u00edtulo: A gest\u00e3o da \u00e1gua no \u00e2mbito da implementa\u00e7\u00e3o de sistemas de gest\u00e3o ambiental. O caso de uma organiza\u00e7 Resumo: Autores: Joana Dias, Micaela Soares, Ant\u00f3nio J. D. Ferreira, Marta A. R. Lopes, \u00c9rica G. Castanheira, Manuela A. Carreiras, Rui Amaro, Gil Feio, Maria de Lourdes Costa, Maria da C. C. Costa, Martins","og_url":"https:\/\/aprh.pt\/pt\/publicacoes\/artigos\/a-gestao-da-agua-no-ambito-da-implementacao-de-sistemas-de-gestao-ambiental-o-caso-de-uma-organizac\/","og_site_name":"APRH","article_published_time":"2022-06-09T12:22:05+00:00","author":"admin","twitter_card":"summary_large_image","twitter_misc":{"Escrito por":"admin"},"schema":{"@context":"https:\/\/schema.org","@graph":[{"@type":"Article","@id":"https:\/\/aprh.pt\/pt\/publicacoes\/artigos\/a-gestao-da-agua-no-ambito-da-implementacao-de-sistemas-de-gestao-ambiental-o-caso-de-uma-organizac\/#article","isPartOf":{"@id":"https:\/\/aprh.pt\/pt\/publicacoes\/artigos\/a-gestao-da-agua-no-ambito-da-implementacao-de-sistemas-de-gestao-ambiental-o-caso-de-uma-organizac\/"},"author":{"name":"admin","@id":"https:\/\/aprh.pt\/pt\/#\/schema\/person\/48b266141210923df72b6ffbb5cdcbaa"},"headline":"A gest\u00e3o da \u00e1gua no \u00e2mbito da implementa\u00e7\u00e3o de sistemas de gest\u00e3o ambiental. O caso de uma organiza\u00e7","datePublished":"2022-06-09T12:22:05+00:00","dateModified":"2022-06-09T12:22:05+00:00","mainEntityOfPage":{"@id":"https:\/\/aprh.pt\/pt\/publicacoes\/artigos\/a-gestao-da-agua-no-ambito-da-implementacao-de-sistemas-de-gestao-ambiental-o-caso-de-uma-organizac\/"},"wordCount":79,"commentCount":0,"publisher":{"@id":"https:\/\/aprh.pt\/pt\/#organization"},"articleSection":["Artigos"],"inLanguage":"pt-PT","potentialAction":[{"@type":"CommentAction","name":"Comment","target":["https:\/\/aprh.pt\/pt\/publicacoes\/artigos\/a-gestao-da-agua-no-ambito-da-implementacao-de-sistemas-de-gestao-ambiental-o-caso-de-uma-organizac\/#respond"]}]},{"@type":"WebPage","@id":"https:\/\/aprh.pt\/pt\/publicacoes\/artigos\/a-gestao-da-agua-no-ambito-da-implementacao-de-sistemas-de-gestao-ambiental-o-caso-de-uma-organizac\/","url":"https:\/\/aprh.pt\/pt\/publicacoes\/artigos\/a-gestao-da-agua-no-ambito-da-implementacao-de-sistemas-de-gestao-ambiental-o-caso-de-uma-organizac\/","name":"A gest\u00e3o da \u00e1gua no \u00e2mbito da implementa\u00e7\u00e3o de sistemas de gest\u00e3o ambiental. O caso de uma organiza\u00e7 - APRH","isPartOf":{"@id":"https:\/\/aprh.pt\/pt\/#website"},"datePublished":"2022-06-09T12:22:05+00:00","dateModified":"2022-06-09T12:22:05+00:00","breadcrumb":{"@id":"https:\/\/aprh.pt\/pt\/publicacoes\/artigos\/a-gestao-da-agua-no-ambito-da-implementacao-de-sistemas-de-gestao-ambiental-o-caso-de-uma-organizac\/#breadcrumb"},"inLanguage":"pt-PT","potentialAction":[{"@type":"ReadAction","target":["https:\/\/aprh.pt\/pt\/publicacoes\/artigos\/a-gestao-da-agua-no-ambito-da-implementacao-de-sistemas-de-gestao-ambiental-o-caso-de-uma-organizac\/"]}]},{"@type":"BreadcrumbList","@id":"https:\/\/aprh.pt\/pt\/publicacoes\/artigos\/a-gestao-da-agua-no-ambito-da-implementacao-de-sistemas-de-gestao-ambiental-o-caso-de-uma-organizac\/#breadcrumb","itemListElement":[{"@type":"ListItem","position":1,"name":"Home","item":"https:\/\/aprh.pt\/pt\/"},{"@type":"ListItem","position":2,"name":"Publica\u00e7\u00f5es","item":"https:\/\/aprh.pt\/pt\/category\/publicacoes\/"},{"@type":"ListItem","position":3,"name":"Artigos","item":"https:\/\/aprh.pt\/pt\/category\/publicacoes\/artigos\/"},{"@type":"ListItem","position":4,"name":"A gest\u00e3o da \u00e1gua no \u00e2mbito da implementa\u00e7\u00e3o de sistemas de gest\u00e3o ambiental. O caso de uma organiza\u00e7"}]},{"@type":"WebSite","@id":"https:\/\/aprh.pt\/pt\/#website","url":"https:\/\/aprh.pt\/pt\/","name":"APRH","description":"Associa\u00e7\u00e3o Portuguesa dos Recursos H\u00eddricos","publisher":{"@id":"https:\/\/aprh.pt\/pt\/#organization"},"potentialAction":[{"@type":"SearchAction","target":{"@type":"EntryPoint","urlTemplate":"https:\/\/aprh.pt\/pt\/?s={search_term_string}"},"query-input":{"@type":"PropertyValueSpecification","valueRequired":true,"valueName":"search_term_string"}}],"inLanguage":"pt-PT"},{"@type":"Organization","@id":"https:\/\/aprh.pt\/pt\/#organization","name":"APRH","url":"https:\/\/aprh.pt\/pt\/","logo":{"@type":"ImageObject","inLanguage":"pt-PT","@id":"https:\/\/aprh.pt\/pt\/#\/schema\/logo\/image\/","url":"https:\/\/aprh.pt\/wp-content\/uploads\/2022\/04\/logotipo.png","contentUrl":"https:\/\/aprh.pt\/wp-content\/uploads\/2022\/04\/logotipo.png","width":181,"height":80,"caption":"APRH"},"image":{"@id":"https:\/\/aprh.pt\/pt\/#\/schema\/logo\/image\/"}},{"@type":"Person","@id":"https:\/\/aprh.pt\/pt\/#\/schema\/person\/48b266141210923df72b6ffbb5cdcbaa","name":"admin","image":{"@type":"ImageObject","inLanguage":"pt-PT","@id":"https:\/\/aprh.pt\/pt\/#\/schema\/person\/image\/","url":"https:\/\/secure.gravatar.com\/avatar\/596e45d48db05fe4ed97c1aa961f66ff?s=96&d=mm&r=g","contentUrl":"https:\/\/secure.gravatar.com\/avatar\/596e45d48db05fe4ed97c1aa961f66ff?s=96&d=mm&r=g","caption":"admin"},"sameAs":["https:\/\/aprh.zalox.pt"],"url":"https:\/\/aprh.pt\/pt\/author\/zalox\/"}]}},"_links":{"self":[{"href":"https:\/\/aprh.pt\/pt\/wp-json\/wp\/v2\/posts\/34146","targetHints":{"allow":["GET"]}}],"collection":[{"href":"https:\/\/aprh.pt\/pt\/wp-json\/wp\/v2\/posts"}],"about":[{"href":"https:\/\/aprh.pt\/pt\/wp-json\/wp\/v2\/types\/post"}],"author":[{"embeddable":true,"href":"https:\/\/aprh.pt\/pt\/wp-json\/wp\/v2\/users\/1"}],"replies":[{"embeddable":true,"href":"https:\/\/aprh.pt\/pt\/wp-json\/wp\/v2\/comments?post=34146"}],"version-history":[{"count":0,"href":"https:\/\/aprh.pt\/pt\/wp-json\/wp\/v2\/posts\/34146\/revisions"}],"wp:attachment":[{"href":"https:\/\/aprh.pt\/pt\/wp-json\/wp\/v2\/media?parent=34146"}],"wp:term":[{"taxonomy":"category","embeddable":true,"href":"https:\/\/aprh.pt\/pt\/wp-json\/wp\/v2\/categories?post=34146"},{"taxonomy":"post_tag","embeddable":true,"href":"https:\/\/aprh.pt\/pt\/wp-json\/wp\/v2\/tags?post=34146"}],"curies":[{"name":"wp","href":"https:\/\/api.w.org\/{rel}","templated":true}]}}