{"id":36022,"date":"2022-06-09T12:30:25","date_gmt":"2022-06-09T12:30:25","guid":{"rendered":"https:\/\/aprh.zalox.pt\/sem-categoria\/fundamentos-da-gestao-de-poluentes-uma-solucao-necessariamente-integrada\/"},"modified":"2022-06-09T12:30:25","modified_gmt":"2022-06-09T12:30:25","slug":"fundamentos-da-gestao-de-poluentes-uma-solucao-necessariamente-integrada","status":"publish","type":"post","link":"https:\/\/aprh.pt\/pt\/publicacoes\/artigos\/fundamentos-da-gestao-de-poluentes-uma-solucao-necessariamente-integrada\/","title":{"rendered":"Fundamentos da gest\u00e3o de poluentes, uma solu\u00e7\u00e3o necessariamente integrada"},"content":{"rendered":"<h6>T\u00edtulo:<\/h6>\n<p>Fundamentos da gest\u00e3o de poluentes, uma solu\u00e7\u00e3o necessariamente integrada<\/p>\n<h6>Resumo:<\/h6>\n<p>Este artigo apresenta, dentro do contexto contempor\u00e2neo do desafio de gest\u00e3o dos res\u00edduos, um sistema integrado de solu\u00e7\u00f5es, fundamentado em cinco linhas principais de a\u00e7\u00e3o: o n\u00e3o gerar, o reduzir a gera\u00e7\u00e3o, o reciclar\/reutilizar, o tratar e o dispor. Adicionalmente, a aplica\u00e7\u00e3o efetiva desses pressupostos precisa estar em conson\u00e2ncia com as caracter\u00edsticas b\u00e1sicas dos res\u00edduos, que s\u00e3o, em suma, a irreversibilidade, a heterogeneidade e a anisotropia. Destes desenvolvem-se os sete princ\u00edpios de a\u00e7\u00e3o que norteiam os atuais instrumentos de gest\u00e3o: o princ\u00edpio da descarga \u201czero\u201d, o princ\u00edpio da retroalimenta\u00e7\u00e3o, o princ\u00edpio da tratabilidade, o princ\u00edpio da integrabilidade, o princ\u00edpio do potencial impactante, o princ\u00edpio da polui\u00e7\u00e3o em cadeia e o princ\u00edpio de Descartes.<\/p>\n<h6>Autores:<\/h6>\n<p> Geraldo Tadeu Rezende Silveira<\/p>\n","protected":false},"excerpt":{"rendered":"<p>T\u00edtulo: Fundamentos da gest\u00e3o de poluentes, uma solu\u00e7\u00e3o necessariamente integrada Resumo: Este artigo apresenta, dentro do contexto contempor\u00e2neo do desafio de gest\u00e3o dos res\u00edduos, um sistema integrado de solu\u00e7\u00f5es, fundamentado em cinco linhas principais de a\u00e7\u00e3o: o n\u00e3o gerar, o reduzir a gera\u00e7\u00e3o, o reciclar\/reutilizar, o tratar e o dispor. Adicionalmente, a aplica\u00e7\u00e3o efetiva desses [&hellip;]<\/p>\n","protected":false},"author":1,"featured_media":0,"comment_status":"open","ping_status":"open","sticky":false,"template":"","format":"standard","meta":{"footnotes":""},"categories":[163],"tags":[],"class_list":["post-36022","post","type-post","status-publish","format-standard","hentry","category-artigos"],"yoast_head":"<!-- This site is optimized with the Yoast SEO plugin v23.8 - https:\/\/yoast.com\/wordpress\/plugins\/seo\/ -->\n<title>Fundamentos da gest\u00e3o de poluentes, uma solu\u00e7\u00e3o necessariamente integrada - APRH<\/title>\n<meta name=\"robots\" content=\"index, follow, max-snippet:-1, max-image-preview:large, max-video-preview:-1\" \/>\n<link rel=\"canonical\" href=\"https:\/\/aprh.pt\/pt\/publicacoes\/artigos\/fundamentos-da-gestao-de-poluentes-uma-solucao-necessariamente-integrada\/\" \/>\n<meta property=\"og:locale\" content=\"pt_PT\" \/>\n<meta property=\"og:type\" content=\"article\" \/>\n<meta property=\"og:title\" content=\"Fundamentos da gest\u00e3o de poluentes, uma solu\u00e7\u00e3o necessariamente integrada - APRH\" \/>\n<meta property=\"og:description\" content=\"T\u00edtulo: Fundamentos da gest\u00e3o de poluentes, uma solu\u00e7\u00e3o necessariamente integrada Resumo: Este artigo apresenta, dentro do contexto contempor\u00e2neo do desafio de gest\u00e3o dos res\u00edduos, um sistema integrado de solu\u00e7\u00f5es, fundamentado em cinco linhas principais de a\u00e7\u00e3o: o n\u00e3o gerar, o reduzir a gera\u00e7\u00e3o, o reciclar\/reutilizar, o tratar e o dispor. Adicionalmente, a aplica\u00e7\u00e3o efetiva desses [&hellip;]\" \/>\n<meta property=\"og:url\" content=\"https:\/\/aprh.pt\/pt\/publicacoes\/artigos\/fundamentos-da-gestao-de-poluentes-uma-solucao-necessariamente-integrada\/\" \/>\n<meta property=\"og:site_name\" content=\"APRH\" \/>\n<meta property=\"article:published_time\" content=\"2022-06-09T12:30:25+00:00\" \/>\n<meta name=\"author\" content=\"admin\" \/>\n<meta name=\"twitter:card\" content=\"summary_large_image\" \/>\n<meta name=\"twitter:label1\" content=\"Escrito por\" \/>\n\t<meta name=\"twitter:data1\" content=\"admin\" \/>\n\t<meta name=\"twitter:label2\" content=\"Tempo estimado de leitura\" \/>\n\t<meta name=\"twitter:data2\" content=\"1 minuto\" \/>\n<script type=\"application\/ld+json\" class=\"yoast-schema-graph\">{\"@context\":\"https:\/\/schema.org\",\"@graph\":[{\"@type\":\"Article\",\"@id\":\"https:\/\/aprh.pt\/pt\/publicacoes\/artigos\/fundamentos-da-gestao-de-poluentes-uma-solucao-necessariamente-integrada\/#article\",\"isPartOf\":{\"@id\":\"https:\/\/aprh.pt\/pt\/publicacoes\/artigos\/fundamentos-da-gestao-de-poluentes-uma-solucao-necessariamente-integrada\/\"},\"author\":{\"name\":\"admin\",\"@id\":\"https:\/\/aprh.pt\/pt\/#\/schema\/person\/48b266141210923df72b6ffbb5cdcbaa\"},\"headline\":\"Fundamentos da gest\u00e3o de poluentes, uma solu\u00e7\u00e3o necessariamente integrada\",\"datePublished\":\"2022-06-09T12:30:25+00:00\",\"dateModified\":\"2022-06-09T12:30:25+00:00\",\"mainEntityOfPage\":{\"@id\":\"https:\/\/aprh.pt\/pt\/publicacoes\/artigos\/fundamentos-da-gestao-de-poluentes-uma-solucao-necessariamente-integrada\/\"},\"wordCount\":169,\"commentCount\":0,\"publisher\":{\"@id\":\"https:\/\/aprh.pt\/pt\/#organization\"},\"articleSection\":[\"Artigos\"],\"inLanguage\":\"pt-PT\",\"potentialAction\":[{\"@type\":\"CommentAction\",\"name\":\"Comment\",\"target\":[\"https:\/\/aprh.pt\/pt\/publicacoes\/artigos\/fundamentos-da-gestao-de-poluentes-uma-solucao-necessariamente-integrada\/#respond\"]}]},{\"@type\":\"WebPage\",\"@id\":\"https:\/\/aprh.pt\/pt\/publicacoes\/artigos\/fundamentos-da-gestao-de-poluentes-uma-solucao-necessariamente-integrada\/\",\"url\":\"https:\/\/aprh.pt\/pt\/publicacoes\/artigos\/fundamentos-da-gestao-de-poluentes-uma-solucao-necessariamente-integrada\/\",\"name\":\"Fundamentos da gest\u00e3o de poluentes, uma solu\u00e7\u00e3o necessariamente integrada - APRH\",\"isPartOf\":{\"@id\":\"https:\/\/aprh.pt\/pt\/#website\"},\"datePublished\":\"2022-06-09T12:30:25+00:00\",\"dateModified\":\"2022-06-09T12:30:25+00:00\",\"breadcrumb\":{\"@id\":\"https:\/\/aprh.pt\/pt\/publicacoes\/artigos\/fundamentos-da-gestao-de-poluentes-uma-solucao-necessariamente-integrada\/#breadcrumb\"},\"inLanguage\":\"pt-PT\",\"potentialAction\":[{\"@type\":\"ReadAction\",\"target\":[\"https:\/\/aprh.pt\/pt\/publicacoes\/artigos\/fundamentos-da-gestao-de-poluentes-uma-solucao-necessariamente-integrada\/\"]}]},{\"@type\":\"BreadcrumbList\",\"@id\":\"https:\/\/aprh.pt\/pt\/publicacoes\/artigos\/fundamentos-da-gestao-de-poluentes-uma-solucao-necessariamente-integrada\/#breadcrumb\",\"itemListElement\":[{\"@type\":\"ListItem\",\"position\":1,\"name\":\"Home\",\"item\":\"https:\/\/aprh.pt\/pt\/\"},{\"@type\":\"ListItem\",\"position\":2,\"name\":\"Publica\u00e7\u00f5es\",\"item\":\"https:\/\/aprh.pt\/pt\/category\/publicacoes\/\"},{\"@type\":\"ListItem\",\"position\":3,\"name\":\"Artigos\",\"item\":\"https:\/\/aprh.pt\/pt\/category\/publicacoes\/artigos\/\"},{\"@type\":\"ListItem\",\"position\":4,\"name\":\"Fundamentos da gest\u00e3o de poluentes, uma solu\u00e7\u00e3o necessariamente integrada\"}]},{\"@type\":\"WebSite\",\"@id\":\"https:\/\/aprh.pt\/pt\/#website\",\"url\":\"https:\/\/aprh.pt\/pt\/\",\"name\":\"APRH\",\"description\":\"Associa\u00e7\u00e3o Portuguesa dos Recursos H\u00eddricos\",\"publisher\":{\"@id\":\"https:\/\/aprh.pt\/pt\/#organization\"},\"potentialAction\":[{\"@type\":\"SearchAction\",\"target\":{\"@type\":\"EntryPoint\",\"urlTemplate\":\"https:\/\/aprh.pt\/pt\/?s={search_term_string}\"},\"query-input\":{\"@type\":\"PropertyValueSpecification\",\"valueRequired\":true,\"valueName\":\"search_term_string\"}}],\"inLanguage\":\"pt-PT\"},{\"@type\":\"Organization\",\"@id\":\"https:\/\/aprh.pt\/pt\/#organization\",\"name\":\"APRH\",\"url\":\"https:\/\/aprh.pt\/pt\/\",\"logo\":{\"@type\":\"ImageObject\",\"inLanguage\":\"pt-PT\",\"@id\":\"https:\/\/aprh.pt\/pt\/#\/schema\/logo\/image\/\",\"url\":\"https:\/\/aprh.pt\/wp-content\/uploads\/2022\/04\/logotipo.png\",\"contentUrl\":\"https:\/\/aprh.pt\/wp-content\/uploads\/2022\/04\/logotipo.png\",\"width\":181,\"height\":80,\"caption\":\"APRH\"},\"image\":{\"@id\":\"https:\/\/aprh.pt\/pt\/#\/schema\/logo\/image\/\"}},{\"@type\":\"Person\",\"@id\":\"https:\/\/aprh.pt\/pt\/#\/schema\/person\/48b266141210923df72b6ffbb5cdcbaa\",\"name\":\"admin\",\"image\":{\"@type\":\"ImageObject\",\"inLanguage\":\"pt-PT\",\"@id\":\"https:\/\/aprh.pt\/pt\/#\/schema\/person\/image\/\",\"url\":\"https:\/\/secure.gravatar.com\/avatar\/596e45d48db05fe4ed97c1aa961f66ff?s=96&d=mm&r=g\",\"contentUrl\":\"https:\/\/secure.gravatar.com\/avatar\/596e45d48db05fe4ed97c1aa961f66ff?s=96&d=mm&r=g\",\"caption\":\"admin\"},\"sameAs\":[\"https:\/\/aprh.zalox.pt\"],\"url\":\"https:\/\/aprh.pt\/pt\/author\/zalox\/\"}]}<\/script>\n<!-- \/ Yoast SEO plugin. -->","yoast_head_json":{"title":"Fundamentos da gest\u00e3o de poluentes, uma solu\u00e7\u00e3o necessariamente integrada - APRH","robots":{"index":"index","follow":"follow","max-snippet":"max-snippet:-1","max-image-preview":"max-image-preview:large","max-video-preview":"max-video-preview:-1"},"canonical":"https:\/\/aprh.pt\/pt\/publicacoes\/artigos\/fundamentos-da-gestao-de-poluentes-uma-solucao-necessariamente-integrada\/","og_locale":"pt_PT","og_type":"article","og_title":"Fundamentos da gest\u00e3o de poluentes, uma solu\u00e7\u00e3o necessariamente integrada - APRH","og_description":"T\u00edtulo: Fundamentos da gest\u00e3o de poluentes, uma solu\u00e7\u00e3o necessariamente integrada Resumo: Este artigo apresenta, dentro do contexto contempor\u00e2neo do desafio de gest\u00e3o dos res\u00edduos, um sistema integrado de solu\u00e7\u00f5es, fundamentado em cinco linhas principais de a\u00e7\u00e3o: o n\u00e3o gerar, o reduzir a gera\u00e7\u00e3o, o reciclar\/reutilizar, o tratar e o dispor. Adicionalmente, a aplica\u00e7\u00e3o efetiva desses [&hellip;]","og_url":"https:\/\/aprh.pt\/pt\/publicacoes\/artigos\/fundamentos-da-gestao-de-poluentes-uma-solucao-necessariamente-integrada\/","og_site_name":"APRH","article_published_time":"2022-06-09T12:30:25+00:00","author":"admin","twitter_card":"summary_large_image","twitter_misc":{"Escrito por":"admin","Tempo estimado de leitura":"1 minuto"},"schema":{"@context":"https:\/\/schema.org","@graph":[{"@type":"Article","@id":"https:\/\/aprh.pt\/pt\/publicacoes\/artigos\/fundamentos-da-gestao-de-poluentes-uma-solucao-necessariamente-integrada\/#article","isPartOf":{"@id":"https:\/\/aprh.pt\/pt\/publicacoes\/artigos\/fundamentos-da-gestao-de-poluentes-uma-solucao-necessariamente-integrada\/"},"author":{"name":"admin","@id":"https:\/\/aprh.pt\/pt\/#\/schema\/person\/48b266141210923df72b6ffbb5cdcbaa"},"headline":"Fundamentos da gest\u00e3o de poluentes, uma solu\u00e7\u00e3o necessariamente integrada","datePublished":"2022-06-09T12:30:25+00:00","dateModified":"2022-06-09T12:30:25+00:00","mainEntityOfPage":{"@id":"https:\/\/aprh.pt\/pt\/publicacoes\/artigos\/fundamentos-da-gestao-de-poluentes-uma-solucao-necessariamente-integrada\/"},"wordCount":169,"commentCount":0,"publisher":{"@id":"https:\/\/aprh.pt\/pt\/#organization"},"articleSection":["Artigos"],"inLanguage":"pt-PT","potentialAction":[{"@type":"CommentAction","name":"Comment","target":["https:\/\/aprh.pt\/pt\/publicacoes\/artigos\/fundamentos-da-gestao-de-poluentes-uma-solucao-necessariamente-integrada\/#respond"]}]},{"@type":"WebPage","@id":"https:\/\/aprh.pt\/pt\/publicacoes\/artigos\/fundamentos-da-gestao-de-poluentes-uma-solucao-necessariamente-integrada\/","url":"https:\/\/aprh.pt\/pt\/publicacoes\/artigos\/fundamentos-da-gestao-de-poluentes-uma-solucao-necessariamente-integrada\/","name":"Fundamentos da gest\u00e3o de poluentes, uma solu\u00e7\u00e3o necessariamente integrada - APRH","isPartOf":{"@id":"https:\/\/aprh.pt\/pt\/#website"},"datePublished":"2022-06-09T12:30:25+00:00","dateModified":"2022-06-09T12:30:25+00:00","breadcrumb":{"@id":"https:\/\/aprh.pt\/pt\/publicacoes\/artigos\/fundamentos-da-gestao-de-poluentes-uma-solucao-necessariamente-integrada\/#breadcrumb"},"inLanguage":"pt-PT","potentialAction":[{"@type":"ReadAction","target":["https:\/\/aprh.pt\/pt\/publicacoes\/artigos\/fundamentos-da-gestao-de-poluentes-uma-solucao-necessariamente-integrada\/"]}]},{"@type":"BreadcrumbList","@id":"https:\/\/aprh.pt\/pt\/publicacoes\/artigos\/fundamentos-da-gestao-de-poluentes-uma-solucao-necessariamente-integrada\/#breadcrumb","itemListElement":[{"@type":"ListItem","position":1,"name":"Home","item":"https:\/\/aprh.pt\/pt\/"},{"@type":"ListItem","position":2,"name":"Publica\u00e7\u00f5es","item":"https:\/\/aprh.pt\/pt\/category\/publicacoes\/"},{"@type":"ListItem","position":3,"name":"Artigos","item":"https:\/\/aprh.pt\/pt\/category\/publicacoes\/artigos\/"},{"@type":"ListItem","position":4,"name":"Fundamentos da gest\u00e3o de poluentes, uma solu\u00e7\u00e3o necessariamente integrada"}]},{"@type":"WebSite","@id":"https:\/\/aprh.pt\/pt\/#website","url":"https:\/\/aprh.pt\/pt\/","name":"APRH","description":"Associa\u00e7\u00e3o Portuguesa dos Recursos H\u00eddricos","publisher":{"@id":"https:\/\/aprh.pt\/pt\/#organization"},"potentialAction":[{"@type":"SearchAction","target":{"@type":"EntryPoint","urlTemplate":"https:\/\/aprh.pt\/pt\/?s={search_term_string}"},"query-input":{"@type":"PropertyValueSpecification","valueRequired":true,"valueName":"search_term_string"}}],"inLanguage":"pt-PT"},{"@type":"Organization","@id":"https:\/\/aprh.pt\/pt\/#organization","name":"APRH","url":"https:\/\/aprh.pt\/pt\/","logo":{"@type":"ImageObject","inLanguage":"pt-PT","@id":"https:\/\/aprh.pt\/pt\/#\/schema\/logo\/image\/","url":"https:\/\/aprh.pt\/wp-content\/uploads\/2022\/04\/logotipo.png","contentUrl":"https:\/\/aprh.pt\/wp-content\/uploads\/2022\/04\/logotipo.png","width":181,"height":80,"caption":"APRH"},"image":{"@id":"https:\/\/aprh.pt\/pt\/#\/schema\/logo\/image\/"}},{"@type":"Person","@id":"https:\/\/aprh.pt\/pt\/#\/schema\/person\/48b266141210923df72b6ffbb5cdcbaa","name":"admin","image":{"@type":"ImageObject","inLanguage":"pt-PT","@id":"https:\/\/aprh.pt\/pt\/#\/schema\/person\/image\/","url":"https:\/\/secure.gravatar.com\/avatar\/596e45d48db05fe4ed97c1aa961f66ff?s=96&d=mm&r=g","contentUrl":"https:\/\/secure.gravatar.com\/avatar\/596e45d48db05fe4ed97c1aa961f66ff?s=96&d=mm&r=g","caption":"admin"},"sameAs":["https:\/\/aprh.zalox.pt"],"url":"https:\/\/aprh.pt\/pt\/author\/zalox\/"}]}},"_links":{"self":[{"href":"https:\/\/aprh.pt\/pt\/wp-json\/wp\/v2\/posts\/36022","targetHints":{"allow":["GET"]}}],"collection":[{"href":"https:\/\/aprh.pt\/pt\/wp-json\/wp\/v2\/posts"}],"about":[{"href":"https:\/\/aprh.pt\/pt\/wp-json\/wp\/v2\/types\/post"}],"author":[{"embeddable":true,"href":"https:\/\/aprh.pt\/pt\/wp-json\/wp\/v2\/users\/1"}],"replies":[{"embeddable":true,"href":"https:\/\/aprh.pt\/pt\/wp-json\/wp\/v2\/comments?post=36022"}],"version-history":[{"count":0,"href":"https:\/\/aprh.pt\/pt\/wp-json\/wp\/v2\/posts\/36022\/revisions"}],"wp:attachment":[{"href":"https:\/\/aprh.pt\/pt\/wp-json\/wp\/v2\/media?parent=36022"}],"wp:term":[{"taxonomy":"category","embeddable":true,"href":"https:\/\/aprh.pt\/pt\/wp-json\/wp\/v2\/categories?post=36022"},{"taxonomy":"post_tag","embeddable":true,"href":"https:\/\/aprh.pt\/pt\/wp-json\/wp\/v2\/tags?post=36022"}],"curies":[{"name":"wp","href":"https:\/\/api.w.org\/{rel}","templated":true}]}}