{"id":36097,"date":"2022-06-09T12:30:49","date_gmt":"2022-06-09T12:30:49","guid":{"rendered":"https:\/\/aprh.zalox.pt\/sem-categoria\/gestao-de-recursos-hidricos-no-setor-eletrico-o-planejamento\/"},"modified":"2022-06-09T12:30:49","modified_gmt":"2022-06-09T12:30:49","slug":"gestao-de-recursos-hidricos-no-setor-eletrico-o-planejamento","status":"publish","type":"post","link":"https:\/\/aprh.pt\/pt\/publicacoes\/artigos\/gestao-de-recursos-hidricos-no-setor-eletrico-o-planejamento\/","title":{"rendered":"Gest\u00e3o de recursos h\u00eddricos no setor el\u00e9trico \u2013 O planejamento"},"content":{"rendered":"<h6>T\u00edtulo:<\/h6>\n<p>Gest\u00e3o de recursos h\u00eddricos no setor el\u00e9trico \u2013 O planejamento<\/p>\n<h6>Resumo:<\/h6>\n<p>O presente trabalho tem por objetivo resgatar o desenvolvimento da Gest\u00e3o de Recursos H\u00eddricos nas atividades pr\u00f3prias do planejamento no Setor El\u00e9trico Brasileiro ao longo dos anos, tanto, no invent\u00e1rio das bacias hidrogr\u00e1ficas, no desenvolvimento de estudos de viabilidade e projeto b\u00e1sico como na elabora\u00e7\u00e3o dos planos de curto, m\u00e9dio e longo prazo. Descreve-se a implanta\u00e7\u00e3o dos grupos GTVN e GTIB, destacando-se a forma coordenada e cooperativa de participa\u00e7\u00e3o dos diferentes Agentes de Gera\u00e7\u00e3o do Setor El\u00e9trico. O trabalho destes grupos visava um planejamento onde se determinassem os recursos existentes para seu melhor aproveitamento e a elabora\u00e7\u00e3o de planos que permitissem uma sinaliza\u00e7\u00e3o mais adequada ao atendimento das demandas do Sistema Interligado Nacional \u2013 SIN. Consideravam-se ganhos da complementariedade hidrol\u00f3gica das diferentes bacias e da regulariza\u00e7\u00e3o promovida pelos diferentes reservat\u00f3rios operados em cascata. Apresentam-se algumas conseq\u00fc\u00eancias deste planejamento ap\u00f3s a Restrutura\u00e7\u00e3o do Setor El\u00e9trico Brasileiro &#8211; Projeto RESEB, a situa\u00e7\u00e3o atual dos antigos grupos gestores de Recursos H\u00eddricos no planejamento do Setor El\u00e9trico e com que custo tenta-se manter a forma cooperativa de planejar o SIN. Procura-se levar essa experi\u00eancia \u00e0 gest\u00e3o e planejamento de recursos h\u00eddricos por bacias hidrogr\u00e1ficas.<\/p>\n<h6>Autores:<\/h6>\n<p> Luiza Cristina Krau de Oliveira,  Luiz Guilherme Ferreira Guilhon<\/p>\n","protected":false},"excerpt":{"rendered":"<p>T\u00edtulo: Gest\u00e3o de recursos h\u00eddricos no setor el\u00e9trico \u2013 O planejamento Resumo: O presente trabalho tem por objetivo resgatar o desenvolvimento da Gest\u00e3o de Recursos H\u00eddricos nas atividades pr\u00f3prias do planejamento no Setor El\u00e9trico Brasileiro ao longo dos anos, tanto, no invent\u00e1rio das bacias hidrogr\u00e1ficas, no desenvolvimento de estudos de viabilidade e projeto b\u00e1sico como [&hellip;]<\/p>\n","protected":false},"author":1,"featured_media":0,"comment_status":"open","ping_status":"open","sticky":false,"template":"","format":"standard","meta":{"footnotes":""},"categories":[163],"tags":[],"class_list":["post-36097","post","type-post","status-publish","format-standard","hentry","category-artigos"],"yoast_head":"<!-- This site is optimized with the Yoast SEO plugin v23.8 - https:\/\/yoast.com\/wordpress\/plugins\/seo\/ -->\n<title>Gest\u00e3o de recursos h\u00eddricos no setor el\u00e9trico \u2013 O planejamento - APRH<\/title>\n<meta name=\"robots\" content=\"index, follow, max-snippet:-1, max-image-preview:large, max-video-preview:-1\" \/>\n<link rel=\"canonical\" href=\"https:\/\/aprh.pt\/pt\/publicacoes\/artigos\/gestao-de-recursos-hidricos-no-setor-eletrico-o-planejamento\/\" \/>\n<meta property=\"og:locale\" content=\"pt_PT\" \/>\n<meta property=\"og:type\" content=\"article\" \/>\n<meta property=\"og:title\" content=\"Gest\u00e3o de recursos h\u00eddricos no setor el\u00e9trico \u2013 O planejamento - APRH\" \/>\n<meta property=\"og:description\" content=\"T\u00edtulo: Gest\u00e3o de recursos h\u00eddricos no setor el\u00e9trico \u2013 O planejamento Resumo: O presente trabalho tem por objetivo resgatar o desenvolvimento da Gest\u00e3o de Recursos H\u00eddricos nas atividades pr\u00f3prias do planejamento no Setor El\u00e9trico Brasileiro ao longo dos anos, tanto, no invent\u00e1rio das bacias hidrogr\u00e1ficas, no desenvolvimento de estudos de viabilidade e projeto b\u00e1sico como [&hellip;]\" \/>\n<meta property=\"og:url\" content=\"https:\/\/aprh.pt\/pt\/publicacoes\/artigos\/gestao-de-recursos-hidricos-no-setor-eletrico-o-planejamento\/\" \/>\n<meta property=\"og:site_name\" content=\"APRH\" \/>\n<meta property=\"article:published_time\" content=\"2022-06-09T12:30:49+00:00\" \/>\n<meta name=\"author\" content=\"admin\" \/>\n<meta name=\"twitter:card\" content=\"summary_large_image\" \/>\n<meta name=\"twitter:label1\" content=\"Escrito por\" \/>\n\t<meta name=\"twitter:data1\" content=\"admin\" \/>\n\t<meta name=\"twitter:label2\" content=\"Tempo estimado de leitura\" \/>\n\t<meta name=\"twitter:data2\" content=\"1 minuto\" \/>\n<script type=\"application\/ld+json\" class=\"yoast-schema-graph\">{\"@context\":\"https:\/\/schema.org\",\"@graph\":[{\"@type\":\"Article\",\"@id\":\"https:\/\/aprh.pt\/pt\/publicacoes\/artigos\/gestao-de-recursos-hidricos-no-setor-eletrico-o-planejamento\/#article\",\"isPartOf\":{\"@id\":\"https:\/\/aprh.pt\/pt\/publicacoes\/artigos\/gestao-de-recursos-hidricos-no-setor-eletrico-o-planejamento\/\"},\"author\":{\"name\":\"admin\",\"@id\":\"https:\/\/aprh.pt\/pt\/#\/schema\/person\/48b266141210923df72b6ffbb5cdcbaa\"},\"headline\":\"Gest\u00e3o de recursos h\u00eddricos no setor el\u00e9trico \u2013 O planejamento\",\"datePublished\":\"2022-06-09T12:30:49+00:00\",\"dateModified\":\"2022-06-09T12:30:49+00:00\",\"mainEntityOfPage\":{\"@id\":\"https:\/\/aprh.pt\/pt\/publicacoes\/artigos\/gestao-de-recursos-hidricos-no-setor-eletrico-o-planejamento\/\"},\"wordCount\":254,\"commentCount\":0,\"publisher\":{\"@id\":\"https:\/\/aprh.pt\/pt\/#organization\"},\"articleSection\":[\"Artigos\"],\"inLanguage\":\"pt-PT\",\"potentialAction\":[{\"@type\":\"CommentAction\",\"name\":\"Comment\",\"target\":[\"https:\/\/aprh.pt\/pt\/publicacoes\/artigos\/gestao-de-recursos-hidricos-no-setor-eletrico-o-planejamento\/#respond\"]}]},{\"@type\":\"WebPage\",\"@id\":\"https:\/\/aprh.pt\/pt\/publicacoes\/artigos\/gestao-de-recursos-hidricos-no-setor-eletrico-o-planejamento\/\",\"url\":\"https:\/\/aprh.pt\/pt\/publicacoes\/artigos\/gestao-de-recursos-hidricos-no-setor-eletrico-o-planejamento\/\",\"name\":\"Gest\u00e3o de recursos h\u00eddricos no setor el\u00e9trico \u2013 O planejamento - APRH\",\"isPartOf\":{\"@id\":\"https:\/\/aprh.pt\/pt\/#website\"},\"datePublished\":\"2022-06-09T12:30:49+00:00\",\"dateModified\":\"2022-06-09T12:30:49+00:00\",\"breadcrumb\":{\"@id\":\"https:\/\/aprh.pt\/pt\/publicacoes\/artigos\/gestao-de-recursos-hidricos-no-setor-eletrico-o-planejamento\/#breadcrumb\"},\"inLanguage\":\"pt-PT\",\"potentialAction\":[{\"@type\":\"ReadAction\",\"target\":[\"https:\/\/aprh.pt\/pt\/publicacoes\/artigos\/gestao-de-recursos-hidricos-no-setor-eletrico-o-planejamento\/\"]}]},{\"@type\":\"BreadcrumbList\",\"@id\":\"https:\/\/aprh.pt\/pt\/publicacoes\/artigos\/gestao-de-recursos-hidricos-no-setor-eletrico-o-planejamento\/#breadcrumb\",\"itemListElement\":[{\"@type\":\"ListItem\",\"position\":1,\"name\":\"Home\",\"item\":\"https:\/\/aprh.pt\/pt\/\"},{\"@type\":\"ListItem\",\"position\":2,\"name\":\"Publica\u00e7\u00f5es\",\"item\":\"https:\/\/aprh.pt\/pt\/category\/publicacoes\/\"},{\"@type\":\"ListItem\",\"position\":3,\"name\":\"Artigos\",\"item\":\"https:\/\/aprh.pt\/pt\/category\/publicacoes\/artigos\/\"},{\"@type\":\"ListItem\",\"position\":4,\"name\":\"Gest\u00e3o de recursos h\u00eddricos no setor el\u00e9trico \u2013 O planejamento\"}]},{\"@type\":\"WebSite\",\"@id\":\"https:\/\/aprh.pt\/pt\/#website\",\"url\":\"https:\/\/aprh.pt\/pt\/\",\"name\":\"APRH\",\"description\":\"Associa\u00e7\u00e3o Portuguesa dos Recursos H\u00eddricos\",\"publisher\":{\"@id\":\"https:\/\/aprh.pt\/pt\/#organization\"},\"potentialAction\":[{\"@type\":\"SearchAction\",\"target\":{\"@type\":\"EntryPoint\",\"urlTemplate\":\"https:\/\/aprh.pt\/pt\/?s={search_term_string}\"},\"query-input\":{\"@type\":\"PropertyValueSpecification\",\"valueRequired\":true,\"valueName\":\"search_term_string\"}}],\"inLanguage\":\"pt-PT\"},{\"@type\":\"Organization\",\"@id\":\"https:\/\/aprh.pt\/pt\/#organization\",\"name\":\"APRH\",\"url\":\"https:\/\/aprh.pt\/pt\/\",\"logo\":{\"@type\":\"ImageObject\",\"inLanguage\":\"pt-PT\",\"@id\":\"https:\/\/aprh.pt\/pt\/#\/schema\/logo\/image\/\",\"url\":\"https:\/\/aprh.pt\/wp-content\/uploads\/2022\/04\/logotipo.png\",\"contentUrl\":\"https:\/\/aprh.pt\/wp-content\/uploads\/2022\/04\/logotipo.png\",\"width\":181,\"height\":80,\"caption\":\"APRH\"},\"image\":{\"@id\":\"https:\/\/aprh.pt\/pt\/#\/schema\/logo\/image\/\"}},{\"@type\":\"Person\",\"@id\":\"https:\/\/aprh.pt\/pt\/#\/schema\/person\/48b266141210923df72b6ffbb5cdcbaa\",\"name\":\"admin\",\"image\":{\"@type\":\"ImageObject\",\"inLanguage\":\"pt-PT\",\"@id\":\"https:\/\/aprh.pt\/pt\/#\/schema\/person\/image\/\",\"url\":\"https:\/\/secure.gravatar.com\/avatar\/596e45d48db05fe4ed97c1aa961f66ff?s=96&d=mm&r=g\",\"contentUrl\":\"https:\/\/secure.gravatar.com\/avatar\/596e45d48db05fe4ed97c1aa961f66ff?s=96&d=mm&r=g\",\"caption\":\"admin\"},\"sameAs\":[\"https:\/\/aprh.zalox.pt\"],\"url\":\"https:\/\/aprh.pt\/pt\/author\/zalox\/\"}]}<\/script>\n<!-- \/ Yoast SEO plugin. -->","yoast_head_json":{"title":"Gest\u00e3o de recursos h\u00eddricos no setor el\u00e9trico \u2013 O planejamento - APRH","robots":{"index":"index","follow":"follow","max-snippet":"max-snippet:-1","max-image-preview":"max-image-preview:large","max-video-preview":"max-video-preview:-1"},"canonical":"https:\/\/aprh.pt\/pt\/publicacoes\/artigos\/gestao-de-recursos-hidricos-no-setor-eletrico-o-planejamento\/","og_locale":"pt_PT","og_type":"article","og_title":"Gest\u00e3o de recursos h\u00eddricos no setor el\u00e9trico \u2013 O planejamento - APRH","og_description":"T\u00edtulo: Gest\u00e3o de recursos h\u00eddricos no setor el\u00e9trico \u2013 O planejamento Resumo: O presente trabalho tem por objetivo resgatar o desenvolvimento da Gest\u00e3o de Recursos H\u00eddricos nas atividades pr\u00f3prias do planejamento no Setor El\u00e9trico Brasileiro ao longo dos anos, tanto, no invent\u00e1rio das bacias hidrogr\u00e1ficas, no desenvolvimento de estudos de viabilidade e projeto b\u00e1sico como [&hellip;]","og_url":"https:\/\/aprh.pt\/pt\/publicacoes\/artigos\/gestao-de-recursos-hidricos-no-setor-eletrico-o-planejamento\/","og_site_name":"APRH","article_published_time":"2022-06-09T12:30:49+00:00","author":"admin","twitter_card":"summary_large_image","twitter_misc":{"Escrito por":"admin","Tempo estimado de leitura":"1 minuto"},"schema":{"@context":"https:\/\/schema.org","@graph":[{"@type":"Article","@id":"https:\/\/aprh.pt\/pt\/publicacoes\/artigos\/gestao-de-recursos-hidricos-no-setor-eletrico-o-planejamento\/#article","isPartOf":{"@id":"https:\/\/aprh.pt\/pt\/publicacoes\/artigos\/gestao-de-recursos-hidricos-no-setor-eletrico-o-planejamento\/"},"author":{"name":"admin","@id":"https:\/\/aprh.pt\/pt\/#\/schema\/person\/48b266141210923df72b6ffbb5cdcbaa"},"headline":"Gest\u00e3o de recursos h\u00eddricos no setor el\u00e9trico \u2013 O planejamento","datePublished":"2022-06-09T12:30:49+00:00","dateModified":"2022-06-09T12:30:49+00:00","mainEntityOfPage":{"@id":"https:\/\/aprh.pt\/pt\/publicacoes\/artigos\/gestao-de-recursos-hidricos-no-setor-eletrico-o-planejamento\/"},"wordCount":254,"commentCount":0,"publisher":{"@id":"https:\/\/aprh.pt\/pt\/#organization"},"articleSection":["Artigos"],"inLanguage":"pt-PT","potentialAction":[{"@type":"CommentAction","name":"Comment","target":["https:\/\/aprh.pt\/pt\/publicacoes\/artigos\/gestao-de-recursos-hidricos-no-setor-eletrico-o-planejamento\/#respond"]}]},{"@type":"WebPage","@id":"https:\/\/aprh.pt\/pt\/publicacoes\/artigos\/gestao-de-recursos-hidricos-no-setor-eletrico-o-planejamento\/","url":"https:\/\/aprh.pt\/pt\/publicacoes\/artigos\/gestao-de-recursos-hidricos-no-setor-eletrico-o-planejamento\/","name":"Gest\u00e3o de recursos h\u00eddricos no setor el\u00e9trico \u2013 O planejamento - APRH","isPartOf":{"@id":"https:\/\/aprh.pt\/pt\/#website"},"datePublished":"2022-06-09T12:30:49+00:00","dateModified":"2022-06-09T12:30:49+00:00","breadcrumb":{"@id":"https:\/\/aprh.pt\/pt\/publicacoes\/artigos\/gestao-de-recursos-hidricos-no-setor-eletrico-o-planejamento\/#breadcrumb"},"inLanguage":"pt-PT","potentialAction":[{"@type":"ReadAction","target":["https:\/\/aprh.pt\/pt\/publicacoes\/artigos\/gestao-de-recursos-hidricos-no-setor-eletrico-o-planejamento\/"]}]},{"@type":"BreadcrumbList","@id":"https:\/\/aprh.pt\/pt\/publicacoes\/artigos\/gestao-de-recursos-hidricos-no-setor-eletrico-o-planejamento\/#breadcrumb","itemListElement":[{"@type":"ListItem","position":1,"name":"Home","item":"https:\/\/aprh.pt\/pt\/"},{"@type":"ListItem","position":2,"name":"Publica\u00e7\u00f5es","item":"https:\/\/aprh.pt\/pt\/category\/publicacoes\/"},{"@type":"ListItem","position":3,"name":"Artigos","item":"https:\/\/aprh.pt\/pt\/category\/publicacoes\/artigos\/"},{"@type":"ListItem","position":4,"name":"Gest\u00e3o de recursos h\u00eddricos no setor el\u00e9trico \u2013 O planejamento"}]},{"@type":"WebSite","@id":"https:\/\/aprh.pt\/pt\/#website","url":"https:\/\/aprh.pt\/pt\/","name":"APRH","description":"Associa\u00e7\u00e3o Portuguesa dos Recursos H\u00eddricos","publisher":{"@id":"https:\/\/aprh.pt\/pt\/#organization"},"potentialAction":[{"@type":"SearchAction","target":{"@type":"EntryPoint","urlTemplate":"https:\/\/aprh.pt\/pt\/?s={search_term_string}"},"query-input":{"@type":"PropertyValueSpecification","valueRequired":true,"valueName":"search_term_string"}}],"inLanguage":"pt-PT"},{"@type":"Organization","@id":"https:\/\/aprh.pt\/pt\/#organization","name":"APRH","url":"https:\/\/aprh.pt\/pt\/","logo":{"@type":"ImageObject","inLanguage":"pt-PT","@id":"https:\/\/aprh.pt\/pt\/#\/schema\/logo\/image\/","url":"https:\/\/aprh.pt\/wp-content\/uploads\/2022\/04\/logotipo.png","contentUrl":"https:\/\/aprh.pt\/wp-content\/uploads\/2022\/04\/logotipo.png","width":181,"height":80,"caption":"APRH"},"image":{"@id":"https:\/\/aprh.pt\/pt\/#\/schema\/logo\/image\/"}},{"@type":"Person","@id":"https:\/\/aprh.pt\/pt\/#\/schema\/person\/48b266141210923df72b6ffbb5cdcbaa","name":"admin","image":{"@type":"ImageObject","inLanguage":"pt-PT","@id":"https:\/\/aprh.pt\/pt\/#\/schema\/person\/image\/","url":"https:\/\/secure.gravatar.com\/avatar\/596e45d48db05fe4ed97c1aa961f66ff?s=96&d=mm&r=g","contentUrl":"https:\/\/secure.gravatar.com\/avatar\/596e45d48db05fe4ed97c1aa961f66ff?s=96&d=mm&r=g","caption":"admin"},"sameAs":["https:\/\/aprh.zalox.pt"],"url":"https:\/\/aprh.pt\/pt\/author\/zalox\/"}]}},"_links":{"self":[{"href":"https:\/\/aprh.pt\/pt\/wp-json\/wp\/v2\/posts\/36097","targetHints":{"allow":["GET"]}}],"collection":[{"href":"https:\/\/aprh.pt\/pt\/wp-json\/wp\/v2\/posts"}],"about":[{"href":"https:\/\/aprh.pt\/pt\/wp-json\/wp\/v2\/types\/post"}],"author":[{"embeddable":true,"href":"https:\/\/aprh.pt\/pt\/wp-json\/wp\/v2\/users\/1"}],"replies":[{"embeddable":true,"href":"https:\/\/aprh.pt\/pt\/wp-json\/wp\/v2\/comments?post=36097"}],"version-history":[{"count":0,"href":"https:\/\/aprh.pt\/pt\/wp-json\/wp\/v2\/posts\/36097\/revisions"}],"wp:attachment":[{"href":"https:\/\/aprh.pt\/pt\/wp-json\/wp\/v2\/media?parent=36097"}],"wp:term":[{"taxonomy":"category","embeddable":true,"href":"https:\/\/aprh.pt\/pt\/wp-json\/wp\/v2\/categories?post=36097"},{"taxonomy":"post_tag","embeddable":true,"href":"https:\/\/aprh.pt\/pt\/wp-json\/wp\/v2\/tags?post=36097"}],"curies":[{"name":"wp","href":"https:\/\/api.w.org\/{rel}","templated":true}]}}