{"id":36100,"date":"2022-06-09T12:30:49","date_gmt":"2022-06-09T12:30:49","guid":{"rendered":"https:\/\/aprh.zalox.pt\/sem-categoria\/demandas-e-disponibilidade-superficial-de-agua-no-distrito-federal\/"},"modified":"2022-06-09T12:30:49","modified_gmt":"2022-06-09T12:30:49","slug":"demandas-e-disponibilidade-superficial-de-agua-no-distrito-federal","status":"publish","type":"post","link":"https:\/\/aprh.pt\/pt\/publicacoes\/artigos\/demandas-e-disponibilidade-superficial-de-agua-no-distrito-federal\/","title":{"rendered":"Demandas e disponibilidade (superficial) de \u00e1gua no Distrito Federal"},"content":{"rendered":"<h6>T\u00edtulo:<\/h6>\n<p>Demandas e disponibilidade (superficial) de \u00e1gua no Distrito Federal<\/p>\n<h6>Resumo:<\/h6>\n<p>O Distrito Federal t\u00eam apresentado nos \u00faltimos dez anos um crescimento significativo tanto da popula\u00e7\u00e3o urbana quanto das \u00e1reas rurais destinadas a agricultura irrigada. Assim, diretamente associado a esse crescimento, houve tamb\u00e9m, um aumento da demanda de \u00e1gua. Em fun\u00e7\u00e3o disso, neste trabalho \u00e9 realizado um balan\u00e7o entre demanda e disponibilidade superficial de \u00e1gua para as principais bacias hidrogr\u00e1ficas que comp\u00f5em o territ\u00f3rio do Distrito Federal. Os resultados mostram, de um modo geral, que ainda \u00e9 poss\u00edvel atender \u00e0 demanda, contudo nessa avalia\u00e7\u00e3o n\u00e3o foram considerados os aspectos qualitativos dos recursos h\u00eddricos superficiais.<\/p>\n<h6>Autores:<\/h6>\n<p> N\u00e9stor Aldo Campana,  Maur\u00edcio Pontes Monteiro<\/p>\n","protected":false},"excerpt":{"rendered":"<p>T\u00edtulo: Demandas e disponibilidade (superficial) de \u00e1gua no Distrito Federal Resumo: O Distrito Federal t\u00eam apresentado nos \u00faltimos dez anos um crescimento significativo tanto da popula\u00e7\u00e3o urbana quanto das \u00e1reas rurais destinadas a agricultura irrigada. Assim, diretamente associado a esse crescimento, houve tamb\u00e9m, um aumento da demanda de \u00e1gua. Em fun\u00e7\u00e3o disso, neste trabalho \u00e9 [&hellip;]<\/p>\n","protected":false},"author":1,"featured_media":0,"comment_status":"open","ping_status":"open","sticky":false,"template":"","format":"standard","meta":{"footnotes":""},"categories":[163],"tags":[],"class_list":["post-36100","post","type-post","status-publish","format-standard","hentry","category-artigos"],"yoast_head":"<!-- This site is optimized with the Yoast SEO plugin v23.8 - https:\/\/yoast.com\/wordpress\/plugins\/seo\/ -->\n<title>Demandas e disponibilidade (superficial) de \u00e1gua no Distrito Federal - APRH<\/title>\n<meta name=\"robots\" content=\"index, follow, max-snippet:-1, max-image-preview:large, max-video-preview:-1\" \/>\n<link rel=\"canonical\" href=\"https:\/\/aprh.pt\/pt\/publicacoes\/artigos\/demandas-e-disponibilidade-superficial-de-agua-no-distrito-federal\/\" \/>\n<meta property=\"og:locale\" content=\"pt_PT\" \/>\n<meta property=\"og:type\" content=\"article\" \/>\n<meta property=\"og:title\" content=\"Demandas e disponibilidade (superficial) de \u00e1gua no Distrito Federal - APRH\" \/>\n<meta property=\"og:description\" content=\"T\u00edtulo: Demandas e disponibilidade (superficial) de \u00e1gua no Distrito Federal Resumo: O Distrito Federal t\u00eam apresentado nos \u00faltimos dez anos um crescimento significativo tanto da popula\u00e7\u00e3o urbana quanto das \u00e1reas rurais destinadas a agricultura irrigada. Assim, diretamente associado a esse crescimento, houve tamb\u00e9m, um aumento da demanda de \u00e1gua. Em fun\u00e7\u00e3o disso, neste trabalho \u00e9 [&hellip;]\" \/>\n<meta property=\"og:url\" content=\"https:\/\/aprh.pt\/pt\/publicacoes\/artigos\/demandas-e-disponibilidade-superficial-de-agua-no-distrito-federal\/\" \/>\n<meta property=\"og:site_name\" content=\"APRH\" \/>\n<meta property=\"article:published_time\" content=\"2022-06-09T12:30:49+00:00\" \/>\n<meta name=\"author\" content=\"admin\" \/>\n<meta name=\"twitter:card\" content=\"summary_large_image\" \/>\n<meta name=\"twitter:label1\" content=\"Escrito por\" \/>\n\t<meta name=\"twitter:data1\" content=\"admin\" \/>\n\t<meta name=\"twitter:label2\" content=\"Tempo estimado de leitura\" \/>\n\t<meta name=\"twitter:data2\" content=\"1 minuto\" \/>\n<script type=\"application\/ld+json\" class=\"yoast-schema-graph\">{\"@context\":\"https:\/\/schema.org\",\"@graph\":[{\"@type\":\"Article\",\"@id\":\"https:\/\/aprh.pt\/pt\/publicacoes\/artigos\/demandas-e-disponibilidade-superficial-de-agua-no-distrito-federal\/#article\",\"isPartOf\":{\"@id\":\"https:\/\/aprh.pt\/pt\/publicacoes\/artigos\/demandas-e-disponibilidade-superficial-de-agua-no-distrito-federal\/\"},\"author\":{\"name\":\"admin\",\"@id\":\"https:\/\/aprh.pt\/pt\/#\/schema\/person\/48b266141210923df72b6ffbb5cdcbaa\"},\"headline\":\"Demandas e disponibilidade (superficial) de \u00e1gua no Distrito Federal\",\"datePublished\":\"2022-06-09T12:30:49+00:00\",\"dateModified\":\"2022-06-09T12:30:49+00:00\",\"mainEntityOfPage\":{\"@id\":\"https:\/\/aprh.pt\/pt\/publicacoes\/artigos\/demandas-e-disponibilidade-superficial-de-agua-no-distrito-federal\/\"},\"wordCount\":132,\"commentCount\":0,\"publisher\":{\"@id\":\"https:\/\/aprh.pt\/pt\/#organization\"},\"articleSection\":[\"Artigos\"],\"inLanguage\":\"pt-PT\",\"potentialAction\":[{\"@type\":\"CommentAction\",\"name\":\"Comment\",\"target\":[\"https:\/\/aprh.pt\/pt\/publicacoes\/artigos\/demandas-e-disponibilidade-superficial-de-agua-no-distrito-federal\/#respond\"]}]},{\"@type\":\"WebPage\",\"@id\":\"https:\/\/aprh.pt\/pt\/publicacoes\/artigos\/demandas-e-disponibilidade-superficial-de-agua-no-distrito-federal\/\",\"url\":\"https:\/\/aprh.pt\/pt\/publicacoes\/artigos\/demandas-e-disponibilidade-superficial-de-agua-no-distrito-federal\/\",\"name\":\"Demandas e disponibilidade (superficial) de \u00e1gua no Distrito Federal - APRH\",\"isPartOf\":{\"@id\":\"https:\/\/aprh.pt\/pt\/#website\"},\"datePublished\":\"2022-06-09T12:30:49+00:00\",\"dateModified\":\"2022-06-09T12:30:49+00:00\",\"breadcrumb\":{\"@id\":\"https:\/\/aprh.pt\/pt\/publicacoes\/artigos\/demandas-e-disponibilidade-superficial-de-agua-no-distrito-federal\/#breadcrumb\"},\"inLanguage\":\"pt-PT\",\"potentialAction\":[{\"@type\":\"ReadAction\",\"target\":[\"https:\/\/aprh.pt\/pt\/publicacoes\/artigos\/demandas-e-disponibilidade-superficial-de-agua-no-distrito-federal\/\"]}]},{\"@type\":\"BreadcrumbList\",\"@id\":\"https:\/\/aprh.pt\/pt\/publicacoes\/artigos\/demandas-e-disponibilidade-superficial-de-agua-no-distrito-federal\/#breadcrumb\",\"itemListElement\":[{\"@type\":\"ListItem\",\"position\":1,\"name\":\"Home\",\"item\":\"https:\/\/aprh.pt\/pt\/\"},{\"@type\":\"ListItem\",\"position\":2,\"name\":\"Publica\u00e7\u00f5es\",\"item\":\"https:\/\/aprh.pt\/pt\/category\/publicacoes\/\"},{\"@type\":\"ListItem\",\"position\":3,\"name\":\"Artigos\",\"item\":\"https:\/\/aprh.pt\/pt\/category\/publicacoes\/artigos\/\"},{\"@type\":\"ListItem\",\"position\":4,\"name\":\"Demandas e disponibilidade (superficial) de \u00e1gua no Distrito Federal\"}]},{\"@type\":\"WebSite\",\"@id\":\"https:\/\/aprh.pt\/pt\/#website\",\"url\":\"https:\/\/aprh.pt\/pt\/\",\"name\":\"APRH\",\"description\":\"Associa\u00e7\u00e3o Portuguesa dos Recursos H\u00eddricos\",\"publisher\":{\"@id\":\"https:\/\/aprh.pt\/pt\/#organization\"},\"potentialAction\":[{\"@type\":\"SearchAction\",\"target\":{\"@type\":\"EntryPoint\",\"urlTemplate\":\"https:\/\/aprh.pt\/pt\/?s={search_term_string}\"},\"query-input\":{\"@type\":\"PropertyValueSpecification\",\"valueRequired\":true,\"valueName\":\"search_term_string\"}}],\"inLanguage\":\"pt-PT\"},{\"@type\":\"Organization\",\"@id\":\"https:\/\/aprh.pt\/pt\/#organization\",\"name\":\"APRH\",\"url\":\"https:\/\/aprh.pt\/pt\/\",\"logo\":{\"@type\":\"ImageObject\",\"inLanguage\":\"pt-PT\",\"@id\":\"https:\/\/aprh.pt\/pt\/#\/schema\/logo\/image\/\",\"url\":\"https:\/\/aprh.pt\/wp-content\/uploads\/2022\/04\/logotipo.png\",\"contentUrl\":\"https:\/\/aprh.pt\/wp-content\/uploads\/2022\/04\/logotipo.png\",\"width\":181,\"height\":80,\"caption\":\"APRH\"},\"image\":{\"@id\":\"https:\/\/aprh.pt\/pt\/#\/schema\/logo\/image\/\"}},{\"@type\":\"Person\",\"@id\":\"https:\/\/aprh.pt\/pt\/#\/schema\/person\/48b266141210923df72b6ffbb5cdcbaa\",\"name\":\"admin\",\"image\":{\"@type\":\"ImageObject\",\"inLanguage\":\"pt-PT\",\"@id\":\"https:\/\/aprh.pt\/pt\/#\/schema\/person\/image\/\",\"url\":\"https:\/\/secure.gravatar.com\/avatar\/596e45d48db05fe4ed97c1aa961f66ff?s=96&d=mm&r=g\",\"contentUrl\":\"https:\/\/secure.gravatar.com\/avatar\/596e45d48db05fe4ed97c1aa961f66ff?s=96&d=mm&r=g\",\"caption\":\"admin\"},\"sameAs\":[\"https:\/\/aprh.zalox.pt\"],\"url\":\"https:\/\/aprh.pt\/pt\/author\/zalox\/\"}]}<\/script>\n<!-- \/ Yoast SEO plugin. -->","yoast_head_json":{"title":"Demandas e disponibilidade (superficial) de \u00e1gua no Distrito Federal - APRH","robots":{"index":"index","follow":"follow","max-snippet":"max-snippet:-1","max-image-preview":"max-image-preview:large","max-video-preview":"max-video-preview:-1"},"canonical":"https:\/\/aprh.pt\/pt\/publicacoes\/artigos\/demandas-e-disponibilidade-superficial-de-agua-no-distrito-federal\/","og_locale":"pt_PT","og_type":"article","og_title":"Demandas e disponibilidade (superficial) de \u00e1gua no Distrito Federal - APRH","og_description":"T\u00edtulo: Demandas e disponibilidade (superficial) de \u00e1gua no Distrito Federal Resumo: O Distrito Federal t\u00eam apresentado nos \u00faltimos dez anos um crescimento significativo tanto da popula\u00e7\u00e3o urbana quanto das \u00e1reas rurais destinadas a agricultura irrigada. Assim, diretamente associado a esse crescimento, houve tamb\u00e9m, um aumento da demanda de \u00e1gua. Em fun\u00e7\u00e3o disso, neste trabalho \u00e9 [&hellip;]","og_url":"https:\/\/aprh.pt\/pt\/publicacoes\/artigos\/demandas-e-disponibilidade-superficial-de-agua-no-distrito-federal\/","og_site_name":"APRH","article_published_time":"2022-06-09T12:30:49+00:00","author":"admin","twitter_card":"summary_large_image","twitter_misc":{"Escrito por":"admin","Tempo estimado de leitura":"1 minuto"},"schema":{"@context":"https:\/\/schema.org","@graph":[{"@type":"Article","@id":"https:\/\/aprh.pt\/pt\/publicacoes\/artigos\/demandas-e-disponibilidade-superficial-de-agua-no-distrito-federal\/#article","isPartOf":{"@id":"https:\/\/aprh.pt\/pt\/publicacoes\/artigos\/demandas-e-disponibilidade-superficial-de-agua-no-distrito-federal\/"},"author":{"name":"admin","@id":"https:\/\/aprh.pt\/pt\/#\/schema\/person\/48b266141210923df72b6ffbb5cdcbaa"},"headline":"Demandas e disponibilidade (superficial) de \u00e1gua no Distrito Federal","datePublished":"2022-06-09T12:30:49+00:00","dateModified":"2022-06-09T12:30:49+00:00","mainEntityOfPage":{"@id":"https:\/\/aprh.pt\/pt\/publicacoes\/artigos\/demandas-e-disponibilidade-superficial-de-agua-no-distrito-federal\/"},"wordCount":132,"commentCount":0,"publisher":{"@id":"https:\/\/aprh.pt\/pt\/#organization"},"articleSection":["Artigos"],"inLanguage":"pt-PT","potentialAction":[{"@type":"CommentAction","name":"Comment","target":["https:\/\/aprh.pt\/pt\/publicacoes\/artigos\/demandas-e-disponibilidade-superficial-de-agua-no-distrito-federal\/#respond"]}]},{"@type":"WebPage","@id":"https:\/\/aprh.pt\/pt\/publicacoes\/artigos\/demandas-e-disponibilidade-superficial-de-agua-no-distrito-federal\/","url":"https:\/\/aprh.pt\/pt\/publicacoes\/artigos\/demandas-e-disponibilidade-superficial-de-agua-no-distrito-federal\/","name":"Demandas e disponibilidade (superficial) de \u00e1gua no Distrito Federal - APRH","isPartOf":{"@id":"https:\/\/aprh.pt\/pt\/#website"},"datePublished":"2022-06-09T12:30:49+00:00","dateModified":"2022-06-09T12:30:49+00:00","breadcrumb":{"@id":"https:\/\/aprh.pt\/pt\/publicacoes\/artigos\/demandas-e-disponibilidade-superficial-de-agua-no-distrito-federal\/#breadcrumb"},"inLanguage":"pt-PT","potentialAction":[{"@type":"ReadAction","target":["https:\/\/aprh.pt\/pt\/publicacoes\/artigos\/demandas-e-disponibilidade-superficial-de-agua-no-distrito-federal\/"]}]},{"@type":"BreadcrumbList","@id":"https:\/\/aprh.pt\/pt\/publicacoes\/artigos\/demandas-e-disponibilidade-superficial-de-agua-no-distrito-federal\/#breadcrumb","itemListElement":[{"@type":"ListItem","position":1,"name":"Home","item":"https:\/\/aprh.pt\/pt\/"},{"@type":"ListItem","position":2,"name":"Publica\u00e7\u00f5es","item":"https:\/\/aprh.pt\/pt\/category\/publicacoes\/"},{"@type":"ListItem","position":3,"name":"Artigos","item":"https:\/\/aprh.pt\/pt\/category\/publicacoes\/artigos\/"},{"@type":"ListItem","position":4,"name":"Demandas e disponibilidade (superficial) de \u00e1gua no Distrito Federal"}]},{"@type":"WebSite","@id":"https:\/\/aprh.pt\/pt\/#website","url":"https:\/\/aprh.pt\/pt\/","name":"APRH","description":"Associa\u00e7\u00e3o Portuguesa dos Recursos H\u00eddricos","publisher":{"@id":"https:\/\/aprh.pt\/pt\/#organization"},"potentialAction":[{"@type":"SearchAction","target":{"@type":"EntryPoint","urlTemplate":"https:\/\/aprh.pt\/pt\/?s={search_term_string}"},"query-input":{"@type":"PropertyValueSpecification","valueRequired":true,"valueName":"search_term_string"}}],"inLanguage":"pt-PT"},{"@type":"Organization","@id":"https:\/\/aprh.pt\/pt\/#organization","name":"APRH","url":"https:\/\/aprh.pt\/pt\/","logo":{"@type":"ImageObject","inLanguage":"pt-PT","@id":"https:\/\/aprh.pt\/pt\/#\/schema\/logo\/image\/","url":"https:\/\/aprh.pt\/wp-content\/uploads\/2022\/04\/logotipo.png","contentUrl":"https:\/\/aprh.pt\/wp-content\/uploads\/2022\/04\/logotipo.png","width":181,"height":80,"caption":"APRH"},"image":{"@id":"https:\/\/aprh.pt\/pt\/#\/schema\/logo\/image\/"}},{"@type":"Person","@id":"https:\/\/aprh.pt\/pt\/#\/schema\/person\/48b266141210923df72b6ffbb5cdcbaa","name":"admin","image":{"@type":"ImageObject","inLanguage":"pt-PT","@id":"https:\/\/aprh.pt\/pt\/#\/schema\/person\/image\/","url":"https:\/\/secure.gravatar.com\/avatar\/596e45d48db05fe4ed97c1aa961f66ff?s=96&d=mm&r=g","contentUrl":"https:\/\/secure.gravatar.com\/avatar\/596e45d48db05fe4ed97c1aa961f66ff?s=96&d=mm&r=g","caption":"admin"},"sameAs":["https:\/\/aprh.zalox.pt"],"url":"https:\/\/aprh.pt\/pt\/author\/zalox\/"}]}},"_links":{"self":[{"href":"https:\/\/aprh.pt\/pt\/wp-json\/wp\/v2\/posts\/36100","targetHints":{"allow":["GET"]}}],"collection":[{"href":"https:\/\/aprh.pt\/pt\/wp-json\/wp\/v2\/posts"}],"about":[{"href":"https:\/\/aprh.pt\/pt\/wp-json\/wp\/v2\/types\/post"}],"author":[{"embeddable":true,"href":"https:\/\/aprh.pt\/pt\/wp-json\/wp\/v2\/users\/1"}],"replies":[{"embeddable":true,"href":"https:\/\/aprh.pt\/pt\/wp-json\/wp\/v2\/comments?post=36100"}],"version-history":[{"count":0,"href":"https:\/\/aprh.pt\/pt\/wp-json\/wp\/v2\/posts\/36100\/revisions"}],"wp:attachment":[{"href":"https:\/\/aprh.pt\/pt\/wp-json\/wp\/v2\/media?parent=36100"}],"wp:term":[{"taxonomy":"category","embeddable":true,"href":"https:\/\/aprh.pt\/pt\/wp-json\/wp\/v2\/categories?post=36100"},{"taxonomy":"post_tag","embeddable":true,"href":"https:\/\/aprh.pt\/pt\/wp-json\/wp\/v2\/tags?post=36100"}],"curies":[{"name":"wp","href":"https:\/\/api.w.org\/{rel}","templated":true}]}}