{"id":36126,"date":"2022-06-09T12:30:55","date_gmt":"2022-06-09T12:30:55","guid":{"rendered":"https:\/\/aprh.zalox.pt\/sem-categoria\/revogacao-de-titulos-de-utilizacao-privativa-de-recursos-dominiais-litorais\/"},"modified":"2022-06-09T12:30:55","modified_gmt":"2022-06-09T12:30:55","slug":"revogacao-de-titulos-de-utilizacao-privativa-de-recursos-dominiais-litorais","status":"publish","type":"post","link":"https:\/\/aprh.pt\/pt\/publicacoes\/artigos\/revogacao-de-titulos-de-utilizacao-privativa-de-recursos-dominiais-litorais\/","title":{"rendered":"Revoga\u00e7\u00e3o de t\u00edtulos de utiliza\u00e7\u00e3o privativa de recursos dominiais litorais"},"content":{"rendered":"<h6>T\u00edtulo:<\/h6>\n<p>Revoga\u00e7\u00e3o de t\u00edtulos de utiliza\u00e7\u00e3o privativa de recursos dominiais litorais<\/p>\n<h6>Resumo:<\/h6>\n<p>Introduzindo \u00e0 quest\u00e3o da revogabilidade dos t\u00edtulos de utiliza\u00e7\u00e3o do dom\u00ednio p\u00fablico mar\u00edtimo, come\u00e7amos por contextualizar as occasio e ratio legis pr\u00f3ximas do novo regime h\u00eddrico imposto pela Lei da \u00c1gua, na perspectiva da jur\u00eddica base do regime de utiliza\u00e7\u00e3o privativa do dom\u00ednio p\u00fablico h\u00eddrico \u2013 sobremodo transpondo, por vezes literalmente, a Directiva n.\u00ba 2000\/60\/CE, do Parlamento Europeu e do Conselho, de 23 de Outubro, que estabeleceu um quadro de ac\u00e7\u00e3o comunit\u00e1ria no dom\u00ednio da pol\u00edtica da \u00e1gua. Directiva em cuja altera\u00e7\u00e3o j\u00e1 se labora, sem que, em Portugal, nem sequer toda a regula\u00e7\u00e3o complementar por decreto-lei ainda tenha sido aprovada. Em sequ\u00eancia, consideramos os regimes da Lei da \u00c1gua (LA) em sede de utiliza\u00e7\u00e3o dos recursos h\u00eddricos: o regime de transi\u00e7\u00e3o; o regime base da LA sobre a utiliza\u00e7\u00e3o dos recursos p\u00fablicos h\u00eddricos; o regime da utiliza\u00e7\u00e3o comum como regime conatural ao dom\u00ednio p\u00fablico; e finalmente, mas ainda com a s\u00edntese que a economia do artigo imp\u00f5e, o regime da utiliza\u00e7\u00e3o privativa, que consideramos regime excepcional \u2013 apesar de se tratar do regime quantitativamente mais frequente. Neste \u00faltimo notamos as respectivas defini\u00e7\u00e3o e conte\u00fado e caracter\u00edsticas: universalidade (com as tipicidades de figuras e procedimentos de licen\u00e7a e contrato de concess\u00e3o), submiss\u00e3o a condi\u00e7\u00f5es acess\u00f3rias de interesse p\u00fablico, natureza real ou objectiva, onerosidade, e, tipicidade de modalidades de extin\u00e7\u00e3o (caducidade e revoga\u00e7\u00e3o). Fixamo-nos depois, em especial na revoga\u00e7\u00e3o dos t\u00edtulos: suas causas, respectiva fundamenta\u00e7\u00e3o sublinhando a precariedade jus-administrativa, e efeitos. Em forma de sint\u00e9tica conclus\u00e3o colocamos quest\u00f5es direitos constitu\u00eddos em sede de planeamento especial de orla costeira e da LA; respondemos \u00e0s quest\u00f5es e fundamentamos tendo por suposto o exposto na caracteriza\u00e7\u00e3o dos t\u00edtulos de utiliza\u00e7\u00e3o privativa de recursos que consideramos, em muito nosso, embora apenas aqui delineado, mas inovatoriamente fundado jur\u00eddico entendimento: \u201cdom\u00ednio da Natureza\u201d. N\u00e3o cabe neste articulado desenvolvermos a resposta que neste damos, fundamentada juridicamente em princ\u00edpios: &#8211; sim, tais t\u00edtulos apesar de constitutivos de direitos s\u00e3o \u201clivremente\u201d revog\u00e1veis.<\/p>\n<h6>Autores:<\/h6>\n<p> Manuel das Neves Pereira<\/p>\n","protected":false},"excerpt":{"rendered":"<p>T\u00edtulo: Revoga\u00e7\u00e3o de t\u00edtulos de utiliza\u00e7\u00e3o privativa de recursos dominiais litorais Resumo: Introduzindo \u00e0 quest\u00e3o da revogabilidade dos t\u00edtulos de utiliza\u00e7\u00e3o do dom\u00ednio p\u00fablico mar\u00edtimo, come\u00e7amos por contextualizar as occasio e ratio legis pr\u00f3ximas do novo regime h\u00eddrico imposto pela Lei da \u00c1gua, na perspectiva da jur\u00eddica base do regime de utiliza\u00e7\u00e3o privativa do dom\u00ednio [&hellip;]<\/p>\n","protected":false},"author":1,"featured_media":0,"comment_status":"open","ping_status":"open","sticky":false,"template":"","format":"standard","meta":{"footnotes":""},"categories":[163],"tags":[],"class_list":["post-36126","post","type-post","status-publish","format-standard","hentry","category-artigos"],"yoast_head":"<!-- This site is optimized with the Yoast SEO plugin v23.8 - https:\/\/yoast.com\/wordpress\/plugins\/seo\/ -->\n<title>Revoga\u00e7\u00e3o de t\u00edtulos de utiliza\u00e7\u00e3o privativa de recursos dominiais litorais - APRH<\/title>\n<meta name=\"robots\" content=\"index, follow, max-snippet:-1, max-image-preview:large, max-video-preview:-1\" \/>\n<link rel=\"canonical\" href=\"https:\/\/aprh.pt\/pt\/publicacoes\/artigos\/revogacao-de-titulos-de-utilizacao-privativa-de-recursos-dominiais-litorais\/\" \/>\n<meta property=\"og:locale\" content=\"pt_PT\" \/>\n<meta property=\"og:type\" content=\"article\" \/>\n<meta property=\"og:title\" content=\"Revoga\u00e7\u00e3o de t\u00edtulos de utiliza\u00e7\u00e3o privativa de recursos dominiais litorais - APRH\" \/>\n<meta property=\"og:description\" content=\"T\u00edtulo: Revoga\u00e7\u00e3o de t\u00edtulos de utiliza\u00e7\u00e3o privativa de recursos dominiais litorais Resumo: Introduzindo \u00e0 quest\u00e3o da revogabilidade dos t\u00edtulos de utiliza\u00e7\u00e3o do dom\u00ednio p\u00fablico mar\u00edtimo, come\u00e7amos por contextualizar as occasio e ratio legis pr\u00f3ximas do novo regime h\u00eddrico imposto pela Lei da \u00c1gua, na perspectiva da jur\u00eddica base do regime de utiliza\u00e7\u00e3o privativa do dom\u00ednio [&hellip;]\" \/>\n<meta property=\"og:url\" content=\"https:\/\/aprh.pt\/pt\/publicacoes\/artigos\/revogacao-de-titulos-de-utilizacao-privativa-de-recursos-dominiais-litorais\/\" \/>\n<meta property=\"og:site_name\" content=\"APRH\" \/>\n<meta property=\"article:published_time\" content=\"2022-06-09T12:30:55+00:00\" \/>\n<meta name=\"author\" content=\"admin\" \/>\n<meta name=\"twitter:card\" content=\"summary_large_image\" \/>\n<meta name=\"twitter:label1\" content=\"Escrito por\" \/>\n\t<meta name=\"twitter:data1\" content=\"admin\" \/>\n\t<meta name=\"twitter:label2\" content=\"Tempo estimado de leitura\" \/>\n\t<meta name=\"twitter:data2\" content=\"2 minutos\" \/>\n<script type=\"application\/ld+json\" class=\"yoast-schema-graph\">{\"@context\":\"https:\/\/schema.org\",\"@graph\":[{\"@type\":\"Article\",\"@id\":\"https:\/\/aprh.pt\/pt\/publicacoes\/artigos\/revogacao-de-titulos-de-utilizacao-privativa-de-recursos-dominiais-litorais\/#article\",\"isPartOf\":{\"@id\":\"https:\/\/aprh.pt\/pt\/publicacoes\/artigos\/revogacao-de-titulos-de-utilizacao-privativa-de-recursos-dominiais-litorais\/\"},\"author\":{\"name\":\"admin\",\"@id\":\"https:\/\/aprh.pt\/pt\/#\/schema\/person\/48b266141210923df72b6ffbb5cdcbaa\"},\"headline\":\"Revoga\u00e7\u00e3o de t\u00edtulos de utiliza\u00e7\u00e3o privativa de recursos dominiais litorais\",\"datePublished\":\"2022-06-09T12:30:55+00:00\",\"dateModified\":\"2022-06-09T12:30:55+00:00\",\"mainEntityOfPage\":{\"@id\":\"https:\/\/aprh.pt\/pt\/publicacoes\/artigos\/revogacao-de-titulos-de-utilizacao-privativa-de-recursos-dominiais-litorais\/\"},\"wordCount\":414,\"commentCount\":0,\"publisher\":{\"@id\":\"https:\/\/aprh.pt\/pt\/#organization\"},\"articleSection\":[\"Artigos\"],\"inLanguage\":\"pt-PT\",\"potentialAction\":[{\"@type\":\"CommentAction\",\"name\":\"Comment\",\"target\":[\"https:\/\/aprh.pt\/pt\/publicacoes\/artigos\/revogacao-de-titulos-de-utilizacao-privativa-de-recursos-dominiais-litorais\/#respond\"]}]},{\"@type\":\"WebPage\",\"@id\":\"https:\/\/aprh.pt\/pt\/publicacoes\/artigos\/revogacao-de-titulos-de-utilizacao-privativa-de-recursos-dominiais-litorais\/\",\"url\":\"https:\/\/aprh.pt\/pt\/publicacoes\/artigos\/revogacao-de-titulos-de-utilizacao-privativa-de-recursos-dominiais-litorais\/\",\"name\":\"Revoga\u00e7\u00e3o de t\u00edtulos de utiliza\u00e7\u00e3o privativa de recursos dominiais litorais - APRH\",\"isPartOf\":{\"@id\":\"https:\/\/aprh.pt\/pt\/#website\"},\"datePublished\":\"2022-06-09T12:30:55+00:00\",\"dateModified\":\"2022-06-09T12:30:55+00:00\",\"breadcrumb\":{\"@id\":\"https:\/\/aprh.pt\/pt\/publicacoes\/artigos\/revogacao-de-titulos-de-utilizacao-privativa-de-recursos-dominiais-litorais\/#breadcrumb\"},\"inLanguage\":\"pt-PT\",\"potentialAction\":[{\"@type\":\"ReadAction\",\"target\":[\"https:\/\/aprh.pt\/pt\/publicacoes\/artigos\/revogacao-de-titulos-de-utilizacao-privativa-de-recursos-dominiais-litorais\/\"]}]},{\"@type\":\"BreadcrumbList\",\"@id\":\"https:\/\/aprh.pt\/pt\/publicacoes\/artigos\/revogacao-de-titulos-de-utilizacao-privativa-de-recursos-dominiais-litorais\/#breadcrumb\",\"itemListElement\":[{\"@type\":\"ListItem\",\"position\":1,\"name\":\"Home\",\"item\":\"https:\/\/aprh.pt\/pt\/\"},{\"@type\":\"ListItem\",\"position\":2,\"name\":\"Publica\u00e7\u00f5es\",\"item\":\"https:\/\/aprh.pt\/pt\/category\/publicacoes\/\"},{\"@type\":\"ListItem\",\"position\":3,\"name\":\"Artigos\",\"item\":\"https:\/\/aprh.pt\/pt\/category\/publicacoes\/artigos\/\"},{\"@type\":\"ListItem\",\"position\":4,\"name\":\"Revoga\u00e7\u00e3o de t\u00edtulos de utiliza\u00e7\u00e3o privativa de recursos dominiais litorais\"}]},{\"@type\":\"WebSite\",\"@id\":\"https:\/\/aprh.pt\/pt\/#website\",\"url\":\"https:\/\/aprh.pt\/pt\/\",\"name\":\"APRH\",\"description\":\"Associa\u00e7\u00e3o Portuguesa dos Recursos H\u00eddricos\",\"publisher\":{\"@id\":\"https:\/\/aprh.pt\/pt\/#organization\"},\"potentialAction\":[{\"@type\":\"SearchAction\",\"target\":{\"@type\":\"EntryPoint\",\"urlTemplate\":\"https:\/\/aprh.pt\/pt\/?s={search_term_string}\"},\"query-input\":{\"@type\":\"PropertyValueSpecification\",\"valueRequired\":true,\"valueName\":\"search_term_string\"}}],\"inLanguage\":\"pt-PT\"},{\"@type\":\"Organization\",\"@id\":\"https:\/\/aprh.pt\/pt\/#organization\",\"name\":\"APRH\",\"url\":\"https:\/\/aprh.pt\/pt\/\",\"logo\":{\"@type\":\"ImageObject\",\"inLanguage\":\"pt-PT\",\"@id\":\"https:\/\/aprh.pt\/pt\/#\/schema\/logo\/image\/\",\"url\":\"https:\/\/aprh.pt\/wp-content\/uploads\/2022\/04\/logotipo.png\",\"contentUrl\":\"https:\/\/aprh.pt\/wp-content\/uploads\/2022\/04\/logotipo.png\",\"width\":181,\"height\":80,\"caption\":\"APRH\"},\"image\":{\"@id\":\"https:\/\/aprh.pt\/pt\/#\/schema\/logo\/image\/\"}},{\"@type\":\"Person\",\"@id\":\"https:\/\/aprh.pt\/pt\/#\/schema\/person\/48b266141210923df72b6ffbb5cdcbaa\",\"name\":\"admin\",\"image\":{\"@type\":\"ImageObject\",\"inLanguage\":\"pt-PT\",\"@id\":\"https:\/\/aprh.pt\/pt\/#\/schema\/person\/image\/\",\"url\":\"https:\/\/secure.gravatar.com\/avatar\/596e45d48db05fe4ed97c1aa961f66ff?s=96&d=mm&r=g\",\"contentUrl\":\"https:\/\/secure.gravatar.com\/avatar\/596e45d48db05fe4ed97c1aa961f66ff?s=96&d=mm&r=g\",\"caption\":\"admin\"},\"sameAs\":[\"https:\/\/aprh.zalox.pt\"],\"url\":\"https:\/\/aprh.pt\/pt\/author\/zalox\/\"}]}<\/script>\n<!-- \/ Yoast SEO plugin. -->","yoast_head_json":{"title":"Revoga\u00e7\u00e3o de t\u00edtulos de utiliza\u00e7\u00e3o privativa de recursos dominiais litorais - APRH","robots":{"index":"index","follow":"follow","max-snippet":"max-snippet:-1","max-image-preview":"max-image-preview:large","max-video-preview":"max-video-preview:-1"},"canonical":"https:\/\/aprh.pt\/pt\/publicacoes\/artigos\/revogacao-de-titulos-de-utilizacao-privativa-de-recursos-dominiais-litorais\/","og_locale":"pt_PT","og_type":"article","og_title":"Revoga\u00e7\u00e3o de t\u00edtulos de utiliza\u00e7\u00e3o privativa de recursos dominiais litorais - APRH","og_description":"T\u00edtulo: Revoga\u00e7\u00e3o de t\u00edtulos de utiliza\u00e7\u00e3o privativa de recursos dominiais litorais Resumo: Introduzindo \u00e0 quest\u00e3o da revogabilidade dos t\u00edtulos de utiliza\u00e7\u00e3o do dom\u00ednio p\u00fablico mar\u00edtimo, come\u00e7amos por contextualizar as occasio e ratio legis pr\u00f3ximas do novo regime h\u00eddrico imposto pela Lei da \u00c1gua, na perspectiva da jur\u00eddica base do regime de utiliza\u00e7\u00e3o privativa do dom\u00ednio [&hellip;]","og_url":"https:\/\/aprh.pt\/pt\/publicacoes\/artigos\/revogacao-de-titulos-de-utilizacao-privativa-de-recursos-dominiais-litorais\/","og_site_name":"APRH","article_published_time":"2022-06-09T12:30:55+00:00","author":"admin","twitter_card":"summary_large_image","twitter_misc":{"Escrito por":"admin","Tempo estimado de leitura":"2 minutos"},"schema":{"@context":"https:\/\/schema.org","@graph":[{"@type":"Article","@id":"https:\/\/aprh.pt\/pt\/publicacoes\/artigos\/revogacao-de-titulos-de-utilizacao-privativa-de-recursos-dominiais-litorais\/#article","isPartOf":{"@id":"https:\/\/aprh.pt\/pt\/publicacoes\/artigos\/revogacao-de-titulos-de-utilizacao-privativa-de-recursos-dominiais-litorais\/"},"author":{"name":"admin","@id":"https:\/\/aprh.pt\/pt\/#\/schema\/person\/48b266141210923df72b6ffbb5cdcbaa"},"headline":"Revoga\u00e7\u00e3o de t\u00edtulos de utiliza\u00e7\u00e3o privativa de recursos dominiais litorais","datePublished":"2022-06-09T12:30:55+00:00","dateModified":"2022-06-09T12:30:55+00:00","mainEntityOfPage":{"@id":"https:\/\/aprh.pt\/pt\/publicacoes\/artigos\/revogacao-de-titulos-de-utilizacao-privativa-de-recursos-dominiais-litorais\/"},"wordCount":414,"commentCount":0,"publisher":{"@id":"https:\/\/aprh.pt\/pt\/#organization"},"articleSection":["Artigos"],"inLanguage":"pt-PT","potentialAction":[{"@type":"CommentAction","name":"Comment","target":["https:\/\/aprh.pt\/pt\/publicacoes\/artigos\/revogacao-de-titulos-de-utilizacao-privativa-de-recursos-dominiais-litorais\/#respond"]}]},{"@type":"WebPage","@id":"https:\/\/aprh.pt\/pt\/publicacoes\/artigos\/revogacao-de-titulos-de-utilizacao-privativa-de-recursos-dominiais-litorais\/","url":"https:\/\/aprh.pt\/pt\/publicacoes\/artigos\/revogacao-de-titulos-de-utilizacao-privativa-de-recursos-dominiais-litorais\/","name":"Revoga\u00e7\u00e3o de t\u00edtulos de utiliza\u00e7\u00e3o privativa de recursos dominiais litorais - APRH","isPartOf":{"@id":"https:\/\/aprh.pt\/pt\/#website"},"datePublished":"2022-06-09T12:30:55+00:00","dateModified":"2022-06-09T12:30:55+00:00","breadcrumb":{"@id":"https:\/\/aprh.pt\/pt\/publicacoes\/artigos\/revogacao-de-titulos-de-utilizacao-privativa-de-recursos-dominiais-litorais\/#breadcrumb"},"inLanguage":"pt-PT","potentialAction":[{"@type":"ReadAction","target":["https:\/\/aprh.pt\/pt\/publicacoes\/artigos\/revogacao-de-titulos-de-utilizacao-privativa-de-recursos-dominiais-litorais\/"]}]},{"@type":"BreadcrumbList","@id":"https:\/\/aprh.pt\/pt\/publicacoes\/artigos\/revogacao-de-titulos-de-utilizacao-privativa-de-recursos-dominiais-litorais\/#breadcrumb","itemListElement":[{"@type":"ListItem","position":1,"name":"Home","item":"https:\/\/aprh.pt\/pt\/"},{"@type":"ListItem","position":2,"name":"Publica\u00e7\u00f5es","item":"https:\/\/aprh.pt\/pt\/category\/publicacoes\/"},{"@type":"ListItem","position":3,"name":"Artigos","item":"https:\/\/aprh.pt\/pt\/category\/publicacoes\/artigos\/"},{"@type":"ListItem","position":4,"name":"Revoga\u00e7\u00e3o de t\u00edtulos de utiliza\u00e7\u00e3o privativa de recursos dominiais litorais"}]},{"@type":"WebSite","@id":"https:\/\/aprh.pt\/pt\/#website","url":"https:\/\/aprh.pt\/pt\/","name":"APRH","description":"Associa\u00e7\u00e3o Portuguesa dos Recursos H\u00eddricos","publisher":{"@id":"https:\/\/aprh.pt\/pt\/#organization"},"potentialAction":[{"@type":"SearchAction","target":{"@type":"EntryPoint","urlTemplate":"https:\/\/aprh.pt\/pt\/?s={search_term_string}"},"query-input":{"@type":"PropertyValueSpecification","valueRequired":true,"valueName":"search_term_string"}}],"inLanguage":"pt-PT"},{"@type":"Organization","@id":"https:\/\/aprh.pt\/pt\/#organization","name":"APRH","url":"https:\/\/aprh.pt\/pt\/","logo":{"@type":"ImageObject","inLanguage":"pt-PT","@id":"https:\/\/aprh.pt\/pt\/#\/schema\/logo\/image\/","url":"https:\/\/aprh.pt\/wp-content\/uploads\/2022\/04\/logotipo.png","contentUrl":"https:\/\/aprh.pt\/wp-content\/uploads\/2022\/04\/logotipo.png","width":181,"height":80,"caption":"APRH"},"image":{"@id":"https:\/\/aprh.pt\/pt\/#\/schema\/logo\/image\/"}},{"@type":"Person","@id":"https:\/\/aprh.pt\/pt\/#\/schema\/person\/48b266141210923df72b6ffbb5cdcbaa","name":"admin","image":{"@type":"ImageObject","inLanguage":"pt-PT","@id":"https:\/\/aprh.pt\/pt\/#\/schema\/person\/image\/","url":"https:\/\/secure.gravatar.com\/avatar\/596e45d48db05fe4ed97c1aa961f66ff?s=96&d=mm&r=g","contentUrl":"https:\/\/secure.gravatar.com\/avatar\/596e45d48db05fe4ed97c1aa961f66ff?s=96&d=mm&r=g","caption":"admin"},"sameAs":["https:\/\/aprh.zalox.pt"],"url":"https:\/\/aprh.pt\/pt\/author\/zalox\/"}]}},"_links":{"self":[{"href":"https:\/\/aprh.pt\/pt\/wp-json\/wp\/v2\/posts\/36126","targetHints":{"allow":["GET"]}}],"collection":[{"href":"https:\/\/aprh.pt\/pt\/wp-json\/wp\/v2\/posts"}],"about":[{"href":"https:\/\/aprh.pt\/pt\/wp-json\/wp\/v2\/types\/post"}],"author":[{"embeddable":true,"href":"https:\/\/aprh.pt\/pt\/wp-json\/wp\/v2\/users\/1"}],"replies":[{"embeddable":true,"href":"https:\/\/aprh.pt\/pt\/wp-json\/wp\/v2\/comments?post=36126"}],"version-history":[{"count":0,"href":"https:\/\/aprh.pt\/pt\/wp-json\/wp\/v2\/posts\/36126\/revisions"}],"wp:attachment":[{"href":"https:\/\/aprh.pt\/pt\/wp-json\/wp\/v2\/media?parent=36126"}],"wp:term":[{"taxonomy":"category","embeddable":true,"href":"https:\/\/aprh.pt\/pt\/wp-json\/wp\/v2\/categories?post=36126"},{"taxonomy":"post_tag","embeddable":true,"href":"https:\/\/aprh.pt\/pt\/wp-json\/wp\/v2\/tags?post=36126"}],"curies":[{"name":"wp","href":"https:\/\/api.w.org\/{rel}","templated":true}]}}