{"id":36431,"date":"2022-06-09T12:32:17","date_gmt":"2022-06-09T12:32:17","guid":{"rendered":"https:\/\/aprh.zalox.pt\/sem-categoria\/as-albufeiras-protegidas-e-o-abastecimento-publico-uma-breve-reflexao-sobre-as-actividades-secundarias-e-a-qualidade-da-agua\/"},"modified":"2022-06-09T12:32:17","modified_gmt":"2022-06-09T12:32:17","slug":"as-albufeiras-protegidas-e-o-abastecimento-publico-uma-breve-reflexao-sobre-as-actividades-secundarias-e-a-qualidade-da-agua","status":"publish","type":"post","link":"https:\/\/aprh.pt\/pt\/publicacoes\/artigos\/as-albufeiras-protegidas-e-o-abastecimento-publico-uma-breve-reflexao-sobre-as-actividades-secundarias-e-a-qualidade-da-agua\/","title":{"rendered":"As albufeiras protegidas e o abastecimento p\u00fablico. Uma breve reflex\u00e3o sobre as actividades secund\u00e1rias e a qualidade da \u00e1gua"},"content":{"rendered":"<h6>T\u00edtulo:<\/h6>\n<p>As albufeiras protegidas e o abastecimento p\u00fablico. Uma breve reflex\u00e3o sobre as actividades secund\u00e1rias e a qualidade da \u00e1gua<\/p>\n<h6>Resumo:<\/h6>\n<p>Perante o actual cen\u00e1rio de irregularidade clim\u00e1tica, resultante da forte varia\u00e7\u00e3o temporal e espacial da precipita\u00e7\u00e3o, avizinham-se problemas de escassez que aliados \u00e0 polui\u00e7\u00e3o dos meios h\u00eddricos perspectivam um cen\u00e1rio de conten\u00e7\u00e3o com repercuss\u00f5es no abastecimento p\u00fablico. Face \u00e0 incerteza hidrol\u00f3gica torna-se urgente implementar medidas que a curto prazo contrariem estas tend\u00eancias. A adop\u00e7\u00e3o de pol\u00edticas adequadas que imponham a racionaliza\u00e7\u00e3o do uso da \u00e1gua, assim como medidas estruturais que contemplem o aproveitamento da \u00e1gua das albufeiras de barragens j\u00e1 existentes, poder\u00e3o ser encaradas como uma solu\u00e7\u00e3o para manter este recurso, no estado l\u00edquido, em territ\u00f3rio continental. Em Portugal, as albufeiras, mesmo as classificadas como protegidas, permitem em simult\u00e2neo um conjunto de actividades consideradas secund\u00e1rias \u2013 banhos, nata\u00e7\u00e3o, navega\u00e7\u00e3o, competi\u00e7\u00f5es desportivas e pesca. Estas actividades que s\u00f3 deveriam existir sem preju\u00edzo da boa qualidade da \u00e1gua, revelam-se por vezes incompat\u00edveis, pondo mesmo em risco a qualidade destas massas, ainda que estes epis\u00f3dios ocorram pontualmente. Sabendo que a origem da \u00e1gua para abastecimento p\u00fablico \u00e9 maioritariamente efectuada recorrendo a reservas superficiais, poder\u00e3o as albufeiras protegidas serem consideradas como mananciais de abastecimento p\u00fablico e assumidas como reservat\u00f3rios estrat\u00e9gicos em cen\u00e1rios de escassez? Pretende-se, com a presente comunica\u00e7\u00e3o, reflectir sobre a coexist\u00eancia de um conjunto de actividades secund\u00e1rias e poss\u00edveis incompatibiliza\u00e7\u00f5es nos planos de \u00e1gua das albufeiras com planos especiais de ordenamento em vigor, incidindo na forma como as disposi\u00e7\u00f5es neles expressas influenciam a qualidade das massas de \u00e1gua, que se destinam ao abastecimento p\u00fablico.<\/p>\n<h6>Autores:<\/h6>\n<p> Lara Marlete Alves de Almeida<\/p>\n","protected":false},"excerpt":{"rendered":"<p>T\u00edtulo: As albufeiras protegidas e o abastecimento p\u00fablico. Uma breve reflex\u00e3o sobre as actividades secund\u00e1rias e a qualidade da \u00e1gua Resumo: Perante o actual cen\u00e1rio de irregularidade clim\u00e1tica, resultante da forte varia\u00e7\u00e3o temporal e espacial da precipita\u00e7\u00e3o, avizinham-se problemas de escassez que aliados \u00e0 polui\u00e7\u00e3o dos meios h\u00eddricos perspectivam um cen\u00e1rio de conten\u00e7\u00e3o com repercuss\u00f5es [&hellip;]<\/p>\n","protected":false},"author":1,"featured_media":0,"comment_status":"open","ping_status":"open","sticky":false,"template":"","format":"standard","meta":{"footnotes":""},"categories":[163],"tags":[],"class_list":["post-36431","post","type-post","status-publish","format-standard","hentry","category-artigos"],"yoast_head":"<!-- This site is optimized with the Yoast SEO plugin v23.8 - https:\/\/yoast.com\/wordpress\/plugins\/seo\/ -->\n<title>As albufeiras protegidas e o abastecimento p\u00fablico. Uma breve reflex\u00e3o sobre as actividades secund\u00e1rias e a qualidade da \u00e1gua - APRH<\/title>\n<meta name=\"robots\" content=\"index, follow, max-snippet:-1, max-image-preview:large, max-video-preview:-1\" \/>\n<link rel=\"canonical\" href=\"https:\/\/aprh.pt\/pt\/publicacoes\/artigos\/as-albufeiras-protegidas-e-o-abastecimento-publico-uma-breve-reflexao-sobre-as-actividades-secundarias-e-a-qualidade-da-agua\/\" \/>\n<meta property=\"og:locale\" content=\"pt_PT\" \/>\n<meta property=\"og:type\" content=\"article\" \/>\n<meta property=\"og:title\" content=\"As albufeiras protegidas e o abastecimento p\u00fablico. Uma breve reflex\u00e3o sobre as actividades secund\u00e1rias e a qualidade da \u00e1gua - APRH\" \/>\n<meta property=\"og:description\" content=\"T\u00edtulo: As albufeiras protegidas e o abastecimento p\u00fablico. Uma breve reflex\u00e3o sobre as actividades secund\u00e1rias e a qualidade da \u00e1gua Resumo: Perante o actual cen\u00e1rio de irregularidade clim\u00e1tica, resultante da forte varia\u00e7\u00e3o temporal e espacial da precipita\u00e7\u00e3o, avizinham-se problemas de escassez que aliados \u00e0 polui\u00e7\u00e3o dos meios h\u00eddricos perspectivam um cen\u00e1rio de conten\u00e7\u00e3o com repercuss\u00f5es [&hellip;]\" \/>\n<meta property=\"og:url\" content=\"https:\/\/aprh.pt\/pt\/publicacoes\/artigos\/as-albufeiras-protegidas-e-o-abastecimento-publico-uma-breve-reflexao-sobre-as-actividades-secundarias-e-a-qualidade-da-agua\/\" \/>\n<meta property=\"og:site_name\" content=\"APRH\" \/>\n<meta property=\"article:published_time\" content=\"2022-06-09T12:32:17+00:00\" \/>\n<meta name=\"author\" content=\"admin\" \/>\n<meta name=\"twitter:card\" content=\"summary_large_image\" \/>\n<meta name=\"twitter:label1\" content=\"Escrito por\" \/>\n\t<meta name=\"twitter:data1\" content=\"admin\" \/>\n\t<meta name=\"twitter:label2\" content=\"Tempo estimado de leitura\" \/>\n\t<meta name=\"twitter:data2\" content=\"2 minutos\" \/>\n<script type=\"application\/ld+json\" class=\"yoast-schema-graph\">{\"@context\":\"https:\/\/schema.org\",\"@graph\":[{\"@type\":\"Article\",\"@id\":\"https:\/\/aprh.pt\/pt\/publicacoes\/artigos\/as-albufeiras-protegidas-e-o-abastecimento-publico-uma-breve-reflexao-sobre-as-actividades-secundarias-e-a-qualidade-da-agua\/#article\",\"isPartOf\":{\"@id\":\"https:\/\/aprh.pt\/pt\/publicacoes\/artigos\/as-albufeiras-protegidas-e-o-abastecimento-publico-uma-breve-reflexao-sobre-as-actividades-secundarias-e-a-qualidade-da-agua\/\"},\"author\":{\"name\":\"admin\",\"@id\":\"https:\/\/aprh.pt\/pt\/#\/schema\/person\/48b266141210923df72b6ffbb5cdcbaa\"},\"headline\":\"As albufeiras protegidas e o abastecimento p\u00fablico. Uma breve reflex\u00e3o sobre as actividades secund\u00e1rias e a qualidade da \u00e1gua\",\"datePublished\":\"2022-06-09T12:32:17+00:00\",\"dateModified\":\"2022-06-09T12:32:17+00:00\",\"mainEntityOfPage\":{\"@id\":\"https:\/\/aprh.pt\/pt\/publicacoes\/artigos\/as-albufeiras-protegidas-e-o-abastecimento-publico-uma-breve-reflexao-sobre-as-actividades-secundarias-e-a-qualidade-da-agua\/\"},\"wordCount\":331,\"commentCount\":0,\"publisher\":{\"@id\":\"https:\/\/aprh.pt\/pt\/#organization\"},\"articleSection\":[\"Artigos\"],\"inLanguage\":\"pt-PT\",\"potentialAction\":[{\"@type\":\"CommentAction\",\"name\":\"Comment\",\"target\":[\"https:\/\/aprh.pt\/pt\/publicacoes\/artigos\/as-albufeiras-protegidas-e-o-abastecimento-publico-uma-breve-reflexao-sobre-as-actividades-secundarias-e-a-qualidade-da-agua\/#respond\"]}]},{\"@type\":\"WebPage\",\"@id\":\"https:\/\/aprh.pt\/pt\/publicacoes\/artigos\/as-albufeiras-protegidas-e-o-abastecimento-publico-uma-breve-reflexao-sobre-as-actividades-secundarias-e-a-qualidade-da-agua\/\",\"url\":\"https:\/\/aprh.pt\/pt\/publicacoes\/artigos\/as-albufeiras-protegidas-e-o-abastecimento-publico-uma-breve-reflexao-sobre-as-actividades-secundarias-e-a-qualidade-da-agua\/\",\"name\":\"As albufeiras protegidas e o abastecimento p\u00fablico. Uma breve reflex\u00e3o sobre as actividades secund\u00e1rias e a qualidade da \u00e1gua - APRH\",\"isPartOf\":{\"@id\":\"https:\/\/aprh.pt\/pt\/#website\"},\"datePublished\":\"2022-06-09T12:32:17+00:00\",\"dateModified\":\"2022-06-09T12:32:17+00:00\",\"breadcrumb\":{\"@id\":\"https:\/\/aprh.pt\/pt\/publicacoes\/artigos\/as-albufeiras-protegidas-e-o-abastecimento-publico-uma-breve-reflexao-sobre-as-actividades-secundarias-e-a-qualidade-da-agua\/#breadcrumb\"},\"inLanguage\":\"pt-PT\",\"potentialAction\":[{\"@type\":\"ReadAction\",\"target\":[\"https:\/\/aprh.pt\/pt\/publicacoes\/artigos\/as-albufeiras-protegidas-e-o-abastecimento-publico-uma-breve-reflexao-sobre-as-actividades-secundarias-e-a-qualidade-da-agua\/\"]}]},{\"@type\":\"BreadcrumbList\",\"@id\":\"https:\/\/aprh.pt\/pt\/publicacoes\/artigos\/as-albufeiras-protegidas-e-o-abastecimento-publico-uma-breve-reflexao-sobre-as-actividades-secundarias-e-a-qualidade-da-agua\/#breadcrumb\",\"itemListElement\":[{\"@type\":\"ListItem\",\"position\":1,\"name\":\"Home\",\"item\":\"https:\/\/aprh.pt\/pt\/\"},{\"@type\":\"ListItem\",\"position\":2,\"name\":\"Publica\u00e7\u00f5es\",\"item\":\"https:\/\/aprh.pt\/pt\/category\/publicacoes\/\"},{\"@type\":\"ListItem\",\"position\":3,\"name\":\"Artigos\",\"item\":\"https:\/\/aprh.pt\/pt\/category\/publicacoes\/artigos\/\"},{\"@type\":\"ListItem\",\"position\":4,\"name\":\"As albufeiras protegidas e o abastecimento p\u00fablico. Uma breve reflex\u00e3o sobre as actividades secund\u00e1rias e a qualidade da \u00e1gua\"}]},{\"@type\":\"WebSite\",\"@id\":\"https:\/\/aprh.pt\/pt\/#website\",\"url\":\"https:\/\/aprh.pt\/pt\/\",\"name\":\"APRH\",\"description\":\"Associa\u00e7\u00e3o Portuguesa dos Recursos H\u00eddricos\",\"publisher\":{\"@id\":\"https:\/\/aprh.pt\/pt\/#organization\"},\"potentialAction\":[{\"@type\":\"SearchAction\",\"target\":{\"@type\":\"EntryPoint\",\"urlTemplate\":\"https:\/\/aprh.pt\/pt\/?s={search_term_string}\"},\"query-input\":{\"@type\":\"PropertyValueSpecification\",\"valueRequired\":true,\"valueName\":\"search_term_string\"}}],\"inLanguage\":\"pt-PT\"},{\"@type\":\"Organization\",\"@id\":\"https:\/\/aprh.pt\/pt\/#organization\",\"name\":\"APRH\",\"url\":\"https:\/\/aprh.pt\/pt\/\",\"logo\":{\"@type\":\"ImageObject\",\"inLanguage\":\"pt-PT\",\"@id\":\"https:\/\/aprh.pt\/pt\/#\/schema\/logo\/image\/\",\"url\":\"https:\/\/aprh.pt\/wp-content\/uploads\/2022\/04\/logotipo.png\",\"contentUrl\":\"https:\/\/aprh.pt\/wp-content\/uploads\/2022\/04\/logotipo.png\",\"width\":181,\"height\":80,\"caption\":\"APRH\"},\"image\":{\"@id\":\"https:\/\/aprh.pt\/pt\/#\/schema\/logo\/image\/\"}},{\"@type\":\"Person\",\"@id\":\"https:\/\/aprh.pt\/pt\/#\/schema\/person\/48b266141210923df72b6ffbb5cdcbaa\",\"name\":\"admin\",\"image\":{\"@type\":\"ImageObject\",\"inLanguage\":\"pt-PT\",\"@id\":\"https:\/\/aprh.pt\/pt\/#\/schema\/person\/image\/\",\"url\":\"https:\/\/secure.gravatar.com\/avatar\/596e45d48db05fe4ed97c1aa961f66ff?s=96&d=mm&r=g\",\"contentUrl\":\"https:\/\/secure.gravatar.com\/avatar\/596e45d48db05fe4ed97c1aa961f66ff?s=96&d=mm&r=g\",\"caption\":\"admin\"},\"sameAs\":[\"https:\/\/aprh.zalox.pt\"],\"url\":\"https:\/\/aprh.pt\/pt\/author\/zalox\/\"}]}<\/script>\n<!-- \/ Yoast SEO plugin. -->","yoast_head_json":{"title":"As albufeiras protegidas e o abastecimento p\u00fablico. Uma breve reflex\u00e3o sobre as actividades secund\u00e1rias e a qualidade da \u00e1gua - APRH","robots":{"index":"index","follow":"follow","max-snippet":"max-snippet:-1","max-image-preview":"max-image-preview:large","max-video-preview":"max-video-preview:-1"},"canonical":"https:\/\/aprh.pt\/pt\/publicacoes\/artigos\/as-albufeiras-protegidas-e-o-abastecimento-publico-uma-breve-reflexao-sobre-as-actividades-secundarias-e-a-qualidade-da-agua\/","og_locale":"pt_PT","og_type":"article","og_title":"As albufeiras protegidas e o abastecimento p\u00fablico. Uma breve reflex\u00e3o sobre as actividades secund\u00e1rias e a qualidade da \u00e1gua - APRH","og_description":"T\u00edtulo: As albufeiras protegidas e o abastecimento p\u00fablico. Uma breve reflex\u00e3o sobre as actividades secund\u00e1rias e a qualidade da \u00e1gua Resumo: Perante o actual cen\u00e1rio de irregularidade clim\u00e1tica, resultante da forte varia\u00e7\u00e3o temporal e espacial da precipita\u00e7\u00e3o, avizinham-se problemas de escassez que aliados \u00e0 polui\u00e7\u00e3o dos meios h\u00eddricos perspectivam um cen\u00e1rio de conten\u00e7\u00e3o com repercuss\u00f5es [&hellip;]","og_url":"https:\/\/aprh.pt\/pt\/publicacoes\/artigos\/as-albufeiras-protegidas-e-o-abastecimento-publico-uma-breve-reflexao-sobre-as-actividades-secundarias-e-a-qualidade-da-agua\/","og_site_name":"APRH","article_published_time":"2022-06-09T12:32:17+00:00","author":"admin","twitter_card":"summary_large_image","twitter_misc":{"Escrito por":"admin","Tempo estimado de leitura":"2 minutos"},"schema":{"@context":"https:\/\/schema.org","@graph":[{"@type":"Article","@id":"https:\/\/aprh.pt\/pt\/publicacoes\/artigos\/as-albufeiras-protegidas-e-o-abastecimento-publico-uma-breve-reflexao-sobre-as-actividades-secundarias-e-a-qualidade-da-agua\/#article","isPartOf":{"@id":"https:\/\/aprh.pt\/pt\/publicacoes\/artigos\/as-albufeiras-protegidas-e-o-abastecimento-publico-uma-breve-reflexao-sobre-as-actividades-secundarias-e-a-qualidade-da-agua\/"},"author":{"name":"admin","@id":"https:\/\/aprh.pt\/pt\/#\/schema\/person\/48b266141210923df72b6ffbb5cdcbaa"},"headline":"As albufeiras protegidas e o abastecimento p\u00fablico. Uma breve reflex\u00e3o sobre as actividades secund\u00e1rias e a qualidade da \u00e1gua","datePublished":"2022-06-09T12:32:17+00:00","dateModified":"2022-06-09T12:32:17+00:00","mainEntityOfPage":{"@id":"https:\/\/aprh.pt\/pt\/publicacoes\/artigos\/as-albufeiras-protegidas-e-o-abastecimento-publico-uma-breve-reflexao-sobre-as-actividades-secundarias-e-a-qualidade-da-agua\/"},"wordCount":331,"commentCount":0,"publisher":{"@id":"https:\/\/aprh.pt\/pt\/#organization"},"articleSection":["Artigos"],"inLanguage":"pt-PT","potentialAction":[{"@type":"CommentAction","name":"Comment","target":["https:\/\/aprh.pt\/pt\/publicacoes\/artigos\/as-albufeiras-protegidas-e-o-abastecimento-publico-uma-breve-reflexao-sobre-as-actividades-secundarias-e-a-qualidade-da-agua\/#respond"]}]},{"@type":"WebPage","@id":"https:\/\/aprh.pt\/pt\/publicacoes\/artigos\/as-albufeiras-protegidas-e-o-abastecimento-publico-uma-breve-reflexao-sobre-as-actividades-secundarias-e-a-qualidade-da-agua\/","url":"https:\/\/aprh.pt\/pt\/publicacoes\/artigos\/as-albufeiras-protegidas-e-o-abastecimento-publico-uma-breve-reflexao-sobre-as-actividades-secundarias-e-a-qualidade-da-agua\/","name":"As albufeiras protegidas e o abastecimento p\u00fablico. Uma breve reflex\u00e3o sobre as actividades secund\u00e1rias e a qualidade da \u00e1gua - APRH","isPartOf":{"@id":"https:\/\/aprh.pt\/pt\/#website"},"datePublished":"2022-06-09T12:32:17+00:00","dateModified":"2022-06-09T12:32:17+00:00","breadcrumb":{"@id":"https:\/\/aprh.pt\/pt\/publicacoes\/artigos\/as-albufeiras-protegidas-e-o-abastecimento-publico-uma-breve-reflexao-sobre-as-actividades-secundarias-e-a-qualidade-da-agua\/#breadcrumb"},"inLanguage":"pt-PT","potentialAction":[{"@type":"ReadAction","target":["https:\/\/aprh.pt\/pt\/publicacoes\/artigos\/as-albufeiras-protegidas-e-o-abastecimento-publico-uma-breve-reflexao-sobre-as-actividades-secundarias-e-a-qualidade-da-agua\/"]}]},{"@type":"BreadcrumbList","@id":"https:\/\/aprh.pt\/pt\/publicacoes\/artigos\/as-albufeiras-protegidas-e-o-abastecimento-publico-uma-breve-reflexao-sobre-as-actividades-secundarias-e-a-qualidade-da-agua\/#breadcrumb","itemListElement":[{"@type":"ListItem","position":1,"name":"Home","item":"https:\/\/aprh.pt\/pt\/"},{"@type":"ListItem","position":2,"name":"Publica\u00e7\u00f5es","item":"https:\/\/aprh.pt\/pt\/category\/publicacoes\/"},{"@type":"ListItem","position":3,"name":"Artigos","item":"https:\/\/aprh.pt\/pt\/category\/publicacoes\/artigos\/"},{"@type":"ListItem","position":4,"name":"As albufeiras protegidas e o abastecimento p\u00fablico. Uma breve reflex\u00e3o sobre as actividades secund\u00e1rias e a qualidade da \u00e1gua"}]},{"@type":"WebSite","@id":"https:\/\/aprh.pt\/pt\/#website","url":"https:\/\/aprh.pt\/pt\/","name":"APRH","description":"Associa\u00e7\u00e3o Portuguesa dos Recursos H\u00eddricos","publisher":{"@id":"https:\/\/aprh.pt\/pt\/#organization"},"potentialAction":[{"@type":"SearchAction","target":{"@type":"EntryPoint","urlTemplate":"https:\/\/aprh.pt\/pt\/?s={search_term_string}"},"query-input":{"@type":"PropertyValueSpecification","valueRequired":true,"valueName":"search_term_string"}}],"inLanguage":"pt-PT"},{"@type":"Organization","@id":"https:\/\/aprh.pt\/pt\/#organization","name":"APRH","url":"https:\/\/aprh.pt\/pt\/","logo":{"@type":"ImageObject","inLanguage":"pt-PT","@id":"https:\/\/aprh.pt\/pt\/#\/schema\/logo\/image\/","url":"https:\/\/aprh.pt\/wp-content\/uploads\/2022\/04\/logotipo.png","contentUrl":"https:\/\/aprh.pt\/wp-content\/uploads\/2022\/04\/logotipo.png","width":181,"height":80,"caption":"APRH"},"image":{"@id":"https:\/\/aprh.pt\/pt\/#\/schema\/logo\/image\/"}},{"@type":"Person","@id":"https:\/\/aprh.pt\/pt\/#\/schema\/person\/48b266141210923df72b6ffbb5cdcbaa","name":"admin","image":{"@type":"ImageObject","inLanguage":"pt-PT","@id":"https:\/\/aprh.pt\/pt\/#\/schema\/person\/image\/","url":"https:\/\/secure.gravatar.com\/avatar\/596e45d48db05fe4ed97c1aa961f66ff?s=96&d=mm&r=g","contentUrl":"https:\/\/secure.gravatar.com\/avatar\/596e45d48db05fe4ed97c1aa961f66ff?s=96&d=mm&r=g","caption":"admin"},"sameAs":["https:\/\/aprh.zalox.pt"],"url":"https:\/\/aprh.pt\/pt\/author\/zalox\/"}]}},"_links":{"self":[{"href":"https:\/\/aprh.pt\/pt\/wp-json\/wp\/v2\/posts\/36431","targetHints":{"allow":["GET"]}}],"collection":[{"href":"https:\/\/aprh.pt\/pt\/wp-json\/wp\/v2\/posts"}],"about":[{"href":"https:\/\/aprh.pt\/pt\/wp-json\/wp\/v2\/types\/post"}],"author":[{"embeddable":true,"href":"https:\/\/aprh.pt\/pt\/wp-json\/wp\/v2\/users\/1"}],"replies":[{"embeddable":true,"href":"https:\/\/aprh.pt\/pt\/wp-json\/wp\/v2\/comments?post=36431"}],"version-history":[{"count":0,"href":"https:\/\/aprh.pt\/pt\/wp-json\/wp\/v2\/posts\/36431\/revisions"}],"wp:attachment":[{"href":"https:\/\/aprh.pt\/pt\/wp-json\/wp\/v2\/media?parent=36431"}],"wp:term":[{"taxonomy":"category","embeddable":true,"href":"https:\/\/aprh.pt\/pt\/wp-json\/wp\/v2\/categories?post=36431"},{"taxonomy":"post_tag","embeddable":true,"href":"https:\/\/aprh.pt\/pt\/wp-json\/wp\/v2\/tags?post=36431"}],"curies":[{"name":"wp","href":"https:\/\/api.w.org\/{rel}","templated":true}]}}