{"id":36480,"date":"2022-06-09T12:32:34","date_gmt":"2022-06-09T12:32:34","guid":{"rendered":"https:\/\/aprh.zalox.pt\/sem-categoria\/o-contributo-da-participacao-publica-na-reabilitacao-de-linhas-de-agua\/"},"modified":"2022-06-09T12:32:34","modified_gmt":"2022-06-09T12:32:34","slug":"o-contributo-da-participacao-publica-na-reabilitacao-de-linhas-de-agua","status":"publish","type":"post","link":"https:\/\/aprh.pt\/pt\/publicacoes\/artigos\/o-contributo-da-participacao-publica-na-reabilitacao-de-linhas-de-agua\/","title":{"rendered":"O contributo da participa\u00e7\u00e3o p\u00fablica na reabilita\u00e7\u00e3o de linhas de \u00e1gua"},"content":{"rendered":"<h6>T\u00edtulo:<\/h6>\n<p>O contributo da participa\u00e7\u00e3o p\u00fablica na reabilita\u00e7\u00e3o de linhas de \u00e1gua<\/p>\n<h6>Resumo:<\/h6>\n<p>Os rios e as ribeiras em Portugal apresentam v\u00e1rios problemas resultantes da sua multiplicidade de fun\u00e7\u00f5es, quer ao n\u00edvel de usos comuns quer da aflu\u00eancia de explora\u00e7\u00e3o de recursos ao longo da sua bacia hidrogr\u00e1fica se proporcionam. Muitos destes problemas decorrem de uma falta de conhecimento e participa\u00e7\u00e3o p\u00fablica, n\u00e3o s\u00f3 da popula\u00e7\u00e3o em geral, mas tamb\u00e9m especificamente dos interventores e decisores. A reabilita\u00e7\u00e3o de rios e ribeiras tem como principal objectivo a reposi\u00e7\u00e3o sustentada e integrada da situa\u00e7\u00e3o de boa qualidade ambiental que j\u00e1 existiu nesse local, de acordo com os valores culturais vigentes, seguindo os princ\u00edpios e t\u00e9cnicas de reabilita\u00e7\u00e3o, com recurso a medidas n\u00e3o estruturais e estruturais quando necess\u00e1rio (Teiga, 2003). Para a concretiza\u00e7\u00e3o do processo de reabilita\u00e7\u00e3o de um tro\u00e7o ribeirinho \u00e9 necess\u00e1rio proceder a um conjunto de etapas sucessivas, tais como a: defini\u00e7\u00e3o de uma estrat\u00e9gia, a identifica\u00e7\u00e3o dos problemas; a defini\u00e7\u00e3o dos objectivos de reabilita\u00e7\u00e3o; a identifica\u00e7\u00e3o de solu\u00e7\u00f5es; a elabora\u00e7\u00e3o do projecto espec\u00edfico; a sua implementa\u00e7\u00e3o e gest\u00e3o; a monitoriza\u00e7\u00e3o; a concretiza\u00e7\u00e3o de programas de verifica\u00e7\u00e3o e avalia\u00e7\u00e3o e a implementa\u00e7\u00e3o de medidas mitigadoras e correctoras para uma melhoria cont\u00ednua. Todo este processo dever\u00e1 ser acompanhado por uma participa\u00e7\u00e3o p\u00fablica efectiva (FISRWG, 1998;Teiga, 2007). As t\u00e9cnicas seleccionadas em projectos de reabilita\u00e7\u00e3o de rios e ribeiras e a forma como s\u00e3o implementadas nem sempre t\u00eam contribu\u00eddo para o desenvolvimento sustentado desses espa\u00e7os ribeirinhos, nomeadamente no cumprimento dos requisitos exigidos por lei e no seguimento das directrizes previstas na Directiva Quadro da \u00c1gua (DQA) de bom estado ecol\u00f3gico. Esta investiga\u00e7\u00e3o enquadra-se na procura de uma de metodologia geral de reabilita\u00e7\u00e3o de rios e ribeiras em zonas edificadas. Este estudo tem como objectivos principais apresentar o contributo da participa\u00e7\u00e3o p\u00fablica em processos de reabilita\u00e7\u00e3o de rios e ribeiras e dar a conhecer os resultados de algumas actividades desenvolvidas com alunos de diferentes graus de ensino e com a popula\u00e7\u00e3o local. S\u00e3o ainda indicadas algumas medidas utilizadas para a concretiza\u00e7\u00e3o destas actividades. Apresentam-se resultados espec\u00edficos do envolvimento em processos de reabilita\u00e7\u00e3o de linhas de \u00e1gua dos munic\u00edpios de Macedo de Cavaleiros (Ribeira de Chacim), Gondomar e Porto (Rio Tinto) e Santa Maria da Feira (Rio Caster). Em todos os locais foram escolhidas institui\u00e7\u00f5es escolares para incentivar o envolvimento da popula\u00e7\u00e3o. Para auxiliar a caracteriza\u00e7\u00e3o e implementa\u00e7\u00e3o de ac\u00e7\u00f5es foi utilizada a metodologia base do Projecto Rios (Projecto Rios, 2006). Desta forma contribui-se para a forma\u00e7\u00e3o de novas mentalidades indutoras de comportamentos favor\u00e1veis ao desenvolvimento sustentado, quer da popula\u00e7\u00e3o em geral, quer dos decisores e t\u00e9cnicos para cooperar na reabilita\u00e7\u00e3o das linhas de \u00e1gua e para a implementa\u00e7\u00e3o da Directiva Quadro da \u00c1gua, fomentado assim fomentar a qualidade de vida das popula\u00e7\u00f5es.<\/p>\n<h6>Autores:<\/h6>\n<p> Pedro Teiga,  Rodrigo Maia,  F. Veloso Gomes<\/p>\n","protected":false},"excerpt":{"rendered":"<p>T\u00edtulo: O contributo da participa\u00e7\u00e3o p\u00fablica na reabilita\u00e7\u00e3o de linhas de \u00e1gua Resumo: Os rios e as ribeiras em Portugal apresentam v\u00e1rios problemas resultantes da sua multiplicidade de fun\u00e7\u00f5es, quer ao n\u00edvel de usos comuns quer da aflu\u00eancia de explora\u00e7\u00e3o de recursos ao longo da sua bacia hidrogr\u00e1fica se proporcionam. Muitos destes problemas decorrem de [&hellip;]<\/p>\n","protected":false},"author":1,"featured_media":0,"comment_status":"open","ping_status":"open","sticky":false,"template":"","format":"standard","meta":{"footnotes":""},"categories":[163],"tags":[],"class_list":["post-36480","post","type-post","status-publish","format-standard","hentry","category-artigos"],"yoast_head":"<!-- This site is optimized with the Yoast SEO plugin v23.8 - https:\/\/yoast.com\/wordpress\/plugins\/seo\/ -->\n<title>O contributo da participa\u00e7\u00e3o p\u00fablica na reabilita\u00e7\u00e3o de linhas de \u00e1gua - APRH<\/title>\n<meta name=\"robots\" content=\"index, follow, max-snippet:-1, max-image-preview:large, max-video-preview:-1\" \/>\n<link rel=\"canonical\" href=\"https:\/\/aprh.pt\/pt\/publicacoes\/artigos\/o-contributo-da-participacao-publica-na-reabilitacao-de-linhas-de-agua\/\" \/>\n<meta property=\"og:locale\" content=\"pt_PT\" \/>\n<meta property=\"og:type\" content=\"article\" \/>\n<meta property=\"og:title\" content=\"O contributo da participa\u00e7\u00e3o p\u00fablica na reabilita\u00e7\u00e3o de linhas de \u00e1gua - APRH\" \/>\n<meta property=\"og:description\" content=\"T\u00edtulo: O contributo da participa\u00e7\u00e3o p\u00fablica na reabilita\u00e7\u00e3o de linhas de \u00e1gua Resumo: Os rios e as ribeiras em Portugal apresentam v\u00e1rios problemas resultantes da sua multiplicidade de fun\u00e7\u00f5es, quer ao n\u00edvel de usos comuns quer da aflu\u00eancia de explora\u00e7\u00e3o de recursos ao longo da sua bacia hidrogr\u00e1fica se proporcionam. Muitos destes problemas decorrem de [&hellip;]\" \/>\n<meta property=\"og:url\" content=\"https:\/\/aprh.pt\/pt\/publicacoes\/artigos\/o-contributo-da-participacao-publica-na-reabilitacao-de-linhas-de-agua\/\" \/>\n<meta property=\"og:site_name\" content=\"APRH\" \/>\n<meta property=\"article:published_time\" content=\"2022-06-09T12:32:34+00:00\" \/>\n<meta name=\"author\" content=\"admin\" \/>\n<meta name=\"twitter:card\" content=\"summary_large_image\" \/>\n<meta name=\"twitter:label1\" content=\"Escrito por\" \/>\n\t<meta name=\"twitter:data1\" content=\"admin\" \/>\n\t<meta name=\"twitter:label2\" content=\"Tempo estimado de leitura\" \/>\n\t<meta name=\"twitter:data2\" content=\"3 minutos\" \/>\n<script type=\"application\/ld+json\" class=\"yoast-schema-graph\">{\"@context\":\"https:\/\/schema.org\",\"@graph\":[{\"@type\":\"Article\",\"@id\":\"https:\/\/aprh.pt\/pt\/publicacoes\/artigos\/o-contributo-da-participacao-publica-na-reabilitacao-de-linhas-de-agua\/#article\",\"isPartOf\":{\"@id\":\"https:\/\/aprh.pt\/pt\/publicacoes\/artigos\/o-contributo-da-participacao-publica-na-reabilitacao-de-linhas-de-agua\/\"},\"author\":{\"name\":\"admin\",\"@id\":\"https:\/\/aprh.pt\/pt\/#\/schema\/person\/48b266141210923df72b6ffbb5cdcbaa\"},\"headline\":\"O contributo da participa\u00e7\u00e3o p\u00fablica na reabilita\u00e7\u00e3o de linhas de \u00e1gua\",\"datePublished\":\"2022-06-09T12:32:34+00:00\",\"dateModified\":\"2022-06-09T12:32:34+00:00\",\"mainEntityOfPage\":{\"@id\":\"https:\/\/aprh.pt\/pt\/publicacoes\/artigos\/o-contributo-da-participacao-publica-na-reabilitacao-de-linhas-de-agua\/\"},\"wordCount\":551,\"commentCount\":0,\"publisher\":{\"@id\":\"https:\/\/aprh.pt\/pt\/#organization\"},\"articleSection\":[\"Artigos\"],\"inLanguage\":\"pt-PT\",\"potentialAction\":[{\"@type\":\"CommentAction\",\"name\":\"Comment\",\"target\":[\"https:\/\/aprh.pt\/pt\/publicacoes\/artigos\/o-contributo-da-participacao-publica-na-reabilitacao-de-linhas-de-agua\/#respond\"]}]},{\"@type\":\"WebPage\",\"@id\":\"https:\/\/aprh.pt\/pt\/publicacoes\/artigos\/o-contributo-da-participacao-publica-na-reabilitacao-de-linhas-de-agua\/\",\"url\":\"https:\/\/aprh.pt\/pt\/publicacoes\/artigos\/o-contributo-da-participacao-publica-na-reabilitacao-de-linhas-de-agua\/\",\"name\":\"O contributo da participa\u00e7\u00e3o p\u00fablica na reabilita\u00e7\u00e3o de linhas de \u00e1gua - APRH\",\"isPartOf\":{\"@id\":\"https:\/\/aprh.pt\/pt\/#website\"},\"datePublished\":\"2022-06-09T12:32:34+00:00\",\"dateModified\":\"2022-06-09T12:32:34+00:00\",\"breadcrumb\":{\"@id\":\"https:\/\/aprh.pt\/pt\/publicacoes\/artigos\/o-contributo-da-participacao-publica-na-reabilitacao-de-linhas-de-agua\/#breadcrumb\"},\"inLanguage\":\"pt-PT\",\"potentialAction\":[{\"@type\":\"ReadAction\",\"target\":[\"https:\/\/aprh.pt\/pt\/publicacoes\/artigos\/o-contributo-da-participacao-publica-na-reabilitacao-de-linhas-de-agua\/\"]}]},{\"@type\":\"BreadcrumbList\",\"@id\":\"https:\/\/aprh.pt\/pt\/publicacoes\/artigos\/o-contributo-da-participacao-publica-na-reabilitacao-de-linhas-de-agua\/#breadcrumb\",\"itemListElement\":[{\"@type\":\"ListItem\",\"position\":1,\"name\":\"Home\",\"item\":\"https:\/\/aprh.pt\/pt\/\"},{\"@type\":\"ListItem\",\"position\":2,\"name\":\"Publica\u00e7\u00f5es\",\"item\":\"https:\/\/aprh.pt\/pt\/category\/publicacoes\/\"},{\"@type\":\"ListItem\",\"position\":3,\"name\":\"Artigos\",\"item\":\"https:\/\/aprh.pt\/pt\/category\/publicacoes\/artigos\/\"},{\"@type\":\"ListItem\",\"position\":4,\"name\":\"O contributo da participa\u00e7\u00e3o p\u00fablica na reabilita\u00e7\u00e3o de linhas de \u00e1gua\"}]},{\"@type\":\"WebSite\",\"@id\":\"https:\/\/aprh.pt\/pt\/#website\",\"url\":\"https:\/\/aprh.pt\/pt\/\",\"name\":\"APRH\",\"description\":\"Associa\u00e7\u00e3o Portuguesa dos Recursos H\u00eddricos\",\"publisher\":{\"@id\":\"https:\/\/aprh.pt\/pt\/#organization\"},\"potentialAction\":[{\"@type\":\"SearchAction\",\"target\":{\"@type\":\"EntryPoint\",\"urlTemplate\":\"https:\/\/aprh.pt\/pt\/?s={search_term_string}\"},\"query-input\":{\"@type\":\"PropertyValueSpecification\",\"valueRequired\":true,\"valueName\":\"search_term_string\"}}],\"inLanguage\":\"pt-PT\"},{\"@type\":\"Organization\",\"@id\":\"https:\/\/aprh.pt\/pt\/#organization\",\"name\":\"APRH\",\"url\":\"https:\/\/aprh.pt\/pt\/\",\"logo\":{\"@type\":\"ImageObject\",\"inLanguage\":\"pt-PT\",\"@id\":\"https:\/\/aprh.pt\/pt\/#\/schema\/logo\/image\/\",\"url\":\"https:\/\/aprh.pt\/wp-content\/uploads\/2022\/04\/logotipo.png\",\"contentUrl\":\"https:\/\/aprh.pt\/wp-content\/uploads\/2022\/04\/logotipo.png\",\"width\":181,\"height\":80,\"caption\":\"APRH\"},\"image\":{\"@id\":\"https:\/\/aprh.pt\/pt\/#\/schema\/logo\/image\/\"}},{\"@type\":\"Person\",\"@id\":\"https:\/\/aprh.pt\/pt\/#\/schema\/person\/48b266141210923df72b6ffbb5cdcbaa\",\"name\":\"admin\",\"image\":{\"@type\":\"ImageObject\",\"inLanguage\":\"pt-PT\",\"@id\":\"https:\/\/aprh.pt\/pt\/#\/schema\/person\/image\/\",\"url\":\"https:\/\/secure.gravatar.com\/avatar\/596e45d48db05fe4ed97c1aa961f66ff?s=96&d=mm&r=g\",\"contentUrl\":\"https:\/\/secure.gravatar.com\/avatar\/596e45d48db05fe4ed97c1aa961f66ff?s=96&d=mm&r=g\",\"caption\":\"admin\"},\"sameAs\":[\"https:\/\/aprh.zalox.pt\"],\"url\":\"https:\/\/aprh.pt\/pt\/author\/zalox\/\"}]}<\/script>\n<!-- \/ Yoast SEO plugin. -->","yoast_head_json":{"title":"O contributo da participa\u00e7\u00e3o p\u00fablica na reabilita\u00e7\u00e3o de linhas de \u00e1gua - APRH","robots":{"index":"index","follow":"follow","max-snippet":"max-snippet:-1","max-image-preview":"max-image-preview:large","max-video-preview":"max-video-preview:-1"},"canonical":"https:\/\/aprh.pt\/pt\/publicacoes\/artigos\/o-contributo-da-participacao-publica-na-reabilitacao-de-linhas-de-agua\/","og_locale":"pt_PT","og_type":"article","og_title":"O contributo da participa\u00e7\u00e3o p\u00fablica na reabilita\u00e7\u00e3o de linhas de \u00e1gua - APRH","og_description":"T\u00edtulo: O contributo da participa\u00e7\u00e3o p\u00fablica na reabilita\u00e7\u00e3o de linhas de \u00e1gua Resumo: Os rios e as ribeiras em Portugal apresentam v\u00e1rios problemas resultantes da sua multiplicidade de fun\u00e7\u00f5es, quer ao n\u00edvel de usos comuns quer da aflu\u00eancia de explora\u00e7\u00e3o de recursos ao longo da sua bacia hidrogr\u00e1fica se proporcionam. Muitos destes problemas decorrem de [&hellip;]","og_url":"https:\/\/aprh.pt\/pt\/publicacoes\/artigos\/o-contributo-da-participacao-publica-na-reabilitacao-de-linhas-de-agua\/","og_site_name":"APRH","article_published_time":"2022-06-09T12:32:34+00:00","author":"admin","twitter_card":"summary_large_image","twitter_misc":{"Escrito por":"admin","Tempo estimado de leitura":"3 minutos"},"schema":{"@context":"https:\/\/schema.org","@graph":[{"@type":"Article","@id":"https:\/\/aprh.pt\/pt\/publicacoes\/artigos\/o-contributo-da-participacao-publica-na-reabilitacao-de-linhas-de-agua\/#article","isPartOf":{"@id":"https:\/\/aprh.pt\/pt\/publicacoes\/artigos\/o-contributo-da-participacao-publica-na-reabilitacao-de-linhas-de-agua\/"},"author":{"name":"admin","@id":"https:\/\/aprh.pt\/pt\/#\/schema\/person\/48b266141210923df72b6ffbb5cdcbaa"},"headline":"O contributo da participa\u00e7\u00e3o p\u00fablica na reabilita\u00e7\u00e3o de linhas de \u00e1gua","datePublished":"2022-06-09T12:32:34+00:00","dateModified":"2022-06-09T12:32:34+00:00","mainEntityOfPage":{"@id":"https:\/\/aprh.pt\/pt\/publicacoes\/artigos\/o-contributo-da-participacao-publica-na-reabilitacao-de-linhas-de-agua\/"},"wordCount":551,"commentCount":0,"publisher":{"@id":"https:\/\/aprh.pt\/pt\/#organization"},"articleSection":["Artigos"],"inLanguage":"pt-PT","potentialAction":[{"@type":"CommentAction","name":"Comment","target":["https:\/\/aprh.pt\/pt\/publicacoes\/artigos\/o-contributo-da-participacao-publica-na-reabilitacao-de-linhas-de-agua\/#respond"]}]},{"@type":"WebPage","@id":"https:\/\/aprh.pt\/pt\/publicacoes\/artigos\/o-contributo-da-participacao-publica-na-reabilitacao-de-linhas-de-agua\/","url":"https:\/\/aprh.pt\/pt\/publicacoes\/artigos\/o-contributo-da-participacao-publica-na-reabilitacao-de-linhas-de-agua\/","name":"O contributo da participa\u00e7\u00e3o p\u00fablica na reabilita\u00e7\u00e3o de linhas de \u00e1gua - APRH","isPartOf":{"@id":"https:\/\/aprh.pt\/pt\/#website"},"datePublished":"2022-06-09T12:32:34+00:00","dateModified":"2022-06-09T12:32:34+00:00","breadcrumb":{"@id":"https:\/\/aprh.pt\/pt\/publicacoes\/artigos\/o-contributo-da-participacao-publica-na-reabilitacao-de-linhas-de-agua\/#breadcrumb"},"inLanguage":"pt-PT","potentialAction":[{"@type":"ReadAction","target":["https:\/\/aprh.pt\/pt\/publicacoes\/artigos\/o-contributo-da-participacao-publica-na-reabilitacao-de-linhas-de-agua\/"]}]},{"@type":"BreadcrumbList","@id":"https:\/\/aprh.pt\/pt\/publicacoes\/artigos\/o-contributo-da-participacao-publica-na-reabilitacao-de-linhas-de-agua\/#breadcrumb","itemListElement":[{"@type":"ListItem","position":1,"name":"Home","item":"https:\/\/aprh.pt\/pt\/"},{"@type":"ListItem","position":2,"name":"Publica\u00e7\u00f5es","item":"https:\/\/aprh.pt\/pt\/category\/publicacoes\/"},{"@type":"ListItem","position":3,"name":"Artigos","item":"https:\/\/aprh.pt\/pt\/category\/publicacoes\/artigos\/"},{"@type":"ListItem","position":4,"name":"O contributo da participa\u00e7\u00e3o p\u00fablica na reabilita\u00e7\u00e3o de linhas de \u00e1gua"}]},{"@type":"WebSite","@id":"https:\/\/aprh.pt\/pt\/#website","url":"https:\/\/aprh.pt\/pt\/","name":"APRH","description":"Associa\u00e7\u00e3o Portuguesa dos Recursos H\u00eddricos","publisher":{"@id":"https:\/\/aprh.pt\/pt\/#organization"},"potentialAction":[{"@type":"SearchAction","target":{"@type":"EntryPoint","urlTemplate":"https:\/\/aprh.pt\/pt\/?s={search_term_string}"},"query-input":{"@type":"PropertyValueSpecification","valueRequired":true,"valueName":"search_term_string"}}],"inLanguage":"pt-PT"},{"@type":"Organization","@id":"https:\/\/aprh.pt\/pt\/#organization","name":"APRH","url":"https:\/\/aprh.pt\/pt\/","logo":{"@type":"ImageObject","inLanguage":"pt-PT","@id":"https:\/\/aprh.pt\/pt\/#\/schema\/logo\/image\/","url":"https:\/\/aprh.pt\/wp-content\/uploads\/2022\/04\/logotipo.png","contentUrl":"https:\/\/aprh.pt\/wp-content\/uploads\/2022\/04\/logotipo.png","width":181,"height":80,"caption":"APRH"},"image":{"@id":"https:\/\/aprh.pt\/pt\/#\/schema\/logo\/image\/"}},{"@type":"Person","@id":"https:\/\/aprh.pt\/pt\/#\/schema\/person\/48b266141210923df72b6ffbb5cdcbaa","name":"admin","image":{"@type":"ImageObject","inLanguage":"pt-PT","@id":"https:\/\/aprh.pt\/pt\/#\/schema\/person\/image\/","url":"https:\/\/secure.gravatar.com\/avatar\/596e45d48db05fe4ed97c1aa961f66ff?s=96&d=mm&r=g","contentUrl":"https:\/\/secure.gravatar.com\/avatar\/596e45d48db05fe4ed97c1aa961f66ff?s=96&d=mm&r=g","caption":"admin"},"sameAs":["https:\/\/aprh.zalox.pt"],"url":"https:\/\/aprh.pt\/pt\/author\/zalox\/"}]}},"_links":{"self":[{"href":"https:\/\/aprh.pt\/pt\/wp-json\/wp\/v2\/posts\/36480","targetHints":{"allow":["GET"]}}],"collection":[{"href":"https:\/\/aprh.pt\/pt\/wp-json\/wp\/v2\/posts"}],"about":[{"href":"https:\/\/aprh.pt\/pt\/wp-json\/wp\/v2\/types\/post"}],"author":[{"embeddable":true,"href":"https:\/\/aprh.pt\/pt\/wp-json\/wp\/v2\/users\/1"}],"replies":[{"embeddable":true,"href":"https:\/\/aprh.pt\/pt\/wp-json\/wp\/v2\/comments?post=36480"}],"version-history":[{"count":0,"href":"https:\/\/aprh.pt\/pt\/wp-json\/wp\/v2\/posts\/36480\/revisions"}],"wp:attachment":[{"href":"https:\/\/aprh.pt\/pt\/wp-json\/wp\/v2\/media?parent=36480"}],"wp:term":[{"taxonomy":"category","embeddable":true,"href":"https:\/\/aprh.pt\/pt\/wp-json\/wp\/v2\/categories?post=36480"},{"taxonomy":"post_tag","embeddable":true,"href":"https:\/\/aprh.pt\/pt\/wp-json\/wp\/v2\/tags?post=36480"}],"curies":[{"name":"wp","href":"https:\/\/api.w.org\/{rel}","templated":true}]}}