{"id":36481,"date":"2022-06-09T12:32:34","date_gmt":"2022-06-09T12:32:34","guid":{"rendered":"https:\/\/aprh.zalox.pt\/sem-categoria\/identificacao-de-solucoes-para-a-captacao-de-agua-potavel-no-estuario-do-guadiana\/"},"modified":"2022-06-09T12:32:34","modified_gmt":"2022-06-09T12:32:34","slug":"identificacao-de-solucoes-para-a-captacao-de-agua-potavel-no-estuario-do-guadiana","status":"publish","type":"post","link":"https:\/\/aprh.pt\/pt\/publicacoes\/artigos\/identificacao-de-solucoes-para-a-captacao-de-agua-potavel-no-estuario-do-guadiana\/","title":{"rendered":"Identifica\u00e7\u00e3o de solu\u00e7\u00f5es para a capta\u00e7\u00e3o de \u00e1gua pot\u00e1vel no estu\u00e1rio do Guadiana"},"content":{"rendered":"<h6>T\u00edtulo:<\/h6>\n<p>Identifica\u00e7\u00e3o de solu\u00e7\u00f5es para a capta\u00e7\u00e3o de \u00e1gua pot\u00e1vel no estu\u00e1rio do Guadiana<\/p>\n<h6>Resumo:<\/h6>\n<p>Por encomenda da \u201c\u00c1GUAS DO ALGARVE\u201d procedeu-se na HIDROPROJECTO \u00e0 identifica\u00e7\u00e3o de solu\u00e7\u00f5es para a capta\u00e7\u00e3o de \u00e1gua pot\u00e1vel no estu\u00e1rio do Guadiana e respectivo transvase para a albufeira de Odeleite. Para o efeito foi fixado um volume anual a captar. A ideia de captar \u00e1gua pot\u00e1vel no estu\u00e1rio do Guadiana e transferi-la para a albufeira de Odeleite decorre da necessidade de prevenir, numa base anual, o armazenamento de \u00e1gua para abastecimento ao sotavento do Algarve visando acorrer aos anos de seca extrema ou prolongada que sobrev\u00eam periodicamente. As solu\u00e7\u00f5es retidas tiveram que garantir a qualidade da \u00e1gua de abastecimento e serem tecnicamente vi\u00e1veis e economicamente sustentadas. Na pesquisa de solu\u00e7\u00f5es foram analisados os requisitos terrestres a que tem de obedecer uma adu\u00e7\u00e3o do estu\u00e1rio para a albufeira de Odeleite, em conex\u00e3o com as restri\u00e7\u00f5es associadas \u00e0 presen\u00e7a e perman\u00eancia de sal na \u00e1gua do estu\u00e1rio nos pontos considerados. O Estudo iniciou-se pela caracteriza\u00e7\u00e3o do regime da salinidade no estu\u00e1rio, visto que a viabilidade de captar \u00e1gua pot\u00e1vel num tro\u00e7o depende em primeiro grau da frequ\u00eancia e dura\u00e7\u00e3o dos per\u00edodos sem de sal que nele ocorrerem ao longo do ano. Essa caracteriza\u00e7\u00e3o foi efectuada recorrendo \u00e0 simula\u00e7\u00e3o da hidrodin\u00e2mica estuarina em modelo matem\u00e1tico, apoiada numa campanha de recolha de dados de campo para calibra\u00e7\u00e3o e verifica\u00e7\u00e3o do modelo. Com base nos resultados obtidos e na an\u00e1lise da orografia e da rede vi\u00e1ria da regi\u00e3o foi seleccionado um conjunto de locais ao longo do estu\u00e1rio suscept\u00edveis de dar resposta ao problema posto. Seguidamente, procedeu-se ao apuramento dos custos do transvase para cada um dos locais seleccionados. O custo de cada solu\u00e7\u00e3o depende quer da dist\u00e2ncia e desn\u00edvel da respectiva capta\u00e7\u00e3o em rela\u00e7\u00e3o \u00e0 barragem de Odeleite e da natureza do percurso, quer da intensidade exigida \u00e0 bombagem. Esta \u00e9, por sua vez, fun\u00e7\u00e3o dos per\u00edodos de disponibilidade de \u00e1gua pot\u00e1vel no local considerado. No apuramento dos custos foram aplicados os princ\u00edpios da hidr\u00e1ulica.<\/p>\n<h6>Autores:<\/h6>\n<p> M\u00e1rio Sim\u00f5es Teles,  Sofia Costa Freire<\/p>\n","protected":false},"excerpt":{"rendered":"<p>T\u00edtulo: Identifica\u00e7\u00e3o de solu\u00e7\u00f5es para a capta\u00e7\u00e3o de \u00e1gua pot\u00e1vel no estu\u00e1rio do Guadiana Resumo: Por encomenda da \u201c\u00c1GUAS DO ALGARVE\u201d procedeu-se na HIDROPROJECTO \u00e0 identifica\u00e7\u00e3o de solu\u00e7\u00f5es para a capta\u00e7\u00e3o de \u00e1gua pot\u00e1vel no estu\u00e1rio do Guadiana e respectivo transvase para a albufeira de Odeleite. Para o efeito foi fixado um volume anual a [&hellip;]<\/p>\n","protected":false},"author":1,"featured_media":0,"comment_status":"open","ping_status":"open","sticky":false,"template":"","format":"standard","meta":{"footnotes":""},"categories":[163],"tags":[],"class_list":["post-36481","post","type-post","status-publish","format-standard","hentry","category-artigos"],"yoast_head":"<!-- This site is optimized with the Yoast SEO plugin v23.8 - https:\/\/yoast.com\/wordpress\/plugins\/seo\/ -->\n<title>Identifica\u00e7\u00e3o de solu\u00e7\u00f5es para a capta\u00e7\u00e3o de \u00e1gua pot\u00e1vel no estu\u00e1rio do Guadiana - APRH<\/title>\n<meta name=\"robots\" content=\"index, follow, max-snippet:-1, max-image-preview:large, max-video-preview:-1\" \/>\n<link rel=\"canonical\" href=\"https:\/\/aprh.pt\/pt\/publicacoes\/artigos\/identificacao-de-solucoes-para-a-captacao-de-agua-potavel-no-estuario-do-guadiana\/\" \/>\n<meta property=\"og:locale\" content=\"pt_PT\" \/>\n<meta property=\"og:type\" content=\"article\" \/>\n<meta property=\"og:title\" content=\"Identifica\u00e7\u00e3o de solu\u00e7\u00f5es para a capta\u00e7\u00e3o de \u00e1gua pot\u00e1vel no estu\u00e1rio do Guadiana - APRH\" \/>\n<meta property=\"og:description\" content=\"T\u00edtulo: Identifica\u00e7\u00e3o de solu\u00e7\u00f5es para a capta\u00e7\u00e3o de \u00e1gua pot\u00e1vel no estu\u00e1rio do Guadiana Resumo: Por encomenda da \u201c\u00c1GUAS DO ALGARVE\u201d procedeu-se na HIDROPROJECTO \u00e0 identifica\u00e7\u00e3o de solu\u00e7\u00f5es para a capta\u00e7\u00e3o de \u00e1gua pot\u00e1vel no estu\u00e1rio do Guadiana e respectivo transvase para a albufeira de Odeleite. Para o efeito foi fixado um volume anual a [&hellip;]\" \/>\n<meta property=\"og:url\" content=\"https:\/\/aprh.pt\/pt\/publicacoes\/artigos\/identificacao-de-solucoes-para-a-captacao-de-agua-potavel-no-estuario-do-guadiana\/\" \/>\n<meta property=\"og:site_name\" content=\"APRH\" \/>\n<meta property=\"article:published_time\" content=\"2022-06-09T12:32:34+00:00\" \/>\n<meta name=\"author\" content=\"admin\" \/>\n<meta name=\"twitter:card\" content=\"summary_large_image\" \/>\n<meta name=\"twitter:label1\" content=\"Escrito por\" \/>\n\t<meta name=\"twitter:data1\" content=\"admin\" \/>\n\t<meta name=\"twitter:label2\" content=\"Tempo estimado de leitura\" \/>\n\t<meta name=\"twitter:data2\" content=\"2 minutos\" \/>\n<script type=\"application\/ld+json\" class=\"yoast-schema-graph\">{\"@context\":\"https:\/\/schema.org\",\"@graph\":[{\"@type\":\"Article\",\"@id\":\"https:\/\/aprh.pt\/pt\/publicacoes\/artigos\/identificacao-de-solucoes-para-a-captacao-de-agua-potavel-no-estuario-do-guadiana\/#article\",\"isPartOf\":{\"@id\":\"https:\/\/aprh.pt\/pt\/publicacoes\/artigos\/identificacao-de-solucoes-para-a-captacao-de-agua-potavel-no-estuario-do-guadiana\/\"},\"author\":{\"name\":\"admin\",\"@id\":\"https:\/\/aprh.pt\/pt\/#\/schema\/person\/48b266141210923df72b6ffbb5cdcbaa\"},\"headline\":\"Identifica\u00e7\u00e3o de solu\u00e7\u00f5es para a capta\u00e7\u00e3o de \u00e1gua pot\u00e1vel no estu\u00e1rio do Guadiana\",\"datePublished\":\"2022-06-09T12:32:34+00:00\",\"dateModified\":\"2022-06-09T12:32:34+00:00\",\"mainEntityOfPage\":{\"@id\":\"https:\/\/aprh.pt\/pt\/publicacoes\/artigos\/identificacao-de-solucoes-para-a-captacao-de-agua-potavel-no-estuario-do-guadiana\/\"},\"wordCount\":410,\"commentCount\":0,\"publisher\":{\"@id\":\"https:\/\/aprh.pt\/pt\/#organization\"},\"articleSection\":[\"Artigos\"],\"inLanguage\":\"pt-PT\",\"potentialAction\":[{\"@type\":\"CommentAction\",\"name\":\"Comment\",\"target\":[\"https:\/\/aprh.pt\/pt\/publicacoes\/artigos\/identificacao-de-solucoes-para-a-captacao-de-agua-potavel-no-estuario-do-guadiana\/#respond\"]}]},{\"@type\":\"WebPage\",\"@id\":\"https:\/\/aprh.pt\/pt\/publicacoes\/artigos\/identificacao-de-solucoes-para-a-captacao-de-agua-potavel-no-estuario-do-guadiana\/\",\"url\":\"https:\/\/aprh.pt\/pt\/publicacoes\/artigos\/identificacao-de-solucoes-para-a-captacao-de-agua-potavel-no-estuario-do-guadiana\/\",\"name\":\"Identifica\u00e7\u00e3o de solu\u00e7\u00f5es para a capta\u00e7\u00e3o de \u00e1gua pot\u00e1vel no estu\u00e1rio do Guadiana - APRH\",\"isPartOf\":{\"@id\":\"https:\/\/aprh.pt\/pt\/#website\"},\"datePublished\":\"2022-06-09T12:32:34+00:00\",\"dateModified\":\"2022-06-09T12:32:34+00:00\",\"breadcrumb\":{\"@id\":\"https:\/\/aprh.pt\/pt\/publicacoes\/artigos\/identificacao-de-solucoes-para-a-captacao-de-agua-potavel-no-estuario-do-guadiana\/#breadcrumb\"},\"inLanguage\":\"pt-PT\",\"potentialAction\":[{\"@type\":\"ReadAction\",\"target\":[\"https:\/\/aprh.pt\/pt\/publicacoes\/artigos\/identificacao-de-solucoes-para-a-captacao-de-agua-potavel-no-estuario-do-guadiana\/\"]}]},{\"@type\":\"BreadcrumbList\",\"@id\":\"https:\/\/aprh.pt\/pt\/publicacoes\/artigos\/identificacao-de-solucoes-para-a-captacao-de-agua-potavel-no-estuario-do-guadiana\/#breadcrumb\",\"itemListElement\":[{\"@type\":\"ListItem\",\"position\":1,\"name\":\"Home\",\"item\":\"https:\/\/aprh.pt\/pt\/\"},{\"@type\":\"ListItem\",\"position\":2,\"name\":\"Publica\u00e7\u00f5es\",\"item\":\"https:\/\/aprh.pt\/pt\/category\/publicacoes\/\"},{\"@type\":\"ListItem\",\"position\":3,\"name\":\"Artigos\",\"item\":\"https:\/\/aprh.pt\/pt\/category\/publicacoes\/artigos\/\"},{\"@type\":\"ListItem\",\"position\":4,\"name\":\"Identifica\u00e7\u00e3o de solu\u00e7\u00f5es para a capta\u00e7\u00e3o de \u00e1gua pot\u00e1vel no estu\u00e1rio do Guadiana\"}]},{\"@type\":\"WebSite\",\"@id\":\"https:\/\/aprh.pt\/pt\/#website\",\"url\":\"https:\/\/aprh.pt\/pt\/\",\"name\":\"APRH\",\"description\":\"Associa\u00e7\u00e3o Portuguesa dos Recursos H\u00eddricos\",\"publisher\":{\"@id\":\"https:\/\/aprh.pt\/pt\/#organization\"},\"potentialAction\":[{\"@type\":\"SearchAction\",\"target\":{\"@type\":\"EntryPoint\",\"urlTemplate\":\"https:\/\/aprh.pt\/pt\/?s={search_term_string}\"},\"query-input\":{\"@type\":\"PropertyValueSpecification\",\"valueRequired\":true,\"valueName\":\"search_term_string\"}}],\"inLanguage\":\"pt-PT\"},{\"@type\":\"Organization\",\"@id\":\"https:\/\/aprh.pt\/pt\/#organization\",\"name\":\"APRH\",\"url\":\"https:\/\/aprh.pt\/pt\/\",\"logo\":{\"@type\":\"ImageObject\",\"inLanguage\":\"pt-PT\",\"@id\":\"https:\/\/aprh.pt\/pt\/#\/schema\/logo\/image\/\",\"url\":\"https:\/\/aprh.pt\/wp-content\/uploads\/2022\/04\/logotipo.png\",\"contentUrl\":\"https:\/\/aprh.pt\/wp-content\/uploads\/2022\/04\/logotipo.png\",\"width\":181,\"height\":80,\"caption\":\"APRH\"},\"image\":{\"@id\":\"https:\/\/aprh.pt\/pt\/#\/schema\/logo\/image\/\"}},{\"@type\":\"Person\",\"@id\":\"https:\/\/aprh.pt\/pt\/#\/schema\/person\/48b266141210923df72b6ffbb5cdcbaa\",\"name\":\"admin\",\"image\":{\"@type\":\"ImageObject\",\"inLanguage\":\"pt-PT\",\"@id\":\"https:\/\/aprh.pt\/pt\/#\/schema\/person\/image\/\",\"url\":\"https:\/\/secure.gravatar.com\/avatar\/596e45d48db05fe4ed97c1aa961f66ff?s=96&d=mm&r=g\",\"contentUrl\":\"https:\/\/secure.gravatar.com\/avatar\/596e45d48db05fe4ed97c1aa961f66ff?s=96&d=mm&r=g\",\"caption\":\"admin\"},\"sameAs\":[\"https:\/\/aprh.zalox.pt\"],\"url\":\"https:\/\/aprh.pt\/pt\/author\/zalox\/\"}]}<\/script>\n<!-- \/ Yoast SEO plugin. -->","yoast_head_json":{"title":"Identifica\u00e7\u00e3o de solu\u00e7\u00f5es para a capta\u00e7\u00e3o de \u00e1gua pot\u00e1vel no estu\u00e1rio do Guadiana - APRH","robots":{"index":"index","follow":"follow","max-snippet":"max-snippet:-1","max-image-preview":"max-image-preview:large","max-video-preview":"max-video-preview:-1"},"canonical":"https:\/\/aprh.pt\/pt\/publicacoes\/artigos\/identificacao-de-solucoes-para-a-captacao-de-agua-potavel-no-estuario-do-guadiana\/","og_locale":"pt_PT","og_type":"article","og_title":"Identifica\u00e7\u00e3o de solu\u00e7\u00f5es para a capta\u00e7\u00e3o de \u00e1gua pot\u00e1vel no estu\u00e1rio do Guadiana - APRH","og_description":"T\u00edtulo: Identifica\u00e7\u00e3o de solu\u00e7\u00f5es para a capta\u00e7\u00e3o de \u00e1gua pot\u00e1vel no estu\u00e1rio do Guadiana Resumo: Por encomenda da \u201c\u00c1GUAS DO ALGARVE\u201d procedeu-se na HIDROPROJECTO \u00e0 identifica\u00e7\u00e3o de solu\u00e7\u00f5es para a capta\u00e7\u00e3o de \u00e1gua pot\u00e1vel no estu\u00e1rio do Guadiana e respectivo transvase para a albufeira de Odeleite. Para o efeito foi fixado um volume anual a [&hellip;]","og_url":"https:\/\/aprh.pt\/pt\/publicacoes\/artigos\/identificacao-de-solucoes-para-a-captacao-de-agua-potavel-no-estuario-do-guadiana\/","og_site_name":"APRH","article_published_time":"2022-06-09T12:32:34+00:00","author":"admin","twitter_card":"summary_large_image","twitter_misc":{"Escrito por":"admin","Tempo estimado de leitura":"2 minutos"},"schema":{"@context":"https:\/\/schema.org","@graph":[{"@type":"Article","@id":"https:\/\/aprh.pt\/pt\/publicacoes\/artigos\/identificacao-de-solucoes-para-a-captacao-de-agua-potavel-no-estuario-do-guadiana\/#article","isPartOf":{"@id":"https:\/\/aprh.pt\/pt\/publicacoes\/artigos\/identificacao-de-solucoes-para-a-captacao-de-agua-potavel-no-estuario-do-guadiana\/"},"author":{"name":"admin","@id":"https:\/\/aprh.pt\/pt\/#\/schema\/person\/48b266141210923df72b6ffbb5cdcbaa"},"headline":"Identifica\u00e7\u00e3o de solu\u00e7\u00f5es para a capta\u00e7\u00e3o de \u00e1gua pot\u00e1vel no estu\u00e1rio do Guadiana","datePublished":"2022-06-09T12:32:34+00:00","dateModified":"2022-06-09T12:32:34+00:00","mainEntityOfPage":{"@id":"https:\/\/aprh.pt\/pt\/publicacoes\/artigos\/identificacao-de-solucoes-para-a-captacao-de-agua-potavel-no-estuario-do-guadiana\/"},"wordCount":410,"commentCount":0,"publisher":{"@id":"https:\/\/aprh.pt\/pt\/#organization"},"articleSection":["Artigos"],"inLanguage":"pt-PT","potentialAction":[{"@type":"CommentAction","name":"Comment","target":["https:\/\/aprh.pt\/pt\/publicacoes\/artigos\/identificacao-de-solucoes-para-a-captacao-de-agua-potavel-no-estuario-do-guadiana\/#respond"]}]},{"@type":"WebPage","@id":"https:\/\/aprh.pt\/pt\/publicacoes\/artigos\/identificacao-de-solucoes-para-a-captacao-de-agua-potavel-no-estuario-do-guadiana\/","url":"https:\/\/aprh.pt\/pt\/publicacoes\/artigos\/identificacao-de-solucoes-para-a-captacao-de-agua-potavel-no-estuario-do-guadiana\/","name":"Identifica\u00e7\u00e3o de solu\u00e7\u00f5es para a capta\u00e7\u00e3o de \u00e1gua pot\u00e1vel no estu\u00e1rio do Guadiana - APRH","isPartOf":{"@id":"https:\/\/aprh.pt\/pt\/#website"},"datePublished":"2022-06-09T12:32:34+00:00","dateModified":"2022-06-09T12:32:34+00:00","breadcrumb":{"@id":"https:\/\/aprh.pt\/pt\/publicacoes\/artigos\/identificacao-de-solucoes-para-a-captacao-de-agua-potavel-no-estuario-do-guadiana\/#breadcrumb"},"inLanguage":"pt-PT","potentialAction":[{"@type":"ReadAction","target":["https:\/\/aprh.pt\/pt\/publicacoes\/artigos\/identificacao-de-solucoes-para-a-captacao-de-agua-potavel-no-estuario-do-guadiana\/"]}]},{"@type":"BreadcrumbList","@id":"https:\/\/aprh.pt\/pt\/publicacoes\/artigos\/identificacao-de-solucoes-para-a-captacao-de-agua-potavel-no-estuario-do-guadiana\/#breadcrumb","itemListElement":[{"@type":"ListItem","position":1,"name":"Home","item":"https:\/\/aprh.pt\/pt\/"},{"@type":"ListItem","position":2,"name":"Publica\u00e7\u00f5es","item":"https:\/\/aprh.pt\/pt\/category\/publicacoes\/"},{"@type":"ListItem","position":3,"name":"Artigos","item":"https:\/\/aprh.pt\/pt\/category\/publicacoes\/artigos\/"},{"@type":"ListItem","position":4,"name":"Identifica\u00e7\u00e3o de solu\u00e7\u00f5es para a capta\u00e7\u00e3o de \u00e1gua pot\u00e1vel no estu\u00e1rio do Guadiana"}]},{"@type":"WebSite","@id":"https:\/\/aprh.pt\/pt\/#website","url":"https:\/\/aprh.pt\/pt\/","name":"APRH","description":"Associa\u00e7\u00e3o Portuguesa dos Recursos H\u00eddricos","publisher":{"@id":"https:\/\/aprh.pt\/pt\/#organization"},"potentialAction":[{"@type":"SearchAction","target":{"@type":"EntryPoint","urlTemplate":"https:\/\/aprh.pt\/pt\/?s={search_term_string}"},"query-input":{"@type":"PropertyValueSpecification","valueRequired":true,"valueName":"search_term_string"}}],"inLanguage":"pt-PT"},{"@type":"Organization","@id":"https:\/\/aprh.pt\/pt\/#organization","name":"APRH","url":"https:\/\/aprh.pt\/pt\/","logo":{"@type":"ImageObject","inLanguage":"pt-PT","@id":"https:\/\/aprh.pt\/pt\/#\/schema\/logo\/image\/","url":"https:\/\/aprh.pt\/wp-content\/uploads\/2022\/04\/logotipo.png","contentUrl":"https:\/\/aprh.pt\/wp-content\/uploads\/2022\/04\/logotipo.png","width":181,"height":80,"caption":"APRH"},"image":{"@id":"https:\/\/aprh.pt\/pt\/#\/schema\/logo\/image\/"}},{"@type":"Person","@id":"https:\/\/aprh.pt\/pt\/#\/schema\/person\/48b266141210923df72b6ffbb5cdcbaa","name":"admin","image":{"@type":"ImageObject","inLanguage":"pt-PT","@id":"https:\/\/aprh.pt\/pt\/#\/schema\/person\/image\/","url":"https:\/\/secure.gravatar.com\/avatar\/596e45d48db05fe4ed97c1aa961f66ff?s=96&d=mm&r=g","contentUrl":"https:\/\/secure.gravatar.com\/avatar\/596e45d48db05fe4ed97c1aa961f66ff?s=96&d=mm&r=g","caption":"admin"},"sameAs":["https:\/\/aprh.zalox.pt"],"url":"https:\/\/aprh.pt\/pt\/author\/zalox\/"}]}},"_links":{"self":[{"href":"https:\/\/aprh.pt\/pt\/wp-json\/wp\/v2\/posts\/36481","targetHints":{"allow":["GET"]}}],"collection":[{"href":"https:\/\/aprh.pt\/pt\/wp-json\/wp\/v2\/posts"}],"about":[{"href":"https:\/\/aprh.pt\/pt\/wp-json\/wp\/v2\/types\/post"}],"author":[{"embeddable":true,"href":"https:\/\/aprh.pt\/pt\/wp-json\/wp\/v2\/users\/1"}],"replies":[{"embeddable":true,"href":"https:\/\/aprh.pt\/pt\/wp-json\/wp\/v2\/comments?post=36481"}],"version-history":[{"count":0,"href":"https:\/\/aprh.pt\/pt\/wp-json\/wp\/v2\/posts\/36481\/revisions"}],"wp:attachment":[{"href":"https:\/\/aprh.pt\/pt\/wp-json\/wp\/v2\/media?parent=36481"}],"wp:term":[{"taxonomy":"category","embeddable":true,"href":"https:\/\/aprh.pt\/pt\/wp-json\/wp\/v2\/categories?post=36481"},{"taxonomy":"post_tag","embeddable":true,"href":"https:\/\/aprh.pt\/pt\/wp-json\/wp\/v2\/tags?post=36481"}],"curies":[{"name":"wp","href":"https:\/\/api.w.org\/{rel}","templated":true}]}}