{"id":36539,"date":"2022-06-09T12:32:50","date_gmt":"2022-06-09T12:32:50","guid":{"rendered":"https:\/\/aprh.zalox.pt\/sem-categoria\/analise-da-vulnerabilidade-de-uma-praia-estuarina-a-inundacao-aplicacao-a-restinga-do-alfeite-estu\/"},"modified":"2022-06-09T12:32:50","modified_gmt":"2022-06-09T12:32:50","slug":"analise-da-vulnerabilidade-de-uma-praia-estuarina-a-inundacao-aplicacao-a-restinga-do-alfeite-estu","status":"publish","type":"post","link":"https:\/\/aprh.pt\/pt\/publicacoes\/artigos\/analise-da-vulnerabilidade-de-uma-praia-estuarina-a-inundacao-aplicacao-a-restinga-do-alfeite-estu\/","title":{"rendered":"An\u00e1lise da vulnerabilidade de uma praia estuarina \u00e0 inunda\u00e7\u00e3o: Aplica\u00e7\u00e3o \u00e0 restinga do alfeite (Estu"},"content":{"rendered":"<h6>T\u00edtulo:<\/h6>\n<p>An\u00e1lise da vulnerabilidade de uma praia estuarina \u00e0 inunda\u00e7\u00e3o: Aplica\u00e7\u00e3o \u00e0 restinga do alfeite (Estu<\/p>\n<h6>Resumo:<\/h6>\n<p>A ocorr\u00eancia de condi\u00e7\u00f5es hidrodin\u00e2micas extremas em zonas ribeirinhas de estu\u00e1rios e lagunas, ambientes privilegiados para a ocupa\u00e7\u00e3o humana, pode conduzir a avultados preju\u00edzos materiais e humanos. Revela-se priorit\u00e1rio o desenvolvimento de ferramentas de avalia\u00e7\u00e3o da vulnerabilidade destas regi\u00f5es para apoio ao seu planeamento. Neste estudo \u00e9 proposta uma metodologia de base para a previs\u00e3o de n\u00edveis extremos de inunda\u00e7\u00e3o das zonas ribeirinhas de ambientes estuarinos resultantes da ac\u00e7\u00e3o combinada de v\u00e1rios fen\u00f3menos hidrodin\u00e2micos. Esta metodologia \u00e9 aplicada ao estu\u00e1rio interno do Tejo, numa \u00e1rea cuja morfologia se tem mantido est\u00e1vel \u00e0 mesoescala (d\u00e9cada) e \u00e0 escala anual: a restinga do Alfeite, na margem Sul do estu\u00e1rio. Os resultados desta aplica\u00e7\u00e3o foram integrados num MDT (Modelo Digital de Terreno), para facilitar a an\u00e1lise de vulnerabilidade da \u00e1rea em estudo aos fen\u00f3menos simulados. A metodologia proposta tem em conta os fen\u00f3menos indutores de inunda\u00e7\u00e3o em zonas estuarinas e costeiras: i) elevados n\u00edveis de mar\u00e9, ii) sobreeleva\u00e7\u00e3o meteorol\u00f3gica, iii) sobreeleva\u00e7\u00e3o associada a cheia, iv) subida do NMM (n\u00edvel m\u00e9dio do mar) e v) agita\u00e7\u00e3o mar\u00edtima em situa\u00e7\u00e3o de tempestade. Trata-se de uma metodologia robusta que integra modelos amplamente divulgados e aplicados para estes fen\u00f3menos: modelo hidrodin\u00e2mico de ondas longas, modelo de gera\u00e7\u00e3o \u2013 propaga\u00e7\u00e3o de ondas pelo vento, e modelo morfodin\u00e2mico que simula o impacte da hidrodin\u00e2mica no perfil de praia. A futura substitui\u00e7\u00e3o de cada um dos modelos aplicados por novos, mais avan\u00e7ados, permitir\u00e1, melhorar a precis\u00e3o das previs\u00f5es. A previs\u00e3o do impacte das condi\u00e7\u00f5es hidrodin\u00e2micas extremas verificadas no dia 29\/01\/06 no Alfeite permitiu avaliar a precis\u00e3o da metodologia proposta por compara\u00e7\u00e3o do limite superior da escarpa (marca de limite de inunda\u00e7\u00e3o) simulado e registado ap\u00f3s a tempestade. A subavalia\u00e7\u00e3o em cerca de 40cm relativamente ao limite registado dever-se-\u00e1 \u00e0 n\u00e3o considera\u00e7\u00e3o do processo de espraio, \u00e0s incertezas relativas \u00e0s condi\u00e7\u00f5es de vento, \u00e0 falta de dados de agita\u00e7\u00e3o mar\u00edtima extrema para calibrar o modelo de ondas, entre outros factores de menor peso. A an\u00e1lise dos resultados de simula\u00e7\u00e3o de cen\u00e1rios de n\u00edveis extremos de \u00e1gua em frente \u00e0 restinga do Alfeite permitiu concluir que extremos de agita\u00e7\u00e3o mar\u00edtima, sobreeleva\u00e7\u00e3o meteorol\u00f3gica e n\u00edveis excepcionais de mar\u00e9 astron\u00f3mica s\u00e3o os fen\u00f3menos que mais contribuem para os n\u00edveis de inunda\u00e7\u00e3o nesta zona do estu\u00e1rio. A subida do NMM agrava o impacte desses fen\u00f3menos a m\u00e9dio e longo prazo. A an\u00e1lise do MDT permite prever que a inunda\u00e7\u00e3o da restinga ter\u00e1 in\u00edcio pelo seu extremo Este, estendendo-se o alagamento para o seu interior, ocorrendo, numa situa\u00e7\u00e3o mais extrema, galgamento da duna prim\u00e1ria com alagamento quase total da restinga. A altera\u00e7\u00e3o morfol\u00f3gica da praia, a destrui\u00e7\u00e3o das dunas e do ecossistema de sapal, o assoreamento da ba\u00eda do Seixal e a destrui\u00e7\u00e3o de infraestruturas s\u00e3o alguns dos impactes poss\u00edveis da conjuga\u00e7\u00e3o destes fen\u00f3menos.<\/p>\n<h6>Autores:<\/h6>\n<p> Nuno Charneca,  Filipa S. B. F. Oliveira,  Anabela Oliveira,  Catarina I. C. Vargas<\/p>\n","protected":false},"excerpt":{"rendered":"<p>T\u00edtulo: An\u00e1lise da vulnerabilidade de uma praia estuarina \u00e0 inunda\u00e7\u00e3o: Aplica\u00e7\u00e3o \u00e0 restinga do alfeite (Estu Resumo: A ocorr\u00eancia de condi\u00e7\u00f5es hidrodin\u00e2micas extremas em zonas ribeirinhas de estu\u00e1rios e lagunas, ambientes privilegiados para a ocupa\u00e7\u00e3o humana, pode conduzir a avultados preju\u00edzos materiais e humanos. Revela-se priorit\u00e1rio o desenvolvimento de ferramentas de avalia\u00e7\u00e3o da vulnerabilidade destas [&hellip;]<\/p>\n","protected":false},"author":1,"featured_media":0,"comment_status":"open","ping_status":"open","sticky":false,"template":"","format":"standard","meta":{"footnotes":""},"categories":[163],"tags":[],"class_list":["post-36539","post","type-post","status-publish","format-standard","hentry","category-artigos"],"yoast_head":"<!-- This site is optimized with the Yoast SEO plugin v23.8 - https:\/\/yoast.com\/wordpress\/plugins\/seo\/ -->\n<title>An\u00e1lise da vulnerabilidade de uma praia estuarina \u00e0 inunda\u00e7\u00e3o: Aplica\u00e7\u00e3o \u00e0 restinga do alfeite (Estu - APRH<\/title>\n<meta name=\"robots\" content=\"index, follow, max-snippet:-1, max-image-preview:large, max-video-preview:-1\" \/>\n<link rel=\"canonical\" href=\"https:\/\/aprh.pt\/pt\/publicacoes\/artigos\/analise-da-vulnerabilidade-de-uma-praia-estuarina-a-inundacao-aplicacao-a-restinga-do-alfeite-estu\/\" \/>\n<meta property=\"og:locale\" content=\"pt_PT\" \/>\n<meta property=\"og:type\" content=\"article\" \/>\n<meta property=\"og:title\" content=\"An\u00e1lise da vulnerabilidade de uma praia estuarina \u00e0 inunda\u00e7\u00e3o: Aplica\u00e7\u00e3o \u00e0 restinga do alfeite (Estu - APRH\" \/>\n<meta property=\"og:description\" content=\"T\u00edtulo: An\u00e1lise da vulnerabilidade de uma praia estuarina \u00e0 inunda\u00e7\u00e3o: Aplica\u00e7\u00e3o \u00e0 restinga do alfeite (Estu Resumo: A ocorr\u00eancia de condi\u00e7\u00f5es hidrodin\u00e2micas extremas em zonas ribeirinhas de estu\u00e1rios e lagunas, ambientes privilegiados para a ocupa\u00e7\u00e3o humana, pode conduzir a avultados preju\u00edzos materiais e humanos. Revela-se priorit\u00e1rio o desenvolvimento de ferramentas de avalia\u00e7\u00e3o da vulnerabilidade destas [&hellip;]\" \/>\n<meta property=\"og:url\" content=\"https:\/\/aprh.pt\/pt\/publicacoes\/artigos\/analise-da-vulnerabilidade-de-uma-praia-estuarina-a-inundacao-aplicacao-a-restinga-do-alfeite-estu\/\" \/>\n<meta property=\"og:site_name\" content=\"APRH\" \/>\n<meta property=\"article:published_time\" content=\"2022-06-09T12:32:50+00:00\" \/>\n<meta name=\"author\" content=\"admin\" \/>\n<meta name=\"twitter:card\" content=\"summary_large_image\" \/>\n<meta name=\"twitter:label1\" content=\"Escrito por\" \/>\n\t<meta name=\"twitter:data1\" content=\"admin\" \/>\n\t<meta name=\"twitter:label2\" content=\"Tempo estimado de leitura\" \/>\n\t<meta name=\"twitter:data2\" content=\"3 minutos\" \/>\n<script type=\"application\/ld+json\" class=\"yoast-schema-graph\">{\"@context\":\"https:\/\/schema.org\",\"@graph\":[{\"@type\":\"Article\",\"@id\":\"https:\/\/aprh.pt\/pt\/publicacoes\/artigos\/analise-da-vulnerabilidade-de-uma-praia-estuarina-a-inundacao-aplicacao-a-restinga-do-alfeite-estu\/#article\",\"isPartOf\":{\"@id\":\"https:\/\/aprh.pt\/pt\/publicacoes\/artigos\/analise-da-vulnerabilidade-de-uma-praia-estuarina-a-inundacao-aplicacao-a-restinga-do-alfeite-estu\/\"},\"author\":{\"name\":\"admin\",\"@id\":\"https:\/\/aprh.pt\/pt\/#\/schema\/person\/48b266141210923df72b6ffbb5cdcbaa\"},\"headline\":\"An\u00e1lise da vulnerabilidade de uma praia estuarina \u00e0 inunda\u00e7\u00e3o: Aplica\u00e7\u00e3o \u00e0 restinga do alfeite (Estu\",\"datePublished\":\"2022-06-09T12:32:50+00:00\",\"dateModified\":\"2022-06-09T12:32:50+00:00\",\"mainEntityOfPage\":{\"@id\":\"https:\/\/aprh.pt\/pt\/publicacoes\/artigos\/analise-da-vulnerabilidade-de-uma-praia-estuarina-a-inundacao-aplicacao-a-restinga-do-alfeite-estu\/\"},\"wordCount\":586,\"commentCount\":0,\"publisher\":{\"@id\":\"https:\/\/aprh.pt\/pt\/#organization\"},\"articleSection\":[\"Artigos\"],\"inLanguage\":\"pt-PT\",\"potentialAction\":[{\"@type\":\"CommentAction\",\"name\":\"Comment\",\"target\":[\"https:\/\/aprh.pt\/pt\/publicacoes\/artigos\/analise-da-vulnerabilidade-de-uma-praia-estuarina-a-inundacao-aplicacao-a-restinga-do-alfeite-estu\/#respond\"]}]},{\"@type\":\"WebPage\",\"@id\":\"https:\/\/aprh.pt\/pt\/publicacoes\/artigos\/analise-da-vulnerabilidade-de-uma-praia-estuarina-a-inundacao-aplicacao-a-restinga-do-alfeite-estu\/\",\"url\":\"https:\/\/aprh.pt\/pt\/publicacoes\/artigos\/analise-da-vulnerabilidade-de-uma-praia-estuarina-a-inundacao-aplicacao-a-restinga-do-alfeite-estu\/\",\"name\":\"An\u00e1lise da vulnerabilidade de uma praia estuarina \u00e0 inunda\u00e7\u00e3o: Aplica\u00e7\u00e3o \u00e0 restinga do alfeite (Estu - APRH\",\"isPartOf\":{\"@id\":\"https:\/\/aprh.pt\/pt\/#website\"},\"datePublished\":\"2022-06-09T12:32:50+00:00\",\"dateModified\":\"2022-06-09T12:32:50+00:00\",\"breadcrumb\":{\"@id\":\"https:\/\/aprh.pt\/pt\/publicacoes\/artigos\/analise-da-vulnerabilidade-de-uma-praia-estuarina-a-inundacao-aplicacao-a-restinga-do-alfeite-estu\/#breadcrumb\"},\"inLanguage\":\"pt-PT\",\"potentialAction\":[{\"@type\":\"ReadAction\",\"target\":[\"https:\/\/aprh.pt\/pt\/publicacoes\/artigos\/analise-da-vulnerabilidade-de-uma-praia-estuarina-a-inundacao-aplicacao-a-restinga-do-alfeite-estu\/\"]}]},{\"@type\":\"BreadcrumbList\",\"@id\":\"https:\/\/aprh.pt\/pt\/publicacoes\/artigos\/analise-da-vulnerabilidade-de-uma-praia-estuarina-a-inundacao-aplicacao-a-restinga-do-alfeite-estu\/#breadcrumb\",\"itemListElement\":[{\"@type\":\"ListItem\",\"position\":1,\"name\":\"Home\",\"item\":\"https:\/\/aprh.pt\/pt\/\"},{\"@type\":\"ListItem\",\"position\":2,\"name\":\"Publica\u00e7\u00f5es\",\"item\":\"https:\/\/aprh.pt\/pt\/category\/publicacoes\/\"},{\"@type\":\"ListItem\",\"position\":3,\"name\":\"Artigos\",\"item\":\"https:\/\/aprh.pt\/pt\/category\/publicacoes\/artigos\/\"},{\"@type\":\"ListItem\",\"position\":4,\"name\":\"An\u00e1lise da vulnerabilidade de uma praia estuarina \u00e0 inunda\u00e7\u00e3o: Aplica\u00e7\u00e3o \u00e0 restinga do alfeite (Estu\"}]},{\"@type\":\"WebSite\",\"@id\":\"https:\/\/aprh.pt\/pt\/#website\",\"url\":\"https:\/\/aprh.pt\/pt\/\",\"name\":\"APRH\",\"description\":\"Associa\u00e7\u00e3o Portuguesa dos Recursos H\u00eddricos\",\"publisher\":{\"@id\":\"https:\/\/aprh.pt\/pt\/#organization\"},\"potentialAction\":[{\"@type\":\"SearchAction\",\"target\":{\"@type\":\"EntryPoint\",\"urlTemplate\":\"https:\/\/aprh.pt\/pt\/?s={search_term_string}\"},\"query-input\":{\"@type\":\"PropertyValueSpecification\",\"valueRequired\":true,\"valueName\":\"search_term_string\"}}],\"inLanguage\":\"pt-PT\"},{\"@type\":\"Organization\",\"@id\":\"https:\/\/aprh.pt\/pt\/#organization\",\"name\":\"APRH\",\"url\":\"https:\/\/aprh.pt\/pt\/\",\"logo\":{\"@type\":\"ImageObject\",\"inLanguage\":\"pt-PT\",\"@id\":\"https:\/\/aprh.pt\/pt\/#\/schema\/logo\/image\/\",\"url\":\"https:\/\/aprh.pt\/wp-content\/uploads\/2022\/04\/logotipo.png\",\"contentUrl\":\"https:\/\/aprh.pt\/wp-content\/uploads\/2022\/04\/logotipo.png\",\"width\":181,\"height\":80,\"caption\":\"APRH\"},\"image\":{\"@id\":\"https:\/\/aprh.pt\/pt\/#\/schema\/logo\/image\/\"}},{\"@type\":\"Person\",\"@id\":\"https:\/\/aprh.pt\/pt\/#\/schema\/person\/48b266141210923df72b6ffbb5cdcbaa\",\"name\":\"admin\",\"image\":{\"@type\":\"ImageObject\",\"inLanguage\":\"pt-PT\",\"@id\":\"https:\/\/aprh.pt\/pt\/#\/schema\/person\/image\/\",\"url\":\"https:\/\/secure.gravatar.com\/avatar\/596e45d48db05fe4ed97c1aa961f66ff?s=96&d=mm&r=g\",\"contentUrl\":\"https:\/\/secure.gravatar.com\/avatar\/596e45d48db05fe4ed97c1aa961f66ff?s=96&d=mm&r=g\",\"caption\":\"admin\"},\"sameAs\":[\"https:\/\/aprh.zalox.pt\"],\"url\":\"https:\/\/aprh.pt\/pt\/author\/zalox\/\"}]}<\/script>\n<!-- \/ Yoast SEO plugin. -->","yoast_head_json":{"title":"An\u00e1lise da vulnerabilidade de uma praia estuarina \u00e0 inunda\u00e7\u00e3o: Aplica\u00e7\u00e3o \u00e0 restinga do alfeite (Estu - APRH","robots":{"index":"index","follow":"follow","max-snippet":"max-snippet:-1","max-image-preview":"max-image-preview:large","max-video-preview":"max-video-preview:-1"},"canonical":"https:\/\/aprh.pt\/pt\/publicacoes\/artigos\/analise-da-vulnerabilidade-de-uma-praia-estuarina-a-inundacao-aplicacao-a-restinga-do-alfeite-estu\/","og_locale":"pt_PT","og_type":"article","og_title":"An\u00e1lise da vulnerabilidade de uma praia estuarina \u00e0 inunda\u00e7\u00e3o: Aplica\u00e7\u00e3o \u00e0 restinga do alfeite (Estu - APRH","og_description":"T\u00edtulo: An\u00e1lise da vulnerabilidade de uma praia estuarina \u00e0 inunda\u00e7\u00e3o: Aplica\u00e7\u00e3o \u00e0 restinga do alfeite (Estu Resumo: A ocorr\u00eancia de condi\u00e7\u00f5es hidrodin\u00e2micas extremas em zonas ribeirinhas de estu\u00e1rios e lagunas, ambientes privilegiados para a ocupa\u00e7\u00e3o humana, pode conduzir a avultados preju\u00edzos materiais e humanos. Revela-se priorit\u00e1rio o desenvolvimento de ferramentas de avalia\u00e7\u00e3o da vulnerabilidade destas [&hellip;]","og_url":"https:\/\/aprh.pt\/pt\/publicacoes\/artigos\/analise-da-vulnerabilidade-de-uma-praia-estuarina-a-inundacao-aplicacao-a-restinga-do-alfeite-estu\/","og_site_name":"APRH","article_published_time":"2022-06-09T12:32:50+00:00","author":"admin","twitter_card":"summary_large_image","twitter_misc":{"Escrito por":"admin","Tempo estimado de leitura":"3 minutos"},"schema":{"@context":"https:\/\/schema.org","@graph":[{"@type":"Article","@id":"https:\/\/aprh.pt\/pt\/publicacoes\/artigos\/analise-da-vulnerabilidade-de-uma-praia-estuarina-a-inundacao-aplicacao-a-restinga-do-alfeite-estu\/#article","isPartOf":{"@id":"https:\/\/aprh.pt\/pt\/publicacoes\/artigos\/analise-da-vulnerabilidade-de-uma-praia-estuarina-a-inundacao-aplicacao-a-restinga-do-alfeite-estu\/"},"author":{"name":"admin","@id":"https:\/\/aprh.pt\/pt\/#\/schema\/person\/48b266141210923df72b6ffbb5cdcbaa"},"headline":"An\u00e1lise da vulnerabilidade de uma praia estuarina \u00e0 inunda\u00e7\u00e3o: Aplica\u00e7\u00e3o \u00e0 restinga do alfeite (Estu","datePublished":"2022-06-09T12:32:50+00:00","dateModified":"2022-06-09T12:32:50+00:00","mainEntityOfPage":{"@id":"https:\/\/aprh.pt\/pt\/publicacoes\/artigos\/analise-da-vulnerabilidade-de-uma-praia-estuarina-a-inundacao-aplicacao-a-restinga-do-alfeite-estu\/"},"wordCount":586,"commentCount":0,"publisher":{"@id":"https:\/\/aprh.pt\/pt\/#organization"},"articleSection":["Artigos"],"inLanguage":"pt-PT","potentialAction":[{"@type":"CommentAction","name":"Comment","target":["https:\/\/aprh.pt\/pt\/publicacoes\/artigos\/analise-da-vulnerabilidade-de-uma-praia-estuarina-a-inundacao-aplicacao-a-restinga-do-alfeite-estu\/#respond"]}]},{"@type":"WebPage","@id":"https:\/\/aprh.pt\/pt\/publicacoes\/artigos\/analise-da-vulnerabilidade-de-uma-praia-estuarina-a-inundacao-aplicacao-a-restinga-do-alfeite-estu\/","url":"https:\/\/aprh.pt\/pt\/publicacoes\/artigos\/analise-da-vulnerabilidade-de-uma-praia-estuarina-a-inundacao-aplicacao-a-restinga-do-alfeite-estu\/","name":"An\u00e1lise da vulnerabilidade de uma praia estuarina \u00e0 inunda\u00e7\u00e3o: Aplica\u00e7\u00e3o \u00e0 restinga do alfeite (Estu - APRH","isPartOf":{"@id":"https:\/\/aprh.pt\/pt\/#website"},"datePublished":"2022-06-09T12:32:50+00:00","dateModified":"2022-06-09T12:32:50+00:00","breadcrumb":{"@id":"https:\/\/aprh.pt\/pt\/publicacoes\/artigos\/analise-da-vulnerabilidade-de-uma-praia-estuarina-a-inundacao-aplicacao-a-restinga-do-alfeite-estu\/#breadcrumb"},"inLanguage":"pt-PT","potentialAction":[{"@type":"ReadAction","target":["https:\/\/aprh.pt\/pt\/publicacoes\/artigos\/analise-da-vulnerabilidade-de-uma-praia-estuarina-a-inundacao-aplicacao-a-restinga-do-alfeite-estu\/"]}]},{"@type":"BreadcrumbList","@id":"https:\/\/aprh.pt\/pt\/publicacoes\/artigos\/analise-da-vulnerabilidade-de-uma-praia-estuarina-a-inundacao-aplicacao-a-restinga-do-alfeite-estu\/#breadcrumb","itemListElement":[{"@type":"ListItem","position":1,"name":"Home","item":"https:\/\/aprh.pt\/pt\/"},{"@type":"ListItem","position":2,"name":"Publica\u00e7\u00f5es","item":"https:\/\/aprh.pt\/pt\/category\/publicacoes\/"},{"@type":"ListItem","position":3,"name":"Artigos","item":"https:\/\/aprh.pt\/pt\/category\/publicacoes\/artigos\/"},{"@type":"ListItem","position":4,"name":"An\u00e1lise da vulnerabilidade de uma praia estuarina \u00e0 inunda\u00e7\u00e3o: Aplica\u00e7\u00e3o \u00e0 restinga do alfeite (Estu"}]},{"@type":"WebSite","@id":"https:\/\/aprh.pt\/pt\/#website","url":"https:\/\/aprh.pt\/pt\/","name":"APRH","description":"Associa\u00e7\u00e3o Portuguesa dos Recursos H\u00eddricos","publisher":{"@id":"https:\/\/aprh.pt\/pt\/#organization"},"potentialAction":[{"@type":"SearchAction","target":{"@type":"EntryPoint","urlTemplate":"https:\/\/aprh.pt\/pt\/?s={search_term_string}"},"query-input":{"@type":"PropertyValueSpecification","valueRequired":true,"valueName":"search_term_string"}}],"inLanguage":"pt-PT"},{"@type":"Organization","@id":"https:\/\/aprh.pt\/pt\/#organization","name":"APRH","url":"https:\/\/aprh.pt\/pt\/","logo":{"@type":"ImageObject","inLanguage":"pt-PT","@id":"https:\/\/aprh.pt\/pt\/#\/schema\/logo\/image\/","url":"https:\/\/aprh.pt\/wp-content\/uploads\/2022\/04\/logotipo.png","contentUrl":"https:\/\/aprh.pt\/wp-content\/uploads\/2022\/04\/logotipo.png","width":181,"height":80,"caption":"APRH"},"image":{"@id":"https:\/\/aprh.pt\/pt\/#\/schema\/logo\/image\/"}},{"@type":"Person","@id":"https:\/\/aprh.pt\/pt\/#\/schema\/person\/48b266141210923df72b6ffbb5cdcbaa","name":"admin","image":{"@type":"ImageObject","inLanguage":"pt-PT","@id":"https:\/\/aprh.pt\/pt\/#\/schema\/person\/image\/","url":"https:\/\/secure.gravatar.com\/avatar\/596e45d48db05fe4ed97c1aa961f66ff?s=96&d=mm&r=g","contentUrl":"https:\/\/secure.gravatar.com\/avatar\/596e45d48db05fe4ed97c1aa961f66ff?s=96&d=mm&r=g","caption":"admin"},"sameAs":["https:\/\/aprh.zalox.pt"],"url":"https:\/\/aprh.pt\/pt\/author\/zalox\/"}]}},"_links":{"self":[{"href":"https:\/\/aprh.pt\/pt\/wp-json\/wp\/v2\/posts\/36539","targetHints":{"allow":["GET"]}}],"collection":[{"href":"https:\/\/aprh.pt\/pt\/wp-json\/wp\/v2\/posts"}],"about":[{"href":"https:\/\/aprh.pt\/pt\/wp-json\/wp\/v2\/types\/post"}],"author":[{"embeddable":true,"href":"https:\/\/aprh.pt\/pt\/wp-json\/wp\/v2\/users\/1"}],"replies":[{"embeddable":true,"href":"https:\/\/aprh.pt\/pt\/wp-json\/wp\/v2\/comments?post=36539"}],"version-history":[{"count":0,"href":"https:\/\/aprh.pt\/pt\/wp-json\/wp\/v2\/posts\/36539\/revisions"}],"wp:attachment":[{"href":"https:\/\/aprh.pt\/pt\/wp-json\/wp\/v2\/media?parent=36539"}],"wp:term":[{"taxonomy":"category","embeddable":true,"href":"https:\/\/aprh.pt\/pt\/wp-json\/wp\/v2\/categories?post=36539"},{"taxonomy":"post_tag","embeddable":true,"href":"https:\/\/aprh.pt\/pt\/wp-json\/wp\/v2\/tags?post=36539"}],"curies":[{"name":"wp","href":"https:\/\/api.w.org\/{rel}","templated":true}]}}