{"id":36551,"date":"2022-06-09T12:32:50","date_gmt":"2022-06-09T12:32:50","guid":{"rendered":"https:\/\/aprh.zalox.pt\/sem-categoria\/erosao-costeira-em-praias-adjacentes-as-desembocaduras-fluviais-o-caso-de-pontal-de-maceio-ceara-brasil\/"},"modified":"2022-06-09T12:32:50","modified_gmt":"2022-06-09T12:32:50","slug":"erosao-costeira-em-praias-adjacentes-as-desembocaduras-fluviais-o-caso-de-pontal-de-maceio-ceara-brasil","status":"publish","type":"post","link":"https:\/\/aprh.pt\/pt\/publicacoes\/artigos\/erosao-costeira-em-praias-adjacentes-as-desembocaduras-fluviais-o-caso-de-pontal-de-maceio-ceara-brasil\/","title":{"rendered":"Eros\u00e3o Costeira em Praias Adjacentes \u00e0s Desembocaduras Fluviais: O Caso de Pontal de Macei\u00f3, Cear\u00e1, Brasil"},"content":{"rendered":"<h6>T\u00edtulo:<\/h6>\n<p>Eros\u00e3o Costeira em Praias Adjacentes \u00e0s Desembocaduras Fluviais: O Caso de Pontal de Macei\u00f3, Cear\u00e1, Brasil<\/p>\n<h6>Resumo:<\/h6>\n<p>Esse artigo tem por objetivo analisar a rela\u00e7\u00e3o do processo erosivo com a din\u00e2mica do rio Jaguaribe e a conseq\u00fcente desvaloriza\u00e7\u00e3o dos im\u00f3veis e decl\u00ednio das atividades de lazer na Praia de Pontal de Macei\u00f3, no Munic\u00edpio de Fortim, na costa leste do Estado do Cear\u00e1-Brasil. Inserida no vale do Rio Jaguaribe, uma das mais importantes bacias hidrogr\u00e1ficas, no contexto hidrol\u00f3gico e hist\u00f3rico no Estado do Cear\u00e1, representa a \u00fanica op\u00e7\u00e3o de lazer em praias oce\u00e2nicas no Munic\u00edpio de Fortim, atraindo cerca de 4.000 visitantes\/ano. A beleza paisag\u00edstica, as \u00e1guas rasas e calmas nos baixios de mar\u00e9s, a cozinha regional, o clima buc\u00f3lico e a proximidade de Fortaleza s\u00e3o os principais atrativos ao turismo. O d\u00e9ficit h\u00eddrico e as transforma\u00e7\u00f5es s\u00f3cio-espaciais no interior da bacia de drenagem nos \u00faltimos 40 anos repercutiram na evolu\u00e7\u00e3o da zona costeira adjacente. Para avaliar a evolu\u00e7\u00e3o da eros\u00e3o e seu impacto no valor hist\u00f3rico, social e econ\u00f4mico dos im\u00f3veis foram correlacionados os dados de vaz\u00e3o regularizada dos reservat\u00f3rios com as taxas de recuo da linha de costa para avaliar a interdepend\u00eancia entre essas duas vari\u00e1veis. As taxas de recuo da linha foram calculadas baseadas em estudos pret\u00e9ritos e levantamentos da morfologia praial no per\u00edodo de 2001 a 2006. Para valida\u00e7\u00e3o das informa\u00e7\u00f5es foram utilizados c\u00e1lculos de recuos obtidos por t\u00e9cnicas de geoprocessamento em fotografias a\u00e9reas e imagens de sat\u00e9lites. Esta mesma t\u00e9cnica foi utilizada para obten\u00e7\u00e3o do n\u00famero de im\u00f3veis localizados em fei\u00e7\u00f5es sedimentares importantes para o balan\u00e7o sedimentar costeiro. Pesquisas sobre a evolu\u00e7\u00e3o dos valores dos empreendimentos, infra-estrutura tur\u00edsticas, atividades de lazer e an\u00e1lise da percep\u00e7\u00e3o dos locais sobre o impacto da eros\u00e3o na desvaloriza\u00e7\u00e3o dos im\u00f3veis foram realizadas nos \u00f3rg\u00e3os p\u00fablicos e em campo com a aplica\u00e7\u00e3o de question\u00e1rios. Dentre os resultados observados destacamse a diminui\u00e7\u00e3o da vaz\u00e3o do rio Jaguaribe e conseq\u00fcente aumento da taxa de recuo da linha de costa de 17 m\/ano para 29 m\/ano ap\u00f3s o funcionamento do Castanh\u00e3o. Neste per\u00edodo, barracas e bares na faixa de praia foram afastados em 100 m da linha d\u2019\u00e1gua. Por\u00e9m a aus\u00eancia de manejo adequado, a exemplo das constru\u00e7\u00f5es de barracas e restaurantes em alvenaria e aus\u00eancia de sistema de drenagem pluvial favoreceu o retorno dos processos erosivos. Parte da p\u00f3s-praia no n\u00facleo urbano da vila de Macei\u00f3 \u00e9 ocupada por im\u00f3veis dificultando o balan\u00e7o sedimentar neste setor. Aproximadamente 70% dos im\u00f3veis est\u00e3o localizados h\u00e1 mais de 600 m da linha de costa. Riscos ao patrim\u00f4nio hist\u00f3rico n\u00e3o foram observados considerando que os im\u00f3veis localizados nos primeiros 400 m de dist\u00e2ncia da linha de costa, vulner\u00e1veis a eros\u00e3o, s\u00e3o recentes, com tempo de constru\u00e7\u00e3o n\u00e3o superior a 20 anos. Os im\u00f3veis localizados nos primeiros 50 m desvalorizaram-se economicamente em at\u00e9 80%. Os usu\u00e1rios da praia atribuem ao risco de perda do im\u00f3vel pela eros\u00e3o, dificuldade de acesso \u00e0 praia e impossibilidades na pr\u00e1tica do banho de mar como principais fatores de desvaloriza\u00e7\u00e3o dos empreendimentos. Sugest\u00e3o de preserva\u00e7\u00e3o e de conviv\u00eancia com o processo foi tamb\u00e9m apresentada.<\/p>\n<h6>Autores:<\/h6>\n<p> J. O. Morais,  L. S. Pinheiro,  A. A. Cavalcante,  D. P. Paula,  R. L. Silva<\/p>\n","protected":false},"excerpt":{"rendered":"<p>T\u00edtulo: Eros\u00e3o Costeira em Praias Adjacentes \u00e0s Desembocaduras Fluviais: O Caso de Pontal de Macei\u00f3, Cear\u00e1, Brasil Resumo: Esse artigo tem por objetivo analisar a rela\u00e7\u00e3o do processo erosivo com a din\u00e2mica do rio Jaguaribe e a conseq\u00fcente desvaloriza\u00e7\u00e3o dos im\u00f3veis e decl\u00ednio das atividades de lazer na Praia de Pontal de Macei\u00f3, no Munic\u00edpio [&hellip;]<\/p>\n","protected":false},"author":1,"featured_media":0,"comment_status":"open","ping_status":"open","sticky":false,"template":"","format":"standard","meta":{"footnotes":""},"categories":[163],"tags":[],"class_list":["post-36551","post","type-post","status-publish","format-standard","hentry","category-artigos"],"yoast_head":"<!-- This site is optimized with the Yoast SEO plugin v23.8 - https:\/\/yoast.com\/wordpress\/plugins\/seo\/ -->\n<title>Eros\u00e3o Costeira em Praias Adjacentes \u00e0s Desembocaduras Fluviais: O Caso de Pontal de Macei\u00f3, Cear\u00e1, Brasil - APRH<\/title>\n<meta name=\"robots\" content=\"index, follow, max-snippet:-1, max-image-preview:large, max-video-preview:-1\" \/>\n<link rel=\"canonical\" href=\"https:\/\/aprh.pt\/pt\/publicacoes\/artigos\/erosao-costeira-em-praias-adjacentes-as-desembocaduras-fluviais-o-caso-de-pontal-de-maceio-ceara-brasil\/\" \/>\n<meta property=\"og:locale\" content=\"pt_PT\" \/>\n<meta property=\"og:type\" content=\"article\" \/>\n<meta property=\"og:title\" content=\"Eros\u00e3o Costeira em Praias Adjacentes \u00e0s Desembocaduras Fluviais: O Caso de Pontal de Macei\u00f3, Cear\u00e1, Brasil - APRH\" \/>\n<meta property=\"og:description\" content=\"T\u00edtulo: Eros\u00e3o Costeira em Praias Adjacentes \u00e0s Desembocaduras Fluviais: O Caso de Pontal de Macei\u00f3, Cear\u00e1, Brasil Resumo: Esse artigo tem por objetivo analisar a rela\u00e7\u00e3o do processo erosivo com a din\u00e2mica do rio Jaguaribe e a conseq\u00fcente desvaloriza\u00e7\u00e3o dos im\u00f3veis e decl\u00ednio das atividades de lazer na Praia de Pontal de Macei\u00f3, no Munic\u00edpio [&hellip;]\" \/>\n<meta property=\"og:url\" content=\"https:\/\/aprh.pt\/pt\/publicacoes\/artigos\/erosao-costeira-em-praias-adjacentes-as-desembocaduras-fluviais-o-caso-de-pontal-de-maceio-ceara-brasil\/\" \/>\n<meta property=\"og:site_name\" content=\"APRH\" \/>\n<meta property=\"article:published_time\" content=\"2022-06-09T12:32:50+00:00\" \/>\n<meta name=\"author\" content=\"admin\" \/>\n<meta name=\"twitter:card\" content=\"summary_large_image\" \/>\n<meta name=\"twitter:label1\" content=\"Escrito por\" \/>\n\t<meta name=\"twitter:data1\" content=\"admin\" \/>\n\t<meta name=\"twitter:label2\" content=\"Tempo estimado de leitura\" \/>\n\t<meta name=\"twitter:data2\" content=\"3 minutos\" \/>\n<script type=\"application\/ld+json\" class=\"yoast-schema-graph\">{\"@context\":\"https:\/\/schema.org\",\"@graph\":[{\"@type\":\"Article\",\"@id\":\"https:\/\/aprh.pt\/pt\/publicacoes\/artigos\/erosao-costeira-em-praias-adjacentes-as-desembocaduras-fluviais-o-caso-de-pontal-de-maceio-ceara-brasil\/#article\",\"isPartOf\":{\"@id\":\"https:\/\/aprh.pt\/pt\/publicacoes\/artigos\/erosao-costeira-em-praias-adjacentes-as-desembocaduras-fluviais-o-caso-de-pontal-de-maceio-ceara-brasil\/\"},\"author\":{\"name\":\"admin\",\"@id\":\"https:\/\/aprh.pt\/pt\/#\/schema\/person\/48b266141210923df72b6ffbb5cdcbaa\"},\"headline\":\"Eros\u00e3o Costeira em Praias Adjacentes \u00e0s Desembocaduras Fluviais: O Caso de Pontal de Macei\u00f3, Cear\u00e1, Brasil\",\"datePublished\":\"2022-06-09T12:32:50+00:00\",\"dateModified\":\"2022-06-09T12:32:50+00:00\",\"mainEntityOfPage\":{\"@id\":\"https:\/\/aprh.pt\/pt\/publicacoes\/artigos\/erosao-costeira-em-praias-adjacentes-as-desembocaduras-fluviais-o-caso-de-pontal-de-maceio-ceara-brasil\/\"},\"wordCount\":630,\"commentCount\":0,\"publisher\":{\"@id\":\"https:\/\/aprh.pt\/pt\/#organization\"},\"articleSection\":[\"Artigos\"],\"inLanguage\":\"pt-PT\",\"potentialAction\":[{\"@type\":\"CommentAction\",\"name\":\"Comment\",\"target\":[\"https:\/\/aprh.pt\/pt\/publicacoes\/artigos\/erosao-costeira-em-praias-adjacentes-as-desembocaduras-fluviais-o-caso-de-pontal-de-maceio-ceara-brasil\/#respond\"]}]},{\"@type\":\"WebPage\",\"@id\":\"https:\/\/aprh.pt\/pt\/publicacoes\/artigos\/erosao-costeira-em-praias-adjacentes-as-desembocaduras-fluviais-o-caso-de-pontal-de-maceio-ceara-brasil\/\",\"url\":\"https:\/\/aprh.pt\/pt\/publicacoes\/artigos\/erosao-costeira-em-praias-adjacentes-as-desembocaduras-fluviais-o-caso-de-pontal-de-maceio-ceara-brasil\/\",\"name\":\"Eros\u00e3o Costeira em Praias Adjacentes \u00e0s Desembocaduras Fluviais: O Caso de Pontal de Macei\u00f3, Cear\u00e1, Brasil - APRH\",\"isPartOf\":{\"@id\":\"https:\/\/aprh.pt\/pt\/#website\"},\"datePublished\":\"2022-06-09T12:32:50+00:00\",\"dateModified\":\"2022-06-09T12:32:50+00:00\",\"breadcrumb\":{\"@id\":\"https:\/\/aprh.pt\/pt\/publicacoes\/artigos\/erosao-costeira-em-praias-adjacentes-as-desembocaduras-fluviais-o-caso-de-pontal-de-maceio-ceara-brasil\/#breadcrumb\"},\"inLanguage\":\"pt-PT\",\"potentialAction\":[{\"@type\":\"ReadAction\",\"target\":[\"https:\/\/aprh.pt\/pt\/publicacoes\/artigos\/erosao-costeira-em-praias-adjacentes-as-desembocaduras-fluviais-o-caso-de-pontal-de-maceio-ceara-brasil\/\"]}]},{\"@type\":\"BreadcrumbList\",\"@id\":\"https:\/\/aprh.pt\/pt\/publicacoes\/artigos\/erosao-costeira-em-praias-adjacentes-as-desembocaduras-fluviais-o-caso-de-pontal-de-maceio-ceara-brasil\/#breadcrumb\",\"itemListElement\":[{\"@type\":\"ListItem\",\"position\":1,\"name\":\"Home\",\"item\":\"https:\/\/aprh.pt\/pt\/\"},{\"@type\":\"ListItem\",\"position\":2,\"name\":\"Publica\u00e7\u00f5es\",\"item\":\"https:\/\/aprh.pt\/pt\/category\/publicacoes\/\"},{\"@type\":\"ListItem\",\"position\":3,\"name\":\"Artigos\",\"item\":\"https:\/\/aprh.pt\/pt\/category\/publicacoes\/artigos\/\"},{\"@type\":\"ListItem\",\"position\":4,\"name\":\"Eros\u00e3o Costeira em Praias Adjacentes \u00e0s Desembocaduras Fluviais: O Caso de Pontal de Macei\u00f3, Cear\u00e1, Brasil\"}]},{\"@type\":\"WebSite\",\"@id\":\"https:\/\/aprh.pt\/pt\/#website\",\"url\":\"https:\/\/aprh.pt\/pt\/\",\"name\":\"APRH\",\"description\":\"Associa\u00e7\u00e3o Portuguesa dos Recursos H\u00eddricos\",\"publisher\":{\"@id\":\"https:\/\/aprh.pt\/pt\/#organization\"},\"potentialAction\":[{\"@type\":\"SearchAction\",\"target\":{\"@type\":\"EntryPoint\",\"urlTemplate\":\"https:\/\/aprh.pt\/pt\/?s={search_term_string}\"},\"query-input\":{\"@type\":\"PropertyValueSpecification\",\"valueRequired\":true,\"valueName\":\"search_term_string\"}}],\"inLanguage\":\"pt-PT\"},{\"@type\":\"Organization\",\"@id\":\"https:\/\/aprh.pt\/pt\/#organization\",\"name\":\"APRH\",\"url\":\"https:\/\/aprh.pt\/pt\/\",\"logo\":{\"@type\":\"ImageObject\",\"inLanguage\":\"pt-PT\",\"@id\":\"https:\/\/aprh.pt\/pt\/#\/schema\/logo\/image\/\",\"url\":\"https:\/\/aprh.pt\/wp-content\/uploads\/2022\/04\/logotipo.png\",\"contentUrl\":\"https:\/\/aprh.pt\/wp-content\/uploads\/2022\/04\/logotipo.png\",\"width\":181,\"height\":80,\"caption\":\"APRH\"},\"image\":{\"@id\":\"https:\/\/aprh.pt\/pt\/#\/schema\/logo\/image\/\"}},{\"@type\":\"Person\",\"@id\":\"https:\/\/aprh.pt\/pt\/#\/schema\/person\/48b266141210923df72b6ffbb5cdcbaa\",\"name\":\"admin\",\"image\":{\"@type\":\"ImageObject\",\"inLanguage\":\"pt-PT\",\"@id\":\"https:\/\/aprh.pt\/pt\/#\/schema\/person\/image\/\",\"url\":\"https:\/\/secure.gravatar.com\/avatar\/596e45d48db05fe4ed97c1aa961f66ff?s=96&d=mm&r=g\",\"contentUrl\":\"https:\/\/secure.gravatar.com\/avatar\/596e45d48db05fe4ed97c1aa961f66ff?s=96&d=mm&r=g\",\"caption\":\"admin\"},\"sameAs\":[\"https:\/\/aprh.zalox.pt\"],\"url\":\"https:\/\/aprh.pt\/pt\/author\/zalox\/\"}]}<\/script>\n<!-- \/ Yoast SEO plugin. -->","yoast_head_json":{"title":"Eros\u00e3o Costeira em Praias Adjacentes \u00e0s Desembocaduras Fluviais: O Caso de Pontal de Macei\u00f3, Cear\u00e1, Brasil - APRH","robots":{"index":"index","follow":"follow","max-snippet":"max-snippet:-1","max-image-preview":"max-image-preview:large","max-video-preview":"max-video-preview:-1"},"canonical":"https:\/\/aprh.pt\/pt\/publicacoes\/artigos\/erosao-costeira-em-praias-adjacentes-as-desembocaduras-fluviais-o-caso-de-pontal-de-maceio-ceara-brasil\/","og_locale":"pt_PT","og_type":"article","og_title":"Eros\u00e3o Costeira em Praias Adjacentes \u00e0s Desembocaduras Fluviais: O Caso de Pontal de Macei\u00f3, Cear\u00e1, Brasil - APRH","og_description":"T\u00edtulo: Eros\u00e3o Costeira em Praias Adjacentes \u00e0s Desembocaduras Fluviais: O Caso de Pontal de Macei\u00f3, Cear\u00e1, Brasil Resumo: Esse artigo tem por objetivo analisar a rela\u00e7\u00e3o do processo erosivo com a din\u00e2mica do rio Jaguaribe e a conseq\u00fcente desvaloriza\u00e7\u00e3o dos im\u00f3veis e decl\u00ednio das atividades de lazer na Praia de Pontal de Macei\u00f3, no Munic\u00edpio [&hellip;]","og_url":"https:\/\/aprh.pt\/pt\/publicacoes\/artigos\/erosao-costeira-em-praias-adjacentes-as-desembocaduras-fluviais-o-caso-de-pontal-de-maceio-ceara-brasil\/","og_site_name":"APRH","article_published_time":"2022-06-09T12:32:50+00:00","author":"admin","twitter_card":"summary_large_image","twitter_misc":{"Escrito por":"admin","Tempo estimado de leitura":"3 minutos"},"schema":{"@context":"https:\/\/schema.org","@graph":[{"@type":"Article","@id":"https:\/\/aprh.pt\/pt\/publicacoes\/artigos\/erosao-costeira-em-praias-adjacentes-as-desembocaduras-fluviais-o-caso-de-pontal-de-maceio-ceara-brasil\/#article","isPartOf":{"@id":"https:\/\/aprh.pt\/pt\/publicacoes\/artigos\/erosao-costeira-em-praias-adjacentes-as-desembocaduras-fluviais-o-caso-de-pontal-de-maceio-ceara-brasil\/"},"author":{"name":"admin","@id":"https:\/\/aprh.pt\/pt\/#\/schema\/person\/48b266141210923df72b6ffbb5cdcbaa"},"headline":"Eros\u00e3o Costeira em Praias Adjacentes \u00e0s Desembocaduras Fluviais: O Caso de Pontal de Macei\u00f3, Cear\u00e1, Brasil","datePublished":"2022-06-09T12:32:50+00:00","dateModified":"2022-06-09T12:32:50+00:00","mainEntityOfPage":{"@id":"https:\/\/aprh.pt\/pt\/publicacoes\/artigos\/erosao-costeira-em-praias-adjacentes-as-desembocaduras-fluviais-o-caso-de-pontal-de-maceio-ceara-brasil\/"},"wordCount":630,"commentCount":0,"publisher":{"@id":"https:\/\/aprh.pt\/pt\/#organization"},"articleSection":["Artigos"],"inLanguage":"pt-PT","potentialAction":[{"@type":"CommentAction","name":"Comment","target":["https:\/\/aprh.pt\/pt\/publicacoes\/artigos\/erosao-costeira-em-praias-adjacentes-as-desembocaduras-fluviais-o-caso-de-pontal-de-maceio-ceara-brasil\/#respond"]}]},{"@type":"WebPage","@id":"https:\/\/aprh.pt\/pt\/publicacoes\/artigos\/erosao-costeira-em-praias-adjacentes-as-desembocaduras-fluviais-o-caso-de-pontal-de-maceio-ceara-brasil\/","url":"https:\/\/aprh.pt\/pt\/publicacoes\/artigos\/erosao-costeira-em-praias-adjacentes-as-desembocaduras-fluviais-o-caso-de-pontal-de-maceio-ceara-brasil\/","name":"Eros\u00e3o Costeira em Praias Adjacentes \u00e0s Desembocaduras Fluviais: O Caso de Pontal de Macei\u00f3, Cear\u00e1, Brasil - APRH","isPartOf":{"@id":"https:\/\/aprh.pt\/pt\/#website"},"datePublished":"2022-06-09T12:32:50+00:00","dateModified":"2022-06-09T12:32:50+00:00","breadcrumb":{"@id":"https:\/\/aprh.pt\/pt\/publicacoes\/artigos\/erosao-costeira-em-praias-adjacentes-as-desembocaduras-fluviais-o-caso-de-pontal-de-maceio-ceara-brasil\/#breadcrumb"},"inLanguage":"pt-PT","potentialAction":[{"@type":"ReadAction","target":["https:\/\/aprh.pt\/pt\/publicacoes\/artigos\/erosao-costeira-em-praias-adjacentes-as-desembocaduras-fluviais-o-caso-de-pontal-de-maceio-ceara-brasil\/"]}]},{"@type":"BreadcrumbList","@id":"https:\/\/aprh.pt\/pt\/publicacoes\/artigos\/erosao-costeira-em-praias-adjacentes-as-desembocaduras-fluviais-o-caso-de-pontal-de-maceio-ceara-brasil\/#breadcrumb","itemListElement":[{"@type":"ListItem","position":1,"name":"Home","item":"https:\/\/aprh.pt\/pt\/"},{"@type":"ListItem","position":2,"name":"Publica\u00e7\u00f5es","item":"https:\/\/aprh.pt\/pt\/category\/publicacoes\/"},{"@type":"ListItem","position":3,"name":"Artigos","item":"https:\/\/aprh.pt\/pt\/category\/publicacoes\/artigos\/"},{"@type":"ListItem","position":4,"name":"Eros\u00e3o Costeira em Praias Adjacentes \u00e0s Desembocaduras Fluviais: O Caso de Pontal de Macei\u00f3, Cear\u00e1, Brasil"}]},{"@type":"WebSite","@id":"https:\/\/aprh.pt\/pt\/#website","url":"https:\/\/aprh.pt\/pt\/","name":"APRH","description":"Associa\u00e7\u00e3o Portuguesa dos Recursos H\u00eddricos","publisher":{"@id":"https:\/\/aprh.pt\/pt\/#organization"},"potentialAction":[{"@type":"SearchAction","target":{"@type":"EntryPoint","urlTemplate":"https:\/\/aprh.pt\/pt\/?s={search_term_string}"},"query-input":{"@type":"PropertyValueSpecification","valueRequired":true,"valueName":"search_term_string"}}],"inLanguage":"pt-PT"},{"@type":"Organization","@id":"https:\/\/aprh.pt\/pt\/#organization","name":"APRH","url":"https:\/\/aprh.pt\/pt\/","logo":{"@type":"ImageObject","inLanguage":"pt-PT","@id":"https:\/\/aprh.pt\/pt\/#\/schema\/logo\/image\/","url":"https:\/\/aprh.pt\/wp-content\/uploads\/2022\/04\/logotipo.png","contentUrl":"https:\/\/aprh.pt\/wp-content\/uploads\/2022\/04\/logotipo.png","width":181,"height":80,"caption":"APRH"},"image":{"@id":"https:\/\/aprh.pt\/pt\/#\/schema\/logo\/image\/"}},{"@type":"Person","@id":"https:\/\/aprh.pt\/pt\/#\/schema\/person\/48b266141210923df72b6ffbb5cdcbaa","name":"admin","image":{"@type":"ImageObject","inLanguage":"pt-PT","@id":"https:\/\/aprh.pt\/pt\/#\/schema\/person\/image\/","url":"https:\/\/secure.gravatar.com\/avatar\/596e45d48db05fe4ed97c1aa961f66ff?s=96&d=mm&r=g","contentUrl":"https:\/\/secure.gravatar.com\/avatar\/596e45d48db05fe4ed97c1aa961f66ff?s=96&d=mm&r=g","caption":"admin"},"sameAs":["https:\/\/aprh.zalox.pt"],"url":"https:\/\/aprh.pt\/pt\/author\/zalox\/"}]}},"_links":{"self":[{"href":"https:\/\/aprh.pt\/pt\/wp-json\/wp\/v2\/posts\/36551","targetHints":{"allow":["GET"]}}],"collection":[{"href":"https:\/\/aprh.pt\/pt\/wp-json\/wp\/v2\/posts"}],"about":[{"href":"https:\/\/aprh.pt\/pt\/wp-json\/wp\/v2\/types\/post"}],"author":[{"embeddable":true,"href":"https:\/\/aprh.pt\/pt\/wp-json\/wp\/v2\/users\/1"}],"replies":[{"embeddable":true,"href":"https:\/\/aprh.pt\/pt\/wp-json\/wp\/v2\/comments?post=36551"}],"version-history":[{"count":0,"href":"https:\/\/aprh.pt\/pt\/wp-json\/wp\/v2\/posts\/36551\/revisions"}],"wp:attachment":[{"href":"https:\/\/aprh.pt\/pt\/wp-json\/wp\/v2\/media?parent=36551"}],"wp:term":[{"taxonomy":"category","embeddable":true,"href":"https:\/\/aprh.pt\/pt\/wp-json\/wp\/v2\/categories?post=36551"},{"taxonomy":"post_tag","embeddable":true,"href":"https:\/\/aprh.pt\/pt\/wp-json\/wp\/v2\/tags?post=36551"}],"curies":[{"name":"wp","href":"https:\/\/api.w.org\/{rel}","templated":true}]}}