{"id":36587,"date":"2022-06-09T12:33:01","date_gmt":"2022-06-09T12:33:01","guid":{"rendered":"https:\/\/aprh.zalox.pt\/sem-categoria\/efeitos-da-expansao-urbana-nas-ilhas-do-baixo-estuario-do-amazonas-o-caso-de-soure-arquipelago-do-marajo\/"},"modified":"2022-06-09T12:33:01","modified_gmt":"2022-06-09T12:33:01","slug":"efeitos-da-expansao-urbana-nas-ilhas-do-baixo-estuario-do-amazonas-o-caso-de-soure-arquipelago-do-marajo","status":"publish","type":"post","link":"https:\/\/aprh.pt\/pt\/publicacoes\/artigos\/efeitos-da-expansao-urbana-nas-ilhas-do-baixo-estuario-do-amazonas-o-caso-de-soure-arquipelago-do-marajo\/","title":{"rendered":"Efeitos da Expans\u00e3o Urbana nas Ilhas do Baixo Estu\u00e1rio do Amazonas: O Caso de Soure, Arquip\u00e9lago do Maraj\u00f3"},"content":{"rendered":"<h6>T\u00edtulo:<\/h6>\n<p>Efeitos da Expans\u00e3o Urbana nas Ilhas do Baixo Estu\u00e1rio do Amazonas: O Caso de Soure, Arquip\u00e9lago do Maraj\u00f3<\/p>\n<h6>Resumo:<\/h6>\n<p>O desenvolvimento de um modelo de gest\u00e3o adequado e concreto no caso de ilhas do baixo estu\u00e1rio amaz\u00f4nico \u00e9 urgente, pois atualmente muitas destas regi\u00f5es n\u00e3o possuem um estudo de ordena\u00e7\u00e3o do espa\u00e7o litoral e n\u00e3o est\u00e3o preparadas para enfrentar danos provenientes do alto adensamento urbano, falta de saneamento b\u00e1sico e riscos ambientais importantes, como o aumento do n\u00edvel do mar que tornaria a situa\u00e7\u00e3o do litoral insular amaz\u00f4nico ainda mais preocupante. Por estes motivos, este trabalho \u00e9 uma contribui\u00e7\u00e3o ao Projeto de Gest\u00e3o Integrada da Orla Fluvio-Mar\u00edtima &#8211; Projeto Orla que pretende colaborar para uma melhor gest\u00e3o do uso e ocupa\u00e7\u00e3o da orla fluvio-mar\u00edtima da cidade de Soure (0\u00b043\u2019S\/ 48\u00b031\u2019W). A relev\u00e2ncia deste estudo encontra-se nos aspectos da territorialidade. Dentro deste escopo, o estudo tem quatro objetivos: (1) Caracterizar, dividir e classificar a orla fluvio-mar\u00edtima da cidade de Soure, Arquip\u00e9lago do Maraj\u00f3-PA, segundo o Projeto Orla; (2) Identificar alguns usos e conflitos na orla fluvio-mar\u00edtima da cidade de Soure; (3) Tra\u00e7ar um perfil ambiental do Rio Paracauari; e (4) Sugerir cen\u00e1rios de uso e ocupa\u00e7\u00e3o da orla fluvio-mar\u00edtima da cidade de Soure, segundo o Projeto Orla. Seguindo a metodologia do Projeto Orla, a orla da cidade de Soure foi dividida em tr\u00eas unidades I, II e III. A unidade I est\u00e1 em processo de urbaniza\u00e7\u00e3o, a unidade II \u00e9 de urbaniza\u00e7\u00e3o consolidada e a unidade III n\u00e3o \u00e9 urbanizada. Na unidade IIa foi observado o lan\u00e7amento de efluentes do curtume, do matadouro e dos lixiviados do cemit\u00e9rio no rio Paracauri, enquanto o trecho IIb \u00e9 caracterizado principalmente por uma densa ocupa\u00e7\u00e3o urbana. Observaram-se os seguintes conflitos: (a) Preserva\u00e7\u00e3o das caracter\u00edsticas naturais da orla vs. constru\u00e7\u00f5es sobre a orla; (b) Preserva\u00e7\u00e3o da faixa marginal da orla vs.expans\u00e3o urbana; (c) Preserva\u00e7\u00e3o da qualidade da \u00e1gua do rio Paracuari vs. lan\u00e7amento de efluentes no rio; e (d) Constru\u00e7\u00f5es irregulares e aterros sobre a orla vs. processos erosivos e mudan\u00e7a na configura\u00e7\u00e3o atual da orla. Tendo em vista tais conflitos, sugere-se: (i) Um projeto urbano-paisag\u00edstico da orla; (ii) O ordenamento das atividades comerciais e semi-industriais; (iii) Um projeto de saneamento b\u00e1sico; e (iv) Preserva\u00e7\u00e3o das caracter\u00edsticas naturais e da faixa marginal da orla. Desta contribui\u00e7\u00e3o inicial ao estudo de ordena\u00e7\u00e3o do espa\u00e7o costeiro da orla fluvio-mar\u00edtima de Soure constatou-se que n\u00e3o h\u00e1 uma gest\u00e3o da zona costeira para reter ou reverter o processo atual de deteriora\u00e7\u00e3o do uso do solo na margem do rio Paracauari, desta forma \u00e9 imprescind\u00edvel tomar medidas atrav\u00e9s de um plano de gest\u00e3o implantado pelo governo. Seria importante a possibilidade de participa\u00e7\u00e3o de todos os atores envolvidos no uso e na gest\u00e3o da zona costeira da cidade de Soure para elabora\u00e7\u00e3o de um projeto compartilhado e legitimado pela sociedade, o que facilitaria a gest\u00e3o de medidas preventivas para recuperar habitats, minimizar os impactos da ocupa\u00e7\u00e3o desordenada e de poss\u00edveis desastres naturais.<\/p>\n<h6>Autores:<\/h6>\n<p> Maria Ozilea Bezerra Menezes,  Silvio Rafael de Paula Macedo,  Suene Costa Corr\u00eaa,  Elton Ricardo Farage<\/p>\n","protected":false},"excerpt":{"rendered":"<p>T\u00edtulo: Efeitos da Expans\u00e3o Urbana nas Ilhas do Baixo Estu\u00e1rio do Amazonas: O Caso de Soure, Arquip\u00e9lago do Maraj\u00f3 Resumo: O desenvolvimento de um modelo de gest\u00e3o adequado e concreto no caso de ilhas do baixo estu\u00e1rio amaz\u00f4nico \u00e9 urgente, pois atualmente muitas destas regi\u00f5es n\u00e3o possuem um estudo de ordena\u00e7\u00e3o do espa\u00e7o litoral e [&hellip;]<\/p>\n","protected":false},"author":1,"featured_media":0,"comment_status":"open","ping_status":"open","sticky":false,"template":"","format":"standard","meta":{"footnotes":""},"categories":[163],"tags":[],"class_list":["post-36587","post","type-post","status-publish","format-standard","hentry","category-artigos"],"yoast_head":"<!-- This site is optimized with the Yoast SEO plugin v23.8 - https:\/\/yoast.com\/wordpress\/plugins\/seo\/ -->\n<title>Efeitos da Expans\u00e3o Urbana nas Ilhas do Baixo Estu\u00e1rio do Amazonas: O Caso de Soure, Arquip\u00e9lago do Maraj\u00f3 - APRH<\/title>\n<meta name=\"robots\" content=\"index, follow, max-snippet:-1, max-image-preview:large, max-video-preview:-1\" \/>\n<link rel=\"canonical\" href=\"https:\/\/aprh.pt\/pt\/publicacoes\/artigos\/efeitos-da-expansao-urbana-nas-ilhas-do-baixo-estuario-do-amazonas-o-caso-de-soure-arquipelago-do-marajo\/\" \/>\n<meta property=\"og:locale\" content=\"pt_PT\" \/>\n<meta property=\"og:type\" content=\"article\" \/>\n<meta property=\"og:title\" content=\"Efeitos da Expans\u00e3o Urbana nas Ilhas do Baixo Estu\u00e1rio do Amazonas: O Caso de Soure, Arquip\u00e9lago do Maraj\u00f3 - APRH\" \/>\n<meta property=\"og:description\" content=\"T\u00edtulo: Efeitos da Expans\u00e3o Urbana nas Ilhas do Baixo Estu\u00e1rio do Amazonas: O Caso de Soure, Arquip\u00e9lago do Maraj\u00f3 Resumo: O desenvolvimento de um modelo de gest\u00e3o adequado e concreto no caso de ilhas do baixo estu\u00e1rio amaz\u00f4nico \u00e9 urgente, pois atualmente muitas destas regi\u00f5es n\u00e3o possuem um estudo de ordena\u00e7\u00e3o do espa\u00e7o litoral e [&hellip;]\" \/>\n<meta property=\"og:url\" content=\"https:\/\/aprh.pt\/pt\/publicacoes\/artigos\/efeitos-da-expansao-urbana-nas-ilhas-do-baixo-estuario-do-amazonas-o-caso-de-soure-arquipelago-do-marajo\/\" \/>\n<meta property=\"og:site_name\" content=\"APRH\" \/>\n<meta property=\"article:published_time\" content=\"2022-06-09T12:33:01+00:00\" \/>\n<meta name=\"author\" content=\"admin\" \/>\n<meta name=\"twitter:card\" content=\"summary_large_image\" \/>\n<meta name=\"twitter:label1\" content=\"Escrito por\" \/>\n\t<meta name=\"twitter:data1\" content=\"admin\" \/>\n\t<meta name=\"twitter:label2\" content=\"Tempo estimado de leitura\" \/>\n\t<meta name=\"twitter:data2\" content=\"3 minutos\" \/>\n<script type=\"application\/ld+json\" class=\"yoast-schema-graph\">{\"@context\":\"https:\/\/schema.org\",\"@graph\":[{\"@type\":\"Article\",\"@id\":\"https:\/\/aprh.pt\/pt\/publicacoes\/artigos\/efeitos-da-expansao-urbana-nas-ilhas-do-baixo-estuario-do-amazonas-o-caso-de-soure-arquipelago-do-marajo\/#article\",\"isPartOf\":{\"@id\":\"https:\/\/aprh.pt\/pt\/publicacoes\/artigos\/efeitos-da-expansao-urbana-nas-ilhas-do-baixo-estuario-do-amazonas-o-caso-de-soure-arquipelago-do-marajo\/\"},\"author\":{\"name\":\"admin\",\"@id\":\"https:\/\/aprh.pt\/pt\/#\/schema\/person\/48b266141210923df72b6ffbb5cdcbaa\"},\"headline\":\"Efeitos da Expans\u00e3o Urbana nas Ilhas do Baixo Estu\u00e1rio do Amazonas: O Caso de Soure, Arquip\u00e9lago do Maraj\u00f3\",\"datePublished\":\"2022-06-09T12:33:01+00:00\",\"dateModified\":\"2022-06-09T12:33:01+00:00\",\"mainEntityOfPage\":{\"@id\":\"https:\/\/aprh.pt\/pt\/publicacoes\/artigos\/efeitos-da-expansao-urbana-nas-ilhas-do-baixo-estuario-do-amazonas-o-caso-de-soure-arquipelago-do-marajo\/\"},\"wordCount\":590,\"commentCount\":0,\"publisher\":{\"@id\":\"https:\/\/aprh.pt\/pt\/#organization\"},\"articleSection\":[\"Artigos\"],\"inLanguage\":\"pt-PT\",\"potentialAction\":[{\"@type\":\"CommentAction\",\"name\":\"Comment\",\"target\":[\"https:\/\/aprh.pt\/pt\/publicacoes\/artigos\/efeitos-da-expansao-urbana-nas-ilhas-do-baixo-estuario-do-amazonas-o-caso-de-soure-arquipelago-do-marajo\/#respond\"]}]},{\"@type\":\"WebPage\",\"@id\":\"https:\/\/aprh.pt\/pt\/publicacoes\/artigos\/efeitos-da-expansao-urbana-nas-ilhas-do-baixo-estuario-do-amazonas-o-caso-de-soure-arquipelago-do-marajo\/\",\"url\":\"https:\/\/aprh.pt\/pt\/publicacoes\/artigos\/efeitos-da-expansao-urbana-nas-ilhas-do-baixo-estuario-do-amazonas-o-caso-de-soure-arquipelago-do-marajo\/\",\"name\":\"Efeitos da Expans\u00e3o Urbana nas Ilhas do Baixo Estu\u00e1rio do Amazonas: O Caso de Soure, Arquip\u00e9lago do Maraj\u00f3 - APRH\",\"isPartOf\":{\"@id\":\"https:\/\/aprh.pt\/pt\/#website\"},\"datePublished\":\"2022-06-09T12:33:01+00:00\",\"dateModified\":\"2022-06-09T12:33:01+00:00\",\"breadcrumb\":{\"@id\":\"https:\/\/aprh.pt\/pt\/publicacoes\/artigos\/efeitos-da-expansao-urbana-nas-ilhas-do-baixo-estuario-do-amazonas-o-caso-de-soure-arquipelago-do-marajo\/#breadcrumb\"},\"inLanguage\":\"pt-PT\",\"potentialAction\":[{\"@type\":\"ReadAction\",\"target\":[\"https:\/\/aprh.pt\/pt\/publicacoes\/artigos\/efeitos-da-expansao-urbana-nas-ilhas-do-baixo-estuario-do-amazonas-o-caso-de-soure-arquipelago-do-marajo\/\"]}]},{\"@type\":\"BreadcrumbList\",\"@id\":\"https:\/\/aprh.pt\/pt\/publicacoes\/artigos\/efeitos-da-expansao-urbana-nas-ilhas-do-baixo-estuario-do-amazonas-o-caso-de-soure-arquipelago-do-marajo\/#breadcrumb\",\"itemListElement\":[{\"@type\":\"ListItem\",\"position\":1,\"name\":\"Home\",\"item\":\"https:\/\/aprh.pt\/pt\/\"},{\"@type\":\"ListItem\",\"position\":2,\"name\":\"Publica\u00e7\u00f5es\",\"item\":\"https:\/\/aprh.pt\/pt\/category\/publicacoes\/\"},{\"@type\":\"ListItem\",\"position\":3,\"name\":\"Artigos\",\"item\":\"https:\/\/aprh.pt\/pt\/category\/publicacoes\/artigos\/\"},{\"@type\":\"ListItem\",\"position\":4,\"name\":\"Efeitos da Expans\u00e3o Urbana nas Ilhas do Baixo Estu\u00e1rio do Amazonas: O Caso de Soure, Arquip\u00e9lago do Maraj\u00f3\"}]},{\"@type\":\"WebSite\",\"@id\":\"https:\/\/aprh.pt\/pt\/#website\",\"url\":\"https:\/\/aprh.pt\/pt\/\",\"name\":\"APRH\",\"description\":\"Associa\u00e7\u00e3o Portuguesa dos Recursos H\u00eddricos\",\"publisher\":{\"@id\":\"https:\/\/aprh.pt\/pt\/#organization\"},\"potentialAction\":[{\"@type\":\"SearchAction\",\"target\":{\"@type\":\"EntryPoint\",\"urlTemplate\":\"https:\/\/aprh.pt\/pt\/?s={search_term_string}\"},\"query-input\":{\"@type\":\"PropertyValueSpecification\",\"valueRequired\":true,\"valueName\":\"search_term_string\"}}],\"inLanguage\":\"pt-PT\"},{\"@type\":\"Organization\",\"@id\":\"https:\/\/aprh.pt\/pt\/#organization\",\"name\":\"APRH\",\"url\":\"https:\/\/aprh.pt\/pt\/\",\"logo\":{\"@type\":\"ImageObject\",\"inLanguage\":\"pt-PT\",\"@id\":\"https:\/\/aprh.pt\/pt\/#\/schema\/logo\/image\/\",\"url\":\"https:\/\/aprh.pt\/wp-content\/uploads\/2022\/04\/logotipo.png\",\"contentUrl\":\"https:\/\/aprh.pt\/wp-content\/uploads\/2022\/04\/logotipo.png\",\"width\":181,\"height\":80,\"caption\":\"APRH\"},\"image\":{\"@id\":\"https:\/\/aprh.pt\/pt\/#\/schema\/logo\/image\/\"}},{\"@type\":\"Person\",\"@id\":\"https:\/\/aprh.pt\/pt\/#\/schema\/person\/48b266141210923df72b6ffbb5cdcbaa\",\"name\":\"admin\",\"image\":{\"@type\":\"ImageObject\",\"inLanguage\":\"pt-PT\",\"@id\":\"https:\/\/aprh.pt\/pt\/#\/schema\/person\/image\/\",\"url\":\"https:\/\/secure.gravatar.com\/avatar\/596e45d48db05fe4ed97c1aa961f66ff?s=96&d=mm&r=g\",\"contentUrl\":\"https:\/\/secure.gravatar.com\/avatar\/596e45d48db05fe4ed97c1aa961f66ff?s=96&d=mm&r=g\",\"caption\":\"admin\"},\"sameAs\":[\"https:\/\/aprh.zalox.pt\"],\"url\":\"https:\/\/aprh.pt\/pt\/author\/zalox\/\"}]}<\/script>\n<!-- \/ Yoast SEO plugin. -->","yoast_head_json":{"title":"Efeitos da Expans\u00e3o Urbana nas Ilhas do Baixo Estu\u00e1rio do Amazonas: O Caso de Soure, Arquip\u00e9lago do Maraj\u00f3 - APRH","robots":{"index":"index","follow":"follow","max-snippet":"max-snippet:-1","max-image-preview":"max-image-preview:large","max-video-preview":"max-video-preview:-1"},"canonical":"https:\/\/aprh.pt\/pt\/publicacoes\/artigos\/efeitos-da-expansao-urbana-nas-ilhas-do-baixo-estuario-do-amazonas-o-caso-de-soure-arquipelago-do-marajo\/","og_locale":"pt_PT","og_type":"article","og_title":"Efeitos da Expans\u00e3o Urbana nas Ilhas do Baixo Estu\u00e1rio do Amazonas: O Caso de Soure, Arquip\u00e9lago do Maraj\u00f3 - APRH","og_description":"T\u00edtulo: Efeitos da Expans\u00e3o Urbana nas Ilhas do Baixo Estu\u00e1rio do Amazonas: O Caso de Soure, Arquip\u00e9lago do Maraj\u00f3 Resumo: O desenvolvimento de um modelo de gest\u00e3o adequado e concreto no caso de ilhas do baixo estu\u00e1rio amaz\u00f4nico \u00e9 urgente, pois atualmente muitas destas regi\u00f5es n\u00e3o possuem um estudo de ordena\u00e7\u00e3o do espa\u00e7o litoral e [&hellip;]","og_url":"https:\/\/aprh.pt\/pt\/publicacoes\/artigos\/efeitos-da-expansao-urbana-nas-ilhas-do-baixo-estuario-do-amazonas-o-caso-de-soure-arquipelago-do-marajo\/","og_site_name":"APRH","article_published_time":"2022-06-09T12:33:01+00:00","author":"admin","twitter_card":"summary_large_image","twitter_misc":{"Escrito por":"admin","Tempo estimado de leitura":"3 minutos"},"schema":{"@context":"https:\/\/schema.org","@graph":[{"@type":"Article","@id":"https:\/\/aprh.pt\/pt\/publicacoes\/artigos\/efeitos-da-expansao-urbana-nas-ilhas-do-baixo-estuario-do-amazonas-o-caso-de-soure-arquipelago-do-marajo\/#article","isPartOf":{"@id":"https:\/\/aprh.pt\/pt\/publicacoes\/artigos\/efeitos-da-expansao-urbana-nas-ilhas-do-baixo-estuario-do-amazonas-o-caso-de-soure-arquipelago-do-marajo\/"},"author":{"name":"admin","@id":"https:\/\/aprh.pt\/pt\/#\/schema\/person\/48b266141210923df72b6ffbb5cdcbaa"},"headline":"Efeitos da Expans\u00e3o Urbana nas Ilhas do Baixo Estu\u00e1rio do Amazonas: O Caso de Soure, Arquip\u00e9lago do Maraj\u00f3","datePublished":"2022-06-09T12:33:01+00:00","dateModified":"2022-06-09T12:33:01+00:00","mainEntityOfPage":{"@id":"https:\/\/aprh.pt\/pt\/publicacoes\/artigos\/efeitos-da-expansao-urbana-nas-ilhas-do-baixo-estuario-do-amazonas-o-caso-de-soure-arquipelago-do-marajo\/"},"wordCount":590,"commentCount":0,"publisher":{"@id":"https:\/\/aprh.pt\/pt\/#organization"},"articleSection":["Artigos"],"inLanguage":"pt-PT","potentialAction":[{"@type":"CommentAction","name":"Comment","target":["https:\/\/aprh.pt\/pt\/publicacoes\/artigos\/efeitos-da-expansao-urbana-nas-ilhas-do-baixo-estuario-do-amazonas-o-caso-de-soure-arquipelago-do-marajo\/#respond"]}]},{"@type":"WebPage","@id":"https:\/\/aprh.pt\/pt\/publicacoes\/artigos\/efeitos-da-expansao-urbana-nas-ilhas-do-baixo-estuario-do-amazonas-o-caso-de-soure-arquipelago-do-marajo\/","url":"https:\/\/aprh.pt\/pt\/publicacoes\/artigos\/efeitos-da-expansao-urbana-nas-ilhas-do-baixo-estuario-do-amazonas-o-caso-de-soure-arquipelago-do-marajo\/","name":"Efeitos da Expans\u00e3o Urbana nas Ilhas do Baixo Estu\u00e1rio do Amazonas: O Caso de Soure, Arquip\u00e9lago do Maraj\u00f3 - APRH","isPartOf":{"@id":"https:\/\/aprh.pt\/pt\/#website"},"datePublished":"2022-06-09T12:33:01+00:00","dateModified":"2022-06-09T12:33:01+00:00","breadcrumb":{"@id":"https:\/\/aprh.pt\/pt\/publicacoes\/artigos\/efeitos-da-expansao-urbana-nas-ilhas-do-baixo-estuario-do-amazonas-o-caso-de-soure-arquipelago-do-marajo\/#breadcrumb"},"inLanguage":"pt-PT","potentialAction":[{"@type":"ReadAction","target":["https:\/\/aprh.pt\/pt\/publicacoes\/artigos\/efeitos-da-expansao-urbana-nas-ilhas-do-baixo-estuario-do-amazonas-o-caso-de-soure-arquipelago-do-marajo\/"]}]},{"@type":"BreadcrumbList","@id":"https:\/\/aprh.pt\/pt\/publicacoes\/artigos\/efeitos-da-expansao-urbana-nas-ilhas-do-baixo-estuario-do-amazonas-o-caso-de-soure-arquipelago-do-marajo\/#breadcrumb","itemListElement":[{"@type":"ListItem","position":1,"name":"Home","item":"https:\/\/aprh.pt\/pt\/"},{"@type":"ListItem","position":2,"name":"Publica\u00e7\u00f5es","item":"https:\/\/aprh.pt\/pt\/category\/publicacoes\/"},{"@type":"ListItem","position":3,"name":"Artigos","item":"https:\/\/aprh.pt\/pt\/category\/publicacoes\/artigos\/"},{"@type":"ListItem","position":4,"name":"Efeitos da Expans\u00e3o Urbana nas Ilhas do Baixo Estu\u00e1rio do Amazonas: O Caso de Soure, Arquip\u00e9lago do Maraj\u00f3"}]},{"@type":"WebSite","@id":"https:\/\/aprh.pt\/pt\/#website","url":"https:\/\/aprh.pt\/pt\/","name":"APRH","description":"Associa\u00e7\u00e3o Portuguesa dos Recursos H\u00eddricos","publisher":{"@id":"https:\/\/aprh.pt\/pt\/#organization"},"potentialAction":[{"@type":"SearchAction","target":{"@type":"EntryPoint","urlTemplate":"https:\/\/aprh.pt\/pt\/?s={search_term_string}"},"query-input":{"@type":"PropertyValueSpecification","valueRequired":true,"valueName":"search_term_string"}}],"inLanguage":"pt-PT"},{"@type":"Organization","@id":"https:\/\/aprh.pt\/pt\/#organization","name":"APRH","url":"https:\/\/aprh.pt\/pt\/","logo":{"@type":"ImageObject","inLanguage":"pt-PT","@id":"https:\/\/aprh.pt\/pt\/#\/schema\/logo\/image\/","url":"https:\/\/aprh.pt\/wp-content\/uploads\/2022\/04\/logotipo.png","contentUrl":"https:\/\/aprh.pt\/wp-content\/uploads\/2022\/04\/logotipo.png","width":181,"height":80,"caption":"APRH"},"image":{"@id":"https:\/\/aprh.pt\/pt\/#\/schema\/logo\/image\/"}},{"@type":"Person","@id":"https:\/\/aprh.pt\/pt\/#\/schema\/person\/48b266141210923df72b6ffbb5cdcbaa","name":"admin","image":{"@type":"ImageObject","inLanguage":"pt-PT","@id":"https:\/\/aprh.pt\/pt\/#\/schema\/person\/image\/","url":"https:\/\/secure.gravatar.com\/avatar\/596e45d48db05fe4ed97c1aa961f66ff?s=96&d=mm&r=g","contentUrl":"https:\/\/secure.gravatar.com\/avatar\/596e45d48db05fe4ed97c1aa961f66ff?s=96&d=mm&r=g","caption":"admin"},"sameAs":["https:\/\/aprh.zalox.pt"],"url":"https:\/\/aprh.pt\/pt\/author\/zalox\/"}]}},"_links":{"self":[{"href":"https:\/\/aprh.pt\/pt\/wp-json\/wp\/v2\/posts\/36587","targetHints":{"allow":["GET"]}}],"collection":[{"href":"https:\/\/aprh.pt\/pt\/wp-json\/wp\/v2\/posts"}],"about":[{"href":"https:\/\/aprh.pt\/pt\/wp-json\/wp\/v2\/types\/post"}],"author":[{"embeddable":true,"href":"https:\/\/aprh.pt\/pt\/wp-json\/wp\/v2\/users\/1"}],"replies":[{"embeddable":true,"href":"https:\/\/aprh.pt\/pt\/wp-json\/wp\/v2\/comments?post=36587"}],"version-history":[{"count":0,"href":"https:\/\/aprh.pt\/pt\/wp-json\/wp\/v2\/posts\/36587\/revisions"}],"wp:attachment":[{"href":"https:\/\/aprh.pt\/pt\/wp-json\/wp\/v2\/media?parent=36587"}],"wp:term":[{"taxonomy":"category","embeddable":true,"href":"https:\/\/aprh.pt\/pt\/wp-json\/wp\/v2\/categories?post=36587"},{"taxonomy":"post_tag","embeddable":true,"href":"https:\/\/aprh.pt\/pt\/wp-json\/wp\/v2\/tags?post=36587"}],"curies":[{"name":"wp","href":"https:\/\/api.w.org\/{rel}","templated":true}]}}