{"id":36602,"date":"2022-06-09T12:33:06","date_gmt":"2022-06-09T12:33:06","guid":{"rendered":"https:\/\/aprh.zalox.pt\/sem-categoria\/breve-caracterizacao-do-subsistema-de-informacao-de-gestao-de-clientes-da-epal\/"},"modified":"2022-06-09T12:33:06","modified_gmt":"2022-06-09T12:33:06","slug":"breve-caracterizacao-do-subsistema-de-informacao-de-gestao-de-clientes-da-epal","status":"publish","type":"post","link":"https:\/\/aprh.pt\/pt\/publicacoes\/artigos\/breve-caracterizacao-do-subsistema-de-informacao-de-gestao-de-clientes-da-epal\/","title":{"rendered":"Breve caracteriza\u00e7\u00e3o do subsistema de informa\u00e7\u00e3o de gest\u00e3o de clientes da EPAL"},"content":{"rendered":"<h6>T\u00edtulo:<\/h6>\n<p>Breve caracteriza\u00e7\u00e3o do subsistema de informa\u00e7\u00e3o de gest\u00e3o de clientes da EPAL<\/p>\n<h6>Resumo:<\/h6>\n<p>O SIGC &#8211; Sistema Integrado de Gest\u00e3o de Clientes, foi analisado e desenvolvido tendo como grande objectivo dotar a EPAL de uma plataforma integrada, assente na transversalidade de processos, com os quais as diferentes \u00e1reas de gest\u00e3o n\u00e3o s\u00e3o simplesmente um agregado de fun\u00e7\u00f5es distintas emergentes das preocupa\u00e7\u00f5es de cada servi\u00e7o, mas que funcionam como um todo, potenciando a qualidade da informa\u00e7\u00e3o e um elevado n\u00edvel de presta\u00e7\u00e3o de servi\u00e7o aos seus clientes. O SIGC alia uma adequada infra-estrutura t\u00e9cnica, que suporta a solu\u00e7\u00e3o idealizada assente em Bases de Dados Relacionais, que permitem grandes facilidades, nomeadamente em termos de transfer\u00eancia de aplica\u00e7\u00f5es para diferentes plataformas de hardware, de poder implementar uma filosofia de cliente\/servidor e possibilitar a distribui\u00e7\u00e3o f\u00edsica da Base de Dados em diferentes computadores duma forma transparente. O SIGC, que permite orientar o processo numa \u00f3ptica de empresa da gest\u00e3o do cliente ao longo do seu ciclo de vida, desde a firma\u00e7\u00e3o do contrato \u00e0 sua rescis\u00e3o, \u00e9 representado pelo seguinte conjunto de \u00e1reas de gest\u00e3o: contadores, tra\u00e7ados, cadastro f\u00edsico, clientes, servi\u00e7os, consumos, factura\u00e7\u00e3o e cobran\u00e7as. Os primeiros tr\u00eas referem-se \u00e0 gest\u00e3o de infra-estrutura e os restantes \u00e0 gest\u00e3o do contrato. O SIGC permite ainda a integra\u00e7\u00e3o com outros Subsistemas como a linha verde que recebe, valida e transfere leituras do cliente, equipamentos de leitura que enviam dados para os equipamentos port\u00e1teis de leitura e recebem os dados de leituras recolhidas pelos leitores e ainda o Subsistema de Aprovisionamentos que permite obter pre\u00e7os de materiais para or\u00e7amentos ou pre\u00e7amento de servi\u00e7os. O SIGC, foi desenvolvido em cerca de um ano e meio e tem merecido o apoio empenhado e participado de todos os utilizadores.<\/p>\n<h6>Autores:<\/h6>\n<p> Vitor B. Vale<\/p>\n","protected":false},"excerpt":{"rendered":"<p>T\u00edtulo: Breve caracteriza\u00e7\u00e3o do subsistema de informa\u00e7\u00e3o de gest\u00e3o de clientes da EPAL Resumo: O SIGC &#8211; Sistema Integrado de Gest\u00e3o de Clientes, foi analisado e desenvolvido tendo como grande objectivo dotar a EPAL de uma plataforma integrada, assente na transversalidade de processos, com os quais as diferentes \u00e1reas de gest\u00e3o n\u00e3o s\u00e3o simplesmente um [&hellip;]<\/p>\n","protected":false},"author":1,"featured_media":0,"comment_status":"open","ping_status":"open","sticky":false,"template":"","format":"standard","meta":{"footnotes":""},"categories":[163],"tags":[],"class_list":["post-36602","post","type-post","status-publish","format-standard","hentry","category-artigos"],"yoast_head":"<!-- This site is optimized with the Yoast SEO plugin v23.8 - https:\/\/yoast.com\/wordpress\/plugins\/seo\/ -->\n<title>Breve caracteriza\u00e7\u00e3o do subsistema de informa\u00e7\u00e3o de gest\u00e3o de clientes da EPAL - APRH<\/title>\n<meta name=\"robots\" content=\"index, follow, max-snippet:-1, max-image-preview:large, max-video-preview:-1\" \/>\n<link rel=\"canonical\" href=\"https:\/\/aprh.pt\/pt\/publicacoes\/artigos\/breve-caracterizacao-do-subsistema-de-informacao-de-gestao-de-clientes-da-epal\/\" \/>\n<meta property=\"og:locale\" content=\"pt_PT\" \/>\n<meta property=\"og:type\" content=\"article\" \/>\n<meta property=\"og:title\" content=\"Breve caracteriza\u00e7\u00e3o do subsistema de informa\u00e7\u00e3o de gest\u00e3o de clientes da EPAL - APRH\" \/>\n<meta property=\"og:description\" content=\"T\u00edtulo: Breve caracteriza\u00e7\u00e3o do subsistema de informa\u00e7\u00e3o de gest\u00e3o de clientes da EPAL Resumo: O SIGC &#8211; Sistema Integrado de Gest\u00e3o de Clientes, foi analisado e desenvolvido tendo como grande objectivo dotar a EPAL de uma plataforma integrada, assente na transversalidade de processos, com os quais as diferentes \u00e1reas de gest\u00e3o n\u00e3o s\u00e3o simplesmente um [&hellip;]\" \/>\n<meta property=\"og:url\" content=\"https:\/\/aprh.pt\/pt\/publicacoes\/artigos\/breve-caracterizacao-do-subsistema-de-informacao-de-gestao-de-clientes-da-epal\/\" \/>\n<meta property=\"og:site_name\" content=\"APRH\" \/>\n<meta property=\"article:published_time\" content=\"2022-06-09T12:33:06+00:00\" \/>\n<meta name=\"author\" content=\"admin\" \/>\n<meta name=\"twitter:card\" content=\"summary_large_image\" \/>\n<meta name=\"twitter:label1\" content=\"Escrito por\" \/>\n\t<meta name=\"twitter:data1\" content=\"admin\" \/>\n\t<meta name=\"twitter:label2\" content=\"Tempo estimado de leitura\" \/>\n\t<meta name=\"twitter:data2\" content=\"2 minutos\" \/>\n<script type=\"application\/ld+json\" class=\"yoast-schema-graph\">{\"@context\":\"https:\/\/schema.org\",\"@graph\":[{\"@type\":\"Article\",\"@id\":\"https:\/\/aprh.pt\/pt\/publicacoes\/artigos\/breve-caracterizacao-do-subsistema-de-informacao-de-gestao-de-clientes-da-epal\/#article\",\"isPartOf\":{\"@id\":\"https:\/\/aprh.pt\/pt\/publicacoes\/artigos\/breve-caracterizacao-do-subsistema-de-informacao-de-gestao-de-clientes-da-epal\/\"},\"author\":{\"name\":\"admin\",\"@id\":\"https:\/\/aprh.pt\/pt\/#\/schema\/person\/48b266141210923df72b6ffbb5cdcbaa\"},\"headline\":\"Breve caracteriza\u00e7\u00e3o do subsistema de informa\u00e7\u00e3o de gest\u00e3o de clientes da EPAL\",\"datePublished\":\"2022-06-09T12:33:06+00:00\",\"dateModified\":\"2022-06-09T12:33:06+00:00\",\"mainEntityOfPage\":{\"@id\":\"https:\/\/aprh.pt\/pt\/publicacoes\/artigos\/breve-caracterizacao-do-subsistema-de-informacao-de-gestao-de-clientes-da-epal\/\"},\"wordCount\":345,\"commentCount\":0,\"publisher\":{\"@id\":\"https:\/\/aprh.pt\/pt\/#organization\"},\"articleSection\":[\"Artigos\"],\"inLanguage\":\"pt-PT\",\"potentialAction\":[{\"@type\":\"CommentAction\",\"name\":\"Comment\",\"target\":[\"https:\/\/aprh.pt\/pt\/publicacoes\/artigos\/breve-caracterizacao-do-subsistema-de-informacao-de-gestao-de-clientes-da-epal\/#respond\"]}]},{\"@type\":\"WebPage\",\"@id\":\"https:\/\/aprh.pt\/pt\/publicacoes\/artigos\/breve-caracterizacao-do-subsistema-de-informacao-de-gestao-de-clientes-da-epal\/\",\"url\":\"https:\/\/aprh.pt\/pt\/publicacoes\/artigos\/breve-caracterizacao-do-subsistema-de-informacao-de-gestao-de-clientes-da-epal\/\",\"name\":\"Breve caracteriza\u00e7\u00e3o do subsistema de informa\u00e7\u00e3o de gest\u00e3o de clientes da EPAL - APRH\",\"isPartOf\":{\"@id\":\"https:\/\/aprh.pt\/pt\/#website\"},\"datePublished\":\"2022-06-09T12:33:06+00:00\",\"dateModified\":\"2022-06-09T12:33:06+00:00\",\"breadcrumb\":{\"@id\":\"https:\/\/aprh.pt\/pt\/publicacoes\/artigos\/breve-caracterizacao-do-subsistema-de-informacao-de-gestao-de-clientes-da-epal\/#breadcrumb\"},\"inLanguage\":\"pt-PT\",\"potentialAction\":[{\"@type\":\"ReadAction\",\"target\":[\"https:\/\/aprh.pt\/pt\/publicacoes\/artigos\/breve-caracterizacao-do-subsistema-de-informacao-de-gestao-de-clientes-da-epal\/\"]}]},{\"@type\":\"BreadcrumbList\",\"@id\":\"https:\/\/aprh.pt\/pt\/publicacoes\/artigos\/breve-caracterizacao-do-subsistema-de-informacao-de-gestao-de-clientes-da-epal\/#breadcrumb\",\"itemListElement\":[{\"@type\":\"ListItem\",\"position\":1,\"name\":\"Home\",\"item\":\"https:\/\/aprh.pt\/pt\/\"},{\"@type\":\"ListItem\",\"position\":2,\"name\":\"Publica\u00e7\u00f5es\",\"item\":\"https:\/\/aprh.pt\/pt\/category\/publicacoes\/\"},{\"@type\":\"ListItem\",\"position\":3,\"name\":\"Artigos\",\"item\":\"https:\/\/aprh.pt\/pt\/category\/publicacoes\/artigos\/\"},{\"@type\":\"ListItem\",\"position\":4,\"name\":\"Breve caracteriza\u00e7\u00e3o do subsistema de informa\u00e7\u00e3o de gest\u00e3o de clientes da EPAL\"}]},{\"@type\":\"WebSite\",\"@id\":\"https:\/\/aprh.pt\/pt\/#website\",\"url\":\"https:\/\/aprh.pt\/pt\/\",\"name\":\"APRH\",\"description\":\"Associa\u00e7\u00e3o Portuguesa dos Recursos H\u00eddricos\",\"publisher\":{\"@id\":\"https:\/\/aprh.pt\/pt\/#organization\"},\"potentialAction\":[{\"@type\":\"SearchAction\",\"target\":{\"@type\":\"EntryPoint\",\"urlTemplate\":\"https:\/\/aprh.pt\/pt\/?s={search_term_string}\"},\"query-input\":{\"@type\":\"PropertyValueSpecification\",\"valueRequired\":true,\"valueName\":\"search_term_string\"}}],\"inLanguage\":\"pt-PT\"},{\"@type\":\"Organization\",\"@id\":\"https:\/\/aprh.pt\/pt\/#organization\",\"name\":\"APRH\",\"url\":\"https:\/\/aprh.pt\/pt\/\",\"logo\":{\"@type\":\"ImageObject\",\"inLanguage\":\"pt-PT\",\"@id\":\"https:\/\/aprh.pt\/pt\/#\/schema\/logo\/image\/\",\"url\":\"https:\/\/aprh.pt\/wp-content\/uploads\/2022\/04\/logotipo.png\",\"contentUrl\":\"https:\/\/aprh.pt\/wp-content\/uploads\/2022\/04\/logotipo.png\",\"width\":181,\"height\":80,\"caption\":\"APRH\"},\"image\":{\"@id\":\"https:\/\/aprh.pt\/pt\/#\/schema\/logo\/image\/\"}},{\"@type\":\"Person\",\"@id\":\"https:\/\/aprh.pt\/pt\/#\/schema\/person\/48b266141210923df72b6ffbb5cdcbaa\",\"name\":\"admin\",\"image\":{\"@type\":\"ImageObject\",\"inLanguage\":\"pt-PT\",\"@id\":\"https:\/\/aprh.pt\/pt\/#\/schema\/person\/image\/\",\"url\":\"https:\/\/secure.gravatar.com\/avatar\/596e45d48db05fe4ed97c1aa961f66ff?s=96&d=mm&r=g\",\"contentUrl\":\"https:\/\/secure.gravatar.com\/avatar\/596e45d48db05fe4ed97c1aa961f66ff?s=96&d=mm&r=g\",\"caption\":\"admin\"},\"sameAs\":[\"https:\/\/aprh.zalox.pt\"],\"url\":\"https:\/\/aprh.pt\/pt\/author\/zalox\/\"}]}<\/script>\n<!-- \/ Yoast SEO plugin. -->","yoast_head_json":{"title":"Breve caracteriza\u00e7\u00e3o do subsistema de informa\u00e7\u00e3o de gest\u00e3o de clientes da EPAL - APRH","robots":{"index":"index","follow":"follow","max-snippet":"max-snippet:-1","max-image-preview":"max-image-preview:large","max-video-preview":"max-video-preview:-1"},"canonical":"https:\/\/aprh.pt\/pt\/publicacoes\/artigos\/breve-caracterizacao-do-subsistema-de-informacao-de-gestao-de-clientes-da-epal\/","og_locale":"pt_PT","og_type":"article","og_title":"Breve caracteriza\u00e7\u00e3o do subsistema de informa\u00e7\u00e3o de gest\u00e3o de clientes da EPAL - APRH","og_description":"T\u00edtulo: Breve caracteriza\u00e7\u00e3o do subsistema de informa\u00e7\u00e3o de gest\u00e3o de clientes da EPAL Resumo: O SIGC &#8211; Sistema Integrado de Gest\u00e3o de Clientes, foi analisado e desenvolvido tendo como grande objectivo dotar a EPAL de uma plataforma integrada, assente na transversalidade de processos, com os quais as diferentes \u00e1reas de gest\u00e3o n\u00e3o s\u00e3o simplesmente um [&hellip;]","og_url":"https:\/\/aprh.pt\/pt\/publicacoes\/artigos\/breve-caracterizacao-do-subsistema-de-informacao-de-gestao-de-clientes-da-epal\/","og_site_name":"APRH","article_published_time":"2022-06-09T12:33:06+00:00","author":"admin","twitter_card":"summary_large_image","twitter_misc":{"Escrito por":"admin","Tempo estimado de leitura":"2 minutos"},"schema":{"@context":"https:\/\/schema.org","@graph":[{"@type":"Article","@id":"https:\/\/aprh.pt\/pt\/publicacoes\/artigos\/breve-caracterizacao-do-subsistema-de-informacao-de-gestao-de-clientes-da-epal\/#article","isPartOf":{"@id":"https:\/\/aprh.pt\/pt\/publicacoes\/artigos\/breve-caracterizacao-do-subsistema-de-informacao-de-gestao-de-clientes-da-epal\/"},"author":{"name":"admin","@id":"https:\/\/aprh.pt\/pt\/#\/schema\/person\/48b266141210923df72b6ffbb5cdcbaa"},"headline":"Breve caracteriza\u00e7\u00e3o do subsistema de informa\u00e7\u00e3o de gest\u00e3o de clientes da EPAL","datePublished":"2022-06-09T12:33:06+00:00","dateModified":"2022-06-09T12:33:06+00:00","mainEntityOfPage":{"@id":"https:\/\/aprh.pt\/pt\/publicacoes\/artigos\/breve-caracterizacao-do-subsistema-de-informacao-de-gestao-de-clientes-da-epal\/"},"wordCount":345,"commentCount":0,"publisher":{"@id":"https:\/\/aprh.pt\/pt\/#organization"},"articleSection":["Artigos"],"inLanguage":"pt-PT","potentialAction":[{"@type":"CommentAction","name":"Comment","target":["https:\/\/aprh.pt\/pt\/publicacoes\/artigos\/breve-caracterizacao-do-subsistema-de-informacao-de-gestao-de-clientes-da-epal\/#respond"]}]},{"@type":"WebPage","@id":"https:\/\/aprh.pt\/pt\/publicacoes\/artigos\/breve-caracterizacao-do-subsistema-de-informacao-de-gestao-de-clientes-da-epal\/","url":"https:\/\/aprh.pt\/pt\/publicacoes\/artigos\/breve-caracterizacao-do-subsistema-de-informacao-de-gestao-de-clientes-da-epal\/","name":"Breve caracteriza\u00e7\u00e3o do subsistema de informa\u00e7\u00e3o de gest\u00e3o de clientes da EPAL - APRH","isPartOf":{"@id":"https:\/\/aprh.pt\/pt\/#website"},"datePublished":"2022-06-09T12:33:06+00:00","dateModified":"2022-06-09T12:33:06+00:00","breadcrumb":{"@id":"https:\/\/aprh.pt\/pt\/publicacoes\/artigos\/breve-caracterizacao-do-subsistema-de-informacao-de-gestao-de-clientes-da-epal\/#breadcrumb"},"inLanguage":"pt-PT","potentialAction":[{"@type":"ReadAction","target":["https:\/\/aprh.pt\/pt\/publicacoes\/artigos\/breve-caracterizacao-do-subsistema-de-informacao-de-gestao-de-clientes-da-epal\/"]}]},{"@type":"BreadcrumbList","@id":"https:\/\/aprh.pt\/pt\/publicacoes\/artigos\/breve-caracterizacao-do-subsistema-de-informacao-de-gestao-de-clientes-da-epal\/#breadcrumb","itemListElement":[{"@type":"ListItem","position":1,"name":"Home","item":"https:\/\/aprh.pt\/pt\/"},{"@type":"ListItem","position":2,"name":"Publica\u00e7\u00f5es","item":"https:\/\/aprh.pt\/pt\/category\/publicacoes\/"},{"@type":"ListItem","position":3,"name":"Artigos","item":"https:\/\/aprh.pt\/pt\/category\/publicacoes\/artigos\/"},{"@type":"ListItem","position":4,"name":"Breve caracteriza\u00e7\u00e3o do subsistema de informa\u00e7\u00e3o de gest\u00e3o de clientes da EPAL"}]},{"@type":"WebSite","@id":"https:\/\/aprh.pt\/pt\/#website","url":"https:\/\/aprh.pt\/pt\/","name":"APRH","description":"Associa\u00e7\u00e3o Portuguesa dos Recursos H\u00eddricos","publisher":{"@id":"https:\/\/aprh.pt\/pt\/#organization"},"potentialAction":[{"@type":"SearchAction","target":{"@type":"EntryPoint","urlTemplate":"https:\/\/aprh.pt\/pt\/?s={search_term_string}"},"query-input":{"@type":"PropertyValueSpecification","valueRequired":true,"valueName":"search_term_string"}}],"inLanguage":"pt-PT"},{"@type":"Organization","@id":"https:\/\/aprh.pt\/pt\/#organization","name":"APRH","url":"https:\/\/aprh.pt\/pt\/","logo":{"@type":"ImageObject","inLanguage":"pt-PT","@id":"https:\/\/aprh.pt\/pt\/#\/schema\/logo\/image\/","url":"https:\/\/aprh.pt\/wp-content\/uploads\/2022\/04\/logotipo.png","contentUrl":"https:\/\/aprh.pt\/wp-content\/uploads\/2022\/04\/logotipo.png","width":181,"height":80,"caption":"APRH"},"image":{"@id":"https:\/\/aprh.pt\/pt\/#\/schema\/logo\/image\/"}},{"@type":"Person","@id":"https:\/\/aprh.pt\/pt\/#\/schema\/person\/48b266141210923df72b6ffbb5cdcbaa","name":"admin","image":{"@type":"ImageObject","inLanguage":"pt-PT","@id":"https:\/\/aprh.pt\/pt\/#\/schema\/person\/image\/","url":"https:\/\/secure.gravatar.com\/avatar\/596e45d48db05fe4ed97c1aa961f66ff?s=96&d=mm&r=g","contentUrl":"https:\/\/secure.gravatar.com\/avatar\/596e45d48db05fe4ed97c1aa961f66ff?s=96&d=mm&r=g","caption":"admin"},"sameAs":["https:\/\/aprh.zalox.pt"],"url":"https:\/\/aprh.pt\/pt\/author\/zalox\/"}]}},"_links":{"self":[{"href":"https:\/\/aprh.pt\/pt\/wp-json\/wp\/v2\/posts\/36602","targetHints":{"allow":["GET"]}}],"collection":[{"href":"https:\/\/aprh.pt\/pt\/wp-json\/wp\/v2\/posts"}],"about":[{"href":"https:\/\/aprh.pt\/pt\/wp-json\/wp\/v2\/types\/post"}],"author":[{"embeddable":true,"href":"https:\/\/aprh.pt\/pt\/wp-json\/wp\/v2\/users\/1"}],"replies":[{"embeddable":true,"href":"https:\/\/aprh.pt\/pt\/wp-json\/wp\/v2\/comments?post=36602"}],"version-history":[{"count":0,"href":"https:\/\/aprh.pt\/pt\/wp-json\/wp\/v2\/posts\/36602\/revisions"}],"wp:attachment":[{"href":"https:\/\/aprh.pt\/pt\/wp-json\/wp\/v2\/media?parent=36602"}],"wp:term":[{"taxonomy":"category","embeddable":true,"href":"https:\/\/aprh.pt\/pt\/wp-json\/wp\/v2\/categories?post=36602"},{"taxonomy":"post_tag","embeddable":true,"href":"https:\/\/aprh.pt\/pt\/wp-json\/wp\/v2\/tags?post=36602"}],"curies":[{"name":"wp","href":"https:\/\/api.w.org\/{rel}","templated":true}]}}