{"id":36617,"date":"2022-06-09T12:33:11","date_gmt":"2022-06-09T12:33:11","guid":{"rendered":"https:\/\/aprh.zalox.pt\/sem-categoria\/articulacao-entre-o-planeamento-do-territorio-e-o-planeamento-dos-recursos-hidricos-o-caso-de-estudo-do-prot-norte\/"},"modified":"2022-06-09T12:33:11","modified_gmt":"2022-06-09T12:33:11","slug":"articulacao-entre-o-planeamento-do-territorio-e-o-planeamento-dos-recursos-hidricos-o-caso-de-estudo-do-prot-norte","status":"publish","type":"post","link":"https:\/\/aprh.pt\/pt\/publicacoes\/artigos\/articulacao-entre-o-planeamento-do-territorio-e-o-planeamento-dos-recursos-hidricos-o-caso-de-estudo-do-prot-norte\/","title":{"rendered":"Articula\u00e7\u00e3o entre o planeamento do territ\u00f3rio e o planeamento dos recursos h\u00eddricos: O caso de estudo do PROT-NORTE"},"content":{"rendered":"<h6>T\u00edtulo:<\/h6>\n<p>Articula\u00e7\u00e3o entre o planeamento do territ\u00f3rio e o planeamento dos recursos h\u00eddricos: O caso de estudo do PROT-NORTE<\/p>\n<h6>Resumo:<\/h6>\n<p>A pol\u00edtica de protec\u00e7\u00e3o da \u00e1gua e valoriza\u00e7\u00e3o dos recursos h\u00eddricos requer uma estreita articula\u00e7\u00e3o com a pol\u00edtica de ordenamento do territ\u00f3rio tendo em vista estruturar, numa \u00f3ptica de sustentabilidade, as vertentes econ\u00f3mica, ambiental, social e institucional da interface destes dom\u00ednios. Actualmente, com base no Decreto-Lei n.\u00ba 380\/99, de 22 de Setembro (republicado no Decreto-Lei n.\u00ba 46\/2009, de 20 de Fevereiro), os recursos h\u00eddricos, integrados na defini\u00e7\u00e3o mais gen\u00e9rica de recursos naturais, s\u00e3o considerados como informa\u00e7\u00e3o de base necess\u00e1ria para a caracteriza\u00e7\u00e3o e como elemento condicionante para a defini\u00e7\u00e3o de orienta\u00e7\u00f5es a estabelecer no \u00e2mbito dos instrumentos de gest\u00e3o territorial. Neste quadro, a presente comunica\u00e7\u00e3o indica os aspectos principais que foram considerados no \u00e2mbito da prepara\u00e7\u00e3o da proposta de Plano de Ordenamento do Territ\u00f3rio da Regi\u00e3o Norte em mat\u00e9ria de recursos h\u00eddricos, designadamente na \u00e1rea da mitiga\u00e7\u00e3o de cen\u00e1rios de escassez de \u00e1gua ou de cheias, servi\u00e7os de abastecimento de \u00e1gua e saneamento ambiental, bem como de protec\u00e7\u00e3o de ecossistemas.<\/p>\n<h6>Autores:<\/h6>\n<p> Arnaldo Machado,  Susana S\u00e1,  Ant\u00f3nio Guerreiro de Brito<\/p>\n","protected":false},"excerpt":{"rendered":"<p>T\u00edtulo: Articula\u00e7\u00e3o entre o planeamento do territ\u00f3rio e o planeamento dos recursos h\u00eddricos: O caso de estudo do PROT-NORTE Resumo: A pol\u00edtica de protec\u00e7\u00e3o da \u00e1gua e valoriza\u00e7\u00e3o dos recursos h\u00eddricos requer uma estreita articula\u00e7\u00e3o com a pol\u00edtica de ordenamento do territ\u00f3rio tendo em vista estruturar, numa \u00f3ptica de sustentabilidade, as vertentes econ\u00f3mica, ambiental, social [&hellip;]<\/p>\n","protected":false},"author":1,"featured_media":0,"comment_status":"open","ping_status":"open","sticky":false,"template":"","format":"standard","meta":{"footnotes":""},"categories":[163],"tags":[],"class_list":["post-36617","post","type-post","status-publish","format-standard","hentry","category-artigos"],"yoast_head":"<!-- This site is optimized with the Yoast SEO plugin v23.8 - https:\/\/yoast.com\/wordpress\/plugins\/seo\/ -->\n<title>Articula\u00e7\u00e3o entre o planeamento do territ\u00f3rio e o planeamento dos recursos h\u00eddricos: O caso de estudo do PROT-NORTE - APRH<\/title>\n<meta name=\"robots\" content=\"index, follow, max-snippet:-1, max-image-preview:large, max-video-preview:-1\" \/>\n<link rel=\"canonical\" href=\"https:\/\/aprh.pt\/pt\/publicacoes\/artigos\/articulacao-entre-o-planeamento-do-territorio-e-o-planeamento-dos-recursos-hidricos-o-caso-de-estudo-do-prot-norte\/\" \/>\n<meta property=\"og:locale\" content=\"pt_PT\" \/>\n<meta property=\"og:type\" content=\"article\" \/>\n<meta property=\"og:title\" content=\"Articula\u00e7\u00e3o entre o planeamento do territ\u00f3rio e o planeamento dos recursos h\u00eddricos: O caso de estudo do PROT-NORTE - APRH\" \/>\n<meta property=\"og:description\" content=\"T\u00edtulo: Articula\u00e7\u00e3o entre o planeamento do territ\u00f3rio e o planeamento dos recursos h\u00eddricos: O caso de estudo do PROT-NORTE Resumo: A pol\u00edtica de protec\u00e7\u00e3o da \u00e1gua e valoriza\u00e7\u00e3o dos recursos h\u00eddricos requer uma estreita articula\u00e7\u00e3o com a pol\u00edtica de ordenamento do territ\u00f3rio tendo em vista estruturar, numa \u00f3ptica de sustentabilidade, as vertentes econ\u00f3mica, ambiental, social [&hellip;]\" \/>\n<meta property=\"og:url\" content=\"https:\/\/aprh.pt\/pt\/publicacoes\/artigos\/articulacao-entre-o-planeamento-do-territorio-e-o-planeamento-dos-recursos-hidricos-o-caso-de-estudo-do-prot-norte\/\" \/>\n<meta property=\"og:site_name\" content=\"APRH\" \/>\n<meta property=\"article:published_time\" content=\"2022-06-09T12:33:11+00:00\" \/>\n<meta name=\"author\" content=\"admin\" \/>\n<meta name=\"twitter:card\" content=\"summary_large_image\" \/>\n<meta name=\"twitter:label1\" content=\"Escrito por\" \/>\n\t<meta name=\"twitter:data1\" content=\"admin\" \/>\n\t<meta name=\"twitter:label2\" content=\"Tempo estimado de leitura\" \/>\n\t<meta name=\"twitter:data2\" content=\"1 minuto\" \/>\n<script type=\"application\/ld+json\" class=\"yoast-schema-graph\">{\"@context\":\"https:\/\/schema.org\",\"@graph\":[{\"@type\":\"Article\",\"@id\":\"https:\/\/aprh.pt\/pt\/publicacoes\/artigos\/articulacao-entre-o-planeamento-do-territorio-e-o-planeamento-dos-recursos-hidricos-o-caso-de-estudo-do-prot-norte\/#article\",\"isPartOf\":{\"@id\":\"https:\/\/aprh.pt\/pt\/publicacoes\/artigos\/articulacao-entre-o-planeamento-do-territorio-e-o-planeamento-dos-recursos-hidricos-o-caso-de-estudo-do-prot-norte\/\"},\"author\":{\"name\":\"admin\",\"@id\":\"https:\/\/aprh.pt\/pt\/#\/schema\/person\/48b266141210923df72b6ffbb5cdcbaa\"},\"headline\":\"Articula\u00e7\u00e3o entre o planeamento do territ\u00f3rio e o planeamento dos recursos h\u00eddricos: O caso de estudo do PROT-NORTE\",\"datePublished\":\"2022-06-09T12:33:11+00:00\",\"dateModified\":\"2022-06-09T12:33:11+00:00\",\"mainEntityOfPage\":{\"@id\":\"https:\/\/aprh.pt\/pt\/publicacoes\/artigos\/articulacao-entre-o-planeamento-do-territorio-e-o-planeamento-dos-recursos-hidricos-o-caso-de-estudo-do-prot-norte\/\"},\"wordCount\":240,\"commentCount\":0,\"publisher\":{\"@id\":\"https:\/\/aprh.pt\/pt\/#organization\"},\"articleSection\":[\"Artigos\"],\"inLanguage\":\"pt-PT\",\"potentialAction\":[{\"@type\":\"CommentAction\",\"name\":\"Comment\",\"target\":[\"https:\/\/aprh.pt\/pt\/publicacoes\/artigos\/articulacao-entre-o-planeamento-do-territorio-e-o-planeamento-dos-recursos-hidricos-o-caso-de-estudo-do-prot-norte\/#respond\"]}]},{\"@type\":\"WebPage\",\"@id\":\"https:\/\/aprh.pt\/pt\/publicacoes\/artigos\/articulacao-entre-o-planeamento-do-territorio-e-o-planeamento-dos-recursos-hidricos-o-caso-de-estudo-do-prot-norte\/\",\"url\":\"https:\/\/aprh.pt\/pt\/publicacoes\/artigos\/articulacao-entre-o-planeamento-do-territorio-e-o-planeamento-dos-recursos-hidricos-o-caso-de-estudo-do-prot-norte\/\",\"name\":\"Articula\u00e7\u00e3o entre o planeamento do territ\u00f3rio e o planeamento dos recursos h\u00eddricos: O caso de estudo do PROT-NORTE - APRH\",\"isPartOf\":{\"@id\":\"https:\/\/aprh.pt\/pt\/#website\"},\"datePublished\":\"2022-06-09T12:33:11+00:00\",\"dateModified\":\"2022-06-09T12:33:11+00:00\",\"breadcrumb\":{\"@id\":\"https:\/\/aprh.pt\/pt\/publicacoes\/artigos\/articulacao-entre-o-planeamento-do-territorio-e-o-planeamento-dos-recursos-hidricos-o-caso-de-estudo-do-prot-norte\/#breadcrumb\"},\"inLanguage\":\"pt-PT\",\"potentialAction\":[{\"@type\":\"ReadAction\",\"target\":[\"https:\/\/aprh.pt\/pt\/publicacoes\/artigos\/articulacao-entre-o-planeamento-do-territorio-e-o-planeamento-dos-recursos-hidricos-o-caso-de-estudo-do-prot-norte\/\"]}]},{\"@type\":\"BreadcrumbList\",\"@id\":\"https:\/\/aprh.pt\/pt\/publicacoes\/artigos\/articulacao-entre-o-planeamento-do-territorio-e-o-planeamento-dos-recursos-hidricos-o-caso-de-estudo-do-prot-norte\/#breadcrumb\",\"itemListElement\":[{\"@type\":\"ListItem\",\"position\":1,\"name\":\"Home\",\"item\":\"https:\/\/aprh.pt\/pt\/\"},{\"@type\":\"ListItem\",\"position\":2,\"name\":\"Publica\u00e7\u00f5es\",\"item\":\"https:\/\/aprh.pt\/pt\/category\/publicacoes\/\"},{\"@type\":\"ListItem\",\"position\":3,\"name\":\"Artigos\",\"item\":\"https:\/\/aprh.pt\/pt\/category\/publicacoes\/artigos\/\"},{\"@type\":\"ListItem\",\"position\":4,\"name\":\"Articula\u00e7\u00e3o entre o planeamento do territ\u00f3rio e o planeamento dos recursos h\u00eddricos: O caso de estudo do PROT-NORTE\"}]},{\"@type\":\"WebSite\",\"@id\":\"https:\/\/aprh.pt\/pt\/#website\",\"url\":\"https:\/\/aprh.pt\/pt\/\",\"name\":\"APRH\",\"description\":\"Associa\u00e7\u00e3o Portuguesa dos Recursos H\u00eddricos\",\"publisher\":{\"@id\":\"https:\/\/aprh.pt\/pt\/#organization\"},\"potentialAction\":[{\"@type\":\"SearchAction\",\"target\":{\"@type\":\"EntryPoint\",\"urlTemplate\":\"https:\/\/aprh.pt\/pt\/?s={search_term_string}\"},\"query-input\":{\"@type\":\"PropertyValueSpecification\",\"valueRequired\":true,\"valueName\":\"search_term_string\"}}],\"inLanguage\":\"pt-PT\"},{\"@type\":\"Organization\",\"@id\":\"https:\/\/aprh.pt\/pt\/#organization\",\"name\":\"APRH\",\"url\":\"https:\/\/aprh.pt\/pt\/\",\"logo\":{\"@type\":\"ImageObject\",\"inLanguage\":\"pt-PT\",\"@id\":\"https:\/\/aprh.pt\/pt\/#\/schema\/logo\/image\/\",\"url\":\"https:\/\/aprh.pt\/wp-content\/uploads\/2022\/04\/logotipo.png\",\"contentUrl\":\"https:\/\/aprh.pt\/wp-content\/uploads\/2022\/04\/logotipo.png\",\"width\":181,\"height\":80,\"caption\":\"APRH\"},\"image\":{\"@id\":\"https:\/\/aprh.pt\/pt\/#\/schema\/logo\/image\/\"}},{\"@type\":\"Person\",\"@id\":\"https:\/\/aprh.pt\/pt\/#\/schema\/person\/48b266141210923df72b6ffbb5cdcbaa\",\"name\":\"admin\",\"image\":{\"@type\":\"ImageObject\",\"inLanguage\":\"pt-PT\",\"@id\":\"https:\/\/aprh.pt\/pt\/#\/schema\/person\/image\/\",\"url\":\"https:\/\/secure.gravatar.com\/avatar\/596e45d48db05fe4ed97c1aa961f66ff?s=96&d=mm&r=g\",\"contentUrl\":\"https:\/\/secure.gravatar.com\/avatar\/596e45d48db05fe4ed97c1aa961f66ff?s=96&d=mm&r=g\",\"caption\":\"admin\"},\"sameAs\":[\"https:\/\/aprh.zalox.pt\"],\"url\":\"https:\/\/aprh.pt\/pt\/author\/zalox\/\"}]}<\/script>\n<!-- \/ Yoast SEO plugin. -->","yoast_head_json":{"title":"Articula\u00e7\u00e3o entre o planeamento do territ\u00f3rio e o planeamento dos recursos h\u00eddricos: O caso de estudo do PROT-NORTE - APRH","robots":{"index":"index","follow":"follow","max-snippet":"max-snippet:-1","max-image-preview":"max-image-preview:large","max-video-preview":"max-video-preview:-1"},"canonical":"https:\/\/aprh.pt\/pt\/publicacoes\/artigos\/articulacao-entre-o-planeamento-do-territorio-e-o-planeamento-dos-recursos-hidricos-o-caso-de-estudo-do-prot-norte\/","og_locale":"pt_PT","og_type":"article","og_title":"Articula\u00e7\u00e3o entre o planeamento do territ\u00f3rio e o planeamento dos recursos h\u00eddricos: O caso de estudo do PROT-NORTE - APRH","og_description":"T\u00edtulo: Articula\u00e7\u00e3o entre o planeamento do territ\u00f3rio e o planeamento dos recursos h\u00eddricos: O caso de estudo do PROT-NORTE Resumo: A pol\u00edtica de protec\u00e7\u00e3o da \u00e1gua e valoriza\u00e7\u00e3o dos recursos h\u00eddricos requer uma estreita articula\u00e7\u00e3o com a pol\u00edtica de ordenamento do territ\u00f3rio tendo em vista estruturar, numa \u00f3ptica de sustentabilidade, as vertentes econ\u00f3mica, ambiental, social [&hellip;]","og_url":"https:\/\/aprh.pt\/pt\/publicacoes\/artigos\/articulacao-entre-o-planeamento-do-territorio-e-o-planeamento-dos-recursos-hidricos-o-caso-de-estudo-do-prot-norte\/","og_site_name":"APRH","article_published_time":"2022-06-09T12:33:11+00:00","author":"admin","twitter_card":"summary_large_image","twitter_misc":{"Escrito por":"admin","Tempo estimado de leitura":"1 minuto"},"schema":{"@context":"https:\/\/schema.org","@graph":[{"@type":"Article","@id":"https:\/\/aprh.pt\/pt\/publicacoes\/artigos\/articulacao-entre-o-planeamento-do-territorio-e-o-planeamento-dos-recursos-hidricos-o-caso-de-estudo-do-prot-norte\/#article","isPartOf":{"@id":"https:\/\/aprh.pt\/pt\/publicacoes\/artigos\/articulacao-entre-o-planeamento-do-territorio-e-o-planeamento-dos-recursos-hidricos-o-caso-de-estudo-do-prot-norte\/"},"author":{"name":"admin","@id":"https:\/\/aprh.pt\/pt\/#\/schema\/person\/48b266141210923df72b6ffbb5cdcbaa"},"headline":"Articula\u00e7\u00e3o entre o planeamento do territ\u00f3rio e o planeamento dos recursos h\u00eddricos: O caso de estudo do PROT-NORTE","datePublished":"2022-06-09T12:33:11+00:00","dateModified":"2022-06-09T12:33:11+00:00","mainEntityOfPage":{"@id":"https:\/\/aprh.pt\/pt\/publicacoes\/artigos\/articulacao-entre-o-planeamento-do-territorio-e-o-planeamento-dos-recursos-hidricos-o-caso-de-estudo-do-prot-norte\/"},"wordCount":240,"commentCount":0,"publisher":{"@id":"https:\/\/aprh.pt\/pt\/#organization"},"articleSection":["Artigos"],"inLanguage":"pt-PT","potentialAction":[{"@type":"CommentAction","name":"Comment","target":["https:\/\/aprh.pt\/pt\/publicacoes\/artigos\/articulacao-entre-o-planeamento-do-territorio-e-o-planeamento-dos-recursos-hidricos-o-caso-de-estudo-do-prot-norte\/#respond"]}]},{"@type":"WebPage","@id":"https:\/\/aprh.pt\/pt\/publicacoes\/artigos\/articulacao-entre-o-planeamento-do-territorio-e-o-planeamento-dos-recursos-hidricos-o-caso-de-estudo-do-prot-norte\/","url":"https:\/\/aprh.pt\/pt\/publicacoes\/artigos\/articulacao-entre-o-planeamento-do-territorio-e-o-planeamento-dos-recursos-hidricos-o-caso-de-estudo-do-prot-norte\/","name":"Articula\u00e7\u00e3o entre o planeamento do territ\u00f3rio e o planeamento dos recursos h\u00eddricos: O caso de estudo do PROT-NORTE - APRH","isPartOf":{"@id":"https:\/\/aprh.pt\/pt\/#website"},"datePublished":"2022-06-09T12:33:11+00:00","dateModified":"2022-06-09T12:33:11+00:00","breadcrumb":{"@id":"https:\/\/aprh.pt\/pt\/publicacoes\/artigos\/articulacao-entre-o-planeamento-do-territorio-e-o-planeamento-dos-recursos-hidricos-o-caso-de-estudo-do-prot-norte\/#breadcrumb"},"inLanguage":"pt-PT","potentialAction":[{"@type":"ReadAction","target":["https:\/\/aprh.pt\/pt\/publicacoes\/artigos\/articulacao-entre-o-planeamento-do-territorio-e-o-planeamento-dos-recursos-hidricos-o-caso-de-estudo-do-prot-norte\/"]}]},{"@type":"BreadcrumbList","@id":"https:\/\/aprh.pt\/pt\/publicacoes\/artigos\/articulacao-entre-o-planeamento-do-territorio-e-o-planeamento-dos-recursos-hidricos-o-caso-de-estudo-do-prot-norte\/#breadcrumb","itemListElement":[{"@type":"ListItem","position":1,"name":"Home","item":"https:\/\/aprh.pt\/pt\/"},{"@type":"ListItem","position":2,"name":"Publica\u00e7\u00f5es","item":"https:\/\/aprh.pt\/pt\/category\/publicacoes\/"},{"@type":"ListItem","position":3,"name":"Artigos","item":"https:\/\/aprh.pt\/pt\/category\/publicacoes\/artigos\/"},{"@type":"ListItem","position":4,"name":"Articula\u00e7\u00e3o entre o planeamento do territ\u00f3rio e o planeamento dos recursos h\u00eddricos: O caso de estudo do PROT-NORTE"}]},{"@type":"WebSite","@id":"https:\/\/aprh.pt\/pt\/#website","url":"https:\/\/aprh.pt\/pt\/","name":"APRH","description":"Associa\u00e7\u00e3o Portuguesa dos Recursos H\u00eddricos","publisher":{"@id":"https:\/\/aprh.pt\/pt\/#organization"},"potentialAction":[{"@type":"SearchAction","target":{"@type":"EntryPoint","urlTemplate":"https:\/\/aprh.pt\/pt\/?s={search_term_string}"},"query-input":{"@type":"PropertyValueSpecification","valueRequired":true,"valueName":"search_term_string"}}],"inLanguage":"pt-PT"},{"@type":"Organization","@id":"https:\/\/aprh.pt\/pt\/#organization","name":"APRH","url":"https:\/\/aprh.pt\/pt\/","logo":{"@type":"ImageObject","inLanguage":"pt-PT","@id":"https:\/\/aprh.pt\/pt\/#\/schema\/logo\/image\/","url":"https:\/\/aprh.pt\/wp-content\/uploads\/2022\/04\/logotipo.png","contentUrl":"https:\/\/aprh.pt\/wp-content\/uploads\/2022\/04\/logotipo.png","width":181,"height":80,"caption":"APRH"},"image":{"@id":"https:\/\/aprh.pt\/pt\/#\/schema\/logo\/image\/"}},{"@type":"Person","@id":"https:\/\/aprh.pt\/pt\/#\/schema\/person\/48b266141210923df72b6ffbb5cdcbaa","name":"admin","image":{"@type":"ImageObject","inLanguage":"pt-PT","@id":"https:\/\/aprh.pt\/pt\/#\/schema\/person\/image\/","url":"https:\/\/secure.gravatar.com\/avatar\/596e45d48db05fe4ed97c1aa961f66ff?s=96&d=mm&r=g","contentUrl":"https:\/\/secure.gravatar.com\/avatar\/596e45d48db05fe4ed97c1aa961f66ff?s=96&d=mm&r=g","caption":"admin"},"sameAs":["https:\/\/aprh.zalox.pt"],"url":"https:\/\/aprh.pt\/pt\/author\/zalox\/"}]}},"_links":{"self":[{"href":"https:\/\/aprh.pt\/pt\/wp-json\/wp\/v2\/posts\/36617","targetHints":{"allow":["GET"]}}],"collection":[{"href":"https:\/\/aprh.pt\/pt\/wp-json\/wp\/v2\/posts"}],"about":[{"href":"https:\/\/aprh.pt\/pt\/wp-json\/wp\/v2\/types\/post"}],"author":[{"embeddable":true,"href":"https:\/\/aprh.pt\/pt\/wp-json\/wp\/v2\/users\/1"}],"replies":[{"embeddable":true,"href":"https:\/\/aprh.pt\/pt\/wp-json\/wp\/v2\/comments?post=36617"}],"version-history":[{"count":0,"href":"https:\/\/aprh.pt\/pt\/wp-json\/wp\/v2\/posts\/36617\/revisions"}],"wp:attachment":[{"href":"https:\/\/aprh.pt\/pt\/wp-json\/wp\/v2\/media?parent=36617"}],"wp:term":[{"taxonomy":"category","embeddable":true,"href":"https:\/\/aprh.pt\/pt\/wp-json\/wp\/v2\/categories?post=36617"},{"taxonomy":"post_tag","embeddable":true,"href":"https:\/\/aprh.pt\/pt\/wp-json\/wp\/v2\/tags?post=36617"}],"curies":[{"name":"wp","href":"https:\/\/api.w.org\/{rel}","templated":true}]}}