{"id":4288,"date":"2009-06-08T13:31:41","date_gmt":"2009-06-08T13:31:41","guid":{"rendered":"https:\/\/aprh.zalox.pt\/eventos-actividades\/organizados-pela-aprh\/os-desafios-da-gestao-da-agua\/"},"modified":"2024-09-10T10:47:28","modified_gmt":"2024-09-10T10:47:28","slug":"os-desafios-da-gestao-da-agua","status":"publish","type":"post","link":"https:\/\/aprh.pt\/pt\/eventos\/organizados-pela-aprh\/passados-2009\/os-desafios-da-gestao-da-agua\/","title":{"rendered":"Os desafios da gest\u00e3o da \u00e1gua"},"content":{"rendered":"\t\t<div data-elementor-type=\"wp-post\" data-elementor-id=\"4288\" class=\"elementor elementor-4288\" data-elementor-post-type=\"post\">\n\t\t\t\t\t\t<section class=\"elementor-section elementor-top-section elementor-element elementor-element-4194da03 elementor-section-boxed elementor-section-height-default elementor-section-height-default\" data-id=\"4194da03\" data-element_type=\"section\">\n\t\t\t\t\t\t<div class=\"elementor-container elementor-column-gap-default\">\n\t\t\t\t\t<div class=\"elementor-column elementor-col-100 elementor-top-column elementor-element elementor-element-7fe5e045\" data-id=\"7fe5e045\" data-element_type=\"column\">\n\t\t\t<div class=\"elementor-widget-wrap elementor-element-populated\">\n\t\t\t\t\t\t<div class=\"elementor-element elementor-element-4cf18ae7 elementor-widget elementor-widget-spacer\" data-id=\"4cf18ae7\" data-element_type=\"widget\" data-widget_type=\"spacer.default\">\n\t\t\t\t<div class=\"elementor-widget-container\">\n\t\t\t\t\t<div class=\"elementor-spacer\">\n\t\t\t<div class=\"elementor-spacer-inner\"><\/div>\n\t\t<\/div>\n\t\t\t\t<\/div>\n\t\t\t\t<\/div>\n\t\t\t\t\t<\/div>\n\t\t<\/div>\n\t\t\t\t\t<\/div>\n\t\t<\/section>\n\t\t\t\t<section class=\"elementor-section elementor-top-section elementor-element elementor-element-44b91c67 elementor-section-boxed elementor-section-height-default elementor-section-height-default\" data-id=\"44b91c67\" data-element_type=\"section\">\n\t\t\t\t\t\t<div class=\"elementor-container elementor-column-gap-no\">\n\t\t\t\t\t<div class=\"elementor-column elementor-col-50 elementor-top-column elementor-element elementor-element-34c81de4\" data-id=\"34c81de4\" data-element_type=\"column\">\n\t\t\t<div class=\"elementor-widget-wrap elementor-element-populated\">\n\t\t\t\t\t\t<div class=\"elementor-element elementor-element-23708dbf elementor-widget elementor-widget-theme-post-featured-image elementor-widget-image\" data-id=\"23708dbf\" data-element_type=\"widget\" data-widget_type=\"theme-post-featured-image.default\">\n\t\t\t\t<div class=\"elementor-widget-container\">\n\t\t\t\t\t\t\t\t\t\t\t\t\t<img fetchpriority=\"high\" decoding=\"async\" width=\"500\" height=\"409\" src=\"https:\/\/aprh.pt\/wp-content\/uploads\/2010\/06\/ciclo-de-debates.jpg\" class=\"attachment-large size-large wp-image-53445\" alt=\"\" srcset=\"https:\/\/aprh.pt\/wp-content\/uploads\/2010\/06\/ciclo-de-debates.jpg 500w, https:\/\/aprh.pt\/wp-content\/uploads\/2010\/06\/ciclo-de-debates-300x245.jpg 300w\" sizes=\"(max-width: 500px) 100vw, 500px\" \/>\t\t\t\t\t\t\t\t\t\t\t\t\t<\/div>\n\t\t\t\t<\/div>\n\t\t\t\t\t<\/div>\n\t\t<\/div>\n\t\t\t\t<div class=\"elementor-column elementor-col-50 elementor-top-column elementor-element elementor-element-6493fdfa\" data-id=\"6493fdfa\" data-element_type=\"column\">\n\t\t\t<div class=\"elementor-widget-wrap elementor-element-populated\">\n\t\t\t\t\t\t<div class=\"elementor-element elementor-element-6115ced9 elementor-widget__width-auto elementor-widget elementor-widget-theme-post-excerpt\" data-id=\"6115ced9\" data-element_type=\"widget\" data-widget_type=\"theme-post-excerpt.default\">\n\t\t\t\t<div class=\"elementor-widget-container\">\n\t\t\t8 JUN\t\t<\/div>\n\t\t\t\t<\/div>\n\t\t\t\t<div class=\"elementor-element elementor-element-125fe70b elementor-widget elementor-widget-theme-post-title elementor-page-title elementor-widget-heading\" data-id=\"125fe70b\" data-element_type=\"widget\" data-widget_type=\"theme-post-title.default\">\n\t\t\t\t<div class=\"elementor-widget-container\">\n\t\t\t<h1 class=\"elementor-heading-title elementor-size-default\">Os desafios da gest\u00e3o da \u00e1gua<\/h1>\t\t<\/div>\n\t\t\t\t<\/div>\n\t\t\t\t<div class=\"elementor-element elementor-element-8a7ab94 elementor-widget elementor-widget-heading\" data-id=\"8a7ab94\" data-element_type=\"widget\" data-widget_type=\"heading.default\">\n\t\t\t\t<div class=\"elementor-widget-container\">\n\t\t\t<h3 class=\"elementor-heading-title elementor-size-default\">Sess\u00e3o T\u00e9cnica<\/h3>\t\t<\/div>\n\t\t\t\t<\/div>\n\t\t\t\t<div class=\"elementor-element elementor-element-486534cc elementor-widget elementor-widget-text-editor\" data-id=\"486534cc\" data-element_type=\"widget\" data-widget_type=\"text-editor.default\">\n\t\t\t\t<div class=\"elementor-widget-container\">\n\t\t\t\t\t\t\t<p><strong>8 de Junho de 2009 <\/strong><\/p><p><strong>Feira Nacional da Agricultura<\/strong><\/p><p>Organizada no \u00e2mbito da Feira Nacional da Agricultura 2009<\/p><p><a href=\"https:\/\/www.aprh.pt\/images\/stories\/pdf\/080609.pdf\" target=\"_blank\" rel=\"noopener\">Brochura com a ficha de inscri\u00e7\u00e3o<\/a> (PDF)<\/p>\t\t\t\t\t\t<\/div>\n\t\t\t\t<\/div>\n\t\t\t\t<div class=\"elementor-element elementor-element-6f2ac8c3 elementor-share-buttons--view-icon elementor-share-buttons--skin-flat elementor-share-buttons--shape-circle elementor-share-buttons--align-right elementor-share-buttons--color-custom elementor-grid-0 elementor-widget elementor-widget-share-buttons\" data-id=\"6f2ac8c3\" data-element_type=\"widget\" data-widget_type=\"share-buttons.default\">\n\t\t\t\t<div class=\"elementor-widget-container\">\n\t\t\t\t\t<div class=\"elementor-grid\">\n\t\t\t\t\t\t\t\t<div class=\"elementor-grid-item\">\n\t\t\t\t\t\t<div\n\t\t\t\t\t\t\tclass=\"elementor-share-btn elementor-share-btn_facebook\"\n\t\t\t\t\t\t\trole=\"button\"\n\t\t\t\t\t\t\ttabindex=\"0\"\n\t\t\t\t\t\t\taria-label=\"Share on facebook\"\n\t\t\t\t\t\t>\n\t\t\t\t\t\t\t\t\t\t\t\t\t\t\t<span class=\"elementor-share-btn__icon\">\n\t\t\t\t\t\t\t\t<i class=\"fab fa-facebook\" aria-hidden=\"true\"><\/i>\t\t\t\t\t\t\t<\/span>\n\t\t\t\t\t\t\t\t\t\t\t\t\t\t\t\t\t\t\t\t<\/div>\n\t\t\t\t\t<\/div>\n\t\t\t\t\t\t\t\t\t<div class=\"elementor-grid-item\">\n\t\t\t\t\t\t<div\n\t\t\t\t\t\t\tclass=\"elementor-share-btn elementor-share-btn_twitter\"\n\t\t\t\t\t\t\trole=\"button\"\n\t\t\t\t\t\t\ttabindex=\"0\"\n\t\t\t\t\t\t\taria-label=\"Share on twitter\"\n\t\t\t\t\t\t>\n\t\t\t\t\t\t\t\t\t\t\t\t\t\t\t<span class=\"elementor-share-btn__icon\">\n\t\t\t\t\t\t\t\t<i class=\"fab fa-twitter\" aria-hidden=\"true\"><\/i>\t\t\t\t\t\t\t<\/span>\n\t\t\t\t\t\t\t\t\t\t\t\t\t\t\t\t\t\t\t\t<\/div>\n\t\t\t\t\t<\/div>\n\t\t\t\t\t\t\t\t\t<div class=\"elementor-grid-item\">\n\t\t\t\t\t\t<div\n\t\t\t\t\t\t\tclass=\"elementor-share-btn elementor-share-btn_linkedin\"\n\t\t\t\t\t\t\trole=\"button\"\n\t\t\t\t\t\t\ttabindex=\"0\"\n\t\t\t\t\t\t\taria-label=\"Share on linkedin\"\n\t\t\t\t\t\t>\n\t\t\t\t\t\t\t\t\t\t\t\t\t\t\t<span class=\"elementor-share-btn__icon\">\n\t\t\t\t\t\t\t\t<i class=\"fab fa-linkedin\" aria-hidden=\"true\"><\/i>\t\t\t\t\t\t\t<\/span>\n\t\t\t\t\t\t\t\t\t\t\t\t\t\t\t\t\t\t\t\t<\/div>\n\t\t\t\t\t<\/div>\n\t\t\t\t\t\t<\/div>\n\t\t\t\t<\/div>\n\t\t\t\t<\/div>\n\t\t\t\t\t<\/div>\n\t\t<\/div>\n\t\t\t\t\t<\/div>\n\t\t<\/section>\n\t\t\t\t<section class=\"elementor-section elementor-top-section elementor-element elementor-element-2f926a13 elementor-section-boxed elementor-section-height-default elementor-section-height-default\" data-id=\"2f926a13\" data-element_type=\"section\">\n\t\t\t\t\t\t<div class=\"elementor-container elementor-column-gap-no\">\n\t\t\t\t\t<div class=\"elementor-column elementor-col-100 elementor-top-column elementor-element elementor-element-1f1da212\" data-id=\"1f1da212\" data-element_type=\"column\">\n\t\t\t<div class=\"elementor-widget-wrap elementor-element-populated\">\n\t\t\t\t\t\t<div class=\"elementor-element elementor-element-234d5e21 tabs_eventos elementor-tabs-view-horizontal elementor-widget elementor-widget-tabs\" data-id=\"234d5e21\" data-element_type=\"widget\" data-widget_type=\"tabs.default\">\n\t\t\t\t<div class=\"elementor-widget-container\">\n\t\t\t\t\t<div class=\"elementor-tabs\">\n\t\t\t<div class=\"elementor-tabs-wrapper\" role=\"tablist\" >\n\t\t\t\t\t\t\t\t\t<div id=\"elementor-tab-title-5921\" class=\"elementor-tab-title elementor-tab-desktop-title\" aria-selected=\"true\" data-tab=\"1\" role=\"tab\" tabindex=\"0\" aria-controls=\"elementor-tab-content-5921\" aria-expanded=\"false\">Introdu\u00e7\u00e3o<\/div>\n\t\t\t\t\t\t\t\t\t<div id=\"elementor-tab-title-5922\" class=\"elementor-tab-title elementor-tab-desktop-title\" aria-selected=\"false\" data-tab=\"2\" role=\"tab\" tabindex=\"-1\" aria-controls=\"elementor-tab-content-5922\" aria-expanded=\"false\">Programa<\/div>\n\t\t\t\t\t\t\t<\/div>\n\t\t\t<div class=\"elementor-tabs-content-wrapper\" role=\"tablist\" aria-orientation=\"vertical\">\n\t\t\t\t\t\t\t\t\t<div class=\"elementor-tab-title elementor-tab-mobile-title\" aria-selected=\"true\" data-tab=\"1\" role=\"tab\" tabindex=\"0\" aria-controls=\"elementor-tab-content-5921\" aria-expanded=\"false\">Introdu\u00e7\u00e3o<\/div>\n\t\t\t\t\t<div id=\"elementor-tab-content-5921\" class=\"elementor-tab-content elementor-clearfix\" data-tab=\"1\" role=\"tabpanel\" aria-labelledby=\"elementor-tab-title-5921\" tabindex=\"0\" hidden=\"false\"><p>O cont&iacute;nuo crescimento da procura de &aacute;gua para as diversas utiliza&ccedil;&otilde;es, aliado aos problemas decorrentes da contamina&ccedil;&atilde;o e deteriora&ccedil;&atilde;o dos meios h&iacute;dricos, t&ecirc;m vindo a demonstrar a necessidade de seguir novas pol&iacute;ticas para a gest&atilde;o da &aacute;gua.<\/p>\n<p>A agricultura de regadio &eacute; sem d&uacute;vida, um dos grandes utilizadores do recurso &aacute;gua. Todavia, as irregularidades hidrol&oacute;gicas e climatol&oacute;gicas em Portugal tornaram a rega incontorn&aacute;vel se se pretender assegurar a produ&ccedil;&atilde;o agr&iacute;cola a um n&iacute;vel satisfat&oacute;rio<\/p>\n<p>Tal facto tem vindo a exigir uma grande aten&ccedil;&atilde;o, por um lado, dos gestores e projectistas no sentido do desenvolvimento de ac&ccedil;&otilde;es tecnologicamente avan&ccedil;adas de modo a assegurar uma gest&atilde;o econ&oacute;mica e ambientalmente sustent&aacute;vel e por outro, de decisores pol&iacute;ticos, preocupados em garantir a durabilidade do recurso. Neste sentido a Nova Lei da &Aacute;gua imp&otilde;e um novo modo de encarar as utiliza&ccedil;&otilde;es criando uma maior responsabiliza&ccedil;&atilde;o quer &agrave; Administra&ccedil;&atilde;o, quer aos utilizadores pois h&aacute; que valorizar o recurso como elemento essencial &agrave; vida, mas tamb&eacute;m como factor de produ&ccedil;&atilde;o de bens alimentares.<\/p>\n<p>Deste modo a agricultura dever&aacute; estar atenta, e naturalmente que integrar&aacute; os novos conceitos e prosseguir&aacute; uma estrat&eacute;gia de desenvolvimento que n&atilde;o comprometa o futuro, adaptada &agrave;s nossas condi&ccedil;&otilde;es clim&aacute;ticas, ambientais e sociais.<\/p>\n<p>No sentido de debater estas quest&otilde;es e respondendo ao convite da Confedera&ccedil;&atilde;o dos Agricultores de Portugal, entendeu a APRH, atrav&eacute;s da Comiss&atilde;o Especializada de &Aacute;gua e Agricultura, aproveitar a oportunidade de no decurso da 46&ordf;. Feira Nacional de Agricultura de organizar a sess&atilde;o t&eacute;cnica &ldquo;Os Desafios da Gest&atilde;o da &Aacute;gua&rdquo;, para o qual convida &agrave; participa&ccedil;&atilde;o de todos os agricultores, t&eacute;cnicos, ou outros interessados nos desafios que actualmente se colocam &agrave; gest&atilde;o da &aacute;gua na agricultura.<\/p><\/div>\n\t\t\t\t\t\t\t\t\t<div class=\"elementor-tab-title elementor-tab-mobile-title\" aria-selected=\"false\" data-tab=\"2\" role=\"tab\" tabindex=\"-1\" aria-controls=\"elementor-tab-content-5922\" aria-expanded=\"false\">Programa<\/div>\n\t\t\t\t\t<div id=\"elementor-tab-content-5922\" class=\"elementor-tab-content elementor-clearfix\" data-tab=\"2\" role=\"tabpanel\" aria-labelledby=\"elementor-tab-title-5922\" tabindex=\"0\" hidden=\"hidden\"><table border=\"0\" cellspacing=\"0\"><tbody><tr><td width=\"21%\"><strong>14:30<\/strong> &#8211;<\/td><td width=\"79%\"><strong>Abertura <\/strong>Jorge Saldanha de Matos, APRH Jo\u00e3o Machado, CAP<\/td><\/tr><tr><td><strong>15:10<\/strong> &#8211;<\/td><td><strong>A Gest\u00e3o da<\/strong> <strong>\u00c1gua nas pr\u00f3ximas d\u00e9cadas<\/strong> <a href=\"https:\/\/www.aprh.pt\/images\/stories\/pdf\/RodrigoPOliveira.pdf\" target=\"_blank\" rel=\"noopener\">Os grandes desafios da gest\u00e3o da \u00e1gua nas pr\u00f3ximas d\u00e9cadas<\/a>, Rodrigo Proen\u00e7a de Oliveira, APRH<\/td><\/tr><tr><td><strong>15:30<\/strong> &#8211;<\/td><td><p><strong>O Uso Eficiente da \u00c1gua: o presente e o futuro<\/strong><\/p><p><a href=\"https:\/\/www.aprh.pt\/images\/stories\/pdf\/AderitoMendes.pdf\" target=\"_blank\" rel=\"noopener\">O Plano Nacional para o Uso Eficiente da \u00c1gua<\/a>, Ad\u00e9rito Mendes, INAG <a href=\"https:\/\/www.aprh.pt\/images\/stories\/pdf\/IsaurindoOliveira.pdf\" target=\"_blank\" rel=\"noopener\">Boas pr\u00e1ticas agr\u00edcolas e a contribui\u00e7\u00e3o do sector da agricultura para a protec\u00e7\u00e3o das massas de \u00e1gua<\/a>, Isaurindo Oliveira, Direc\u00e7\u00e3o Regional de Agricultura e Pescas do Alentejo<\/p><p>Debate Moderado por Carlos Pais, Comiss\u00e3o especializada de \u00c1gua e Agricultura da APRH<\/p><\/td><\/tr><tr><td><strong>17:00<\/strong> &#8211;<\/td><td><p><strong>O bom estado das massas de \u00c1gua<\/strong> <a href=\"https:\/\/www.aprh.pt\/images\/stories\/pdf\/SimonePio.pdf\" target=\"_blank\" rel=\"noopener\">O bom estado das massas de \u00e1gua e a actividade agr\u00edcola<\/a>, Simone Pio, ARH Tejo <a href=\"https:\/\/www.aprh.pt\/images\/stories\/pdf\/NicolasRouyer.pdf\" target=\"_blank\" rel=\"noopener\">Implementa\u00e7\u00e3o da Directiva-Quadro da \u00c1gua: a especificidade da agricultura<\/a>, Nicolas Rouyer, D.G. Ambiente da Comiss\u00e3o Europeia<\/p><p>Debate Moderado por Lu\u00eds Bulh\u00e3o Martins, CAP<\/p><\/td><\/tr><tr><td><strong>18:00<\/strong> &#8211;<\/td><td><strong>Encerramento <\/strong>com a presen\u00e7a do Ministro do Ambiente, do Ordenamento do Territ\u00f3rio e do Desenvolvimento Regional<\/td><\/tr><\/tbody><\/table><\/div>\n\t\t\t\t\t\t\t<\/div>\n\t\t<\/div>\n\t\t\t\t<\/div>\n\t\t\t\t<\/div>\n\t\t\t\t<div class=\"elementor-element elementor-element-3b5cb787 elementor-widget elementor-widget-global elementor-global-500 elementor-widget-spacer\" data-id=\"3b5cb787\" data-element_type=\"widget\" data-widget_type=\"spacer.default\">\n\t\t\t\t<div class=\"elementor-widget-container\">\n\t\t\t\t\t<div class=\"elementor-spacer\">\n\t\t\t<div class=\"elementor-spacer-inner\"><\/div>\n\t\t<\/div>\n\t\t\t\t<\/div>\n\t\t\t\t<\/div>\n\t\t\t\t\t<\/div>\n\t\t<\/div>\n\t\t\t\t\t<\/div>\n\t\t<\/section>\n\t\t\t\t<\/div>\n\t\t","protected":false},"excerpt":{"rendered":"<p>8 JUN<\/p>\n","protected":false},"author":1,"featured_media":53445,"comment_status":"closed","ping_status":"open","sticky":false,"template":"","format":"standard","meta":{"footnotes":""},"categories":[272],"tags":[],"class_list":["post-4288","post","type-post","status-publish","format-standard","has-post-thumbnail","hentry","category-passados-2009"],"yoast_head":"<!-- This site is optimized with the Yoast SEO plugin v23.8 - https:\/\/yoast.com\/wordpress\/plugins\/seo\/ -->\n<title>Os desafios da gest\u00e3o da \u00e1gua - APRH<\/title>\n<meta name=\"robots\" content=\"index, follow, max-snippet:-1, max-image-preview:large, max-video-preview:-1\" \/>\n<link rel=\"canonical\" href=\"https:\/\/aprh.pt\/pt\/eventos\/organizados-pela-aprh\/passados-2009\/os-desafios-da-gestao-da-agua\/\" \/>\n<meta property=\"og:locale\" content=\"pt_PT\" \/>\n<meta property=\"og:type\" content=\"article\" \/>\n<meta property=\"og:title\" content=\"Os desafios da gest\u00e3o da \u00e1gua - APRH\" \/>\n<meta property=\"og:description\" content=\"8 JUN\" \/>\n<meta property=\"og:url\" content=\"https:\/\/aprh.pt\/pt\/eventos\/organizados-pela-aprh\/passados-2009\/os-desafios-da-gestao-da-agua\/\" \/>\n<meta property=\"og:site_name\" content=\"APRH\" \/>\n<meta property=\"article:published_time\" content=\"2009-06-08T13:31:41+00:00\" \/>\n<meta property=\"article:modified_time\" content=\"2024-09-10T10:47:28+00:00\" \/>\n<meta property=\"og:image\" content=\"https:\/\/aprh.pt\/wp-content\/uploads\/2010\/06\/ciclo-de-debates.jpg\" \/>\n\t<meta property=\"og:image:width\" content=\"500\" \/>\n\t<meta property=\"og:image:height\" content=\"409\" \/>\n\t<meta property=\"og:image:type\" content=\"image\/jpeg\" \/>\n<meta name=\"author\" content=\"admin\" \/>\n<meta name=\"twitter:card\" content=\"summary_large_image\" \/>\n<meta name=\"twitter:label1\" content=\"Escrito por\" \/>\n\t<meta name=\"twitter:data1\" content=\"admin\" \/>\n\t<meta name=\"twitter:label2\" content=\"Tempo estimado de leitura\" \/>\n\t<meta name=\"twitter:data2\" content=\"3 minutos\" \/>\n<script type=\"application\/ld+json\" class=\"yoast-schema-graph\">{\"@context\":\"https:\/\/schema.org\",\"@graph\":[{\"@type\":\"Article\",\"@id\":\"https:\/\/aprh.pt\/pt\/eventos\/organizados-pela-aprh\/passados-2009\/os-desafios-da-gestao-da-agua\/#article\",\"isPartOf\":{\"@id\":\"https:\/\/aprh.pt\/pt\/eventos\/organizados-pela-aprh\/passados-2009\/os-desafios-da-gestao-da-agua\/\"},\"author\":{\"name\":\"admin\",\"@id\":\"https:\/\/aprh.pt\/pt\/#\/schema\/person\/48b266141210923df72b6ffbb5cdcbaa\"},\"headline\":\"Os desafios da gest\u00e3o da \u00e1gua\",\"datePublished\":\"2009-06-08T13:31:41+00:00\",\"dateModified\":\"2024-09-10T10:47:28+00:00\",\"mainEntityOfPage\":{\"@id\":\"https:\/\/aprh.pt\/pt\/eventos\/organizados-pela-aprh\/passados-2009\/os-desafios-da-gestao-da-agua\/\"},\"wordCount\":605,\"publisher\":{\"@id\":\"https:\/\/aprh.pt\/pt\/#organization\"},\"image\":{\"@id\":\"https:\/\/aprh.pt\/pt\/eventos\/organizados-pela-aprh\/passados-2009\/os-desafios-da-gestao-da-agua\/#primaryimage\"},\"thumbnailUrl\":\"https:\/\/aprh.pt\/wp-content\/uploads\/2010\/06\/ciclo-de-debates.jpg\",\"articleSection\":[\"Passados 2009\"],\"inLanguage\":\"pt-PT\"},{\"@type\":\"WebPage\",\"@id\":\"https:\/\/aprh.pt\/pt\/eventos\/organizados-pela-aprh\/passados-2009\/os-desafios-da-gestao-da-agua\/\",\"url\":\"https:\/\/aprh.pt\/pt\/eventos\/organizados-pela-aprh\/passados-2009\/os-desafios-da-gestao-da-agua\/\",\"name\":\"Os desafios da gest\u00e3o da \u00e1gua - APRH\",\"isPartOf\":{\"@id\":\"https:\/\/aprh.pt\/pt\/#website\"},\"primaryImageOfPage\":{\"@id\":\"https:\/\/aprh.pt\/pt\/eventos\/organizados-pela-aprh\/passados-2009\/os-desafios-da-gestao-da-agua\/#primaryimage\"},\"image\":{\"@id\":\"https:\/\/aprh.pt\/pt\/eventos\/organizados-pela-aprh\/passados-2009\/os-desafios-da-gestao-da-agua\/#primaryimage\"},\"thumbnailUrl\":\"https:\/\/aprh.pt\/wp-content\/uploads\/2010\/06\/ciclo-de-debates.jpg\",\"datePublished\":\"2009-06-08T13:31:41+00:00\",\"dateModified\":\"2024-09-10T10:47:28+00:00\",\"breadcrumb\":{\"@id\":\"https:\/\/aprh.pt\/pt\/eventos\/organizados-pela-aprh\/passados-2009\/os-desafios-da-gestao-da-agua\/#breadcrumb\"},\"inLanguage\":\"pt-PT\",\"potentialAction\":[{\"@type\":\"ReadAction\",\"target\":[\"https:\/\/aprh.pt\/pt\/eventos\/organizados-pela-aprh\/passados-2009\/os-desafios-da-gestao-da-agua\/\"]}]},{\"@type\":\"ImageObject\",\"inLanguage\":\"pt-PT\",\"@id\":\"https:\/\/aprh.pt\/pt\/eventos\/organizados-pela-aprh\/passados-2009\/os-desafios-da-gestao-da-agua\/#primaryimage\",\"url\":\"https:\/\/aprh.pt\/wp-content\/uploads\/2010\/06\/ciclo-de-debates.jpg\",\"contentUrl\":\"https:\/\/aprh.pt\/wp-content\/uploads\/2010\/06\/ciclo-de-debates.jpg\",\"width\":500,\"height\":409},{\"@type\":\"BreadcrumbList\",\"@id\":\"https:\/\/aprh.pt\/pt\/eventos\/organizados-pela-aprh\/passados-2009\/os-desafios-da-gestao-da-agua\/#breadcrumb\",\"itemListElement\":[{\"@type\":\"ListItem\",\"position\":1,\"name\":\"Home\",\"item\":\"https:\/\/aprh.pt\/pt\/\"},{\"@type\":\"ListItem\",\"position\":2,\"name\":\"Eventos\",\"item\":\"https:\/\/aprh.pt\/pt\/category\/eventos\/\"},{\"@type\":\"ListItem\",\"position\":3,\"name\":\"Organizados pela APRH\",\"item\":\"https:\/\/aprh.pt\/pt\/category\/eventos\/organizados-pela-aprh\/\"},{\"@type\":\"ListItem\",\"position\":4,\"name\":\"Passados 2009\",\"item\":\"https:\/\/aprh.pt\/pt\/category\/eventos\/organizados-pela-aprh\/passados-2009\/\"},{\"@type\":\"ListItem\",\"position\":5,\"name\":\"Os desafios da gest\u00e3o da \u00e1gua\"}]},{\"@type\":\"WebSite\",\"@id\":\"https:\/\/aprh.pt\/pt\/#website\",\"url\":\"https:\/\/aprh.pt\/pt\/\",\"name\":\"APRH\",\"description\":\"Associa\u00e7\u00e3o Portuguesa dos Recursos H\u00eddricos\",\"publisher\":{\"@id\":\"https:\/\/aprh.pt\/pt\/#organization\"},\"potentialAction\":[{\"@type\":\"SearchAction\",\"target\":{\"@type\":\"EntryPoint\",\"urlTemplate\":\"https:\/\/aprh.pt\/pt\/?s={search_term_string}\"},\"query-input\":{\"@type\":\"PropertyValueSpecification\",\"valueRequired\":true,\"valueName\":\"search_term_string\"}}],\"inLanguage\":\"pt-PT\"},{\"@type\":\"Organization\",\"@id\":\"https:\/\/aprh.pt\/pt\/#organization\",\"name\":\"APRH\",\"url\":\"https:\/\/aprh.pt\/pt\/\",\"logo\":{\"@type\":\"ImageObject\",\"inLanguage\":\"pt-PT\",\"@id\":\"https:\/\/aprh.pt\/pt\/#\/schema\/logo\/image\/\",\"url\":\"https:\/\/aprh.pt\/wp-content\/uploads\/2022\/04\/logotipo.png\",\"contentUrl\":\"https:\/\/aprh.pt\/wp-content\/uploads\/2022\/04\/logotipo.png\",\"width\":181,\"height\":80,\"caption\":\"APRH\"},\"image\":{\"@id\":\"https:\/\/aprh.pt\/pt\/#\/schema\/logo\/image\/\"}},{\"@type\":\"Person\",\"@id\":\"https:\/\/aprh.pt\/pt\/#\/schema\/person\/48b266141210923df72b6ffbb5cdcbaa\",\"name\":\"admin\",\"image\":{\"@type\":\"ImageObject\",\"inLanguage\":\"pt-PT\",\"@id\":\"https:\/\/aprh.pt\/pt\/#\/schema\/person\/image\/\",\"url\":\"https:\/\/secure.gravatar.com\/avatar\/596e45d48db05fe4ed97c1aa961f66ff?s=96&d=mm&r=g\",\"contentUrl\":\"https:\/\/secure.gravatar.com\/avatar\/596e45d48db05fe4ed97c1aa961f66ff?s=96&d=mm&r=g\",\"caption\":\"admin\"},\"sameAs\":[\"https:\/\/aprh.zalox.pt\"],\"url\":\"https:\/\/aprh.pt\/pt\/author\/zalox\/\"}]}<\/script>\n<!-- \/ Yoast SEO plugin. -->","yoast_head_json":{"title":"Os desafios da gest\u00e3o da \u00e1gua - APRH","robots":{"index":"index","follow":"follow","max-snippet":"max-snippet:-1","max-image-preview":"max-image-preview:large","max-video-preview":"max-video-preview:-1"},"canonical":"https:\/\/aprh.pt\/pt\/eventos\/organizados-pela-aprh\/passados-2009\/os-desafios-da-gestao-da-agua\/","og_locale":"pt_PT","og_type":"article","og_title":"Os desafios da gest\u00e3o da \u00e1gua - APRH","og_description":"8 JUN","og_url":"https:\/\/aprh.pt\/pt\/eventos\/organizados-pela-aprh\/passados-2009\/os-desafios-da-gestao-da-agua\/","og_site_name":"APRH","article_published_time":"2009-06-08T13:31:41+00:00","article_modified_time":"2024-09-10T10:47:28+00:00","og_image":[{"width":500,"height":409,"url":"https:\/\/aprh.pt\/wp-content\/uploads\/2010\/06\/ciclo-de-debates.jpg","type":"image\/jpeg"}],"author":"admin","twitter_card":"summary_large_image","twitter_misc":{"Escrito por":"admin","Tempo estimado de leitura":"3 minutos"},"schema":{"@context":"https:\/\/schema.org","@graph":[{"@type":"Article","@id":"https:\/\/aprh.pt\/pt\/eventos\/organizados-pela-aprh\/passados-2009\/os-desafios-da-gestao-da-agua\/#article","isPartOf":{"@id":"https:\/\/aprh.pt\/pt\/eventos\/organizados-pela-aprh\/passados-2009\/os-desafios-da-gestao-da-agua\/"},"author":{"name":"admin","@id":"https:\/\/aprh.pt\/pt\/#\/schema\/person\/48b266141210923df72b6ffbb5cdcbaa"},"headline":"Os desafios da gest\u00e3o da \u00e1gua","datePublished":"2009-06-08T13:31:41+00:00","dateModified":"2024-09-10T10:47:28+00:00","mainEntityOfPage":{"@id":"https:\/\/aprh.pt\/pt\/eventos\/organizados-pela-aprh\/passados-2009\/os-desafios-da-gestao-da-agua\/"},"wordCount":605,"publisher":{"@id":"https:\/\/aprh.pt\/pt\/#organization"},"image":{"@id":"https:\/\/aprh.pt\/pt\/eventos\/organizados-pela-aprh\/passados-2009\/os-desafios-da-gestao-da-agua\/#primaryimage"},"thumbnailUrl":"https:\/\/aprh.pt\/wp-content\/uploads\/2010\/06\/ciclo-de-debates.jpg","articleSection":["Passados 2009"],"inLanguage":"pt-PT"},{"@type":"WebPage","@id":"https:\/\/aprh.pt\/pt\/eventos\/organizados-pela-aprh\/passados-2009\/os-desafios-da-gestao-da-agua\/","url":"https:\/\/aprh.pt\/pt\/eventos\/organizados-pela-aprh\/passados-2009\/os-desafios-da-gestao-da-agua\/","name":"Os desafios da gest\u00e3o da \u00e1gua - APRH","isPartOf":{"@id":"https:\/\/aprh.pt\/pt\/#website"},"primaryImageOfPage":{"@id":"https:\/\/aprh.pt\/pt\/eventos\/organizados-pela-aprh\/passados-2009\/os-desafios-da-gestao-da-agua\/#primaryimage"},"image":{"@id":"https:\/\/aprh.pt\/pt\/eventos\/organizados-pela-aprh\/passados-2009\/os-desafios-da-gestao-da-agua\/#primaryimage"},"thumbnailUrl":"https:\/\/aprh.pt\/wp-content\/uploads\/2010\/06\/ciclo-de-debates.jpg","datePublished":"2009-06-08T13:31:41+00:00","dateModified":"2024-09-10T10:47:28+00:00","breadcrumb":{"@id":"https:\/\/aprh.pt\/pt\/eventos\/organizados-pela-aprh\/passados-2009\/os-desafios-da-gestao-da-agua\/#breadcrumb"},"inLanguage":"pt-PT","potentialAction":[{"@type":"ReadAction","target":["https:\/\/aprh.pt\/pt\/eventos\/organizados-pela-aprh\/passados-2009\/os-desafios-da-gestao-da-agua\/"]}]},{"@type":"ImageObject","inLanguage":"pt-PT","@id":"https:\/\/aprh.pt\/pt\/eventos\/organizados-pela-aprh\/passados-2009\/os-desafios-da-gestao-da-agua\/#primaryimage","url":"https:\/\/aprh.pt\/wp-content\/uploads\/2010\/06\/ciclo-de-debates.jpg","contentUrl":"https:\/\/aprh.pt\/wp-content\/uploads\/2010\/06\/ciclo-de-debates.jpg","width":500,"height":409},{"@type":"BreadcrumbList","@id":"https:\/\/aprh.pt\/pt\/eventos\/organizados-pela-aprh\/passados-2009\/os-desafios-da-gestao-da-agua\/#breadcrumb","itemListElement":[{"@type":"ListItem","position":1,"name":"Home","item":"https:\/\/aprh.pt\/pt\/"},{"@type":"ListItem","position":2,"name":"Eventos","item":"https:\/\/aprh.pt\/pt\/category\/eventos\/"},{"@type":"ListItem","position":3,"name":"Organizados pela APRH","item":"https:\/\/aprh.pt\/pt\/category\/eventos\/organizados-pela-aprh\/"},{"@type":"ListItem","position":4,"name":"Passados 2009","item":"https:\/\/aprh.pt\/pt\/category\/eventos\/organizados-pela-aprh\/passados-2009\/"},{"@type":"ListItem","position":5,"name":"Os desafios da gest\u00e3o da \u00e1gua"}]},{"@type":"WebSite","@id":"https:\/\/aprh.pt\/pt\/#website","url":"https:\/\/aprh.pt\/pt\/","name":"APRH","description":"Associa\u00e7\u00e3o Portuguesa dos Recursos H\u00eddricos","publisher":{"@id":"https:\/\/aprh.pt\/pt\/#organization"},"potentialAction":[{"@type":"SearchAction","target":{"@type":"EntryPoint","urlTemplate":"https:\/\/aprh.pt\/pt\/?s={search_term_string}"},"query-input":{"@type":"PropertyValueSpecification","valueRequired":true,"valueName":"search_term_string"}}],"inLanguage":"pt-PT"},{"@type":"Organization","@id":"https:\/\/aprh.pt\/pt\/#organization","name":"APRH","url":"https:\/\/aprh.pt\/pt\/","logo":{"@type":"ImageObject","inLanguage":"pt-PT","@id":"https:\/\/aprh.pt\/pt\/#\/schema\/logo\/image\/","url":"https:\/\/aprh.pt\/wp-content\/uploads\/2022\/04\/logotipo.png","contentUrl":"https:\/\/aprh.pt\/wp-content\/uploads\/2022\/04\/logotipo.png","width":181,"height":80,"caption":"APRH"},"image":{"@id":"https:\/\/aprh.pt\/pt\/#\/schema\/logo\/image\/"}},{"@type":"Person","@id":"https:\/\/aprh.pt\/pt\/#\/schema\/person\/48b266141210923df72b6ffbb5cdcbaa","name":"admin","image":{"@type":"ImageObject","inLanguage":"pt-PT","@id":"https:\/\/aprh.pt\/pt\/#\/schema\/person\/image\/","url":"https:\/\/secure.gravatar.com\/avatar\/596e45d48db05fe4ed97c1aa961f66ff?s=96&d=mm&r=g","contentUrl":"https:\/\/secure.gravatar.com\/avatar\/596e45d48db05fe4ed97c1aa961f66ff?s=96&d=mm&r=g","caption":"admin"},"sameAs":["https:\/\/aprh.zalox.pt"],"url":"https:\/\/aprh.pt\/pt\/author\/zalox\/"}]}},"_links":{"self":[{"href":"https:\/\/aprh.pt\/pt\/wp-json\/wp\/v2\/posts\/4288","targetHints":{"allow":["GET"]}}],"collection":[{"href":"https:\/\/aprh.pt\/pt\/wp-json\/wp\/v2\/posts"}],"about":[{"href":"https:\/\/aprh.pt\/pt\/wp-json\/wp\/v2\/types\/post"}],"author":[{"embeddable":true,"href":"https:\/\/aprh.pt\/pt\/wp-json\/wp\/v2\/users\/1"}],"replies":[{"embeddable":true,"href":"https:\/\/aprh.pt\/pt\/wp-json\/wp\/v2\/comments?post=4288"}],"version-history":[{"count":17,"href":"https:\/\/aprh.pt\/pt\/wp-json\/wp\/v2\/posts\/4288\/revisions"}],"predecessor-version":[{"id":76138,"href":"https:\/\/aprh.pt\/pt\/wp-json\/wp\/v2\/posts\/4288\/revisions\/76138"}],"wp:featuredmedia":[{"embeddable":true,"href":"https:\/\/aprh.pt\/pt\/wp-json\/wp\/v2\/media\/53445"}],"wp:attachment":[{"href":"https:\/\/aprh.pt\/pt\/wp-json\/wp\/v2\/media?parent=4288"}],"wp:term":[{"taxonomy":"category","embeddable":true,"href":"https:\/\/aprh.pt\/pt\/wp-json\/wp\/v2\/categories?post=4288"},{"taxonomy":"post_tag","embeddable":true,"href":"https:\/\/aprh.pt\/pt\/wp-json\/wp\/v2\/tags?post=4288"}],"curies":[{"name":"wp","href":"https:\/\/api.w.org\/{rel}","templated":true}]}}