{"id":54414,"date":"2003-02-27T16:27:51","date_gmt":"2003-02-27T16:27:51","guid":{"rendered":"https:\/\/www.aprh.pt\/?p=54414"},"modified":"2024-08-23T17:52:25","modified_gmt":"2024-08-23T17:52:25","slug":"seminario-sobre-aguas-subterraneas-3","status":"publish","type":"post","link":"https:\/\/aprh.pt\/pt\/eventos\/organizados-pela-aprh\/passados-2003\/seminario-sobre-aguas-subterraneas-3\/","title":{"rendered":"Semin\u00e1rio sobre \u00c1guas Subterr\u00e2neas"},"content":{"rendered":"\t\t<div data-elementor-type=\"wp-post\" data-elementor-id=\"54414\" class=\"elementor elementor-54414\" data-elementor-post-type=\"post\">\n\t\t\t\t\t\t<section class=\"elementor-section elementor-top-section elementor-element elementor-element-669f1c2f elementor-section-boxed elementor-section-height-default elementor-section-height-default\" data-id=\"669f1c2f\" data-element_type=\"section\">\n\t\t\t\t\t\t<div class=\"elementor-container elementor-column-gap-default\">\n\t\t\t\t\t<div class=\"elementor-column elementor-col-100 elementor-top-column elementor-element elementor-element-92215ba\" data-id=\"92215ba\" data-element_type=\"column\">\n\t\t\t<div class=\"elementor-widget-wrap elementor-element-populated\">\n\t\t\t\t\t\t<div class=\"elementor-element elementor-element-6518881 elementor-widget elementor-widget-spacer\" data-id=\"6518881\" data-element_type=\"widget\" data-widget_type=\"spacer.default\">\n\t\t\t\t<div class=\"elementor-widget-container\">\n\t\t\t\t\t<div class=\"elementor-spacer\">\n\t\t\t<div class=\"elementor-spacer-inner\"><\/div>\n\t\t<\/div>\n\t\t\t\t<\/div>\n\t\t\t\t<\/div>\n\t\t\t\t\t<\/div>\n\t\t<\/div>\n\t\t\t\t\t<\/div>\n\t\t<\/section>\n\t\t\t\t<section class=\"elementor-section elementor-top-section elementor-element elementor-element-709eaed4 elementor-section-boxed elementor-section-height-default elementor-section-height-default\" data-id=\"709eaed4\" data-element_type=\"section\">\n\t\t\t\t\t\t<div class=\"elementor-container elementor-column-gap-no\">\n\t\t\t\t\t<div class=\"elementor-column elementor-col-50 elementor-top-column elementor-element elementor-element-11ce31e5\" data-id=\"11ce31e5\" data-element_type=\"column\">\n\t\t\t<div class=\"elementor-widget-wrap elementor-element-populated\">\n\t\t\t\t\t\t<div class=\"elementor-element elementor-element-109ca6ce elementor-widget elementor-widget-theme-post-featured-image elementor-widget-image\" data-id=\"109ca6ce\" data-element_type=\"widget\" data-widget_type=\"theme-post-featured-image.default\">\n\t\t\t\t<div class=\"elementor-widget-container\">\n\t\t\t\t\t\t\t\t\t\t\t\t\t<img fetchpriority=\"high\" decoding=\"async\" width=\"960\" height=\"720\" src=\"https:\/\/aprh.pt\/wp-content\/uploads\/2003\/02\/27fevereiro2003_site.jpg\" class=\"attachment-large size-large wp-image-56701\" alt=\"\" srcset=\"https:\/\/aprh.pt\/wp-content\/uploads\/2003\/02\/27fevereiro2003_site.jpg 960w, https:\/\/aprh.pt\/wp-content\/uploads\/2003\/02\/27fevereiro2003_site-300x225.jpg 300w, https:\/\/aprh.pt\/wp-content\/uploads\/2003\/02\/27fevereiro2003_site-768x576.jpg 768w\" sizes=\"(max-width: 960px) 100vw, 960px\" \/>\t\t\t\t\t\t\t\t\t\t\t\t\t<\/div>\n\t\t\t\t<\/div>\n\t\t\t\t\t<\/div>\n\t\t<\/div>\n\t\t\t\t<div class=\"elementor-column elementor-col-50 elementor-top-column elementor-element elementor-element-6dc88553\" data-id=\"6dc88553\" data-element_type=\"column\">\n\t\t\t<div class=\"elementor-widget-wrap elementor-element-populated\">\n\t\t\t\t\t\t<div class=\"elementor-element elementor-element-59a60d8d elementor-widget__width-auto elementor-widget elementor-widget-theme-post-excerpt\" data-id=\"59a60d8d\" data-element_type=\"widget\" data-widget_type=\"theme-post-excerpt.default\">\n\t\t\t\t<div class=\"elementor-widget-container\">\n\t\t\t27-28 FEV\t\t<\/div>\n\t\t\t\t<\/div>\n\t\t\t\t<div class=\"elementor-element elementor-element-1c6fb60e elementor-widget elementor-widget-theme-post-title elementor-page-title elementor-widget-heading\" data-id=\"1c6fb60e\" data-element_type=\"widget\" data-widget_type=\"theme-post-title.default\">\n\t\t\t\t<div class=\"elementor-widget-container\">\n\t\t\t<h1 class=\"elementor-heading-title elementor-size-default\">Semin\u00e1rio sobre \u00c1guas Subterr\u00e2neas<\/h1>\t\t<\/div>\n\t\t\t\t<\/div>\n\t\t\t\t<div class=\"elementor-element elementor-element-62ee88f0 elementor-widget elementor-widget-text-editor\" data-id=\"62ee88f0\" data-element_type=\"widget\" data-widget_type=\"text-editor.default\">\n\t\t\t\t<div class=\"elementor-widget-container\">\n\t\t\t\t\t\t\t<p><strong>27 e 28 de fevereiro de 2003<\/strong><\/p><p>Laborat\u00f3rio Nacional de Engenharia Civil<\/p><p>Brochura (<a href=\"https:\/\/www.aprh.pt\/images\/stories\/pdf\/Bol1_SemAS_Fev03.pdf\" target=\"_blank\" rel=\"noopener\">PDF<\/a>)<\/p>\t\t\t\t\t\t<\/div>\n\t\t\t\t<\/div>\n\t\t\t\t<div class=\"elementor-element elementor-element-7d09b91a elementor-share-buttons--view-icon elementor-share-buttons--skin-flat elementor-share-buttons--shape-circle elementor-share-buttons--align-right elementor-share-buttons--color-custom elementor-grid-0 elementor-widget elementor-widget-share-buttons\" data-id=\"7d09b91a\" data-element_type=\"widget\" data-widget_type=\"share-buttons.default\">\n\t\t\t\t<div class=\"elementor-widget-container\">\n\t\t\t\t\t<div class=\"elementor-grid\">\n\t\t\t\t\t\t\t\t<div class=\"elementor-grid-item\">\n\t\t\t\t\t\t<div\n\t\t\t\t\t\t\tclass=\"elementor-share-btn elementor-share-btn_facebook\"\n\t\t\t\t\t\t\trole=\"button\"\n\t\t\t\t\t\t\ttabindex=\"0\"\n\t\t\t\t\t\t\taria-label=\"Share on facebook\"\n\t\t\t\t\t\t>\n\t\t\t\t\t\t\t\t\t\t\t\t\t\t\t<span class=\"elementor-share-btn__icon\">\n\t\t\t\t\t\t\t\t<i class=\"fab fa-facebook\" aria-hidden=\"true\"><\/i>\t\t\t\t\t\t\t<\/span>\n\t\t\t\t\t\t\t\t\t\t\t\t\t\t\t\t\t\t\t\t<\/div>\n\t\t\t\t\t<\/div>\n\t\t\t\t\t\t\t\t\t<div class=\"elementor-grid-item\">\n\t\t\t\t\t\t<div\n\t\t\t\t\t\t\tclass=\"elementor-share-btn elementor-share-btn_twitter\"\n\t\t\t\t\t\t\trole=\"button\"\n\t\t\t\t\t\t\ttabindex=\"0\"\n\t\t\t\t\t\t\taria-label=\"Share on twitter\"\n\t\t\t\t\t\t>\n\t\t\t\t\t\t\t\t\t\t\t\t\t\t\t<span class=\"elementor-share-btn__icon\">\n\t\t\t\t\t\t\t\t<i class=\"fab fa-twitter\" aria-hidden=\"true\"><\/i>\t\t\t\t\t\t\t<\/span>\n\t\t\t\t\t\t\t\t\t\t\t\t\t\t\t\t\t\t\t\t<\/div>\n\t\t\t\t\t<\/div>\n\t\t\t\t\t\t\t\t\t<div class=\"elementor-grid-item\">\n\t\t\t\t\t\t<div\n\t\t\t\t\t\t\tclass=\"elementor-share-btn elementor-share-btn_linkedin\"\n\t\t\t\t\t\t\trole=\"button\"\n\t\t\t\t\t\t\ttabindex=\"0\"\n\t\t\t\t\t\t\taria-label=\"Share on linkedin\"\n\t\t\t\t\t\t>\n\t\t\t\t\t\t\t\t\t\t\t\t\t\t\t<span class=\"elementor-share-btn__icon\">\n\t\t\t\t\t\t\t\t<i class=\"fab fa-linkedin\" aria-hidden=\"true\"><\/i>\t\t\t\t\t\t\t<\/span>\n\t\t\t\t\t\t\t\t\t\t\t\t\t\t\t\t\t\t\t\t<\/div>\n\t\t\t\t\t<\/div>\n\t\t\t\t\t\t<\/div>\n\t\t\t\t<\/div>\n\t\t\t\t<\/div>\n\t\t\t\t\t<\/div>\n\t\t<\/div>\n\t\t\t\t\t<\/div>\n\t\t<\/section>\n\t\t\t\t<section class=\"elementor-section elementor-top-section elementor-element elementor-element-52689a82 elementor-section-boxed elementor-section-height-default elementor-section-height-default\" data-id=\"52689a82\" data-element_type=\"section\">\n\t\t\t\t\t\t<div class=\"elementor-container elementor-column-gap-no\">\n\t\t\t\t\t<div class=\"elementor-column elementor-col-100 elementor-top-column elementor-element elementor-element-58f3daf8\" data-id=\"58f3daf8\" data-element_type=\"column\">\n\t\t\t<div class=\"elementor-widget-wrap elementor-element-populated\">\n\t\t\t\t\t\t<div class=\"elementor-element elementor-element-550b1a67 tabs_eventos elementor-tabs-view-horizontal elementor-widget elementor-widget-tabs\" data-id=\"550b1a67\" data-element_type=\"widget\" data-widget_type=\"tabs.default\">\n\t\t\t\t<div class=\"elementor-widget-container\">\n\t\t\t\t\t<div class=\"elementor-tabs\">\n\t\t\t<div class=\"elementor-tabs-wrapper\" role=\"tablist\" >\n\t\t\t\t\t\t\t\t\t<div id=\"elementor-tab-title-1421\" class=\"elementor-tab-title elementor-tab-desktop-title\" aria-selected=\"true\" data-tab=\"1\" role=\"tab\" tabindex=\"0\" aria-controls=\"elementor-tab-content-1421\" aria-expanded=\"false\">Objetivos<\/div>\n\t\t\t\t\t\t\t\t\t<div id=\"elementor-tab-title-1422\" class=\"elementor-tab-title elementor-tab-desktop-title\" aria-selected=\"false\" data-tab=\"2\" role=\"tab\" tabindex=\"-1\" aria-controls=\"elementor-tab-content-1422\" aria-expanded=\"false\">Organiza\u00e7\u00e3o<\/div>\n\t\t\t\t\t\t\t<\/div>\n\t\t\t<div class=\"elementor-tabs-content-wrapper\" role=\"tablist\" aria-orientation=\"vertical\">\n\t\t\t\t\t\t\t\t\t<div class=\"elementor-tab-title elementor-tab-mobile-title\" aria-selected=\"true\" data-tab=\"1\" role=\"tab\" tabindex=\"0\" aria-controls=\"elementor-tab-content-1421\" aria-expanded=\"false\">Objetivos<\/div>\n\t\t\t\t\t<div id=\"elementor-tab-content-1421\" class=\"elementor-tab-content elementor-clearfix\" data-tab=\"1\" role=\"tabpanel\" aria-labelledby=\"elementor-tab-title-1421\" tabindex=\"0\" hidden=\"false\"><p>Componente fundamental do ciclo hidrol\u00f3gico, a \u00e1gua subterr\u00e2nea desempenha em Portugal um papel relevante no desenvolvimento econ\u00f3mico-social, nomeadamente\u00a0 na agricultura, na ind\u00fastria e no abastecimento p\u00fablico.<\/p><p>Portugal apresenta uma grande diversidade hidrogeol\u00f3gica, que se reflecte na variedade de sistemas aqu\u00edferos, nos tipos de armazenamento e de circula\u00e7\u00e3o de \u00e1gua, nas interac\u00e7\u00f5es entre os diferentes ramos do ciclo hidrol\u00f3gico e nas manifesta\u00e7\u00f5es de hidrotermalismo, sendo por esse motivo elemento imprescind\u00edvel no planeamento e gest\u00e3o dos recursos h\u00eddricos. As \u00e1guas subterr\u00e2neas apresentam igualmente um papel crucial nas solu\u00e7\u00f5es a encontrar para grande n\u00famero dos problemas relacionados com obras de engenharia.<\/p><p>Dando seguimento a eventos semelhantes, a APRH vai uma vez mais organizar um Semin\u00e1rio sobre \u00c1guas Subterr\u00e2neas, com o objectivo de promover um amplo debate sobre o estado do conhecimento e os trabalhos desenvolvidos em Portugal nos \u00faltimos anos, nos diferentes aspectos quantitativos e qualitativos das \u00e1guas subterr\u00e2neas, com especial relev\u00e2ncia para aqueles que se encontram consignados na Directiva-Quadro da \u00c1gua.\u00a0<\/p><p>Este semin\u00e1rio \u00e9, pela elevada participa\u00e7\u00e3o que tem tido no passado aliada ao leque variado de temas gerais e especializados a\u00ed discutidos pela comunidade t\u00e9cnico-cient\u00edfica nacional, o mais importante acontecimento que ocorre em Portugal no dom\u00ednio dos Recursos H\u00eddricos Subterr\u00e2neos.<\/p><\/div>\n\t\t\t\t\t\t\t\t\t<div class=\"elementor-tab-title elementor-tab-mobile-title\" aria-selected=\"false\" data-tab=\"2\" role=\"tab\" tabindex=\"-1\" aria-controls=\"elementor-tab-content-1422\" aria-expanded=\"false\">Organiza\u00e7\u00e3o<\/div>\n\t\t\t\t\t<div id=\"elementor-tab-content-1422\" class=\"elementor-tab-content elementor-clearfix\" data-tab=\"2\" role=\"tabpanel\" aria-labelledby=\"elementor-tab-title-1422\" tabindex=\"0\" hidden=\"hidden\"><p>Este Semin\u00e1rio \u00e9 uma realiza\u00e7\u00e3o da Comiss\u00e3o Especializada das \u00c1guas Subterr\u00e2neas da Associa\u00e7\u00e3o Portuguesa dos Recursos H\u00eddricos.<\/p><p><strong>COMISS\u00c3O ORGANIZADORA<\/strong><\/p><p>Lu\u00eds Ribeiro<\/p><p>Jo\u00e3o Lopo Mendon\u00e7a<\/p><p>Jos\u00e9 Manuel Marques<\/p><p>Albino Medeiros<\/p><p>Maria Jo\u00e3o Moinante<\/p><\/div>\n\t\t\t\t\t\t\t<\/div>\n\t\t<\/div>\n\t\t\t\t<\/div>\n\t\t\t\t<\/div>\n\t\t\t\t<div class=\"elementor-element elementor-element-423c7f01 elementor-widget elementor-widget-global elementor-global-500 elementor-widget-spacer\" data-id=\"423c7f01\" data-element_type=\"widget\" data-widget_type=\"spacer.default\">\n\t\t\t\t<div class=\"elementor-widget-container\">\n\t\t\t\t\t<div class=\"elementor-spacer\">\n\t\t\t<div class=\"elementor-spacer-inner\"><\/div>\n\t\t<\/div>\n\t\t\t\t<\/div>\n\t\t\t\t<\/div>\n\t\t\t\t\t<\/div>\n\t\t<\/div>\n\t\t\t\t\t<\/div>\n\t\t<\/section>\n\t\t\t\t<\/div>\n\t\t","protected":false},"excerpt":{"rendered":"<p>27-28 FEV<\/p>\n","protected":false},"author":2,"featured_media":56701,"comment_status":"closed","ping_status":"open","sticky":false,"template":"","format":"standard","meta":{"footnotes":""},"categories":[284],"tags":[],"class_list":["post-54414","post","type-post","status-publish","format-standard","has-post-thumbnail","hentry","category-passados-2003"],"yoast_head":"<!-- This site is optimized with the Yoast SEO plugin v23.8 - https:\/\/yoast.com\/wordpress\/plugins\/seo\/ -->\n<title>Semin\u00e1rio sobre \u00c1guas Subterr\u00e2neas - APRH<\/title>\n<meta name=\"robots\" content=\"index, follow, max-snippet:-1, max-image-preview:large, max-video-preview:-1\" \/>\n<link rel=\"canonical\" href=\"https:\/\/aprh.pt\/pt\/eventos\/organizados-pela-aprh\/passados-2003\/seminario-sobre-aguas-subterraneas-3\/\" \/>\n<meta property=\"og:locale\" content=\"pt_PT\" \/>\n<meta property=\"og:type\" content=\"article\" \/>\n<meta property=\"og:title\" content=\"Semin\u00e1rio sobre \u00c1guas Subterr\u00e2neas - APRH\" \/>\n<meta property=\"og:description\" content=\"27-28 FEV\" \/>\n<meta property=\"og:url\" content=\"https:\/\/aprh.pt\/pt\/eventos\/organizados-pela-aprh\/passados-2003\/seminario-sobre-aguas-subterraneas-3\/\" \/>\n<meta property=\"og:site_name\" content=\"APRH\" \/>\n<meta property=\"article:published_time\" content=\"2003-02-27T16:27:51+00:00\" \/>\n<meta property=\"article:modified_time\" content=\"2024-08-23T17:52:25+00:00\" \/>\n<meta property=\"og:image\" content=\"https:\/\/aprh.pt\/wp-content\/uploads\/2003\/02\/27fevereiro2003_site.jpg\" \/>\n\t<meta property=\"og:image:width\" content=\"960\" \/>\n\t<meta property=\"og:image:height\" content=\"720\" \/>\n\t<meta property=\"og:image:type\" content=\"image\/jpeg\" \/>\n<meta name=\"author\" content=\"Andr\u00e9\" \/>\n<meta name=\"twitter:card\" content=\"summary_large_image\" \/>\n<meta name=\"twitter:label1\" content=\"Escrito por\" \/>\n\t<meta name=\"twitter:data1\" content=\"Andr\u00e9\" \/>\n\t<meta name=\"twitter:label2\" content=\"Tempo estimado de leitura\" \/>\n\t<meta name=\"twitter:data2\" content=\"2 minutos\" \/>\n<script type=\"application\/ld+json\" class=\"yoast-schema-graph\">{\"@context\":\"https:\/\/schema.org\",\"@graph\":[{\"@type\":\"Article\",\"@id\":\"https:\/\/aprh.pt\/pt\/eventos\/organizados-pela-aprh\/passados-2003\/seminario-sobre-aguas-subterraneas-3\/#article\",\"isPartOf\":{\"@id\":\"https:\/\/aprh.pt\/pt\/eventos\/organizados-pela-aprh\/passados-2003\/seminario-sobre-aguas-subterraneas-3\/\"},\"author\":{\"name\":\"Andr\u00e9\",\"@id\":\"https:\/\/aprh.pt\/pt\/#\/schema\/person\/ef01fd0cbbfc5df175ba0784a9b613c8\"},\"headline\":\"Semin\u00e1rio sobre \u00c1guas Subterr\u00e2neas\",\"datePublished\":\"2003-02-27T16:27:51+00:00\",\"dateModified\":\"2024-08-23T17:52:25+00:00\",\"mainEntityOfPage\":{\"@id\":\"https:\/\/aprh.pt\/pt\/eventos\/organizados-pela-aprh\/passados-2003\/seminario-sobre-aguas-subterraneas-3\/\"},\"wordCount\":292,\"publisher\":{\"@id\":\"https:\/\/aprh.pt\/pt\/#organization\"},\"image\":{\"@id\":\"https:\/\/aprh.pt\/pt\/eventos\/organizados-pela-aprh\/passados-2003\/seminario-sobre-aguas-subterraneas-3\/#primaryimage\"},\"thumbnailUrl\":\"https:\/\/aprh.pt\/wp-content\/uploads\/2003\/02\/27fevereiro2003_site.jpg\",\"articleSection\":[\"Passados 2003\"],\"inLanguage\":\"pt-PT\"},{\"@type\":\"WebPage\",\"@id\":\"https:\/\/aprh.pt\/pt\/eventos\/organizados-pela-aprh\/passados-2003\/seminario-sobre-aguas-subterraneas-3\/\",\"url\":\"https:\/\/aprh.pt\/pt\/eventos\/organizados-pela-aprh\/passados-2003\/seminario-sobre-aguas-subterraneas-3\/\",\"name\":\"Semin\u00e1rio sobre \u00c1guas Subterr\u00e2neas - APRH\",\"isPartOf\":{\"@id\":\"https:\/\/aprh.pt\/pt\/#website\"},\"primaryImageOfPage\":{\"@id\":\"https:\/\/aprh.pt\/pt\/eventos\/organizados-pela-aprh\/passados-2003\/seminario-sobre-aguas-subterraneas-3\/#primaryimage\"},\"image\":{\"@id\":\"https:\/\/aprh.pt\/pt\/eventos\/organizados-pela-aprh\/passados-2003\/seminario-sobre-aguas-subterraneas-3\/#primaryimage\"},\"thumbnailUrl\":\"https:\/\/aprh.pt\/wp-content\/uploads\/2003\/02\/27fevereiro2003_site.jpg\",\"datePublished\":\"2003-02-27T16:27:51+00:00\",\"dateModified\":\"2024-08-23T17:52:25+00:00\",\"breadcrumb\":{\"@id\":\"https:\/\/aprh.pt\/pt\/eventos\/organizados-pela-aprh\/passados-2003\/seminario-sobre-aguas-subterraneas-3\/#breadcrumb\"},\"inLanguage\":\"pt-PT\",\"potentialAction\":[{\"@type\":\"ReadAction\",\"target\":[\"https:\/\/aprh.pt\/pt\/eventos\/organizados-pela-aprh\/passados-2003\/seminario-sobre-aguas-subterraneas-3\/\"]}]},{\"@type\":\"ImageObject\",\"inLanguage\":\"pt-PT\",\"@id\":\"https:\/\/aprh.pt\/pt\/eventos\/organizados-pela-aprh\/passados-2003\/seminario-sobre-aguas-subterraneas-3\/#primaryimage\",\"url\":\"https:\/\/aprh.pt\/wp-content\/uploads\/2003\/02\/27fevereiro2003_site.jpg\",\"contentUrl\":\"https:\/\/aprh.pt\/wp-content\/uploads\/2003\/02\/27fevereiro2003_site.jpg\",\"width\":960,\"height\":720},{\"@type\":\"BreadcrumbList\",\"@id\":\"https:\/\/aprh.pt\/pt\/eventos\/organizados-pela-aprh\/passados-2003\/seminario-sobre-aguas-subterraneas-3\/#breadcrumb\",\"itemListElement\":[{\"@type\":\"ListItem\",\"position\":1,\"name\":\"Home\",\"item\":\"https:\/\/aprh.pt\/pt\/\"},{\"@type\":\"ListItem\",\"position\":2,\"name\":\"Eventos\",\"item\":\"https:\/\/aprh.pt\/pt\/category\/eventos\/\"},{\"@type\":\"ListItem\",\"position\":3,\"name\":\"Organizados pela APRH\",\"item\":\"https:\/\/aprh.pt\/pt\/category\/eventos\/organizados-pela-aprh\/\"},{\"@type\":\"ListItem\",\"position\":4,\"name\":\"Passados 2003\",\"item\":\"https:\/\/aprh.pt\/pt\/category\/eventos\/organizados-pela-aprh\/passados-2003\/\"},{\"@type\":\"ListItem\",\"position\":5,\"name\":\"Semin\u00e1rio sobre \u00c1guas Subterr\u00e2neas\"}]},{\"@type\":\"WebSite\",\"@id\":\"https:\/\/aprh.pt\/pt\/#website\",\"url\":\"https:\/\/aprh.pt\/pt\/\",\"name\":\"APRH\",\"description\":\"Associa\u00e7\u00e3o Portuguesa dos Recursos H\u00eddricos\",\"publisher\":{\"@id\":\"https:\/\/aprh.pt\/pt\/#organization\"},\"potentialAction\":[{\"@type\":\"SearchAction\",\"target\":{\"@type\":\"EntryPoint\",\"urlTemplate\":\"https:\/\/aprh.pt\/pt\/?s={search_term_string}\"},\"query-input\":{\"@type\":\"PropertyValueSpecification\",\"valueRequired\":true,\"valueName\":\"search_term_string\"}}],\"inLanguage\":\"pt-PT\"},{\"@type\":\"Organization\",\"@id\":\"https:\/\/aprh.pt\/pt\/#organization\",\"name\":\"APRH\",\"url\":\"https:\/\/aprh.pt\/pt\/\",\"logo\":{\"@type\":\"ImageObject\",\"inLanguage\":\"pt-PT\",\"@id\":\"https:\/\/aprh.pt\/pt\/#\/schema\/logo\/image\/\",\"url\":\"https:\/\/aprh.pt\/wp-content\/uploads\/2022\/04\/logotipo.png\",\"contentUrl\":\"https:\/\/aprh.pt\/wp-content\/uploads\/2022\/04\/logotipo.png\",\"width\":181,\"height\":80,\"caption\":\"APRH\"},\"image\":{\"@id\":\"https:\/\/aprh.pt\/pt\/#\/schema\/logo\/image\/\"}},{\"@type\":\"Person\",\"@id\":\"https:\/\/aprh.pt\/pt\/#\/schema\/person\/ef01fd0cbbfc5df175ba0784a9b613c8\",\"name\":\"Andr\u00e9\",\"image\":{\"@type\":\"ImageObject\",\"inLanguage\":\"pt-PT\",\"@id\":\"https:\/\/aprh.pt\/pt\/#\/schema\/person\/image\/\",\"url\":\"https:\/\/secure.gravatar.com\/avatar\/f19c31d559f92a15766b9e9ddc230f85?s=96&d=mm&r=g\",\"contentUrl\":\"https:\/\/secure.gravatar.com\/avatar\/f19c31d559f92a15766b9e9ddc230f85?s=96&d=mm&r=g\",\"caption\":\"Andr\u00e9\"},\"url\":\"https:\/\/aprh.pt\/pt\/author\/aprh\/\"}]}<\/script>\n<!-- \/ Yoast SEO plugin. -->","yoast_head_json":{"title":"Semin\u00e1rio sobre \u00c1guas Subterr\u00e2neas - APRH","robots":{"index":"index","follow":"follow","max-snippet":"max-snippet:-1","max-image-preview":"max-image-preview:large","max-video-preview":"max-video-preview:-1"},"canonical":"https:\/\/aprh.pt\/pt\/eventos\/organizados-pela-aprh\/passados-2003\/seminario-sobre-aguas-subterraneas-3\/","og_locale":"pt_PT","og_type":"article","og_title":"Semin\u00e1rio sobre \u00c1guas Subterr\u00e2neas - APRH","og_description":"27-28 FEV","og_url":"https:\/\/aprh.pt\/pt\/eventos\/organizados-pela-aprh\/passados-2003\/seminario-sobre-aguas-subterraneas-3\/","og_site_name":"APRH","article_published_time":"2003-02-27T16:27:51+00:00","article_modified_time":"2024-08-23T17:52:25+00:00","og_image":[{"width":960,"height":720,"url":"https:\/\/aprh.pt\/wp-content\/uploads\/2003\/02\/27fevereiro2003_site.jpg","type":"image\/jpeg"}],"author":"Andr\u00e9","twitter_card":"summary_large_image","twitter_misc":{"Escrito por":"Andr\u00e9","Tempo estimado de leitura":"2 minutos"},"schema":{"@context":"https:\/\/schema.org","@graph":[{"@type":"Article","@id":"https:\/\/aprh.pt\/pt\/eventos\/organizados-pela-aprh\/passados-2003\/seminario-sobre-aguas-subterraneas-3\/#article","isPartOf":{"@id":"https:\/\/aprh.pt\/pt\/eventos\/organizados-pela-aprh\/passados-2003\/seminario-sobre-aguas-subterraneas-3\/"},"author":{"name":"Andr\u00e9","@id":"https:\/\/aprh.pt\/pt\/#\/schema\/person\/ef01fd0cbbfc5df175ba0784a9b613c8"},"headline":"Semin\u00e1rio sobre \u00c1guas Subterr\u00e2neas","datePublished":"2003-02-27T16:27:51+00:00","dateModified":"2024-08-23T17:52:25+00:00","mainEntityOfPage":{"@id":"https:\/\/aprh.pt\/pt\/eventos\/organizados-pela-aprh\/passados-2003\/seminario-sobre-aguas-subterraneas-3\/"},"wordCount":292,"publisher":{"@id":"https:\/\/aprh.pt\/pt\/#organization"},"image":{"@id":"https:\/\/aprh.pt\/pt\/eventos\/organizados-pela-aprh\/passados-2003\/seminario-sobre-aguas-subterraneas-3\/#primaryimage"},"thumbnailUrl":"https:\/\/aprh.pt\/wp-content\/uploads\/2003\/02\/27fevereiro2003_site.jpg","articleSection":["Passados 2003"],"inLanguage":"pt-PT"},{"@type":"WebPage","@id":"https:\/\/aprh.pt\/pt\/eventos\/organizados-pela-aprh\/passados-2003\/seminario-sobre-aguas-subterraneas-3\/","url":"https:\/\/aprh.pt\/pt\/eventos\/organizados-pela-aprh\/passados-2003\/seminario-sobre-aguas-subterraneas-3\/","name":"Semin\u00e1rio sobre \u00c1guas Subterr\u00e2neas - APRH","isPartOf":{"@id":"https:\/\/aprh.pt\/pt\/#website"},"primaryImageOfPage":{"@id":"https:\/\/aprh.pt\/pt\/eventos\/organizados-pela-aprh\/passados-2003\/seminario-sobre-aguas-subterraneas-3\/#primaryimage"},"image":{"@id":"https:\/\/aprh.pt\/pt\/eventos\/organizados-pela-aprh\/passados-2003\/seminario-sobre-aguas-subterraneas-3\/#primaryimage"},"thumbnailUrl":"https:\/\/aprh.pt\/wp-content\/uploads\/2003\/02\/27fevereiro2003_site.jpg","datePublished":"2003-02-27T16:27:51+00:00","dateModified":"2024-08-23T17:52:25+00:00","breadcrumb":{"@id":"https:\/\/aprh.pt\/pt\/eventos\/organizados-pela-aprh\/passados-2003\/seminario-sobre-aguas-subterraneas-3\/#breadcrumb"},"inLanguage":"pt-PT","potentialAction":[{"@type":"ReadAction","target":["https:\/\/aprh.pt\/pt\/eventos\/organizados-pela-aprh\/passados-2003\/seminario-sobre-aguas-subterraneas-3\/"]}]},{"@type":"ImageObject","inLanguage":"pt-PT","@id":"https:\/\/aprh.pt\/pt\/eventos\/organizados-pela-aprh\/passados-2003\/seminario-sobre-aguas-subterraneas-3\/#primaryimage","url":"https:\/\/aprh.pt\/wp-content\/uploads\/2003\/02\/27fevereiro2003_site.jpg","contentUrl":"https:\/\/aprh.pt\/wp-content\/uploads\/2003\/02\/27fevereiro2003_site.jpg","width":960,"height":720},{"@type":"BreadcrumbList","@id":"https:\/\/aprh.pt\/pt\/eventos\/organizados-pela-aprh\/passados-2003\/seminario-sobre-aguas-subterraneas-3\/#breadcrumb","itemListElement":[{"@type":"ListItem","position":1,"name":"Home","item":"https:\/\/aprh.pt\/pt\/"},{"@type":"ListItem","position":2,"name":"Eventos","item":"https:\/\/aprh.pt\/pt\/category\/eventos\/"},{"@type":"ListItem","position":3,"name":"Organizados pela APRH","item":"https:\/\/aprh.pt\/pt\/category\/eventos\/organizados-pela-aprh\/"},{"@type":"ListItem","position":4,"name":"Passados 2003","item":"https:\/\/aprh.pt\/pt\/category\/eventos\/organizados-pela-aprh\/passados-2003\/"},{"@type":"ListItem","position":5,"name":"Semin\u00e1rio sobre \u00c1guas Subterr\u00e2neas"}]},{"@type":"WebSite","@id":"https:\/\/aprh.pt\/pt\/#website","url":"https:\/\/aprh.pt\/pt\/","name":"APRH","description":"Associa\u00e7\u00e3o Portuguesa dos Recursos H\u00eddricos","publisher":{"@id":"https:\/\/aprh.pt\/pt\/#organization"},"potentialAction":[{"@type":"SearchAction","target":{"@type":"EntryPoint","urlTemplate":"https:\/\/aprh.pt\/pt\/?s={search_term_string}"},"query-input":{"@type":"PropertyValueSpecification","valueRequired":true,"valueName":"search_term_string"}}],"inLanguage":"pt-PT"},{"@type":"Organization","@id":"https:\/\/aprh.pt\/pt\/#organization","name":"APRH","url":"https:\/\/aprh.pt\/pt\/","logo":{"@type":"ImageObject","inLanguage":"pt-PT","@id":"https:\/\/aprh.pt\/pt\/#\/schema\/logo\/image\/","url":"https:\/\/aprh.pt\/wp-content\/uploads\/2022\/04\/logotipo.png","contentUrl":"https:\/\/aprh.pt\/wp-content\/uploads\/2022\/04\/logotipo.png","width":181,"height":80,"caption":"APRH"},"image":{"@id":"https:\/\/aprh.pt\/pt\/#\/schema\/logo\/image\/"}},{"@type":"Person","@id":"https:\/\/aprh.pt\/pt\/#\/schema\/person\/ef01fd0cbbfc5df175ba0784a9b613c8","name":"Andr\u00e9","image":{"@type":"ImageObject","inLanguage":"pt-PT","@id":"https:\/\/aprh.pt\/pt\/#\/schema\/person\/image\/","url":"https:\/\/secure.gravatar.com\/avatar\/f19c31d559f92a15766b9e9ddc230f85?s=96&d=mm&r=g","contentUrl":"https:\/\/secure.gravatar.com\/avatar\/f19c31d559f92a15766b9e9ddc230f85?s=96&d=mm&r=g","caption":"Andr\u00e9"},"url":"https:\/\/aprh.pt\/pt\/author\/aprh\/"}]}},"_links":{"self":[{"href":"https:\/\/aprh.pt\/pt\/wp-json\/wp\/v2\/posts\/54414","targetHints":{"allow":["GET"]}}],"collection":[{"href":"https:\/\/aprh.pt\/pt\/wp-json\/wp\/v2\/posts"}],"about":[{"href":"https:\/\/aprh.pt\/pt\/wp-json\/wp\/v2\/types\/post"}],"author":[{"embeddable":true,"href":"https:\/\/aprh.pt\/pt\/wp-json\/wp\/v2\/users\/2"}],"replies":[{"embeddable":true,"href":"https:\/\/aprh.pt\/pt\/wp-json\/wp\/v2\/comments?post=54414"}],"version-history":[{"count":19,"href":"https:\/\/aprh.pt\/pt\/wp-json\/wp\/v2\/posts\/54414\/revisions"}],"predecessor-version":[{"id":75728,"href":"https:\/\/aprh.pt\/pt\/wp-json\/wp\/v2\/posts\/54414\/revisions\/75728"}],"wp:featuredmedia":[{"embeddable":true,"href":"https:\/\/aprh.pt\/pt\/wp-json\/wp\/v2\/media\/56701"}],"wp:attachment":[{"href":"https:\/\/aprh.pt\/pt\/wp-json\/wp\/v2\/media?parent=54414"}],"wp:term":[{"taxonomy":"category","embeddable":true,"href":"https:\/\/aprh.pt\/pt\/wp-json\/wp\/v2\/categories?post=54414"},{"taxonomy":"post_tag","embeddable":true,"href":"https:\/\/aprh.pt\/pt\/wp-json\/wp\/v2\/tags?post=54414"}],"curies":[{"name":"wp","href":"https:\/\/api.w.org\/{rel}","templated":true}]}}