{"id":54466,"date":"2003-06-23T16:55:35","date_gmt":"2003-06-23T16:55:35","guid":{"rendered":"https:\/\/www.aprh.pt\/?p=54466"},"modified":"2026-04-06T11:17:47","modified_gmt":"2026-04-06T11:17:47","slug":"as-aguas-subterraneas-no-sul-da-peninsula-iberica","status":"publish","type":"post","link":"https:\/\/aprh.pt\/pt\/eventos\/organizados-pela-aprh\/passados-2003\/as-aguas-subterraneas-no-sul-da-peninsula-iberica\/","title":{"rendered":"Jornadas Luso-Espanholas &#8220;As \u00e1guas subterr\u00e2neas no sul da Pen\u00ednsula Ib\u00e9rica&#8221;"},"content":{"rendered":"\t\t<div data-elementor-type=\"wp-post\" data-elementor-id=\"54466\" class=\"elementor elementor-54466\" data-elementor-post-type=\"post\">\n\t\t\t\t\t\t<section class=\"elementor-section elementor-top-section elementor-element elementor-element-29c0779f elementor-section-boxed elementor-section-height-default elementor-section-height-default\" data-id=\"29c0779f\" data-element_type=\"section\">\n\t\t\t\t\t\t<div class=\"elementor-container elementor-column-gap-default\">\n\t\t\t\t\t<div class=\"elementor-column elementor-col-100 elementor-top-column elementor-element elementor-element-7ee7ae92\" data-id=\"7ee7ae92\" data-element_type=\"column\">\n\t\t\t<div class=\"elementor-widget-wrap elementor-element-populated\">\n\t\t\t\t\t\t<div class=\"elementor-element elementor-element-4ed032c5 elementor-widget elementor-widget-spacer\" data-id=\"4ed032c5\" data-element_type=\"widget\" data-widget_type=\"spacer.default\">\n\t\t\t\t<div class=\"elementor-widget-container\">\n\t\t\t\t\t<div class=\"elementor-spacer\">\n\t\t\t<div class=\"elementor-spacer-inner\"><\/div>\n\t\t<\/div>\n\t\t\t\t<\/div>\n\t\t\t\t<\/div>\n\t\t\t\t\t<\/div>\n\t\t<\/div>\n\t\t\t\t\t<\/div>\n\t\t<\/section>\n\t\t\t\t<section class=\"elementor-section elementor-top-section elementor-element elementor-element-d614f7c elementor-section-boxed elementor-section-height-default elementor-section-height-default\" data-id=\"d614f7c\" data-element_type=\"section\">\n\t\t\t\t\t\t<div class=\"elementor-container elementor-column-gap-no\">\n\t\t\t\t\t<div class=\"elementor-column elementor-col-50 elementor-top-column elementor-element elementor-element-781689c5\" data-id=\"781689c5\" data-element_type=\"column\">\n\t\t\t<div class=\"elementor-widget-wrap elementor-element-populated\">\n\t\t\t\t\t\t<div class=\"elementor-element elementor-element-1d341fb4 elementor-widget elementor-widget-theme-post-featured-image elementor-widget-image\" data-id=\"1d341fb4\" data-element_type=\"widget\" data-widget_type=\"theme-post-featured-image.default\">\n\t\t\t\t<div class=\"elementor-widget-container\">\n\t\t\t\t\t\t\t\t\t\t\t\t\t<img fetchpriority=\"high\" decoding=\"async\" width=\"1024\" height=\"768\" src=\"https:\/\/aprh.pt\/wp-content\/uploads\/2022\/10\/04290002.jpg\" class=\"attachment-large size-large wp-image-54473\" alt=\"\" srcset=\"https:\/\/aprh.pt\/wp-content\/uploads\/2022\/10\/04290002.jpg 1024w, https:\/\/aprh.pt\/wp-content\/uploads\/2022\/10\/04290002-300x225.jpg 300w, https:\/\/aprh.pt\/wp-content\/uploads\/2022\/10\/04290002-768x576.jpg 768w\" sizes=\"(max-width: 1024px) 100vw, 1024px\" \/>\t\t\t\t\t\t\t\t\t\t\t\t\t<\/div>\n\t\t\t\t<\/div>\n\t\t\t\t\t<\/div>\n\t\t<\/div>\n\t\t\t\t<div class=\"elementor-column elementor-col-50 elementor-top-column elementor-element elementor-element-11df49eb\" data-id=\"11df49eb\" data-element_type=\"column\">\n\t\t\t<div class=\"elementor-widget-wrap elementor-element-populated\">\n\t\t\t\t\t\t<div class=\"elementor-element elementor-element-68709c1f elementor-widget__width-auto elementor-widget elementor-widget-theme-post-excerpt\" data-id=\"68709c1f\" data-element_type=\"widget\" data-widget_type=\"theme-post-excerpt.default\">\n\t\t\t\t<div class=\"elementor-widget-container\">\n\t\t\t23-27 JUN\t\t<\/div>\n\t\t\t\t<\/div>\n\t\t\t\t<div class=\"elementor-element elementor-element-40578e4 elementor-widget elementor-widget-theme-post-title elementor-page-title elementor-widget-heading\" data-id=\"40578e4\" data-element_type=\"widget\" data-widget_type=\"theme-post-title.default\">\n\t\t\t\t<div class=\"elementor-widget-container\">\n\t\t\t<h1 class=\"elementor-heading-title elementor-size-default\">Jornadas Luso-Espanholas &#8220;As \u00e1guas subterr\u00e2neas no sul da Pen\u00ednsula Ib\u00e9rica&#8221;<\/h1>\t\t<\/div>\n\t\t\t\t<\/div>\n\t\t\t\t<div class=\"elementor-element elementor-element-45d87576 elementor-widget elementor-widget-text-editor\" data-id=\"45d87576\" data-element_type=\"widget\" data-widget_type=\"text-editor.default\">\n\t\t\t\t<div class=\"elementor-widget-container\">\n\t\t\t\t\t\t\t<p>23 a 27 de junho de 2003<\/p><p>Universidade do Algarve, Campus de Gambelas, Faro<\/p><p><a href=\"https:\/\/www.aprh.pt\/images\/stories\/pdf\/triptico-faro-2003_VFINAL.pdf\" target=\"_blank\" rel=\"noopener\">Brochura<\/a> | <a href=\"https:\/\/www.aprh.pt\/images\/stories\/pdf\/programa_final_JLE.pdf\" target=\"_blank\" rel=\"noopener\">Programa<\/a> | <a href=\"https:\/\/www.aprh.pt\/images\/stories\/pdf\/JornadasLuso-Espanholas2003.pdf\" target=\"_blank\" rel=\"noopener\">Livro de resumos-<\/a><\/p>\t\t\t\t\t\t<\/div>\n\t\t\t\t<\/div>\n\t\t\t\t<div class=\"elementor-element elementor-element-1cf1e949 elementor-share-buttons--view-icon elementor-share-buttons--skin-flat elementor-share-buttons--shape-circle elementor-share-buttons--align-right elementor-share-buttons--color-custom elementor-grid-0 elementor-widget elementor-widget-share-buttons\" data-id=\"1cf1e949\" data-element_type=\"widget\" data-widget_type=\"share-buttons.default\">\n\t\t\t\t<div class=\"elementor-widget-container\">\n\t\t\t\t\t<div class=\"elementor-grid\">\n\t\t\t\t\t\t\t\t<div class=\"elementor-grid-item\">\n\t\t\t\t\t\t<div\n\t\t\t\t\t\t\tclass=\"elementor-share-btn elementor-share-btn_facebook\"\n\t\t\t\t\t\t\trole=\"button\"\n\t\t\t\t\t\t\ttabindex=\"0\"\n\t\t\t\t\t\t\taria-label=\"Share on facebook\"\n\t\t\t\t\t\t>\n\t\t\t\t\t\t\t\t\t\t\t\t\t\t\t<span class=\"elementor-share-btn__icon\">\n\t\t\t\t\t\t\t\t<i class=\"fab fa-facebook\" aria-hidden=\"true\"><\/i>\t\t\t\t\t\t\t<\/span>\n\t\t\t\t\t\t\t\t\t\t\t\t\t\t\t\t\t\t\t\t<\/div>\n\t\t\t\t\t<\/div>\n\t\t\t\t\t\t\t\t\t<div class=\"elementor-grid-item\">\n\t\t\t\t\t\t<div\n\t\t\t\t\t\t\tclass=\"elementor-share-btn elementor-share-btn_twitter\"\n\t\t\t\t\t\t\trole=\"button\"\n\t\t\t\t\t\t\ttabindex=\"0\"\n\t\t\t\t\t\t\taria-label=\"Share on twitter\"\n\t\t\t\t\t\t>\n\t\t\t\t\t\t\t\t\t\t\t\t\t\t\t<span class=\"elementor-share-btn__icon\">\n\t\t\t\t\t\t\t\t<i class=\"fab fa-twitter\" aria-hidden=\"true\"><\/i>\t\t\t\t\t\t\t<\/span>\n\t\t\t\t\t\t\t\t\t\t\t\t\t\t\t\t\t\t\t\t<\/div>\n\t\t\t\t\t<\/div>\n\t\t\t\t\t\t\t\t\t<div class=\"elementor-grid-item\">\n\t\t\t\t\t\t<div\n\t\t\t\t\t\t\tclass=\"elementor-share-btn elementor-share-btn_linkedin\"\n\t\t\t\t\t\t\trole=\"button\"\n\t\t\t\t\t\t\ttabindex=\"0\"\n\t\t\t\t\t\t\taria-label=\"Share on linkedin\"\n\t\t\t\t\t\t>\n\t\t\t\t\t\t\t\t\t\t\t\t\t\t\t<span class=\"elementor-share-btn__icon\">\n\t\t\t\t\t\t\t\t<i class=\"fab fa-linkedin\" aria-hidden=\"true\"><\/i>\t\t\t\t\t\t\t<\/span>\n\t\t\t\t\t\t\t\t\t\t\t\t\t\t\t\t\t\t\t\t<\/div>\n\t\t\t\t\t<\/div>\n\t\t\t\t\t\t<\/div>\n\t\t\t\t<\/div>\n\t\t\t\t<\/div>\n\t\t\t\t\t<\/div>\n\t\t<\/div>\n\t\t\t\t\t<\/div>\n\t\t<\/section>\n\t\t\t\t<section class=\"elementor-section elementor-top-section elementor-element elementor-element-59222645 elementor-section-boxed elementor-section-height-default elementor-section-height-default\" data-id=\"59222645\" data-element_type=\"section\">\n\t\t\t\t\t\t<div class=\"elementor-container elementor-column-gap-no\">\n\t\t\t\t\t<div class=\"elementor-column elementor-col-100 elementor-top-column elementor-element elementor-element-55d75a24\" data-id=\"55d75a24\" data-element_type=\"column\">\n\t\t\t<div class=\"elementor-widget-wrap elementor-element-populated\">\n\t\t\t\t\t\t<div class=\"elementor-element elementor-element-f63bdaf tabs_eventos elementor-tabs-view-horizontal elementor-widget elementor-widget-tabs\" data-id=\"f63bdaf\" data-element_type=\"widget\" data-widget_type=\"tabs.default\">\n\t\t\t\t<div class=\"elementor-widget-container\">\n\t\t\t\t\t<div class=\"elementor-tabs\">\n\t\t\t<div class=\"elementor-tabs-wrapper\" role=\"tablist\" >\n\t\t\t\t\t\t\t\t\t<div id=\"elementor-tab-title-2581\" class=\"elementor-tab-title elementor-tab-desktop-title\" aria-selected=\"true\" data-tab=\"1\" role=\"tab\" tabindex=\"0\" aria-controls=\"elementor-tab-content-2581\" aria-expanded=\"false\">Apresenta\u00e7\u00e3o<\/div>\n\t\t\t\t\t\t\t\t\t<div id=\"elementor-tab-title-2582\" class=\"elementor-tab-title elementor-tab-desktop-title\" aria-selected=\"false\" data-tab=\"2\" role=\"tab\" tabindex=\"-1\" aria-controls=\"elementor-tab-content-2582\" aria-expanded=\"false\">Objetivos<\/div>\n\t\t\t\t\t\t\t\t\t<div id=\"elementor-tab-title-2583\" class=\"elementor-tab-title elementor-tab-desktop-title\" aria-selected=\"false\" data-tab=\"3\" role=\"tab\" tabindex=\"-1\" aria-controls=\"elementor-tab-content-2583\" aria-expanded=\"false\">Comiss\u00f5es<\/div>\n\t\t\t\t\t\t\t<\/div>\n\t\t\t<div class=\"elementor-tabs-content-wrapper\" role=\"tablist\" aria-orientation=\"vertical\">\n\t\t\t\t\t\t\t\t\t<div class=\"elementor-tab-title elementor-tab-mobile-title\" aria-selected=\"true\" data-tab=\"1\" role=\"tab\" tabindex=\"0\" aria-controls=\"elementor-tab-content-2581\" aria-expanded=\"false\">Apresenta\u00e7\u00e3o<\/div>\n\t\t\t\t\t<div id=\"elementor-tab-content-2581\" class=\"elementor-tab-content elementor-clearfix\" data-tab=\"1\" role=\"tabpanel\" aria-labelledby=\"elementor-tab-title-2581\" tabindex=\"0\" hidden=\"false\"><p>A Associa\u00e7\u00e3o Portuguesa dos Recursos H\u00eddricos (APRH) foi fundada em 1977 com o objectivo de promover em Portugal o progresso dos conhecimentos e o estudo e discuss\u00e3o dos problemas relativos aos recursos h\u00eddricos, nomeadamente nos dom\u00ednios da gest\u00e3o, do planeamento, do desenvolvimento, da administra\u00e7\u00e3o, da ci\u00eancia, da tecnologia, da investiga\u00e7\u00e3o e do ensino.<\/p><p>Actualmente com cerca de 1500 associados, a APRH tem organizado um n\u00famero elevado de eventos t\u00e9cnico-cient\u00edficos quer em Portugal quer nos Pa\u00edses de L\u00edngua Oficial Portuguesa com especial relev\u00e2ncia para os Congressos de \u00c1gua de periodicidade bianual. A APRH edita desde 1980 a revista <em>Recursos H\u00eddricos,<\/em> a \u00fanica publica\u00e7\u00e3o t\u00e9cnica nacional dedicada exclusivamente a temas h\u00eddricos. Consciente do papel relevante que desempenham as \u00c1guas Subterr\u00e2neas em Portugal a APRH criou no bi\u00e9nio 1980\/81 uma Comiss\u00e3o Especializada para as \u00c1guas Subterr\u00e2neas (CEAS) com o objectivo de contribuir para o conhecimento e discuss\u00e3o dos problemas relativos aos recursos h\u00eddricos subterr\u00e2neos nacionais. A CEAS tem promovido um conjunto muito variado de actividades que v\u00e3o desde a organiza\u00e7\u00e3o de confer\u00eancias tem\u00e1ticas at\u00e9 \u00e0 realiza\u00e7\u00e3o de semin\u00e1rios passando pela edi\u00e7\u00e3o de brochuras de divulga\u00e7\u00e3o.<\/p><p>O Grupo Portugu\u00eas da Associa\u00e7\u00e3o Internacional de Hidroge\u00f3logos (AIH-GP), recentemente formado,\u00a0 representa e coordena as actividades da AIH em Portugal,\u00a0 colabora com v\u00e1rios grupos de trabalho\u00a0 a n\u00edvel internacional, e entre os seus planos futuros est\u00e1 a organiza\u00e7\u00e3o de mesas redondas, debates e confer\u00eancias sobre temas que interessam ao profissionais da Hidrogeologia. A Associa\u00e7\u00e3o Internacional de Hidroge\u00f3logos (AIH), mais conhecida por International Association of Hydrogeologists (IAH), reune mais de 3000 afiliados de 120 pa\u00edses. Os seus objectivos s\u00e3o o interc\u00e2mbio de conhecimentos, para o que organiza regularmente Simp\u00f3sios, Congressos e Reuni\u00f5es, edita monografias cient\u00edficas e t\u00e9cnico- cient\u00edficas, bem como edita a revista <em>Hydrogeology Journal, <\/em>uma revista de refer\u00eancia na especialidade.<\/p><\/div>\n\t\t\t\t\t\t\t\t\t<div class=\"elementor-tab-title elementor-tab-mobile-title\" aria-selected=\"false\" data-tab=\"2\" role=\"tab\" tabindex=\"-1\" aria-controls=\"elementor-tab-content-2582\" aria-expanded=\"false\">Objetivos<\/div>\n\t\t\t\t\t<div id=\"elementor-tab-content-2582\" class=\"elementor-tab-content elementor-clearfix\" data-tab=\"2\" role=\"tabpanel\" aria-labelledby=\"elementor-tab-title-2582\" tabindex=\"0\" hidden=\"hidden\"><p>A zona sul da Pen\u00ednsula Ib\u00e9rica caracteriza-se pela exist\u00eancia de forma\u00e7\u00f5es geol\u00f3gicas muito variadas, coexistindo unidades aqu\u00edferas de baixa e de alta produtividade em ambientes clim\u00e1ticos caracterizados em geral por uma baixa a m\u00e9dia pluviosidade. Acresce que esses sistemas encontram-se sujeitos a amea\u00e7as de v\u00e1rios tipos principalmente aquelas que decorrem da sobreexplora\u00e7\u00e3o das \u00e1guas subterr\u00e2neas nas zonas costeiras de que resulta em geral intrus\u00e3o marinha, e aquelas que prov\u00eam da utiliza\u00e7\u00e3o intensiva e irracional de adubos, fertilizantes e produtos fitofarmac\u00eauticos nos solos agr\u00edcolas, o que acarreta um acr\u00e9scimo significativo de nitratos e de pesticidas nas \u00e1guas subterr\u00e2neas muito para al\u00e9m dos limites estipulados pelos normativos legislativos.<\/p><p>No seguimento dos princ\u00edpios que orientaram as anteriores Jornadas hispano-lusas, que se realizaram na Corunha em 2000, real\u00e7a-se o papel das \u00e1guas subterr\u00e2neas no planeamento dos recursos h\u00eddricos das bacias hidrogr\u00e1ficas dos 2 pa\u00edses. Considerando a similitude de problemas hidrogeol\u00f3gicos existentes nesta regi\u00e3o da Pen\u00ednsula Ib\u00e9rica, a APRH, em conjunto com os grupos portugu\u00eas e espanhol da AIH consideram oportuno organizar umas Jornadas Luso-Espanholas\u00a0 sobre <em>As \u00c1guas Subterr\u00e2neas no Sul da Pen\u00ednsula Ib\u00e9rica <\/em>esperando oferecer mais uma vez aos seus associados, \u00e0 comunidade hidrogeol\u00f3gica em geral, \u00e0s Autoridades Administrativas da \u00c1gua de Portugal e de Espanha e aos seus gestores uma oportunidade para debaterem os aspectos mais relevantes do papel que as \u00e1guas subterr\u00e2neas desempenham nestas regi\u00f5es onde em geral os recursos h\u00eddricos n\u00e3o s\u00e3o muito abundantes\u00a0 e s\u00e3o vulner\u00e1veis. Pretende-se que o interc\u00e2mbio de ideias e experi\u00eancias seja enriquecedor e construtivo permitindo construir as bases para um correcto planeamento e gest\u00e3o dos recursos h\u00eddricos subterr\u00e2neos nomeadamente no contexto das pol\u00edticas comunit\u00e1rias de \u00e1gua tra\u00e7adas pela actual Directiva 2000\/60\/CE.<\/p><\/div>\n\t\t\t\t\t\t\t\t\t<div class=\"elementor-tab-title elementor-tab-mobile-title\" aria-selected=\"false\" data-tab=\"3\" role=\"tab\" tabindex=\"-1\" aria-controls=\"elementor-tab-content-2583\" aria-expanded=\"false\">Comiss\u00f5es<\/div>\n\t\t\t\t\t<div id=\"elementor-tab-content-2583\" class=\"elementor-tab-content elementor-clearfix\" data-tab=\"3\" role=\"tabpanel\" aria-labelledby=\"elementor-tab-title-2583\" tabindex=\"0\" hidden=\"hidden\"><p><strong>COMISS\u00c3O ORGANIZADORA<\/strong><\/p><p>As Jornadas ser\u00e3o organizadas pela Comiss\u00e3o Especializada de \u00c1guas Subterr\u00e2neas da Associa\u00e7\u00e3o Portuguesa dos Recursos H\u00eddricos e pelo Grupo Portugu\u00eas da Associa\u00e7\u00e3o Internacional de Hidroge\u00f3logos.<\/p><p>A Comiss\u00e3o Organizadora Portuguesa ser\u00e1 constitu\u00edda por:<\/p><p>Lu\u00eds Ribeiro (APRH) -Presidente<\/p><p><em>Fernando. Peixinho de Cristo (AIH-GP)<\/em><\/p><p><em>Carlos Calado (AIH-GP)<\/em><\/p><p><em> Marques da Costa (AIH-GP)<\/em><\/p><p><em>Teresa Leit\u00e3o (APRH)<\/em><\/p><p><em>Jo\u00e3o Lopo Mendon\u00e7a (APRH)<\/em><\/p><p><em>Joaquim Braga dos Santos (INAG)<\/em><\/p><p><em>Leit\u00e3o de Freitas (DRALG)<\/em><\/p><p><em>Jos\u00e9 Paulo Monteiro (UALG)<\/em><\/p><p>\u00a0<\/p><p><strong>COMISS\u00c3O CIENT\u00cdFICA<\/strong><\/p><p>Para al\u00e9m dos nomes da Comiss\u00e3o Organizadora fazem parte da Comiss\u00e3o Cient\u00edfica os seguintes elementos:<\/p><p><em>Am\u00e9lia Dill (IGM)<\/em><\/p><p><em>Ant\u00f3nio Chambel (UE)<\/em><\/p><p><em>Antonio Pulido (U. Almer\u00eda)<\/em><\/p><p><em> Marques da Silva (UA)<\/em><\/p><p><em>Bartolom\u00e9 Andreo (U. M\u00e1laga)<\/em><\/p><p><em>Carlos Costa Almeida (FCUL)<\/em><\/p><p><em>Javier Samper (U. Coru\u00f1a) <\/em><\/p><p><em>Jos\u00e9 Ant\u00f3nio Crispim (FCUL)<\/em><\/p><p><em>Jos\u00e9 Capilla (U. Politecnica Valencia)<\/em><\/p><p><em>Jos\u00e9 Manuel Marques (IST) <\/em><\/p><p><em>Jo\u00e3o Paulo Lobo-Ferreira (LNEC)<\/em><\/p><p><em>Juan Mart\u00ednez Rubio (Tragsatec)<\/em><\/p><p><em>Manuel Oliveira Silva (FCUL)<\/em><\/p><p><em>Martim Portugal Ferreira (UC)<\/em><\/p><p><em>Xavier S\u00e1nchez-Vila (U Politecnica de Catalunya)<\/em><\/p><\/div>\n\t\t\t\t\t\t\t<\/div>\n\t\t<\/div>\n\t\t\t\t<\/div>\n\t\t\t\t<\/div>\n\t\t\t\t<div class=\"elementor-element elementor-element-78cef8e4 elementor-widget elementor-widget-global elementor-global-500 elementor-widget-spacer\" data-id=\"78cef8e4\" data-element_type=\"widget\" data-widget_type=\"spacer.default\">\n\t\t\t\t<div class=\"elementor-widget-container\">\n\t\t\t\t\t<div class=\"elementor-spacer\">\n\t\t\t<div class=\"elementor-spacer-inner\"><\/div>\n\t\t<\/div>\n\t\t\t\t<\/div>\n\t\t\t\t<\/div>\n\t\t\t\t\t<\/div>\n\t\t<\/div>\n\t\t\t\t\t<\/div>\n\t\t<\/section>\n\t\t\t\t<\/div>\n\t\t","protected":false},"excerpt":{"rendered":"<p>23-27 JUN<\/p>\n","protected":false},"author":2,"featured_media":54473,"comment_status":"closed","ping_status":"open","sticky":false,"template":"","format":"standard","meta":{"footnotes":""},"categories":[284],"tags":[],"class_list":["post-54466","post","type-post","status-publish","format-standard","has-post-thumbnail","hentry","category-passados-2003"],"yoast_head":"<!-- This site is optimized with the Yoast SEO plugin v23.8 - https:\/\/yoast.com\/wordpress\/plugins\/seo\/ -->\n<title>Jornadas Luso-Espanholas &quot;As \u00e1guas subterr\u00e2neas no sul da Pen\u00ednsula Ib\u00e9rica&quot; - APRH<\/title>\n<meta name=\"robots\" content=\"index, follow, max-snippet:-1, max-image-preview:large, max-video-preview:-1\" \/>\n<link rel=\"canonical\" href=\"https:\/\/aprh.pt\/pt\/eventos\/organizados-pela-aprh\/passados-2003\/as-aguas-subterraneas-no-sul-da-peninsula-iberica\/\" \/>\n<meta property=\"og:locale\" content=\"pt_PT\" \/>\n<meta property=\"og:type\" content=\"article\" \/>\n<meta property=\"og:title\" content=\"Jornadas Luso-Espanholas &quot;As \u00e1guas subterr\u00e2neas no sul da Pen\u00ednsula Ib\u00e9rica&quot; - APRH\" \/>\n<meta property=\"og:description\" content=\"23-27 JUN\" \/>\n<meta property=\"og:url\" content=\"https:\/\/aprh.pt\/pt\/eventos\/organizados-pela-aprh\/passados-2003\/as-aguas-subterraneas-no-sul-da-peninsula-iberica\/\" \/>\n<meta property=\"og:site_name\" content=\"APRH\" \/>\n<meta property=\"article:published_time\" content=\"2003-06-23T16:55:35+00:00\" \/>\n<meta property=\"article:modified_time\" content=\"2026-04-06T11:17:47+00:00\" \/>\n<meta property=\"og:image\" content=\"https:\/\/aprh.pt\/wp-content\/uploads\/2022\/10\/04290002.jpg\" \/>\n\t<meta property=\"og:image:width\" content=\"1024\" \/>\n\t<meta property=\"og:image:height\" content=\"768\" \/>\n\t<meta property=\"og:image:type\" content=\"image\/jpeg\" \/>\n<meta name=\"author\" content=\"Andr\u00e9\" \/>\n<meta name=\"twitter:card\" content=\"summary_large_image\" \/>\n<meta name=\"twitter:label1\" content=\"Escrito por\" \/>\n\t<meta name=\"twitter:data1\" content=\"Andr\u00e9\" \/>\n\t<meta name=\"twitter:label2\" content=\"Tempo estimado de leitura\" \/>\n\t<meta name=\"twitter:data2\" content=\"5 minutos\" \/>\n<script type=\"application\/ld+json\" class=\"yoast-schema-graph\">{\"@context\":\"https:\/\/schema.org\",\"@graph\":[{\"@type\":\"Article\",\"@id\":\"https:\/\/aprh.pt\/pt\/eventos\/organizados-pela-aprh\/passados-2003\/as-aguas-subterraneas-no-sul-da-peninsula-iberica\/#article\",\"isPartOf\":{\"@id\":\"https:\/\/aprh.pt\/pt\/eventos\/organizados-pela-aprh\/passados-2003\/as-aguas-subterraneas-no-sul-da-peninsula-iberica\/\"},\"author\":{\"name\":\"Andr\u00e9\",\"@id\":\"https:\/\/aprh.pt\/pt\/#\/schema\/person\/ef01fd0cbbfc5df175ba0784a9b613c8\"},\"headline\":\"Jornadas Luso-Espanholas &#8220;As \u00e1guas subterr\u00e2neas no sul da Pen\u00ednsula Ib\u00e9rica&#8221;\",\"datePublished\":\"2003-06-23T16:55:35+00:00\",\"dateModified\":\"2026-04-06T11:17:47+00:00\",\"mainEntityOfPage\":{\"@id\":\"https:\/\/aprh.pt\/pt\/eventos\/organizados-pela-aprh\/passados-2003\/as-aguas-subterraneas-no-sul-da-peninsula-iberica\/\"},\"wordCount\":877,\"publisher\":{\"@id\":\"https:\/\/aprh.pt\/pt\/#organization\"},\"image\":{\"@id\":\"https:\/\/aprh.pt\/pt\/eventos\/organizados-pela-aprh\/passados-2003\/as-aguas-subterraneas-no-sul-da-peninsula-iberica\/#primaryimage\"},\"thumbnailUrl\":\"https:\/\/aprh.pt\/wp-content\/uploads\/2022\/10\/04290002.jpg\",\"articleSection\":[\"Passados 2003\"],\"inLanguage\":\"pt-PT\"},{\"@type\":\"WebPage\",\"@id\":\"https:\/\/aprh.pt\/pt\/eventos\/organizados-pela-aprh\/passados-2003\/as-aguas-subterraneas-no-sul-da-peninsula-iberica\/\",\"url\":\"https:\/\/aprh.pt\/pt\/eventos\/organizados-pela-aprh\/passados-2003\/as-aguas-subterraneas-no-sul-da-peninsula-iberica\/\",\"name\":\"Jornadas Luso-Espanholas \\\"As \u00e1guas subterr\u00e2neas no sul da Pen\u00ednsula Ib\u00e9rica\\\" - APRH\",\"isPartOf\":{\"@id\":\"https:\/\/aprh.pt\/pt\/#website\"},\"primaryImageOfPage\":{\"@id\":\"https:\/\/aprh.pt\/pt\/eventos\/organizados-pela-aprh\/passados-2003\/as-aguas-subterraneas-no-sul-da-peninsula-iberica\/#primaryimage\"},\"image\":{\"@id\":\"https:\/\/aprh.pt\/pt\/eventos\/organizados-pela-aprh\/passados-2003\/as-aguas-subterraneas-no-sul-da-peninsula-iberica\/#primaryimage\"},\"thumbnailUrl\":\"https:\/\/aprh.pt\/wp-content\/uploads\/2022\/10\/04290002.jpg\",\"datePublished\":\"2003-06-23T16:55:35+00:00\",\"dateModified\":\"2026-04-06T11:17:47+00:00\",\"breadcrumb\":{\"@id\":\"https:\/\/aprh.pt\/pt\/eventos\/organizados-pela-aprh\/passados-2003\/as-aguas-subterraneas-no-sul-da-peninsula-iberica\/#breadcrumb\"},\"inLanguage\":\"pt-PT\",\"potentialAction\":[{\"@type\":\"ReadAction\",\"target\":[\"https:\/\/aprh.pt\/pt\/eventos\/organizados-pela-aprh\/passados-2003\/as-aguas-subterraneas-no-sul-da-peninsula-iberica\/\"]}]},{\"@type\":\"ImageObject\",\"inLanguage\":\"pt-PT\",\"@id\":\"https:\/\/aprh.pt\/pt\/eventos\/organizados-pela-aprh\/passados-2003\/as-aguas-subterraneas-no-sul-da-peninsula-iberica\/#primaryimage\",\"url\":\"https:\/\/aprh.pt\/wp-content\/uploads\/2022\/10\/04290002.jpg\",\"contentUrl\":\"https:\/\/aprh.pt\/wp-content\/uploads\/2022\/10\/04290002.jpg\",\"width\":1024,\"height\":768},{\"@type\":\"BreadcrumbList\",\"@id\":\"https:\/\/aprh.pt\/pt\/eventos\/organizados-pela-aprh\/passados-2003\/as-aguas-subterraneas-no-sul-da-peninsula-iberica\/#breadcrumb\",\"itemListElement\":[{\"@type\":\"ListItem\",\"position\":1,\"name\":\"Home\",\"item\":\"https:\/\/aprh.pt\/pt\/\"},{\"@type\":\"ListItem\",\"position\":2,\"name\":\"Eventos\",\"item\":\"https:\/\/aprh.pt\/pt\/category\/eventos\/\"},{\"@type\":\"ListItem\",\"position\":3,\"name\":\"Organizados pela APRH\",\"item\":\"https:\/\/aprh.pt\/pt\/category\/eventos\/organizados-pela-aprh\/\"},{\"@type\":\"ListItem\",\"position\":4,\"name\":\"Passados 2003\",\"item\":\"https:\/\/aprh.pt\/pt\/category\/eventos\/organizados-pela-aprh\/passados-2003\/\"},{\"@type\":\"ListItem\",\"position\":5,\"name\":\"Jornadas Luso-Espanholas &#8220;As \u00e1guas subterr\u00e2neas no sul da Pen\u00ednsula Ib\u00e9rica&#8221;\"}]},{\"@type\":\"WebSite\",\"@id\":\"https:\/\/aprh.pt\/pt\/#website\",\"url\":\"https:\/\/aprh.pt\/pt\/\",\"name\":\"APRH\",\"description\":\"Associa\u00e7\u00e3o Portuguesa dos Recursos H\u00eddricos\",\"publisher\":{\"@id\":\"https:\/\/aprh.pt\/pt\/#organization\"},\"potentialAction\":[{\"@type\":\"SearchAction\",\"target\":{\"@type\":\"EntryPoint\",\"urlTemplate\":\"https:\/\/aprh.pt\/pt\/?s={search_term_string}\"},\"query-input\":{\"@type\":\"PropertyValueSpecification\",\"valueRequired\":true,\"valueName\":\"search_term_string\"}}],\"inLanguage\":\"pt-PT\"},{\"@type\":\"Organization\",\"@id\":\"https:\/\/aprh.pt\/pt\/#organization\",\"name\":\"APRH\",\"url\":\"https:\/\/aprh.pt\/pt\/\",\"logo\":{\"@type\":\"ImageObject\",\"inLanguage\":\"pt-PT\",\"@id\":\"https:\/\/aprh.pt\/pt\/#\/schema\/logo\/image\/\",\"url\":\"https:\/\/aprh.pt\/wp-content\/uploads\/2022\/04\/logotipo.png\",\"contentUrl\":\"https:\/\/aprh.pt\/wp-content\/uploads\/2022\/04\/logotipo.png\",\"width\":181,\"height\":80,\"caption\":\"APRH\"},\"image\":{\"@id\":\"https:\/\/aprh.pt\/pt\/#\/schema\/logo\/image\/\"}},{\"@type\":\"Person\",\"@id\":\"https:\/\/aprh.pt\/pt\/#\/schema\/person\/ef01fd0cbbfc5df175ba0784a9b613c8\",\"name\":\"Andr\u00e9\",\"image\":{\"@type\":\"ImageObject\",\"inLanguage\":\"pt-PT\",\"@id\":\"https:\/\/aprh.pt\/pt\/#\/schema\/person\/image\/\",\"url\":\"https:\/\/secure.gravatar.com\/avatar\/f19c31d559f92a15766b9e9ddc230f85?s=96&d=mm&r=g\",\"contentUrl\":\"https:\/\/secure.gravatar.com\/avatar\/f19c31d559f92a15766b9e9ddc230f85?s=96&d=mm&r=g\",\"caption\":\"Andr\u00e9\"},\"url\":\"https:\/\/aprh.pt\/pt\/author\/aprh\/\"}]}<\/script>\n<!-- \/ Yoast SEO plugin. -->","yoast_head_json":{"title":"Jornadas Luso-Espanholas \"As \u00e1guas subterr\u00e2neas no sul da Pen\u00ednsula Ib\u00e9rica\" - APRH","robots":{"index":"index","follow":"follow","max-snippet":"max-snippet:-1","max-image-preview":"max-image-preview:large","max-video-preview":"max-video-preview:-1"},"canonical":"https:\/\/aprh.pt\/pt\/eventos\/organizados-pela-aprh\/passados-2003\/as-aguas-subterraneas-no-sul-da-peninsula-iberica\/","og_locale":"pt_PT","og_type":"article","og_title":"Jornadas Luso-Espanholas \"As \u00e1guas subterr\u00e2neas no sul da Pen\u00ednsula Ib\u00e9rica\" - APRH","og_description":"23-27 JUN","og_url":"https:\/\/aprh.pt\/pt\/eventos\/organizados-pela-aprh\/passados-2003\/as-aguas-subterraneas-no-sul-da-peninsula-iberica\/","og_site_name":"APRH","article_published_time":"2003-06-23T16:55:35+00:00","article_modified_time":"2026-04-06T11:17:47+00:00","og_image":[{"width":1024,"height":768,"url":"https:\/\/aprh.pt\/wp-content\/uploads\/2022\/10\/04290002.jpg","type":"image\/jpeg"}],"author":"Andr\u00e9","twitter_card":"summary_large_image","twitter_misc":{"Escrito por":"Andr\u00e9","Tempo estimado de leitura":"5 minutos"},"schema":{"@context":"https:\/\/schema.org","@graph":[{"@type":"Article","@id":"https:\/\/aprh.pt\/pt\/eventos\/organizados-pela-aprh\/passados-2003\/as-aguas-subterraneas-no-sul-da-peninsula-iberica\/#article","isPartOf":{"@id":"https:\/\/aprh.pt\/pt\/eventos\/organizados-pela-aprh\/passados-2003\/as-aguas-subterraneas-no-sul-da-peninsula-iberica\/"},"author":{"name":"Andr\u00e9","@id":"https:\/\/aprh.pt\/pt\/#\/schema\/person\/ef01fd0cbbfc5df175ba0784a9b613c8"},"headline":"Jornadas Luso-Espanholas &#8220;As \u00e1guas subterr\u00e2neas no sul da Pen\u00ednsula Ib\u00e9rica&#8221;","datePublished":"2003-06-23T16:55:35+00:00","dateModified":"2026-04-06T11:17:47+00:00","mainEntityOfPage":{"@id":"https:\/\/aprh.pt\/pt\/eventos\/organizados-pela-aprh\/passados-2003\/as-aguas-subterraneas-no-sul-da-peninsula-iberica\/"},"wordCount":877,"publisher":{"@id":"https:\/\/aprh.pt\/pt\/#organization"},"image":{"@id":"https:\/\/aprh.pt\/pt\/eventos\/organizados-pela-aprh\/passados-2003\/as-aguas-subterraneas-no-sul-da-peninsula-iberica\/#primaryimage"},"thumbnailUrl":"https:\/\/aprh.pt\/wp-content\/uploads\/2022\/10\/04290002.jpg","articleSection":["Passados 2003"],"inLanguage":"pt-PT"},{"@type":"WebPage","@id":"https:\/\/aprh.pt\/pt\/eventos\/organizados-pela-aprh\/passados-2003\/as-aguas-subterraneas-no-sul-da-peninsula-iberica\/","url":"https:\/\/aprh.pt\/pt\/eventos\/organizados-pela-aprh\/passados-2003\/as-aguas-subterraneas-no-sul-da-peninsula-iberica\/","name":"Jornadas Luso-Espanholas \"As \u00e1guas subterr\u00e2neas no sul da Pen\u00ednsula Ib\u00e9rica\" - APRH","isPartOf":{"@id":"https:\/\/aprh.pt\/pt\/#website"},"primaryImageOfPage":{"@id":"https:\/\/aprh.pt\/pt\/eventos\/organizados-pela-aprh\/passados-2003\/as-aguas-subterraneas-no-sul-da-peninsula-iberica\/#primaryimage"},"image":{"@id":"https:\/\/aprh.pt\/pt\/eventos\/organizados-pela-aprh\/passados-2003\/as-aguas-subterraneas-no-sul-da-peninsula-iberica\/#primaryimage"},"thumbnailUrl":"https:\/\/aprh.pt\/wp-content\/uploads\/2022\/10\/04290002.jpg","datePublished":"2003-06-23T16:55:35+00:00","dateModified":"2026-04-06T11:17:47+00:00","breadcrumb":{"@id":"https:\/\/aprh.pt\/pt\/eventos\/organizados-pela-aprh\/passados-2003\/as-aguas-subterraneas-no-sul-da-peninsula-iberica\/#breadcrumb"},"inLanguage":"pt-PT","potentialAction":[{"@type":"ReadAction","target":["https:\/\/aprh.pt\/pt\/eventos\/organizados-pela-aprh\/passados-2003\/as-aguas-subterraneas-no-sul-da-peninsula-iberica\/"]}]},{"@type":"ImageObject","inLanguage":"pt-PT","@id":"https:\/\/aprh.pt\/pt\/eventos\/organizados-pela-aprh\/passados-2003\/as-aguas-subterraneas-no-sul-da-peninsula-iberica\/#primaryimage","url":"https:\/\/aprh.pt\/wp-content\/uploads\/2022\/10\/04290002.jpg","contentUrl":"https:\/\/aprh.pt\/wp-content\/uploads\/2022\/10\/04290002.jpg","width":1024,"height":768},{"@type":"BreadcrumbList","@id":"https:\/\/aprh.pt\/pt\/eventos\/organizados-pela-aprh\/passados-2003\/as-aguas-subterraneas-no-sul-da-peninsula-iberica\/#breadcrumb","itemListElement":[{"@type":"ListItem","position":1,"name":"Home","item":"https:\/\/aprh.pt\/pt\/"},{"@type":"ListItem","position":2,"name":"Eventos","item":"https:\/\/aprh.pt\/pt\/category\/eventos\/"},{"@type":"ListItem","position":3,"name":"Organizados pela APRH","item":"https:\/\/aprh.pt\/pt\/category\/eventos\/organizados-pela-aprh\/"},{"@type":"ListItem","position":4,"name":"Passados 2003","item":"https:\/\/aprh.pt\/pt\/category\/eventos\/organizados-pela-aprh\/passados-2003\/"},{"@type":"ListItem","position":5,"name":"Jornadas Luso-Espanholas &#8220;As \u00e1guas subterr\u00e2neas no sul da Pen\u00ednsula Ib\u00e9rica&#8221;"}]},{"@type":"WebSite","@id":"https:\/\/aprh.pt\/pt\/#website","url":"https:\/\/aprh.pt\/pt\/","name":"APRH","description":"Associa\u00e7\u00e3o Portuguesa dos Recursos H\u00eddricos","publisher":{"@id":"https:\/\/aprh.pt\/pt\/#organization"},"potentialAction":[{"@type":"SearchAction","target":{"@type":"EntryPoint","urlTemplate":"https:\/\/aprh.pt\/pt\/?s={search_term_string}"},"query-input":{"@type":"PropertyValueSpecification","valueRequired":true,"valueName":"search_term_string"}}],"inLanguage":"pt-PT"},{"@type":"Organization","@id":"https:\/\/aprh.pt\/pt\/#organization","name":"APRH","url":"https:\/\/aprh.pt\/pt\/","logo":{"@type":"ImageObject","inLanguage":"pt-PT","@id":"https:\/\/aprh.pt\/pt\/#\/schema\/logo\/image\/","url":"https:\/\/aprh.pt\/wp-content\/uploads\/2022\/04\/logotipo.png","contentUrl":"https:\/\/aprh.pt\/wp-content\/uploads\/2022\/04\/logotipo.png","width":181,"height":80,"caption":"APRH"},"image":{"@id":"https:\/\/aprh.pt\/pt\/#\/schema\/logo\/image\/"}},{"@type":"Person","@id":"https:\/\/aprh.pt\/pt\/#\/schema\/person\/ef01fd0cbbfc5df175ba0784a9b613c8","name":"Andr\u00e9","image":{"@type":"ImageObject","inLanguage":"pt-PT","@id":"https:\/\/aprh.pt\/pt\/#\/schema\/person\/image\/","url":"https:\/\/secure.gravatar.com\/avatar\/f19c31d559f92a15766b9e9ddc230f85?s=96&d=mm&r=g","contentUrl":"https:\/\/secure.gravatar.com\/avatar\/f19c31d559f92a15766b9e9ddc230f85?s=96&d=mm&r=g","caption":"Andr\u00e9"},"url":"https:\/\/aprh.pt\/pt\/author\/aprh\/"}]}},"_links":{"self":[{"href":"https:\/\/aprh.pt\/pt\/wp-json\/wp\/v2\/posts\/54466","targetHints":{"allow":["GET"]}}],"collection":[{"href":"https:\/\/aprh.pt\/pt\/wp-json\/wp\/v2\/posts"}],"about":[{"href":"https:\/\/aprh.pt\/pt\/wp-json\/wp\/v2\/types\/post"}],"author":[{"embeddable":true,"href":"https:\/\/aprh.pt\/pt\/wp-json\/wp\/v2\/users\/2"}],"replies":[{"embeddable":true,"href":"https:\/\/aprh.pt\/pt\/wp-json\/wp\/v2\/comments?post=54466"}],"version-history":[{"count":16,"href":"https:\/\/aprh.pt\/pt\/wp-json\/wp\/v2\/posts\/54466\/revisions"}],"predecessor-version":[{"id":84527,"href":"https:\/\/aprh.pt\/pt\/wp-json\/wp\/v2\/posts\/54466\/revisions\/84527"}],"wp:featuredmedia":[{"embeddable":true,"href":"https:\/\/aprh.pt\/pt\/wp-json\/wp\/v2\/media\/54473"}],"wp:attachment":[{"href":"https:\/\/aprh.pt\/pt\/wp-json\/wp\/v2\/media?parent=54466"}],"wp:term":[{"taxonomy":"category","embeddable":true,"href":"https:\/\/aprh.pt\/pt\/wp-json\/wp\/v2\/categories?post=54466"},{"taxonomy":"post_tag","embeddable":true,"href":"https:\/\/aprh.pt\/pt\/wp-json\/wp\/v2\/tags?post=54466"}],"curies":[{"name":"wp","href":"https:\/\/api.w.org\/{rel}","templated":true}]}}