{"id":57435,"date":"1990-05-02T14:57:01","date_gmt":"1990-05-02T14:57:01","guid":{"rendered":"https:\/\/www.aprh.pt\/?p=57435"},"modified":"2026-03-04T11:29:50","modified_gmt":"2026-03-04T11:29:50","slug":"a-proposta-de-directiva-da-cee-relativa-ao-tratamento-de-aguas-residuais-municipais-de-19-de-janeiro-de-1990","status":"publish","type":"post","link":"https:\/\/aprh.pt\/pt\/eventos\/organizados-pela-aprh\/passados-1990\/a-proposta-de-directiva-da-cee-relativa-ao-tratamento-de-aguas-residuais-municipais-de-19-de-janeiro-de-1990\/","title":{"rendered":"A Proposta de Directiva da CEE relativa ao Tratamento de \u00c1guas Residuais Municipais&nbsp;<br>(de 19 de Janeiro de 1990)"},"content":{"rendered":"\t\t<div data-elementor-type=\"wp-post\" data-elementor-id=\"57435\" class=\"elementor elementor-57435\" data-elementor-post-type=\"post\">\n\t\t\t\t\t\t<section class=\"elementor-section elementor-top-section elementor-element elementor-element-46334815 elementor-section-boxed elementor-section-height-default elementor-section-height-default\" data-id=\"46334815\" data-element_type=\"section\">\n\t\t\t\t\t\t<div class=\"elementor-container elementor-column-gap-default\">\n\t\t\t\t\t<div class=\"elementor-column elementor-col-100 elementor-top-column elementor-element elementor-element-4b07bc09\" data-id=\"4b07bc09\" data-element_type=\"column\">\n\t\t\t<div class=\"elementor-widget-wrap elementor-element-populated\">\n\t\t\t\t\t\t<div class=\"elementor-element elementor-element-7ce0f4e1 elementor-widget elementor-widget-spacer\" data-id=\"7ce0f4e1\" data-element_type=\"widget\" data-widget_type=\"spacer.default\">\n\t\t\t\t<div class=\"elementor-widget-container\">\n\t\t\t\t\t<div class=\"elementor-spacer\">\n\t\t\t<div class=\"elementor-spacer-inner\"><\/div>\n\t\t<\/div>\n\t\t\t\t<\/div>\n\t\t\t\t<\/div>\n\t\t\t\t\t<\/div>\n\t\t<\/div>\n\t\t\t\t\t<\/div>\n\t\t<\/section>\n\t\t\t\t<section class=\"elementor-section elementor-top-section elementor-element elementor-element-2accd3aa elementor-section-boxed elementor-section-height-default elementor-section-height-default\" data-id=\"2accd3aa\" data-element_type=\"section\">\n\t\t\t\t\t\t<div class=\"elementor-container elementor-column-gap-no\">\n\t\t\t\t\t<div class=\"elementor-column elementor-col-50 elementor-top-column elementor-element elementor-element-f0e6cdc\" data-id=\"f0e6cdc\" data-element_type=\"column\">\n\t\t\t<div class=\"elementor-widget-wrap elementor-element-populated\">\n\t\t\t\t\t\t<div class=\"elementor-element elementor-element-7c2d27cd elementor-widget elementor-widget-theme-post-featured-image elementor-widget-image\" data-id=\"7c2d27cd\" data-element_type=\"widget\" data-widget_type=\"theme-post-featured-image.default\">\n\t\t\t\t<div class=\"elementor-widget-container\">\n\t\t\t\t\t\t\t\t\t\t\t\t\t<img fetchpriority=\"high\" decoding=\"async\" width=\"960\" height=\"720\" src=\"https:\/\/aprh.pt\/wp-content\/uploads\/2022\/11\/2maio1990_site.jpg\" class=\"attachment-large size-large wp-image-57437\" alt=\"\" srcset=\"https:\/\/aprh.pt\/wp-content\/uploads\/2022\/11\/2maio1990_site.jpg 960w, https:\/\/aprh.pt\/wp-content\/uploads\/2022\/11\/2maio1990_site-300x225.jpg 300w, https:\/\/aprh.pt\/wp-content\/uploads\/2022\/11\/2maio1990_site-768x576.jpg 768w\" sizes=\"(max-width: 960px) 100vw, 960px\" \/>\t\t\t\t\t\t\t\t\t\t\t\t\t<\/div>\n\t\t\t\t<\/div>\n\t\t\t\t\t<\/div>\n\t\t<\/div>\n\t\t\t\t<div class=\"elementor-column elementor-col-50 elementor-top-column elementor-element elementor-element-31f80fb9\" data-id=\"31f80fb9\" data-element_type=\"column\">\n\t\t\t<div class=\"elementor-widget-wrap elementor-element-populated\">\n\t\t\t\t\t\t<div class=\"elementor-element elementor-element-8e06374 elementor-widget__width-auto elementor-widget elementor-widget-theme-post-excerpt\" data-id=\"8e06374\" data-element_type=\"widget\" data-widget_type=\"theme-post-excerpt.default\">\n\t\t\t\t<div class=\"elementor-widget-container\">\n\t\t\t2 MAI - 16 MAI - 20 JUN\t\t<\/div>\n\t\t\t\t<\/div>\n\t\t\t\t<div class=\"elementor-element elementor-element-6f8bdd1a elementor-widget elementor-widget-theme-post-title elementor-page-title elementor-widget-heading\" data-id=\"6f8bdd1a\" data-element_type=\"widget\" data-widget_type=\"theme-post-title.default\">\n\t\t\t\t<div class=\"elementor-widget-container\">\n\t\t\t<h1 class=\"elementor-heading-title elementor-size-default\">A Proposta de Directiva da CEE relativa ao Tratamento de \u00c1guas Residuais Municipais&nbsp;<br>(de 19 de Janeiro de 1990)<\/h1>\t\t<\/div>\n\t\t\t\t<\/div>\n\t\t\t\t<div class=\"elementor-element elementor-element-60c77fd elementor-widget elementor-widget-heading\" data-id=\"60c77fd\" data-element_type=\"widget\" data-widget_type=\"heading.default\">\n\t\t\t\t<div class=\"elementor-widget-container\">\n\t\t\t<h4 class=\"elementor-heading-title elementor-size-default\">1\u00ba Ciclo de Interven\u00e7\u00e3o cr\u00edtica<\/h4>\t\t<\/div>\n\t\t\t\t<\/div>\n\t\t\t\t<div class=\"elementor-element elementor-element-47d68cf3 elementor-widget elementor-widget-text-editor\" data-id=\"47d68cf3\" data-element_type=\"widget\" data-widget_type=\"text-editor.default\">\n\t\t\t\t<div class=\"elementor-widget-container\">\n\t\t\t\t\t\t\t<p><strong>2 de maio de 1990<\/strong><\/p>\t\t\t\t\t\t<\/div>\n\t\t\t\t<\/div>\n\t\t\t\t<div class=\"elementor-element elementor-element-2d256554 elementor-share-buttons--view-icon elementor-share-buttons--skin-flat elementor-share-buttons--shape-circle elementor-share-buttons--align-right elementor-share-buttons--color-custom elementor-grid-0 elementor-widget elementor-widget-share-buttons\" data-id=\"2d256554\" data-element_type=\"widget\" data-widget_type=\"share-buttons.default\">\n\t\t\t\t<div class=\"elementor-widget-container\">\n\t\t\t\t\t<div class=\"elementor-grid\">\n\t\t\t\t\t\t\t\t<div class=\"elementor-grid-item\">\n\t\t\t\t\t\t<div\n\t\t\t\t\t\t\tclass=\"elementor-share-btn elementor-share-btn_facebook\"\n\t\t\t\t\t\t\trole=\"button\"\n\t\t\t\t\t\t\ttabindex=\"0\"\n\t\t\t\t\t\t\taria-label=\"Share on facebook\"\n\t\t\t\t\t\t>\n\t\t\t\t\t\t\t\t\t\t\t\t\t\t\t<span class=\"elementor-share-btn__icon\">\n\t\t\t\t\t\t\t\t<i class=\"fab fa-facebook\" aria-hidden=\"true\"><\/i>\t\t\t\t\t\t\t<\/span>\n\t\t\t\t\t\t\t\t\t\t\t\t\t\t\t\t\t\t\t\t<\/div>\n\t\t\t\t\t<\/div>\n\t\t\t\t\t\t\t\t\t<div class=\"elementor-grid-item\">\n\t\t\t\t\t\t<div\n\t\t\t\t\t\t\tclass=\"elementor-share-btn elementor-share-btn_twitter\"\n\t\t\t\t\t\t\trole=\"button\"\n\t\t\t\t\t\t\ttabindex=\"0\"\n\t\t\t\t\t\t\taria-label=\"Share on twitter\"\n\t\t\t\t\t\t>\n\t\t\t\t\t\t\t\t\t\t\t\t\t\t\t<span class=\"elementor-share-btn__icon\">\n\t\t\t\t\t\t\t\t<i class=\"fab fa-twitter\" aria-hidden=\"true\"><\/i>\t\t\t\t\t\t\t<\/span>\n\t\t\t\t\t\t\t\t\t\t\t\t\t\t\t\t\t\t\t\t<\/div>\n\t\t\t\t\t<\/div>\n\t\t\t\t\t\t\t\t\t<div class=\"elementor-grid-item\">\n\t\t\t\t\t\t<div\n\t\t\t\t\t\t\tclass=\"elementor-share-btn elementor-share-btn_linkedin\"\n\t\t\t\t\t\t\trole=\"button\"\n\t\t\t\t\t\t\ttabindex=\"0\"\n\t\t\t\t\t\t\taria-label=\"Share on linkedin\"\n\t\t\t\t\t\t>\n\t\t\t\t\t\t\t\t\t\t\t\t\t\t\t<span class=\"elementor-share-btn__icon\">\n\t\t\t\t\t\t\t\t<i class=\"fab fa-linkedin\" aria-hidden=\"true\"><\/i>\t\t\t\t\t\t\t<\/span>\n\t\t\t\t\t\t\t\t\t\t\t\t\t\t\t\t\t\t\t\t<\/div>\n\t\t\t\t\t<\/div>\n\t\t\t\t\t\t<\/div>\n\t\t\t\t<\/div>\n\t\t\t\t<\/div>\n\t\t\t\t\t<\/div>\n\t\t<\/div>\n\t\t\t\t\t<\/div>\n\t\t<\/section>\n\t\t\t\t<section class=\"elementor-section elementor-top-section elementor-element elementor-element-57f696c6 elementor-section-boxed elementor-section-height-default elementor-section-height-default\" data-id=\"57f696c6\" data-element_type=\"section\">\n\t\t\t\t\t\t<div class=\"elementor-container elementor-column-gap-no\">\n\t\t\t\t\t<div class=\"elementor-column elementor-col-100 elementor-top-column elementor-element elementor-element-15c7eaa1\" data-id=\"15c7eaa1\" data-element_type=\"column\">\n\t\t\t<div class=\"elementor-widget-wrap elementor-element-populated\">\n\t\t\t\t\t\t<div class=\"elementor-element elementor-element-2faa5ef2 tabs_eventos elementor-tabs-view-horizontal elementor-widget elementor-widget-tabs\" data-id=\"2faa5ef2\" data-element_type=\"widget\" data-widget_type=\"tabs.default\">\n\t\t\t\t<div class=\"elementor-widget-container\">\n\t\t\t\t\t<div class=\"elementor-tabs\">\n\t\t\t<div class=\"elementor-tabs-wrapper\" role=\"tablist\" >\n\t\t\t\t\t\t\t\t\t<div id=\"elementor-tab-title-7991\" class=\"elementor-tab-title elementor-tab-desktop-title\" aria-selected=\"true\" data-tab=\"1\" role=\"tab\" tabindex=\"0\" aria-controls=\"elementor-tab-content-7991\" aria-expanded=\"false\">Relato<\/div>\n\t\t\t\t\t\t\t<\/div>\n\t\t\t<div class=\"elementor-tabs-content-wrapper\" role=\"tablist\" aria-orientation=\"vertical\">\n\t\t\t\t\t\t\t\t\t<div class=\"elementor-tab-title elementor-tab-mobile-title\" aria-selected=\"true\" data-tab=\"1\" role=\"tab\" tabindex=\"0\" aria-controls=\"elementor-tab-content-7991\" aria-expanded=\"false\">Relato<\/div>\n\t\t\t\t\t<div id=\"elementor-tab-content-7991\" class=\"elementor-tab-content elementor-clearfix\" data-tab=\"1\" role=\"tabpanel\" aria-labelledby=\"elementor-tab-title-7991\" tabindex=\"0\" hidden=\"false\"><p>A APRH vai levar a efeito, durante os pr\u00f3ximos dois anos, um conjunto de paineis, designados de CICLOS DE INTERVEN\u00c7\u00c3O CR\u00cdTICA, sobre temas relevantes nacionais ou internacionais, com implica\u00e7\u00e3o na gest\u00e3o dos recursos h\u00eddricos, em Portugal.<\/p><p>Esta iniciativa \u201cvoltada para o que est\u00e1 a acontecer\u201d, insere-se no novo programa de actividades da actual comiss\u00e3o directiva da APRH, num sentido:<\/p><ul><li>de an\u00e1lise e debate de quest\u00f5es candentes<\/li><li>de tomada de posi\u00e7\u00e3o sobre problemas em aberto e medidas em cursos<\/li><li>de satisfa\u00e7\u00e3o (quando poss\u00edvel) e de inconformismo (quando necess\u00e1rio).<\/li><\/ul><p>O 1\u00ba ciclo, subordinado ao tema \u201cA Proposta de Directiva da CEE relativa ao Tratamento de \u00c1guas Residuais Municipais (de 19 de Janeiro de 1990)\u201d, realizou-se a 2 de Maio, no LNEC, em Lisboa, por iniciativa conjunta da DGQA (Direc\u00e7\u00e3o-Geral da Qualidade do Ambiente) e da APRH. Esta sess\u00e3o que tinha por objectivo discutir a proposta de directiva e a an\u00e1lise do impacto da sua aplica\u00e7\u00e3o em Portugal, contou com a participa\u00e7\u00e3o de um painel de conferencistas convidados:<\/p><ul><li>Eng Ascenso Pires<\/li><li>Eng Pedro Celestino da Costa<\/li><li>Prof. Joaquim Po\u00e7as Martins<\/li><li>Eng Amilcar Ambrosio<\/li><\/ul><p>tendo como moderador<\/p><ul><li>Engo Jo\u00e3o Bau<\/li><\/ul><p>Do relato das interven\u00e7\u00f5es e do debate, extraiem-se os seguintes pontos:<br \/>0 Eng Celestino da Costa ap\u00f3s salientar que o documento em aprecia\u00e7\u00e3o ignora ou deturpa documentos comunit\u00e1rios fundamentais concluiu pela sua rejei\u00e7\u00e3o em bloco, por imprecis\u00f5es t\u00e9cnicas graves e por pouco ou nada poder contribuir para a melhoria das condi\u00e7\u00f5es ambientais das nossas massas de \u00e1gua.<\/p><p>0 Eng Po\u00e7as Martins referiu, entre outros aspectos que o cumprimento da proposta de Directiva tal como est\u00e1 redigida neste momento iria implicar um ritmo de investimentos v\u00e1rias vezes superior ao previsto at\u00e9 1993, cifrando-se na ordem dos 110 milh\u00f5es de contos por ano,durante um per\u00edodo de 8 anos. H\u00e1 que ter em conta que o quadro comunit\u00e1rio de apoio at\u00e9 1993, n\u00e3o prev\u00ea mais do que 25 milh\u00f5es de contos\/ano, mobiliz\u00e1veis para este fim. Este aspecto p\u00f5e o problema da necessidade da negocia\u00e7\u00e3o de prazos mais alargados para o cum- primento da directiva e ou o problema da obten\u00e7\u00e3o de fundos adicionais.<\/p><p>Estas quest\u00f5es, por si s\u00f3, pol\u00e9micas, ganham maior acuidade, pois, na opini\u00e3o do Engo Amilcar Ambr\u00f3sio, a proposta de directiva n\u00e3o mais exigente do que a legisla\u00e7\u00e3o portuguesa recentemente publicada (Decreto-Lei 74\/90, de 7 de Mar\u00e7o) relativa \u00e0 qualidade da \u00e1gua. O debate do tema em discuss\u00e3o, pela assist\u00eancia, revelou o interesse e oportunidade da ma- t\u00e9ria em an\u00e1lise. Concluiu-se tamb\u00e9m pela imperiosa necessidade da exist\u00eancia de uma for- te estrutura de suporte t\u00e9cnico-cient\u00edfico que apoie e fundamente as tomadas de posi\u00e7\u00e3o dos representantes portugueses na defesa dos interesses nacionais, permitindo, nomeadamente, uma avalia\u00e7\u00e3o do impacto econ\u00f3mico no nosso pa\u00eds das medidas que v\u00e3o sendo tomadas em Bruxelas em mat\u00e9ria de ambiente.<\/p><p>0 2\u00ba Ciclo, que consistiu num \u201cDebate sobre o Decreto-Lei no 70\/90\u201d (de 2 de Mar\u00e7o), realizou-se a 16 de Maio, no LNEC, em Lisboa, tendo como conferencistas convidados:<\/p><ul><li>Dra Teresa N\u00fancio (DGRN)<\/li><li>Eng Jo\u00e3o Bau (Presidente da CD da APRH)<\/li><li>Engo Emanuel Vieira Alberto (Presidente da Mesa da Assembleia Geral da CAIPA)<\/li><li>Eng Francisco Van Zeller (Direc\u00e7\u00e3o CIP)<\/li><\/ul><p>e moderador<\/p><ul><li>Eng Ant\u00f3nio Eira Leit\u00e3o<\/li><\/ul><p>0 3\u00ba Ciclo, que consistiu, igualmente, num \u201cDebate sobre o Decreto-Lei no 74\/90\u201d (de 7 de Mar\u00e7o), realizou-se a 20 de Junho, no LNEC, em Lisboa. Os Conferencistas convidados foram:<\/p><ul><li>Eng\u00aa Ana Maria Magalh\u00e3es (CAIPA)<\/li><li>Eng\u00aa Fernanda Santiago (DGQA)<\/li><li>Eng Fernando Santana (UNL)<\/li><li>Eng Ant\u00f3nio Curto (Gabinete de Saneamento da C\u00e2mara Municipal de Lisboa)<\/li><li>Eng\u00aa Maria Augusta Cavaco (Comiss\u00e3o T\u00e9cnica Joo de Qualidade de \u00c1gua da Associa\u00e7\u00e3o Portuguesa dos Distribuidores de \u00c1gua)<\/li><li>Eng\u00aa Vit\u00f3ria Mira da Silva (APRH)<\/li><\/ul><p>e moderador<\/p><ul><li>Eng Amilcar Ambrosio<\/li><\/ul><p>Da an\u00e1lise e posterior debate deste Decreto-Lei extra\u00edram-se conclus\u00f5es:<\/p><p>CONCLUS\u00d5ES<\/p><p>DECRETO-LEI 70\/90<\/p><p>RELATOR<\/p><p>Eng\u00aa Vitoria Mira da Silva<\/p><ol><li style=\"list-style-type: none;\"><ol><li>H\u00e1 muito que se aguardava a altera\u00e7\u00e3o do quadro legislativo e institucional vigente no dom\u00ednio dos recursos h\u00eddricos, considerado em amplos sectores, como inadequado \u00e0s necessidades actuais. A publica\u00e7\u00e3o do Decreto-Lei no 70\/90, mant\u00e9m todos os motivos que continuam a justificar grande perplexidade e preocupa\u00e7\u00e3o.<\/li><li>Trata-se de um diploma dificilmente caracteriz\u00e1vel. N\u00e3o \u00e9 uma nova lei da a- gua, nem t\u00e3o pouco define uma nova pol\u00edtica de gest\u00e3o dos recursos h\u00eddricos. Para al\u00e9m da confus\u00e3o conceptual, \u00e9 patente o car\u00e1cter contradit\u00f3rio de grande parte do articulado. \u00c9 uma singular \u201cmistura\u201d de altera\u00e7\u00f5es da estrutura org\u00e2nica, com modifica\u00e7\u00f5es, em termos de inaceit\u00e1vel exorbit\u00e2ncia, do montante das coimas aplic\u00e1veis neste dom\u00ednio e com o enunciado de alguns princ\u00edpios. E, portanto, legitimo continuar a aguardar e a reclamar a publica\u00e7\u00e3o de uma nova \u201cLei das \u00c1guas\u201d.<\/li><li>0 Decreto-Lei no 70\/90, altera substancialmente a filosofia subjacente \u00e0 ac\u00e7\u00e3o do Estado nesta mat\u00e9ria, conferindo aos utilizadores a prioridade na iniciativa de promo\u00e7\u00e3o e realiza\u00e7\u00e3o de ac\u00e7\u00f5es de fomento hidr\u00e1ulico, reservando para o Estado uma fun\u00e7\u00e3o meramente supletiva.<\/li><li>A estrutura de administra\u00e7\u00e3o dos recursos h\u00eddricos que \u00e9 proposta revela-se excessiva e desnecessariamente centralizada, personalizada e insuficientemente participada, apesar de criar novas entidades.<\/li><li>N\u00e3o elimina os conflitos de compet\u00eancia j\u00e1 de todos conhecidos, nem clarifica o processo de licenciamento das utiliza\u00e7\u00f5es do dom\u00ednio h\u00eddrico, em particular, no que respeita \u00e0 sua articula\u00e7\u00e3o com o licenciamento RILEI e ou com avalia\u00e7\u00e3o de impacto ambiental.<\/li><li>N\u00e3o altera a legisla\u00e7\u00e3o sobre a propriedade do dom\u00ednio h\u00eddrico.<\/li><li>N\u00e3o define crit\u00e9rios para hierarquiza\u00e7\u00e3o das v\u00e1rias utiliza\u00e7\u00f5es, deixando apenas ao n\u00edvel dos princ\u00edpios todo o processo de planeamento dos recursos h\u00eddricos.<\/li><li>Cria, com contornos bastante indefinidos, a figura das \u201cassocia\u00e7\u00f5es de utilizadores\u201d, mas n\u00e3o institui verdadeiros mecanismos para participa\u00e7\u00e3o dos utilizadores, nomeadamente, no \u00e2mbito nacional. Fica ainda por esclarecer o tipo de relacionamento entre as \u201cassocia\u00e7\u00f5es de utilizadores\u201d e as autarquias.<\/li><li>N\u00e3o consagra sistemas de apoio \u00e0 investiga\u00e7\u00e3o e desenvolvimento experimental neste dom\u00ednio<\/li><li>N\u00e3o faz qualquer diferencia\u00e7\u00e3o entre novas ind\u00fastrias e ind\u00fastrias j\u00e1 instaladas.<\/li><li>Institui o princ\u00edpio do utilizador-pagador apenas pela via das taxas e das coimas, ignorando tudo quanto respeita a incentivos e deixando para regulamenta\u00e7\u00e3o posterior a defini\u00e7\u00e3o dos crit\u00e9rios para o estabelecimento das taxas. \u00c9 criada uma \u201ctaxa de utiliza\u00e7\u00e3o\u201d do dom\u00ednio p\u00fablico h\u00eddrico cujo produto se destina, em parte, a financiar o or\u00e7amento de funcionamento dos servi\u00e7os da administra\u00e7\u00e3o p\u00fablica do sector, o que corresponde, na pr\u00e1tica, \u00e0 cria\u00e7\u00e3o de mais um imposto!<\/li><li>A unidade b\u00e1sica de planeamento e gest\u00e3o dos recursos h\u00eddricos continua a ser a bacia hidrogr\u00e1fica. S\u00f3 que o diploma acrescenta-lhe \u201cconjuntos de bacias hidrogr\u00e1ficas ou zonas consideradas afins numa \u00f3ptica de utiliza\u00e7\u00e3o da \u00e1gua\u201d.<br \/>Para al\u00e9m de n\u00e3o explicitar o que se entende por \u201czonas consideradas afins\u201d, viola o disposto no artigo 120, da Lei 11\/87, de 7 de Abril (Lei de Bases do Ambiente).<\/li><li>S\u00e3o \u201cpressupostos gerais necess\u00e1rios de qualquer forma de licenciamento:<ul><li>Absten\u00e7\u00e3o da pr\u00e1tica de actos ou actividades que causem exaust\u00e3o ou degrada\u00e7\u00e3o qualitativa dos recursos h\u00eddricos e outros impactos sobre o ambiente\u201d.<\/li><\/ul><\/li><\/ol><p>Ser\u00e1 esta a nova formula\u00e7\u00e3o do velho princ\u00edpio de 1892 \u201c\u00c9 proibido poluir\u201d?<\/p><ol start=\"14\"><li>\u00c9 verdadeiramente inaudito o furor prescritivo do legislador, traduzido no montante exorbitante das coimas. O supremo exagero atinge-se na al\u00ednea n) no Art 230, onde, ali\u00e1s, se definem em termos de tal modo deficientes os actos que constituem infrac\u00e7\u00e3o que ali parecem incluir-se mesmo as ac\u00e7\u00f5es que correspondam ao exerc\u00edcio normal de qualquer actividade econ\u00f3mica.<\/li><li>Por fim, caber\u00e1 sublinhar que \u00e9 inaceit\u00e1vel e injustific\u00e1vel vir a exigir as empresas o cumprimento do diploma legal em an\u00e1lise, sob comina\u00e7\u00e3o da aplica\u00e7\u00e3o de coimas de montantes extremamente gravosos, sem que previamente seja estabelecida uma calendariza\u00e7\u00e3o razo\u00e1vel para ac\u00e7\u00e3o colectiva de todos os potenciais poluidores do dom\u00ednio h\u00eddrico. S\u00f3 com a exist\u00eancia de faseamentos prudentes, realisticamente suscept\u00edveis de serem concretizados na pr\u00e1tica, se poder\u00e1 evitar que o esfor\u00e7o realizado por alguns em investimentos muitas vezes extremamente elevados, na \u00e1rea da salvaguarda e preserva\u00e7\u00e3o da \u00e1gua, venha a ser totalmente in\u00fatil, face \u00e0 actua\u00e7\u00e3o ilegal, descoordenada ou insuficiente de outros utentes dos recursos h\u00eddricos.<\/li><\/ol><\/li><\/ol><\/div>\n\t\t\t\t\t\t\t<\/div>\n\t\t<\/div>\n\t\t\t\t<\/div>\n\t\t\t\t<\/div>\n\t\t\t\t<div class=\"elementor-element elementor-element-21eeb35a elementor-widget elementor-widget-global elementor-global-500 elementor-widget-spacer\" data-id=\"21eeb35a\" data-element_type=\"widget\" data-widget_type=\"spacer.default\">\n\t\t\t\t<div class=\"elementor-widget-container\">\n\t\t\t\t\t<div class=\"elementor-spacer\">\n\t\t\t<div class=\"elementor-spacer-inner\"><\/div>\n\t\t<\/div>\n\t\t\t\t<\/div>\n\t\t\t\t<\/div>\n\t\t\t\t\t<\/div>\n\t\t<\/div>\n\t\t\t\t\t<\/div>\n\t\t<\/section>\n\t\t\t\t<\/div>\n\t\t","protected":false},"excerpt":{"rendered":"<p>2 MAI &#8211; 16 MAI &#8211; 20 JUN<\/p>\n","protected":false},"author":2,"featured_media":57437,"comment_status":"closed","ping_status":"open","sticky":false,"template":"","format":"standard","meta":{"footnotes":""},"categories":[370],"tags":[],"class_list":["post-57435","post","type-post","status-publish","format-standard","has-post-thumbnail","hentry","category-passados-1990"],"yoast_head":"<!-- This site is optimized with the Yoast SEO plugin v23.8 - https:\/\/yoast.com\/wordpress\/plugins\/seo\/ -->\n<title>A Proposta de Directiva da CEE relativa ao Tratamento de \u00c1guas Residuais Municipais&nbsp;(de 19 de Janeiro de 1990) - APRH<\/title>\n<meta name=\"robots\" content=\"index, follow, max-snippet:-1, max-image-preview:large, max-video-preview:-1\" \/>\n<link rel=\"canonical\" href=\"https:\/\/aprh.pt\/pt\/eventos\/organizados-pela-aprh\/passados-1990\/a-proposta-de-directiva-da-cee-relativa-ao-tratamento-de-aguas-residuais-municipais-de-19-de-janeiro-de-1990\/\" \/>\n<meta property=\"og:locale\" content=\"pt_PT\" \/>\n<meta property=\"og:type\" content=\"article\" \/>\n<meta property=\"og:title\" content=\"A Proposta de Directiva da CEE relativa ao Tratamento de \u00c1guas Residuais Municipais&nbsp;(de 19 de Janeiro de 1990) - APRH\" \/>\n<meta property=\"og:description\" content=\"2 MAI - 16 MAI - 20 JUN\" \/>\n<meta property=\"og:url\" content=\"https:\/\/aprh.pt\/pt\/eventos\/organizados-pela-aprh\/passados-1990\/a-proposta-de-directiva-da-cee-relativa-ao-tratamento-de-aguas-residuais-municipais-de-19-de-janeiro-de-1990\/\" \/>\n<meta property=\"og:site_name\" content=\"APRH\" \/>\n<meta property=\"article:published_time\" content=\"1990-05-02T14:57:01+00:00\" \/>\n<meta property=\"article:modified_time\" content=\"2026-03-04T11:29:50+00:00\" \/>\n<meta property=\"og:image\" content=\"https:\/\/aprh.pt\/wp-content\/uploads\/2022\/11\/2maio1990_site.jpg\" \/>\n\t<meta property=\"og:image:width\" content=\"960\" \/>\n\t<meta property=\"og:image:height\" content=\"720\" \/>\n\t<meta property=\"og:image:type\" content=\"image\/jpeg\" \/>\n<meta name=\"author\" content=\"Andr\u00e9\" \/>\n<meta name=\"twitter:card\" content=\"summary_large_image\" \/>\n<meta name=\"twitter:label1\" content=\"Escrito por\" \/>\n\t<meta name=\"twitter:data1\" content=\"Andr\u00e9\" \/>\n\t<meta name=\"twitter:label2\" content=\"Tempo estimado de leitura\" \/>\n\t<meta name=\"twitter:data2\" content=\"8 minutos\" \/>\n<script type=\"application\/ld+json\" class=\"yoast-schema-graph\">{\"@context\":\"https:\/\/schema.org\",\"@graph\":[{\"@type\":\"Article\",\"@id\":\"https:\/\/aprh.pt\/pt\/eventos\/organizados-pela-aprh\/passados-1990\/a-proposta-de-directiva-da-cee-relativa-ao-tratamento-de-aguas-residuais-municipais-de-19-de-janeiro-de-1990\/#article\",\"isPartOf\":{\"@id\":\"https:\/\/aprh.pt\/pt\/eventos\/organizados-pela-aprh\/passados-1990\/a-proposta-de-directiva-da-cee-relativa-ao-tratamento-de-aguas-residuais-municipais-de-19-de-janeiro-de-1990\/\"},\"author\":{\"name\":\"Andr\u00e9\",\"@id\":\"https:\/\/aprh.pt\/pt\/#\/schema\/person\/ef01fd0cbbfc5df175ba0784a9b613c8\"},\"headline\":\"A Proposta de Directiva da CEE relativa ao Tratamento de \u00c1guas Residuais Municipais&nbsp; (de 19 de Janeiro de 1990)\",\"datePublished\":\"1990-05-02T14:57:01+00:00\",\"dateModified\":\"2026-03-04T11:29:50+00:00\",\"mainEntityOfPage\":{\"@id\":\"https:\/\/aprh.pt\/pt\/eventos\/organizados-pela-aprh\/passados-1990\/a-proposta-de-directiva-da-cee-relativa-ao-tratamento-de-aguas-residuais-municipais-de-19-de-janeiro-de-1990\/\"},\"wordCount\":1480,\"publisher\":{\"@id\":\"https:\/\/aprh.pt\/pt\/#organization\"},\"image\":{\"@id\":\"https:\/\/aprh.pt\/pt\/eventos\/organizados-pela-aprh\/passados-1990\/a-proposta-de-directiva-da-cee-relativa-ao-tratamento-de-aguas-residuais-municipais-de-19-de-janeiro-de-1990\/#primaryimage\"},\"thumbnailUrl\":\"https:\/\/aprh.pt\/wp-content\/uploads\/2022\/11\/2maio1990_site.jpg\",\"articleSection\":[\"Passados 1990\"],\"inLanguage\":\"pt-PT\"},{\"@type\":\"WebPage\",\"@id\":\"https:\/\/aprh.pt\/pt\/eventos\/organizados-pela-aprh\/passados-1990\/a-proposta-de-directiva-da-cee-relativa-ao-tratamento-de-aguas-residuais-municipais-de-19-de-janeiro-de-1990\/\",\"url\":\"https:\/\/aprh.pt\/pt\/eventos\/organizados-pela-aprh\/passados-1990\/a-proposta-de-directiva-da-cee-relativa-ao-tratamento-de-aguas-residuais-municipais-de-19-de-janeiro-de-1990\/\",\"name\":\"A Proposta de Directiva da CEE relativa ao Tratamento de \u00c1guas Residuais Municipais&nbsp; (de 19 de Janeiro de 1990) - APRH\",\"isPartOf\":{\"@id\":\"https:\/\/aprh.pt\/pt\/#website\"},\"primaryImageOfPage\":{\"@id\":\"https:\/\/aprh.pt\/pt\/eventos\/organizados-pela-aprh\/passados-1990\/a-proposta-de-directiva-da-cee-relativa-ao-tratamento-de-aguas-residuais-municipais-de-19-de-janeiro-de-1990\/#primaryimage\"},\"image\":{\"@id\":\"https:\/\/aprh.pt\/pt\/eventos\/organizados-pela-aprh\/passados-1990\/a-proposta-de-directiva-da-cee-relativa-ao-tratamento-de-aguas-residuais-municipais-de-19-de-janeiro-de-1990\/#primaryimage\"},\"thumbnailUrl\":\"https:\/\/aprh.pt\/wp-content\/uploads\/2022\/11\/2maio1990_site.jpg\",\"datePublished\":\"1990-05-02T14:57:01+00:00\",\"dateModified\":\"2026-03-04T11:29:50+00:00\",\"breadcrumb\":{\"@id\":\"https:\/\/aprh.pt\/pt\/eventos\/organizados-pela-aprh\/passados-1990\/a-proposta-de-directiva-da-cee-relativa-ao-tratamento-de-aguas-residuais-municipais-de-19-de-janeiro-de-1990\/#breadcrumb\"},\"inLanguage\":\"pt-PT\",\"potentialAction\":[{\"@type\":\"ReadAction\",\"target\":[\"https:\/\/aprh.pt\/pt\/eventos\/organizados-pela-aprh\/passados-1990\/a-proposta-de-directiva-da-cee-relativa-ao-tratamento-de-aguas-residuais-municipais-de-19-de-janeiro-de-1990\/\"]}]},{\"@type\":\"ImageObject\",\"inLanguage\":\"pt-PT\",\"@id\":\"https:\/\/aprh.pt\/pt\/eventos\/organizados-pela-aprh\/passados-1990\/a-proposta-de-directiva-da-cee-relativa-ao-tratamento-de-aguas-residuais-municipais-de-19-de-janeiro-de-1990\/#primaryimage\",\"url\":\"https:\/\/aprh.pt\/wp-content\/uploads\/2022\/11\/2maio1990_site.jpg\",\"contentUrl\":\"https:\/\/aprh.pt\/wp-content\/uploads\/2022\/11\/2maio1990_site.jpg\",\"width\":960,\"height\":720},{\"@type\":\"BreadcrumbList\",\"@id\":\"https:\/\/aprh.pt\/pt\/eventos\/organizados-pela-aprh\/passados-1990\/a-proposta-de-directiva-da-cee-relativa-ao-tratamento-de-aguas-residuais-municipais-de-19-de-janeiro-de-1990\/#breadcrumb\",\"itemListElement\":[{\"@type\":\"ListItem\",\"position\":1,\"name\":\"Home\",\"item\":\"https:\/\/aprh.pt\/pt\/\"},{\"@type\":\"ListItem\",\"position\":2,\"name\":\"Eventos\",\"item\":\"https:\/\/aprh.pt\/pt\/category\/eventos\/\"},{\"@type\":\"ListItem\",\"position\":3,\"name\":\"Organizados pela APRH\",\"item\":\"https:\/\/aprh.pt\/pt\/category\/eventos\/organizados-pela-aprh\/\"},{\"@type\":\"ListItem\",\"position\":4,\"name\":\"Passados 1990\",\"item\":\"https:\/\/aprh.pt\/pt\/category\/eventos\/organizados-pela-aprh\/passados-1990\/\"},{\"@type\":\"ListItem\",\"position\":5,\"name\":\"A Proposta de Directiva da CEE relativa ao Tratamento de \u00c1guas Residuais Municipais&nbsp;(de 19 de Janeiro de 1990)\"}]},{\"@type\":\"WebSite\",\"@id\":\"https:\/\/aprh.pt\/pt\/#website\",\"url\":\"https:\/\/aprh.pt\/pt\/\",\"name\":\"APRH\",\"description\":\"Associa\u00e7\u00e3o Portuguesa dos Recursos H\u00eddricos\",\"publisher\":{\"@id\":\"https:\/\/aprh.pt\/pt\/#organization\"},\"potentialAction\":[{\"@type\":\"SearchAction\",\"target\":{\"@type\":\"EntryPoint\",\"urlTemplate\":\"https:\/\/aprh.pt\/pt\/?s={search_term_string}\"},\"query-input\":{\"@type\":\"PropertyValueSpecification\",\"valueRequired\":true,\"valueName\":\"search_term_string\"}}],\"inLanguage\":\"pt-PT\"},{\"@type\":\"Organization\",\"@id\":\"https:\/\/aprh.pt\/pt\/#organization\",\"name\":\"APRH\",\"url\":\"https:\/\/aprh.pt\/pt\/\",\"logo\":{\"@type\":\"ImageObject\",\"inLanguage\":\"pt-PT\",\"@id\":\"https:\/\/aprh.pt\/pt\/#\/schema\/logo\/image\/\",\"url\":\"https:\/\/aprh.pt\/wp-content\/uploads\/2022\/04\/logotipo.png\",\"contentUrl\":\"https:\/\/aprh.pt\/wp-content\/uploads\/2022\/04\/logotipo.png\",\"width\":181,\"height\":80,\"caption\":\"APRH\"},\"image\":{\"@id\":\"https:\/\/aprh.pt\/pt\/#\/schema\/logo\/image\/\"}},{\"@type\":\"Person\",\"@id\":\"https:\/\/aprh.pt\/pt\/#\/schema\/person\/ef01fd0cbbfc5df175ba0784a9b613c8\",\"name\":\"Andr\u00e9\",\"image\":{\"@type\":\"ImageObject\",\"inLanguage\":\"pt-PT\",\"@id\":\"https:\/\/aprh.pt\/pt\/#\/schema\/person\/image\/\",\"url\":\"https:\/\/secure.gravatar.com\/avatar\/f19c31d559f92a15766b9e9ddc230f85?s=96&d=mm&r=g\",\"contentUrl\":\"https:\/\/secure.gravatar.com\/avatar\/f19c31d559f92a15766b9e9ddc230f85?s=96&d=mm&r=g\",\"caption\":\"Andr\u00e9\"},\"url\":\"https:\/\/aprh.pt\/pt\/author\/aprh\/\"}]}<\/script>\n<!-- \/ Yoast SEO plugin. -->","yoast_head_json":{"title":"A Proposta de Directiva da CEE relativa ao Tratamento de \u00c1guas Residuais Municipais&nbsp;(de 19 de Janeiro de 1990) - APRH","robots":{"index":"index","follow":"follow","max-snippet":"max-snippet:-1","max-image-preview":"max-image-preview:large","max-video-preview":"max-video-preview:-1"},"canonical":"https:\/\/aprh.pt\/pt\/eventos\/organizados-pela-aprh\/passados-1990\/a-proposta-de-directiva-da-cee-relativa-ao-tratamento-de-aguas-residuais-municipais-de-19-de-janeiro-de-1990\/","og_locale":"pt_PT","og_type":"article","og_title":"A Proposta de Directiva da CEE relativa ao Tratamento de \u00c1guas Residuais Municipais&nbsp;(de 19 de Janeiro de 1990) - APRH","og_description":"2 MAI - 16 MAI - 20 JUN","og_url":"https:\/\/aprh.pt\/pt\/eventos\/organizados-pela-aprh\/passados-1990\/a-proposta-de-directiva-da-cee-relativa-ao-tratamento-de-aguas-residuais-municipais-de-19-de-janeiro-de-1990\/","og_site_name":"APRH","article_published_time":"1990-05-02T14:57:01+00:00","article_modified_time":"2026-03-04T11:29:50+00:00","og_image":[{"width":960,"height":720,"url":"https:\/\/aprh.pt\/wp-content\/uploads\/2022\/11\/2maio1990_site.jpg","type":"image\/jpeg"}],"author":"Andr\u00e9","twitter_card":"summary_large_image","twitter_misc":{"Escrito por":"Andr\u00e9","Tempo estimado de leitura":"8 minutos"},"schema":{"@context":"https:\/\/schema.org","@graph":[{"@type":"Article","@id":"https:\/\/aprh.pt\/pt\/eventos\/organizados-pela-aprh\/passados-1990\/a-proposta-de-directiva-da-cee-relativa-ao-tratamento-de-aguas-residuais-municipais-de-19-de-janeiro-de-1990\/#article","isPartOf":{"@id":"https:\/\/aprh.pt\/pt\/eventos\/organizados-pela-aprh\/passados-1990\/a-proposta-de-directiva-da-cee-relativa-ao-tratamento-de-aguas-residuais-municipais-de-19-de-janeiro-de-1990\/"},"author":{"name":"Andr\u00e9","@id":"https:\/\/aprh.pt\/pt\/#\/schema\/person\/ef01fd0cbbfc5df175ba0784a9b613c8"},"headline":"A Proposta de Directiva da CEE relativa ao Tratamento de \u00c1guas Residuais Municipais&nbsp; (de 19 de Janeiro de 1990)","datePublished":"1990-05-02T14:57:01+00:00","dateModified":"2026-03-04T11:29:50+00:00","mainEntityOfPage":{"@id":"https:\/\/aprh.pt\/pt\/eventos\/organizados-pela-aprh\/passados-1990\/a-proposta-de-directiva-da-cee-relativa-ao-tratamento-de-aguas-residuais-municipais-de-19-de-janeiro-de-1990\/"},"wordCount":1480,"publisher":{"@id":"https:\/\/aprh.pt\/pt\/#organization"},"image":{"@id":"https:\/\/aprh.pt\/pt\/eventos\/organizados-pela-aprh\/passados-1990\/a-proposta-de-directiva-da-cee-relativa-ao-tratamento-de-aguas-residuais-municipais-de-19-de-janeiro-de-1990\/#primaryimage"},"thumbnailUrl":"https:\/\/aprh.pt\/wp-content\/uploads\/2022\/11\/2maio1990_site.jpg","articleSection":["Passados 1990"],"inLanguage":"pt-PT"},{"@type":"WebPage","@id":"https:\/\/aprh.pt\/pt\/eventos\/organizados-pela-aprh\/passados-1990\/a-proposta-de-directiva-da-cee-relativa-ao-tratamento-de-aguas-residuais-municipais-de-19-de-janeiro-de-1990\/","url":"https:\/\/aprh.pt\/pt\/eventos\/organizados-pela-aprh\/passados-1990\/a-proposta-de-directiva-da-cee-relativa-ao-tratamento-de-aguas-residuais-municipais-de-19-de-janeiro-de-1990\/","name":"A Proposta de Directiva da CEE relativa ao Tratamento de \u00c1guas Residuais Municipais&nbsp; (de 19 de Janeiro de 1990) - APRH","isPartOf":{"@id":"https:\/\/aprh.pt\/pt\/#website"},"primaryImageOfPage":{"@id":"https:\/\/aprh.pt\/pt\/eventos\/organizados-pela-aprh\/passados-1990\/a-proposta-de-directiva-da-cee-relativa-ao-tratamento-de-aguas-residuais-municipais-de-19-de-janeiro-de-1990\/#primaryimage"},"image":{"@id":"https:\/\/aprh.pt\/pt\/eventos\/organizados-pela-aprh\/passados-1990\/a-proposta-de-directiva-da-cee-relativa-ao-tratamento-de-aguas-residuais-municipais-de-19-de-janeiro-de-1990\/#primaryimage"},"thumbnailUrl":"https:\/\/aprh.pt\/wp-content\/uploads\/2022\/11\/2maio1990_site.jpg","datePublished":"1990-05-02T14:57:01+00:00","dateModified":"2026-03-04T11:29:50+00:00","breadcrumb":{"@id":"https:\/\/aprh.pt\/pt\/eventos\/organizados-pela-aprh\/passados-1990\/a-proposta-de-directiva-da-cee-relativa-ao-tratamento-de-aguas-residuais-municipais-de-19-de-janeiro-de-1990\/#breadcrumb"},"inLanguage":"pt-PT","potentialAction":[{"@type":"ReadAction","target":["https:\/\/aprh.pt\/pt\/eventos\/organizados-pela-aprh\/passados-1990\/a-proposta-de-directiva-da-cee-relativa-ao-tratamento-de-aguas-residuais-municipais-de-19-de-janeiro-de-1990\/"]}]},{"@type":"ImageObject","inLanguage":"pt-PT","@id":"https:\/\/aprh.pt\/pt\/eventos\/organizados-pela-aprh\/passados-1990\/a-proposta-de-directiva-da-cee-relativa-ao-tratamento-de-aguas-residuais-municipais-de-19-de-janeiro-de-1990\/#primaryimage","url":"https:\/\/aprh.pt\/wp-content\/uploads\/2022\/11\/2maio1990_site.jpg","contentUrl":"https:\/\/aprh.pt\/wp-content\/uploads\/2022\/11\/2maio1990_site.jpg","width":960,"height":720},{"@type":"BreadcrumbList","@id":"https:\/\/aprh.pt\/pt\/eventos\/organizados-pela-aprh\/passados-1990\/a-proposta-de-directiva-da-cee-relativa-ao-tratamento-de-aguas-residuais-municipais-de-19-de-janeiro-de-1990\/#breadcrumb","itemListElement":[{"@type":"ListItem","position":1,"name":"Home","item":"https:\/\/aprh.pt\/pt\/"},{"@type":"ListItem","position":2,"name":"Eventos","item":"https:\/\/aprh.pt\/pt\/category\/eventos\/"},{"@type":"ListItem","position":3,"name":"Organizados pela APRH","item":"https:\/\/aprh.pt\/pt\/category\/eventos\/organizados-pela-aprh\/"},{"@type":"ListItem","position":4,"name":"Passados 1990","item":"https:\/\/aprh.pt\/pt\/category\/eventos\/organizados-pela-aprh\/passados-1990\/"},{"@type":"ListItem","position":5,"name":"A Proposta de Directiva da CEE relativa ao Tratamento de \u00c1guas Residuais Municipais&nbsp;(de 19 de Janeiro de 1990)"}]},{"@type":"WebSite","@id":"https:\/\/aprh.pt\/pt\/#website","url":"https:\/\/aprh.pt\/pt\/","name":"APRH","description":"Associa\u00e7\u00e3o Portuguesa dos Recursos H\u00eddricos","publisher":{"@id":"https:\/\/aprh.pt\/pt\/#organization"},"potentialAction":[{"@type":"SearchAction","target":{"@type":"EntryPoint","urlTemplate":"https:\/\/aprh.pt\/pt\/?s={search_term_string}"},"query-input":{"@type":"PropertyValueSpecification","valueRequired":true,"valueName":"search_term_string"}}],"inLanguage":"pt-PT"},{"@type":"Organization","@id":"https:\/\/aprh.pt\/pt\/#organization","name":"APRH","url":"https:\/\/aprh.pt\/pt\/","logo":{"@type":"ImageObject","inLanguage":"pt-PT","@id":"https:\/\/aprh.pt\/pt\/#\/schema\/logo\/image\/","url":"https:\/\/aprh.pt\/wp-content\/uploads\/2022\/04\/logotipo.png","contentUrl":"https:\/\/aprh.pt\/wp-content\/uploads\/2022\/04\/logotipo.png","width":181,"height":80,"caption":"APRH"},"image":{"@id":"https:\/\/aprh.pt\/pt\/#\/schema\/logo\/image\/"}},{"@type":"Person","@id":"https:\/\/aprh.pt\/pt\/#\/schema\/person\/ef01fd0cbbfc5df175ba0784a9b613c8","name":"Andr\u00e9","image":{"@type":"ImageObject","inLanguage":"pt-PT","@id":"https:\/\/aprh.pt\/pt\/#\/schema\/person\/image\/","url":"https:\/\/secure.gravatar.com\/avatar\/f19c31d559f92a15766b9e9ddc230f85?s=96&d=mm&r=g","contentUrl":"https:\/\/secure.gravatar.com\/avatar\/f19c31d559f92a15766b9e9ddc230f85?s=96&d=mm&r=g","caption":"Andr\u00e9"},"url":"https:\/\/aprh.pt\/pt\/author\/aprh\/"}]}},"_links":{"self":[{"href":"https:\/\/aprh.pt\/pt\/wp-json\/wp\/v2\/posts\/57435","targetHints":{"allow":["GET"]}}],"collection":[{"href":"https:\/\/aprh.pt\/pt\/wp-json\/wp\/v2\/posts"}],"about":[{"href":"https:\/\/aprh.pt\/pt\/wp-json\/wp\/v2\/types\/post"}],"author":[{"embeddable":true,"href":"https:\/\/aprh.pt\/pt\/wp-json\/wp\/v2\/users\/2"}],"replies":[{"embeddable":true,"href":"https:\/\/aprh.pt\/pt\/wp-json\/wp\/v2\/comments?post=57435"}],"version-history":[{"count":16,"href":"https:\/\/aprh.pt\/pt\/wp-json\/wp\/v2\/posts\/57435\/revisions"}],"predecessor-version":[{"id":84263,"href":"https:\/\/aprh.pt\/pt\/wp-json\/wp\/v2\/posts\/57435\/revisions\/84263"}],"wp:featuredmedia":[{"embeddable":true,"href":"https:\/\/aprh.pt\/pt\/wp-json\/wp\/v2\/media\/57437"}],"wp:attachment":[{"href":"https:\/\/aprh.pt\/pt\/wp-json\/wp\/v2\/media?parent=57435"}],"wp:term":[{"taxonomy":"category","embeddable":true,"href":"https:\/\/aprh.pt\/pt\/wp-json\/wp\/v2\/categories?post=57435"},{"taxonomy":"post_tag","embeddable":true,"href":"https:\/\/aprh.pt\/pt\/wp-json\/wp\/v2\/tags?post=57435"}],"curies":[{"name":"wp","href":"https:\/\/api.w.org\/{rel}","templated":true}]}}