{"id":57522,"date":"1990-12-04T17:07:48","date_gmt":"1990-12-04T17:07:48","guid":{"rendered":"https:\/\/www.aprh.pt\/?p=57522"},"modified":"2026-03-04T11:12:06","modified_gmt":"2026-03-04T11:12:06","slug":"agua-e-industria-2","status":"publish","type":"post","link":"https:\/\/aprh.pt\/pt\/eventos\/organizados-pela-aprh\/passados-1990\/agua-e-industria-2\/","title":{"rendered":"\u00c1gua e Ind\u00fastria"},"content":{"rendered":"\t\t<div data-elementor-type=\"wp-post\" data-elementor-id=\"57522\" class=\"elementor elementor-57522\" data-elementor-post-type=\"post\">\n\t\t\t\t\t\t<section class=\"elementor-section elementor-top-section elementor-element elementor-element-570153a6 elementor-section-boxed elementor-section-height-default elementor-section-height-default\" data-id=\"570153a6\" data-element_type=\"section\">\n\t\t\t\t\t\t<div class=\"elementor-container elementor-column-gap-default\">\n\t\t\t\t\t<div class=\"elementor-column elementor-col-100 elementor-top-column elementor-element elementor-element-304ac8b1\" data-id=\"304ac8b1\" data-element_type=\"column\">\n\t\t\t<div class=\"elementor-widget-wrap elementor-element-populated\">\n\t\t\t\t\t\t<div class=\"elementor-element elementor-element-10ca6bb7 elementor-widget elementor-widget-spacer\" data-id=\"10ca6bb7\" data-element_type=\"widget\" data-widget_type=\"spacer.default\">\n\t\t\t\t<div class=\"elementor-widget-container\">\n\t\t\t\t\t<div class=\"elementor-spacer\">\n\t\t\t<div class=\"elementor-spacer-inner\"><\/div>\n\t\t<\/div>\n\t\t\t\t<\/div>\n\t\t\t\t<\/div>\n\t\t\t\t\t<\/div>\n\t\t<\/div>\n\t\t\t\t\t<\/div>\n\t\t<\/section>\n\t\t\t\t<section class=\"elementor-section elementor-top-section elementor-element elementor-element-2dc6d687 elementor-section-boxed elementor-section-height-default elementor-section-height-default\" data-id=\"2dc6d687\" data-element_type=\"section\">\n\t\t\t\t\t\t<div class=\"elementor-container elementor-column-gap-no\">\n\t\t\t\t\t<div class=\"elementor-column elementor-col-50 elementor-top-column elementor-element elementor-element-4ff59de8\" data-id=\"4ff59de8\" data-element_type=\"column\">\n\t\t\t<div class=\"elementor-widget-wrap elementor-element-populated\">\n\t\t\t\t\t\t<div class=\"elementor-element elementor-element-491540e8 elementor-widget elementor-widget-theme-post-featured-image elementor-widget-image\" data-id=\"491540e8\" data-element_type=\"widget\" data-widget_type=\"theme-post-featured-image.default\">\n\t\t\t\t<div class=\"elementor-widget-container\">\n\t\t\t\t\t\t\t\t\t\t\t\t\t<img fetchpriority=\"high\" decoding=\"async\" width=\"960\" height=\"720\" src=\"https:\/\/aprh.pt\/wp-content\/uploads\/2022\/11\/4-5dezembro1990_site.jpg\" class=\"attachment-large size-large wp-image-57524\" alt=\"\" srcset=\"https:\/\/aprh.pt\/wp-content\/uploads\/2022\/11\/4-5dezembro1990_site.jpg 960w, https:\/\/aprh.pt\/wp-content\/uploads\/2022\/11\/4-5dezembro1990_site-300x225.jpg 300w, https:\/\/aprh.pt\/wp-content\/uploads\/2022\/11\/4-5dezembro1990_site-768x576.jpg 768w\" sizes=\"(max-width: 960px) 100vw, 960px\" \/>\t\t\t\t\t\t\t\t\t\t\t\t\t<\/div>\n\t\t\t\t<\/div>\n\t\t\t\t\t<\/div>\n\t\t<\/div>\n\t\t\t\t<div class=\"elementor-column elementor-col-50 elementor-top-column elementor-element elementor-element-6266d644\" data-id=\"6266d644\" data-element_type=\"column\">\n\t\t\t<div class=\"elementor-widget-wrap elementor-element-populated\">\n\t\t\t\t\t\t<div class=\"elementor-element elementor-element-59e7e057 elementor-widget__width-auto elementor-widget elementor-widget-theme-post-excerpt\" data-id=\"59e7e057\" data-element_type=\"widget\" data-widget_type=\"theme-post-excerpt.default\">\n\t\t\t\t<div class=\"elementor-widget-container\">\n\t\t\t4-5 DEZ\t\t<\/div>\n\t\t\t\t<\/div>\n\t\t\t\t<div class=\"elementor-element elementor-element-d6938e elementor-widget elementor-widget-theme-post-title elementor-page-title elementor-widget-heading\" data-id=\"d6938e\" data-element_type=\"widget\" data-widget_type=\"theme-post-title.default\">\n\t\t\t\t<div class=\"elementor-widget-container\">\n\t\t\t<h1 class=\"elementor-heading-title elementor-size-default\">\u00c1gua e Ind\u00fastria<\/h1>\t\t<\/div>\n\t\t\t\t<\/div>\n\t\t\t\t<div class=\"elementor-element elementor-element-6f12c31 elementor-widget elementor-widget-heading\" data-id=\"6f12c31\" data-element_type=\"widget\" data-widget_type=\"heading.default\">\n\t\t\t\t<div class=\"elementor-widget-container\">\n\t\t\t<h3 class=\"elementor-heading-title elementor-size-default\">Integrado no ciclo de realiza\u00e7\u00f5es preparat\u00f3rias do <\/h3>\t\t<\/div>\n\t\t\t\t<\/div>\n\t\t\t\t<div class=\"elementor-element elementor-element-478ad17 elementor-widget elementor-widget-heading\" data-id=\"478ad17\" data-element_type=\"widget\" data-widget_type=\"heading.default\">\n\t\t\t\t<div class=\"elementor-widget-container\">\n\t\t\t<h2 class=\"elementor-heading-title elementor-size-default\"><a href=\"https:\/\/aprh.pt\/pt\/eventos\/organizados-pela-aprh\/passados-1992\/1o-congresso-da-agua-2\/\">1\u00ba Congresso da \u00c1gua<\/a><\/h2>\t\t<\/div>\n\t\t\t\t<\/div>\n\t\t\t\t<div class=\"elementor-element elementor-element-506baee0 elementor-widget elementor-widget-text-editor\" data-id=\"506baee0\" data-element_type=\"widget\" data-widget_type=\"text-editor.default\">\n\t\t\t\t<div class=\"elementor-widget-container\">\n\t\t\t\t\t\t\t<p><strong>4 e 5 de dezembro de 1990<\/strong><\/p>\t\t\t\t\t\t<\/div>\n\t\t\t\t<\/div>\n\t\t\t\t<div class=\"elementor-element elementor-element-1f09442e elementor-share-buttons--view-icon elementor-share-buttons--skin-flat elementor-share-buttons--shape-circle elementor-share-buttons--align-right elementor-share-buttons--color-custom elementor-grid-0 elementor-widget elementor-widget-share-buttons\" data-id=\"1f09442e\" data-element_type=\"widget\" data-widget_type=\"share-buttons.default\">\n\t\t\t\t<div class=\"elementor-widget-container\">\n\t\t\t\t\t<div class=\"elementor-grid\">\n\t\t\t\t\t\t\t\t<div class=\"elementor-grid-item\">\n\t\t\t\t\t\t<div\n\t\t\t\t\t\t\tclass=\"elementor-share-btn elementor-share-btn_facebook\"\n\t\t\t\t\t\t\trole=\"button\"\n\t\t\t\t\t\t\ttabindex=\"0\"\n\t\t\t\t\t\t\taria-label=\"Share on facebook\"\n\t\t\t\t\t\t>\n\t\t\t\t\t\t\t\t\t\t\t\t\t\t\t<span class=\"elementor-share-btn__icon\">\n\t\t\t\t\t\t\t\t<i class=\"fab fa-facebook\" aria-hidden=\"true\"><\/i>\t\t\t\t\t\t\t<\/span>\n\t\t\t\t\t\t\t\t\t\t\t\t\t\t\t\t\t\t\t\t<\/div>\n\t\t\t\t\t<\/div>\n\t\t\t\t\t\t\t\t\t<div class=\"elementor-grid-item\">\n\t\t\t\t\t\t<div\n\t\t\t\t\t\t\tclass=\"elementor-share-btn elementor-share-btn_twitter\"\n\t\t\t\t\t\t\trole=\"button\"\n\t\t\t\t\t\t\ttabindex=\"0\"\n\t\t\t\t\t\t\taria-label=\"Share on twitter\"\n\t\t\t\t\t\t>\n\t\t\t\t\t\t\t\t\t\t\t\t\t\t\t<span class=\"elementor-share-btn__icon\">\n\t\t\t\t\t\t\t\t<i class=\"fab fa-twitter\" aria-hidden=\"true\"><\/i>\t\t\t\t\t\t\t<\/span>\n\t\t\t\t\t\t\t\t\t\t\t\t\t\t\t\t\t\t\t\t<\/div>\n\t\t\t\t\t<\/div>\n\t\t\t\t\t\t\t\t\t<div class=\"elementor-grid-item\">\n\t\t\t\t\t\t<div\n\t\t\t\t\t\t\tclass=\"elementor-share-btn elementor-share-btn_linkedin\"\n\t\t\t\t\t\t\trole=\"button\"\n\t\t\t\t\t\t\ttabindex=\"0\"\n\t\t\t\t\t\t\taria-label=\"Share on linkedin\"\n\t\t\t\t\t\t>\n\t\t\t\t\t\t\t\t\t\t\t\t\t\t\t<span class=\"elementor-share-btn__icon\">\n\t\t\t\t\t\t\t\t<i class=\"fab fa-linkedin\" aria-hidden=\"true\"><\/i>\t\t\t\t\t\t\t<\/span>\n\t\t\t\t\t\t\t\t\t\t\t\t\t\t\t\t\t\t\t\t<\/div>\n\t\t\t\t\t<\/div>\n\t\t\t\t\t\t<\/div>\n\t\t\t\t<\/div>\n\t\t\t\t<\/div>\n\t\t\t\t\t<\/div>\n\t\t<\/div>\n\t\t\t\t\t<\/div>\n\t\t<\/section>\n\t\t\t\t<section class=\"elementor-section elementor-top-section elementor-element elementor-element-508057ee elementor-section-boxed elementor-section-height-default elementor-section-height-default\" data-id=\"508057ee\" data-element_type=\"section\">\n\t\t\t\t\t\t<div class=\"elementor-container elementor-column-gap-no\">\n\t\t\t\t\t<div class=\"elementor-column elementor-col-100 elementor-top-column elementor-element elementor-element-ca24c18\" data-id=\"ca24c18\" data-element_type=\"column\">\n\t\t\t<div class=\"elementor-widget-wrap elementor-element-populated\">\n\t\t\t\t\t\t<div class=\"elementor-element elementor-element-2091a213 tabs_eventos elementor-tabs-view-horizontal elementor-widget elementor-widget-tabs\" data-id=\"2091a213\" data-element_type=\"widget\" data-widget_type=\"tabs.default\">\n\t\t\t\t<div class=\"elementor-widget-container\">\n\t\t\t\t\t<div class=\"elementor-tabs\">\n\t\t\t<div class=\"elementor-tabs-wrapper\" role=\"tablist\" >\n\t\t\t\t\t\t\t\t\t<div id=\"elementor-tab-title-5461\" class=\"elementor-tab-title elementor-tab-desktop-title\" aria-selected=\"true\" data-tab=\"1\" role=\"tab\" tabindex=\"0\" aria-controls=\"elementor-tab-content-5461\" aria-expanded=\"false\">Relato<\/div>\n\t\t\t\t\t\t\t<\/div>\n\t\t\t<div class=\"elementor-tabs-content-wrapper\" role=\"tablist\" aria-orientation=\"vertical\">\n\t\t\t\t\t\t\t\t\t<div class=\"elementor-tab-title elementor-tab-mobile-title\" aria-selected=\"true\" data-tab=\"1\" role=\"tab\" tabindex=\"0\" aria-controls=\"elementor-tab-content-5461\" aria-expanded=\"false\">Relato<\/div>\n\t\t\t\t\t<div id=\"elementor-tab-content-5461\" class=\"elementor-tab-content elementor-clearfix\" data-tab=\"1\" role=\"tabpanel\" aria-labelledby=\"elementor-tab-title-5461\" tabindex=\"0\" hidden=\"false\"><p>A APRH promoveu em 4 e 5 de Dezembro, em Lisboa, a primeira reuni\u00e3o integrada, no ciclo de realiza\u00e7\u00f5es preparat\u00f3rias do 1\u00ba Congresso da \u00c1gua a realizar em 1992. Os relatos e\/ou conclus\u00f5es de todas as reuni\u00f5es a efectuar at\u00e9 aquela data ali ser\u00e3o chamados. <\/p><p>Este Encontro T\u00e9cnico &#8211; \u00c1gua e Ind\u00fastria &#8211; realizou-se com a colabora\u00e7\u00e3o da Comiss\u00e3o da Associa\u00e7\u00e3o Industrial Portuguesa para o Ambiente (CAIPA), Direc\u00e7\u00e3o-Geral da Ind\u00fastria (DGI) e o Laborat\u00f3rio Nacional de Engenharia Civil (LNEC). <\/p><p>Presidiram \u00e0 sess\u00e3o de abertura o Eng Ant\u00f3nio Santos Gon\u00e7alves &#8211; presidente da Comiss\u00e3o Organizadora &#8211; e a Enga Maria Lu\u00edsa Gouveia por parte da Comiss\u00e3o Directiva da APRH. <\/p><p>A Comiss\u00e3o Organizadora, Ant\u00f3nio Santos Gon\u00e7alves, Ana Maria Magalh\u00e3es, Eduarda Beja Neves, Fernanda Rocha, Gabriela Nunes, Maria Helena Lima Santos e Vera Bruto da Costa, desenvolveu um trabalho a todos os t\u00edtulos louv\u00e1vel, s\u00f3 poss\u00edvel, dado o grande empenho e esfor\u00e7o de todos os seus membros que num tempo \u201crecord\u201d, conseguiram n\u00e3o s\u00f3 congregar em torno de si, diversos organismos, como organizaram um programa com a participa\u00e7\u00e3o de m\u00faltiplos especialistas na mat\u00e9ria. <\/p><p>Este encontro desenvolveu-se entre quatro grandes temas: <\/p><ul><li>Metodologias. Recolha de Informa\u00e7\u00e3o e Caracteriza\u00e7\u00e3o dos Sistemas <\/li><li>Tecnologias de Gest\u00e3o da \u00c1gua na Ind\u00fastria <\/li><li>Controlo de Polui\u00e7\u00e3o na Ind\u00fastria. Apresenta\u00e7\u00e3o de Casos. <\/li><li>Aspectos Legais e Institucionais. Incentivos Financeiros. <\/li><\/ul><p>No encontro estiveram presentes 147 t\u00e9cnicos provenientes de todo o Pa\u00eds. <br \/>Ainda, durante o Encontro foram expostos Paineis e Posters, alusivos ao tema do Encontro, sendo a \u00e1rea de exposi\u00e7\u00e3o destinada unicamente aos membros colectivos da Associa\u00e7\u00e3o. <\/p><p>Do relato do Encontro extrairam-se as seguintes conclus\u00f5es: <\/p><p>No que diz respeito \u00e0 caracteriza\u00e7\u00e3o dos sistemas constatou-se que j\u00e1 existe alguma informa\u00e7\u00e3o dispon\u00edvel. No entanto, esta informa\u00e7\u00e3o foi desenvolvida com base em coeficientes espec\u00edficos extra\u00eddos da literatura, sendo priorit\u00e1rios a actualiza\u00e7\u00e3o e o aperfei\u00e7oamento dos dados existentes, que dever\u00e3o ser objecto da aten\u00e7\u00e3o coordenada das entidades competentes. <\/p><p>Foi, tamb\u00e9m, assinalada a import\u00e2ncia da utiliza\u00e7\u00e3o de m\u00e9todos ecotoxicol\u00f3gicos para complemento da caracteriza\u00e7\u00e3o e controlo da qualidade dos efluentes industriais e dos meios h\u00eddricos naturais. <\/p><p>Registou-se o caso de Lisboa como exemplo de regulamenta\u00e7\u00e3o da descarga de \u00e1guas residuais industriais em sistemas p\u00fablicos, numa zona urbana, o que poder\u00e1 ser tido em considera\u00e7\u00e3o noutras regi\u00f5es do Pa\u00eds. <\/p><p>Outro exemplo registado foi o da \u00e1rea de Sines, marcadamente industrial, com tratamento conjunto das suas \u00e1guas residuais. <\/p><p>No \u00e2mbito das tecnologias de gest\u00e3o de \u00e1gua na ind\u00fastria, foi salientada como indispens\u00e1vel e fundamental a contribui\u00e7\u00e3o da Ind\u00fastria para o controlo da polui\u00e7\u00e3o, numa perspectiva de \u201cpreven\u00e7\u00e3o\u201d mais do que de \u201ccura\u201d, dando grande \u00eanfase \u00e0 recircula\u00e7\u00e3o da \u00e1gua e \u00e0 recupera\u00e7\u00e3o de materiais, num contexto de coopera\u00e7\u00e3o entre empresas e destas com as entidades p\u00fablicas. <\/p><p>Como situa\u00e7\u00f5es particulares, requerendo solu\u00e7\u00f5es pr\u00f3prias, foram analisados os casos da cidade de Macau e da zona do Mediterr\u00e2neo. <\/p><p>A apresenta\u00e7\u00e3o de v\u00e1rios casos de controlo das \u00e1guas residuais industriais por empresas de diversos sectores revelou uma crescente preocupa\u00e7\u00e3o e capacidade de algumas empresas, privadas e do sector p\u00fablico, em corresponder \u00e0s exig\u00eancias contidas nas disposi\u00e7\u00f5es legais e regulamentares vigentes para a defesa do Ambiente. Esta apresenta\u00e7\u00e3o ilustrou a concretiza\u00e7\u00e3o de ac\u00e7\u00f5es espec\u00edficas com interven\u00e7\u00f5es positivas de unidades industriais e de servi\u00e7os da administra\u00e7\u00e3o central e local no controlo de efluentes industriais. Foi salientada pelos industriais a necessidade de obter dos organismos da administra\u00e7\u00e3o p\u00fablica, n\u00e3o s\u00f3 uma orienta\u00e7\u00e3o legislativa, mas um apoio t\u00e9cnico na procura e implementa\u00e7\u00e3o de solu\u00e7\u00f5es para o controlo da polui\u00e7\u00e3o. <\/p><p>Em rela\u00e7\u00e3o aos aspectos legais e institucionais concluiu-se: <\/p><ul><li>continua a verificar-se uma falta de coer\u00eancia entre os diplomas legais publicados, bem como de coordena\u00e7\u00e3o entre as compet\u00eancias e atribui\u00e7\u00f5es dos v\u00e1rios organismos da administra\u00e7\u00e3o p\u00fablica com responsabilidades na gest\u00e3o da \u00e1gua; <\/li><li>\u00e9 necess\u00e1rio avaliar as consequ\u00eancias da aplica\u00e7\u00e3o dos dispositivos legais do Decreto-Lei 74\/ 190 \u00e0s \u00e1guas residuais industriais no que diz respeito aos investimentos para auto-controlo, fiscaliza\u00e7\u00e3o e inspec\u00e7\u00e3o das descargas, em termos de apurar da disponibilidade dos meios de interven\u00e7\u00e3o adequados para o efeito; <\/li><li>\u00e9 necess\u00e1rio motivar e encorajar as empresas, n\u00e3o apenas atrav\u00e9s da aplica\u00e7\u00e3o de regulamenta\u00e7\u00e3o mas encontrando formas de incentivos econ\u00f3micos e financeiros. <\/li><\/ul><p>Foi, ainda, salientada a necessidade de fomentar as capacidades nacionais nas \u00e1reas de investiga\u00e7\u00e3o, projecto, instala\u00e7\u00e3o e controlo dos sistemas. Finalmente, concluiu-se que uma racional e consequente gest\u00e3o das \u00e1guas residuais industriais implica, n\u00e3o apenas a vontade pol\u00edtica manifestada, mas a sua concretiza\u00e7\u00e3o atrav\u00e9s do fomento das condi\u00e7\u00f5es que, o mais rapidamente poss\u00edvel, possam proporcionar um efectivo e reconhecido refor\u00e7o das capacidades t\u00e9cnicas, cient\u00edficas e de gest\u00e3o dos agentes da administra\u00e7\u00e3o p\u00fablica interveniente.<\/p><\/div>\n\t\t\t\t\t\t\t<\/div>\n\t\t<\/div>\n\t\t\t\t<\/div>\n\t\t\t\t<\/div>\n\t\t\t\t<div class=\"elementor-element elementor-element-47a84720 elementor-widget elementor-widget-global elementor-global-500 elementor-widget-spacer\" data-id=\"47a84720\" data-element_type=\"widget\" data-widget_type=\"spacer.default\">\n\t\t\t\t<div class=\"elementor-widget-container\">\n\t\t\t\t\t<div class=\"elementor-spacer\">\n\t\t\t<div class=\"elementor-spacer-inner\"><\/div>\n\t\t<\/div>\n\t\t\t\t<\/div>\n\t\t\t\t<\/div>\n\t\t\t\t\t<\/div>\n\t\t<\/div>\n\t\t\t\t\t<\/div>\n\t\t<\/section>\n\t\t\t\t<\/div>\n\t\t","protected":false},"excerpt":{"rendered":"<p>4-5 DEZ<\/p>\n","protected":false},"author":2,"featured_media":57524,"comment_status":"closed","ping_status":"open","sticky":false,"template":"","format":"standard","meta":{"footnotes":""},"categories":[370],"tags":[],"class_list":["post-57522","post","type-post","status-publish","format-standard","has-post-thumbnail","hentry","category-passados-1990"],"yoast_head":"<!-- This site is optimized with the Yoast SEO plugin v23.8 - https:\/\/yoast.com\/wordpress\/plugins\/seo\/ -->\n<title>\u00c1gua e Ind\u00fastria - APRH<\/title>\n<meta name=\"robots\" content=\"index, follow, max-snippet:-1, max-image-preview:large, max-video-preview:-1\" \/>\n<link rel=\"canonical\" href=\"https:\/\/aprh.pt\/pt\/eventos\/organizados-pela-aprh\/passados-1990\/agua-e-industria-2\/\" \/>\n<meta property=\"og:locale\" content=\"pt_PT\" \/>\n<meta property=\"og:type\" content=\"article\" \/>\n<meta property=\"og:title\" content=\"\u00c1gua e Ind\u00fastria - APRH\" \/>\n<meta property=\"og:description\" content=\"4-5 DEZ\" \/>\n<meta property=\"og:url\" content=\"https:\/\/aprh.pt\/pt\/eventos\/organizados-pela-aprh\/passados-1990\/agua-e-industria-2\/\" \/>\n<meta property=\"og:site_name\" content=\"APRH\" \/>\n<meta property=\"article:published_time\" content=\"1990-12-04T17:07:48+00:00\" \/>\n<meta property=\"article:modified_time\" content=\"2026-03-04T11:12:06+00:00\" \/>\n<meta property=\"og:image\" content=\"https:\/\/aprh.pt\/wp-content\/uploads\/2022\/11\/4-5dezembro1990_site.jpg\" \/>\n\t<meta property=\"og:image:width\" content=\"960\" \/>\n\t<meta property=\"og:image:height\" content=\"720\" \/>\n\t<meta property=\"og:image:type\" content=\"image\/jpeg\" \/>\n<meta name=\"author\" content=\"Andr\u00e9\" \/>\n<meta name=\"twitter:card\" content=\"summary_large_image\" \/>\n<meta name=\"twitter:label1\" content=\"Escrito por\" \/>\n\t<meta name=\"twitter:data1\" content=\"Andr\u00e9\" \/>\n\t<meta name=\"twitter:label2\" content=\"Tempo estimado de leitura\" \/>\n\t<meta name=\"twitter:data2\" content=\"5 minutos\" \/>\n<script type=\"application\/ld+json\" class=\"yoast-schema-graph\">{\"@context\":\"https:\/\/schema.org\",\"@graph\":[{\"@type\":\"Article\",\"@id\":\"https:\/\/aprh.pt\/pt\/eventos\/organizados-pela-aprh\/passados-1990\/agua-e-industria-2\/#article\",\"isPartOf\":{\"@id\":\"https:\/\/aprh.pt\/pt\/eventos\/organizados-pela-aprh\/passados-1990\/agua-e-industria-2\/\"},\"author\":{\"name\":\"Andr\u00e9\",\"@id\":\"https:\/\/aprh.pt\/pt\/#\/schema\/person\/ef01fd0cbbfc5df175ba0784a9b613c8\"},\"headline\":\"\u00c1gua e Ind\u00fastria\",\"datePublished\":\"1990-12-04T17:07:48+00:00\",\"dateModified\":\"2026-03-04T11:12:06+00:00\",\"mainEntityOfPage\":{\"@id\":\"https:\/\/aprh.pt\/pt\/eventos\/organizados-pela-aprh\/passados-1990\/agua-e-industria-2\/\"},\"wordCount\":895,\"publisher\":{\"@id\":\"https:\/\/aprh.pt\/pt\/#organization\"},\"image\":{\"@id\":\"https:\/\/aprh.pt\/pt\/eventos\/organizados-pela-aprh\/passados-1990\/agua-e-industria-2\/#primaryimage\"},\"thumbnailUrl\":\"https:\/\/aprh.pt\/wp-content\/uploads\/2022\/11\/4-5dezembro1990_site.jpg\",\"articleSection\":[\"Passados 1990\"],\"inLanguage\":\"pt-PT\"},{\"@type\":\"WebPage\",\"@id\":\"https:\/\/aprh.pt\/pt\/eventos\/organizados-pela-aprh\/passados-1990\/agua-e-industria-2\/\",\"url\":\"https:\/\/aprh.pt\/pt\/eventos\/organizados-pela-aprh\/passados-1990\/agua-e-industria-2\/\",\"name\":\"\u00c1gua e Ind\u00fastria - APRH\",\"isPartOf\":{\"@id\":\"https:\/\/aprh.pt\/pt\/#website\"},\"primaryImageOfPage\":{\"@id\":\"https:\/\/aprh.pt\/pt\/eventos\/organizados-pela-aprh\/passados-1990\/agua-e-industria-2\/#primaryimage\"},\"image\":{\"@id\":\"https:\/\/aprh.pt\/pt\/eventos\/organizados-pela-aprh\/passados-1990\/agua-e-industria-2\/#primaryimage\"},\"thumbnailUrl\":\"https:\/\/aprh.pt\/wp-content\/uploads\/2022\/11\/4-5dezembro1990_site.jpg\",\"datePublished\":\"1990-12-04T17:07:48+00:00\",\"dateModified\":\"2026-03-04T11:12:06+00:00\",\"breadcrumb\":{\"@id\":\"https:\/\/aprh.pt\/pt\/eventos\/organizados-pela-aprh\/passados-1990\/agua-e-industria-2\/#breadcrumb\"},\"inLanguage\":\"pt-PT\",\"potentialAction\":[{\"@type\":\"ReadAction\",\"target\":[\"https:\/\/aprh.pt\/pt\/eventos\/organizados-pela-aprh\/passados-1990\/agua-e-industria-2\/\"]}]},{\"@type\":\"ImageObject\",\"inLanguage\":\"pt-PT\",\"@id\":\"https:\/\/aprh.pt\/pt\/eventos\/organizados-pela-aprh\/passados-1990\/agua-e-industria-2\/#primaryimage\",\"url\":\"https:\/\/aprh.pt\/wp-content\/uploads\/2022\/11\/4-5dezembro1990_site.jpg\",\"contentUrl\":\"https:\/\/aprh.pt\/wp-content\/uploads\/2022\/11\/4-5dezembro1990_site.jpg\",\"width\":960,\"height\":720},{\"@type\":\"BreadcrumbList\",\"@id\":\"https:\/\/aprh.pt\/pt\/eventos\/organizados-pela-aprh\/passados-1990\/agua-e-industria-2\/#breadcrumb\",\"itemListElement\":[{\"@type\":\"ListItem\",\"position\":1,\"name\":\"Home\",\"item\":\"https:\/\/aprh.pt\/pt\/\"},{\"@type\":\"ListItem\",\"position\":2,\"name\":\"Eventos\",\"item\":\"https:\/\/aprh.pt\/pt\/category\/eventos\/\"},{\"@type\":\"ListItem\",\"position\":3,\"name\":\"Organizados pela APRH\",\"item\":\"https:\/\/aprh.pt\/pt\/category\/eventos\/organizados-pela-aprh\/\"},{\"@type\":\"ListItem\",\"position\":4,\"name\":\"Passados 1990\",\"item\":\"https:\/\/aprh.pt\/pt\/category\/eventos\/organizados-pela-aprh\/passados-1990\/\"},{\"@type\":\"ListItem\",\"position\":5,\"name\":\"\u00c1gua e Ind\u00fastria\"}]},{\"@type\":\"WebSite\",\"@id\":\"https:\/\/aprh.pt\/pt\/#website\",\"url\":\"https:\/\/aprh.pt\/pt\/\",\"name\":\"APRH\",\"description\":\"Associa\u00e7\u00e3o Portuguesa dos Recursos H\u00eddricos\",\"publisher\":{\"@id\":\"https:\/\/aprh.pt\/pt\/#organization\"},\"potentialAction\":[{\"@type\":\"SearchAction\",\"target\":{\"@type\":\"EntryPoint\",\"urlTemplate\":\"https:\/\/aprh.pt\/pt\/?s={search_term_string}\"},\"query-input\":{\"@type\":\"PropertyValueSpecification\",\"valueRequired\":true,\"valueName\":\"search_term_string\"}}],\"inLanguage\":\"pt-PT\"},{\"@type\":\"Organization\",\"@id\":\"https:\/\/aprh.pt\/pt\/#organization\",\"name\":\"APRH\",\"url\":\"https:\/\/aprh.pt\/pt\/\",\"logo\":{\"@type\":\"ImageObject\",\"inLanguage\":\"pt-PT\",\"@id\":\"https:\/\/aprh.pt\/pt\/#\/schema\/logo\/image\/\",\"url\":\"https:\/\/aprh.pt\/wp-content\/uploads\/2022\/04\/logotipo.png\",\"contentUrl\":\"https:\/\/aprh.pt\/wp-content\/uploads\/2022\/04\/logotipo.png\",\"width\":181,\"height\":80,\"caption\":\"APRH\"},\"image\":{\"@id\":\"https:\/\/aprh.pt\/pt\/#\/schema\/logo\/image\/\"}},{\"@type\":\"Person\",\"@id\":\"https:\/\/aprh.pt\/pt\/#\/schema\/person\/ef01fd0cbbfc5df175ba0784a9b613c8\",\"name\":\"Andr\u00e9\",\"image\":{\"@type\":\"ImageObject\",\"inLanguage\":\"pt-PT\",\"@id\":\"https:\/\/aprh.pt\/pt\/#\/schema\/person\/image\/\",\"url\":\"https:\/\/secure.gravatar.com\/avatar\/f19c31d559f92a15766b9e9ddc230f85?s=96&d=mm&r=g\",\"contentUrl\":\"https:\/\/secure.gravatar.com\/avatar\/f19c31d559f92a15766b9e9ddc230f85?s=96&d=mm&r=g\",\"caption\":\"Andr\u00e9\"},\"url\":\"https:\/\/aprh.pt\/pt\/author\/aprh\/\"}]}<\/script>\n<!-- \/ Yoast SEO plugin. -->","yoast_head_json":{"title":"\u00c1gua e Ind\u00fastria - APRH","robots":{"index":"index","follow":"follow","max-snippet":"max-snippet:-1","max-image-preview":"max-image-preview:large","max-video-preview":"max-video-preview:-1"},"canonical":"https:\/\/aprh.pt\/pt\/eventos\/organizados-pela-aprh\/passados-1990\/agua-e-industria-2\/","og_locale":"pt_PT","og_type":"article","og_title":"\u00c1gua e Ind\u00fastria - APRH","og_description":"4-5 DEZ","og_url":"https:\/\/aprh.pt\/pt\/eventos\/organizados-pela-aprh\/passados-1990\/agua-e-industria-2\/","og_site_name":"APRH","article_published_time":"1990-12-04T17:07:48+00:00","article_modified_time":"2026-03-04T11:12:06+00:00","og_image":[{"width":960,"height":720,"url":"https:\/\/aprh.pt\/wp-content\/uploads\/2022\/11\/4-5dezembro1990_site.jpg","type":"image\/jpeg"}],"author":"Andr\u00e9","twitter_card":"summary_large_image","twitter_misc":{"Escrito por":"Andr\u00e9","Tempo estimado de leitura":"5 minutos"},"schema":{"@context":"https:\/\/schema.org","@graph":[{"@type":"Article","@id":"https:\/\/aprh.pt\/pt\/eventos\/organizados-pela-aprh\/passados-1990\/agua-e-industria-2\/#article","isPartOf":{"@id":"https:\/\/aprh.pt\/pt\/eventos\/organizados-pela-aprh\/passados-1990\/agua-e-industria-2\/"},"author":{"name":"Andr\u00e9","@id":"https:\/\/aprh.pt\/pt\/#\/schema\/person\/ef01fd0cbbfc5df175ba0784a9b613c8"},"headline":"\u00c1gua e Ind\u00fastria","datePublished":"1990-12-04T17:07:48+00:00","dateModified":"2026-03-04T11:12:06+00:00","mainEntityOfPage":{"@id":"https:\/\/aprh.pt\/pt\/eventos\/organizados-pela-aprh\/passados-1990\/agua-e-industria-2\/"},"wordCount":895,"publisher":{"@id":"https:\/\/aprh.pt\/pt\/#organization"},"image":{"@id":"https:\/\/aprh.pt\/pt\/eventos\/organizados-pela-aprh\/passados-1990\/agua-e-industria-2\/#primaryimage"},"thumbnailUrl":"https:\/\/aprh.pt\/wp-content\/uploads\/2022\/11\/4-5dezembro1990_site.jpg","articleSection":["Passados 1990"],"inLanguage":"pt-PT"},{"@type":"WebPage","@id":"https:\/\/aprh.pt\/pt\/eventos\/organizados-pela-aprh\/passados-1990\/agua-e-industria-2\/","url":"https:\/\/aprh.pt\/pt\/eventos\/organizados-pela-aprh\/passados-1990\/agua-e-industria-2\/","name":"\u00c1gua e Ind\u00fastria - APRH","isPartOf":{"@id":"https:\/\/aprh.pt\/pt\/#website"},"primaryImageOfPage":{"@id":"https:\/\/aprh.pt\/pt\/eventos\/organizados-pela-aprh\/passados-1990\/agua-e-industria-2\/#primaryimage"},"image":{"@id":"https:\/\/aprh.pt\/pt\/eventos\/organizados-pela-aprh\/passados-1990\/agua-e-industria-2\/#primaryimage"},"thumbnailUrl":"https:\/\/aprh.pt\/wp-content\/uploads\/2022\/11\/4-5dezembro1990_site.jpg","datePublished":"1990-12-04T17:07:48+00:00","dateModified":"2026-03-04T11:12:06+00:00","breadcrumb":{"@id":"https:\/\/aprh.pt\/pt\/eventos\/organizados-pela-aprh\/passados-1990\/agua-e-industria-2\/#breadcrumb"},"inLanguage":"pt-PT","potentialAction":[{"@type":"ReadAction","target":["https:\/\/aprh.pt\/pt\/eventos\/organizados-pela-aprh\/passados-1990\/agua-e-industria-2\/"]}]},{"@type":"ImageObject","inLanguage":"pt-PT","@id":"https:\/\/aprh.pt\/pt\/eventos\/organizados-pela-aprh\/passados-1990\/agua-e-industria-2\/#primaryimage","url":"https:\/\/aprh.pt\/wp-content\/uploads\/2022\/11\/4-5dezembro1990_site.jpg","contentUrl":"https:\/\/aprh.pt\/wp-content\/uploads\/2022\/11\/4-5dezembro1990_site.jpg","width":960,"height":720},{"@type":"BreadcrumbList","@id":"https:\/\/aprh.pt\/pt\/eventos\/organizados-pela-aprh\/passados-1990\/agua-e-industria-2\/#breadcrumb","itemListElement":[{"@type":"ListItem","position":1,"name":"Home","item":"https:\/\/aprh.pt\/pt\/"},{"@type":"ListItem","position":2,"name":"Eventos","item":"https:\/\/aprh.pt\/pt\/category\/eventos\/"},{"@type":"ListItem","position":3,"name":"Organizados pela APRH","item":"https:\/\/aprh.pt\/pt\/category\/eventos\/organizados-pela-aprh\/"},{"@type":"ListItem","position":4,"name":"Passados 1990","item":"https:\/\/aprh.pt\/pt\/category\/eventos\/organizados-pela-aprh\/passados-1990\/"},{"@type":"ListItem","position":5,"name":"\u00c1gua e Ind\u00fastria"}]},{"@type":"WebSite","@id":"https:\/\/aprh.pt\/pt\/#website","url":"https:\/\/aprh.pt\/pt\/","name":"APRH","description":"Associa\u00e7\u00e3o Portuguesa dos Recursos H\u00eddricos","publisher":{"@id":"https:\/\/aprh.pt\/pt\/#organization"},"potentialAction":[{"@type":"SearchAction","target":{"@type":"EntryPoint","urlTemplate":"https:\/\/aprh.pt\/pt\/?s={search_term_string}"},"query-input":{"@type":"PropertyValueSpecification","valueRequired":true,"valueName":"search_term_string"}}],"inLanguage":"pt-PT"},{"@type":"Organization","@id":"https:\/\/aprh.pt\/pt\/#organization","name":"APRH","url":"https:\/\/aprh.pt\/pt\/","logo":{"@type":"ImageObject","inLanguage":"pt-PT","@id":"https:\/\/aprh.pt\/pt\/#\/schema\/logo\/image\/","url":"https:\/\/aprh.pt\/wp-content\/uploads\/2022\/04\/logotipo.png","contentUrl":"https:\/\/aprh.pt\/wp-content\/uploads\/2022\/04\/logotipo.png","width":181,"height":80,"caption":"APRH"},"image":{"@id":"https:\/\/aprh.pt\/pt\/#\/schema\/logo\/image\/"}},{"@type":"Person","@id":"https:\/\/aprh.pt\/pt\/#\/schema\/person\/ef01fd0cbbfc5df175ba0784a9b613c8","name":"Andr\u00e9","image":{"@type":"ImageObject","inLanguage":"pt-PT","@id":"https:\/\/aprh.pt\/pt\/#\/schema\/person\/image\/","url":"https:\/\/secure.gravatar.com\/avatar\/f19c31d559f92a15766b9e9ddc230f85?s=96&d=mm&r=g","contentUrl":"https:\/\/secure.gravatar.com\/avatar\/f19c31d559f92a15766b9e9ddc230f85?s=96&d=mm&r=g","caption":"Andr\u00e9"},"url":"https:\/\/aprh.pt\/pt\/author\/aprh\/"}]}},"_links":{"self":[{"href":"https:\/\/aprh.pt\/pt\/wp-json\/wp\/v2\/posts\/57522","targetHints":{"allow":["GET"]}}],"collection":[{"href":"https:\/\/aprh.pt\/pt\/wp-json\/wp\/v2\/posts"}],"about":[{"href":"https:\/\/aprh.pt\/pt\/wp-json\/wp\/v2\/types\/post"}],"author":[{"embeddable":true,"href":"https:\/\/aprh.pt\/pt\/wp-json\/wp\/v2\/users\/2"}],"replies":[{"embeddable":true,"href":"https:\/\/aprh.pt\/pt\/wp-json\/wp\/v2\/comments?post=57522"}],"version-history":[{"count":16,"href":"https:\/\/aprh.pt\/pt\/wp-json\/wp\/v2\/posts\/57522\/revisions"}],"predecessor-version":[{"id":84245,"href":"https:\/\/aprh.pt\/pt\/wp-json\/wp\/v2\/posts\/57522\/revisions\/84245"}],"wp:featuredmedia":[{"embeddable":true,"href":"https:\/\/aprh.pt\/pt\/wp-json\/wp\/v2\/media\/57524"}],"wp:attachment":[{"href":"https:\/\/aprh.pt\/pt\/wp-json\/wp\/v2\/media?parent=57522"}],"wp:term":[{"taxonomy":"category","embeddable":true,"href":"https:\/\/aprh.pt\/pt\/wp-json\/wp\/v2\/categories?post=57522"},{"taxonomy":"post_tag","embeddable":true,"href":"https:\/\/aprh.pt\/pt\/wp-json\/wp\/v2\/tags?post=57522"}],"curies":[{"name":"wp","href":"https:\/\/api.w.org\/{rel}","templated":true}]}}