{"id":57553,"date":"1990-12-14T17:21:38","date_gmt":"1990-12-14T17:21:38","guid":{"rendered":"https:\/\/www.aprh.pt\/?p=57553"},"modified":"2026-03-04T11:17:09","modified_gmt":"2026-03-04T11:17:09","slug":"projecto-merec-gestao-eficiente-de-recursos-hidricos-e-energia-em-cidades","status":"publish","type":"post","link":"https:\/\/aprh.pt\/pt\/eventos\/organizados-pela-aprh\/passados-1990\/projecto-merec-gestao-eficiente-de-recursos-hidricos-e-energia-em-cidades\/","title":{"rendered":"Projecto MEREC &#8211; Gest\u00e3o Eficiente de Recursos H\u00eddricos e Energia em cidades"},"content":{"rendered":"\t\t<div data-elementor-type=\"wp-post\" data-elementor-id=\"57553\" class=\"elementor elementor-57553\" data-elementor-post-type=\"post\">\n\t\t\t\t\t\t<section class=\"elementor-section elementor-top-section elementor-element elementor-element-1cadcf25 elementor-section-boxed elementor-section-height-default elementor-section-height-default\" data-id=\"1cadcf25\" data-element_type=\"section\">\n\t\t\t\t\t\t<div class=\"elementor-container elementor-column-gap-default\">\n\t\t\t\t\t<div class=\"elementor-column elementor-col-100 elementor-top-column elementor-element elementor-element-208f2cb8\" data-id=\"208f2cb8\" data-element_type=\"column\">\n\t\t\t<div class=\"elementor-widget-wrap elementor-element-populated\">\n\t\t\t\t\t\t<div class=\"elementor-element elementor-element-3756b58a elementor-widget elementor-widget-spacer\" data-id=\"3756b58a\" data-element_type=\"widget\" data-widget_type=\"spacer.default\">\n\t\t\t\t<div class=\"elementor-widget-container\">\n\t\t\t\t\t<div class=\"elementor-spacer\">\n\t\t\t<div class=\"elementor-spacer-inner\"><\/div>\n\t\t<\/div>\n\t\t\t\t<\/div>\n\t\t\t\t<\/div>\n\t\t\t\t\t<\/div>\n\t\t<\/div>\n\t\t\t\t\t<\/div>\n\t\t<\/section>\n\t\t\t\t<section class=\"elementor-section elementor-top-section elementor-element elementor-element-7f49dd9d elementor-section-boxed elementor-section-height-default elementor-section-height-default\" data-id=\"7f49dd9d\" data-element_type=\"section\">\n\t\t\t\t\t\t<div class=\"elementor-container elementor-column-gap-no\">\n\t\t\t\t\t<div class=\"elementor-column elementor-col-50 elementor-top-column elementor-element elementor-element-4aaac734\" data-id=\"4aaac734\" data-element_type=\"column\">\n\t\t\t<div class=\"elementor-widget-wrap elementor-element-populated\">\n\t\t\t\t\t\t<div class=\"elementor-element elementor-element-50a1833f elementor-widget elementor-widget-theme-post-featured-image elementor-widget-image\" data-id=\"50a1833f\" data-element_type=\"widget\" data-widget_type=\"theme-post-featured-image.default\">\n\t\t\t\t<div class=\"elementor-widget-container\">\n\t\t\t\t\t\t\t\t\t\t\t\t\t<img fetchpriority=\"high\" decoding=\"async\" width=\"960\" height=\"720\" src=\"https:\/\/aprh.pt\/wp-content\/uploads\/2022\/11\/14dezembro1990_site.jpg\" class=\"attachment-large size-large wp-image-57555\" alt=\"\" srcset=\"https:\/\/aprh.pt\/wp-content\/uploads\/2022\/11\/14dezembro1990_site.jpg 960w, https:\/\/aprh.pt\/wp-content\/uploads\/2022\/11\/14dezembro1990_site-300x225.jpg 300w, https:\/\/aprh.pt\/wp-content\/uploads\/2022\/11\/14dezembro1990_site-768x576.jpg 768w\" sizes=\"(max-width: 960px) 100vw, 960px\" \/>\t\t\t\t\t\t\t\t\t\t\t\t\t<\/div>\n\t\t\t\t<\/div>\n\t\t\t\t\t<\/div>\n\t\t<\/div>\n\t\t\t\t<div class=\"elementor-column elementor-col-50 elementor-top-column elementor-element elementor-element-39871a08\" data-id=\"39871a08\" data-element_type=\"column\">\n\t\t\t<div class=\"elementor-widget-wrap elementor-element-populated\">\n\t\t\t\t\t\t<div class=\"elementor-element elementor-element-2851e41f elementor-widget__width-auto elementor-widget elementor-widget-theme-post-excerpt\" data-id=\"2851e41f\" data-element_type=\"widget\" data-widget_type=\"theme-post-excerpt.default\">\n\t\t\t\t<div class=\"elementor-widget-container\">\n\t\t\t14 DEZ\t\t<\/div>\n\t\t\t\t<\/div>\n\t\t\t\t<div class=\"elementor-element elementor-element-25a31b5e elementor-widget elementor-widget-theme-post-title elementor-page-title elementor-widget-heading\" data-id=\"25a31b5e\" data-element_type=\"widget\" data-widget_type=\"theme-post-title.default\">\n\t\t\t\t<div class=\"elementor-widget-container\">\n\t\t\t<h1 class=\"elementor-heading-title elementor-size-default\">Projecto MEREC &#8211; Gest\u00e3o Eficiente de Recursos H\u00eddricos e Energia em cidades<\/h1>\t\t<\/div>\n\t\t\t\t<\/div>\n\t\t\t\t<div class=\"elementor-element elementor-element-61b54473 elementor-widget elementor-widget-text-editor\" data-id=\"61b54473\" data-element_type=\"widget\" data-widget_type=\"text-editor.default\">\n\t\t\t\t<div class=\"elementor-widget-container\">\n\t\t\t\t\t\t\t<p><strong>14 de dezembro de 1990<\/strong><\/p>\t\t\t\t\t\t<\/div>\n\t\t\t\t<\/div>\n\t\t\t\t<div class=\"elementor-element elementor-element-6780068e elementor-share-buttons--view-icon elementor-share-buttons--skin-flat elementor-share-buttons--shape-circle elementor-share-buttons--align-right elementor-share-buttons--color-custom elementor-grid-0 elementor-widget elementor-widget-share-buttons\" data-id=\"6780068e\" data-element_type=\"widget\" data-widget_type=\"share-buttons.default\">\n\t\t\t\t<div class=\"elementor-widget-container\">\n\t\t\t\t\t<div class=\"elementor-grid\">\n\t\t\t\t\t\t\t\t<div class=\"elementor-grid-item\">\n\t\t\t\t\t\t<div\n\t\t\t\t\t\t\tclass=\"elementor-share-btn elementor-share-btn_facebook\"\n\t\t\t\t\t\t\trole=\"button\"\n\t\t\t\t\t\t\ttabindex=\"0\"\n\t\t\t\t\t\t\taria-label=\"Share on facebook\"\n\t\t\t\t\t\t>\n\t\t\t\t\t\t\t\t\t\t\t\t\t\t\t<span class=\"elementor-share-btn__icon\">\n\t\t\t\t\t\t\t\t<i class=\"fab fa-facebook\" aria-hidden=\"true\"><\/i>\t\t\t\t\t\t\t<\/span>\n\t\t\t\t\t\t\t\t\t\t\t\t\t\t\t\t\t\t\t\t<\/div>\n\t\t\t\t\t<\/div>\n\t\t\t\t\t\t\t\t\t<div class=\"elementor-grid-item\">\n\t\t\t\t\t\t<div\n\t\t\t\t\t\t\tclass=\"elementor-share-btn elementor-share-btn_twitter\"\n\t\t\t\t\t\t\trole=\"button\"\n\t\t\t\t\t\t\ttabindex=\"0\"\n\t\t\t\t\t\t\taria-label=\"Share on twitter\"\n\t\t\t\t\t\t>\n\t\t\t\t\t\t\t\t\t\t\t\t\t\t\t<span class=\"elementor-share-btn__icon\">\n\t\t\t\t\t\t\t\t<i class=\"fab fa-twitter\" aria-hidden=\"true\"><\/i>\t\t\t\t\t\t\t<\/span>\n\t\t\t\t\t\t\t\t\t\t\t\t\t\t\t\t\t\t\t\t<\/div>\n\t\t\t\t\t<\/div>\n\t\t\t\t\t\t\t\t\t<div class=\"elementor-grid-item\">\n\t\t\t\t\t\t<div\n\t\t\t\t\t\t\tclass=\"elementor-share-btn elementor-share-btn_linkedin\"\n\t\t\t\t\t\t\trole=\"button\"\n\t\t\t\t\t\t\ttabindex=\"0\"\n\t\t\t\t\t\t\taria-label=\"Share on linkedin\"\n\t\t\t\t\t\t>\n\t\t\t\t\t\t\t\t\t\t\t\t\t\t\t<span class=\"elementor-share-btn__icon\">\n\t\t\t\t\t\t\t\t<i class=\"fab fa-linkedin\" aria-hidden=\"true\"><\/i>\t\t\t\t\t\t\t<\/span>\n\t\t\t\t\t\t\t\t\t\t\t\t\t\t\t\t\t\t\t\t<\/div>\n\t\t\t\t\t<\/div>\n\t\t\t\t\t\t<\/div>\n\t\t\t\t<\/div>\n\t\t\t\t<\/div>\n\t\t\t\t\t<\/div>\n\t\t<\/div>\n\t\t\t\t\t<\/div>\n\t\t<\/section>\n\t\t\t\t<section class=\"elementor-section elementor-top-section elementor-element elementor-element-180c4f3 elementor-section-boxed elementor-section-height-default elementor-section-height-default\" data-id=\"180c4f3\" data-element_type=\"section\">\n\t\t\t\t\t\t<div class=\"elementor-container elementor-column-gap-no\">\n\t\t\t\t\t<div class=\"elementor-column elementor-col-100 elementor-top-column elementor-element elementor-element-4d9f26e6\" data-id=\"4d9f26e6\" data-element_type=\"column\">\n\t\t\t<div class=\"elementor-widget-wrap elementor-element-populated\">\n\t\t\t\t\t\t<div class=\"elementor-element elementor-element-46ae1cb1 tabs_eventos elementor-tabs-view-horizontal elementor-widget elementor-widget-tabs\" data-id=\"46ae1cb1\" data-element_type=\"widget\" data-widget_type=\"tabs.default\">\n\t\t\t\t<div class=\"elementor-widget-container\">\n\t\t\t\t\t<div class=\"elementor-tabs\">\n\t\t\t<div class=\"elementor-tabs-wrapper\" role=\"tablist\" >\n\t\t\t\t\t\t\t\t\t<div id=\"elementor-tab-title-1181\" class=\"elementor-tab-title elementor-tab-desktop-title\" aria-selected=\"true\" data-tab=\"1\" role=\"tab\" tabindex=\"0\" aria-controls=\"elementor-tab-content-1181\" aria-expanded=\"false\">Relato<\/div>\n\t\t\t\t\t\t\t<\/div>\n\t\t\t<div class=\"elementor-tabs-content-wrapper\" role=\"tablist\" aria-orientation=\"vertical\">\n\t\t\t\t\t\t\t\t\t<div class=\"elementor-tab-title elementor-tab-mobile-title\" aria-selected=\"true\" data-tab=\"1\" role=\"tab\" tabindex=\"0\" aria-controls=\"elementor-tab-content-1181\" aria-expanded=\"false\">Relato<\/div>\n\t\t\t\t\t<div id=\"elementor-tab-content-1181\" class=\"elementor-tab-content elementor-clearfix\" data-tab=\"1\" role=\"tabpanel\" aria-labelledby=\"elementor-tab-title-1181\" tabindex=\"0\" hidden=\"false\"><p>O N\u00facleo da Regi\u00e3o Centro, levou a efeito, em 14 de Dezembro, na Guarda, um \u201cCiclo de Interven\u00e7\u00e3o Cr\u00edtica\u201d o primeiro realizado nesta regi\u00e3o. <\/p><p>O programa MEREC &#8211; Gest\u00e3o Eficiente de Recursos e Energia em Cidades. <\/p><p>Foram conferencistas convidados os <\/p><ul><li>Eng Jo\u00e3o Gomes Rebelo <\/li><li>Eng Armando da Silva Afonso <\/li><li>Eng Pedro Afonso <\/li><\/ul><p>e o moderador <\/p><ul><li>Eng Fernando Azevedo Sobral <\/li><\/ul><p>A sess\u00e3o decorreu nas instala\u00e7\u00f5es da C\u00e2mara Municipal da Guarda, cujo executivo, em reuni\u00e3o ordin\u00e1ria, manifestou o seu interesse em dar colabora\u00e7\u00e3o a esta realiza\u00e7\u00e3o. <\/p><p>Se lhe interessa conhecer algo mais sobre o projecto MEREC consulte a rubrica \u201cDifus\u00e3o APRH\u201d, nas p\u00e1ginas 41 a 48 (Boletim Informativo n\u00ba 65 &#8211; <a href=\"https:\/\/www.aprh.pt\/bi\/pdf\/bi65.pdf\" target=\"_blank\" rel=\"noopener\">https:\/\/www.aprh.pt\/bi\/pdf\/bi65.pdf<\/a>)<\/p><p>O relato da sess\u00e3o permitiu tirar as seguintes conclus\u00f5es: <\/p><ol><li>A aplica\u00e7\u00e3o do projecto MEREC, na Guarda, permitiu resolver e detectar problemas, apontar solu\u00e7\u00f5es, colher experi\u00eancias e retirar assim, cr\u00edticas positivas para solucionamento de certos problemas-chave. <\/li><li>Com o projecto MEREC procurou fazer-se planeamento e gest\u00e3o e pela primeira vez em Portugal foi poss\u00edvel intervir essencialmente na \u00e1rea dos Recursos H\u00eddricos, ao mesmo tempo que se desenvolvia o P.D.M. (Plano Director Municipal). <\/li><li>Tentou-se como MEREC n\u00e3o s\u00f3 fazer projecto propriamente dito mas projecto dialogante em termos de planeamento (f\u00edsico e econ\u00f3mico- -financeiro), reconhecendo-se que com preocupa\u00e7\u00f5es desta natureza mais facilmente se atinge o \u00eaxito a n\u00edvel local, dada a maior facilidade de di\u00e1logo com os respons\u00e1veis e popula\u00e7\u00f5es. No entanto, n\u00e3o s\u00e3o de dispensar compet\u00eancias efectivas, como decis\u00e3o pol\u00edtica e disponibilidades financeiras. <\/li><li>Ac\u00e7\u00f5es houve que n\u00e3o foram concretizadas perfeitamente. Por isso se prev\u00ea a interven\u00e7\u00e3o, a n\u00edvel de planeamento de peritos da CEE. <\/li><li>O sucesso do Projecto de Gest\u00e3o de Recursos come\u00e7ou na cr\u00edtica aos primeiros delineamentos, que tiveram de ser corrigidos, do que resul- tou uma defini\u00e7\u00e3o mais concreta. <\/li><li>Quanto a lixos destaca-se a optimiza\u00e7\u00e3o dos sistemas de recolha, dada a sua grande import\u00e2ncia, e abordou-se a reciclagem do vidro e do papel. Tamb\u00e9m a aplica\u00e7\u00e3o do biog\u00e1s esteve na mira dos estudos mas n\u00e3o teve concretiza\u00e7\u00e3o, o que se lamente j\u00e1 que, no entendimento dos t\u00e9cnicos teria sido mais um exemplo de que aproveitaria o Pa\u00eds <\/li><li>De nove projectos desenvolvidos os que tiveram maior impacto e sucesso foram os que mais mexeram com as necessidades sentidas pela popula\u00e7\u00f5es, como \u00e9 compreens\u00edvel. <\/li><li>Com a experi\u00eancia colhida na Guarda onde o Projecto MEREC foi bem um Projecto- Piloto, j\u00e1 beneficiaram da aplica\u00e7\u00e3o dos circuitos de actua\u00e7\u00e3o, outras cidades, pois que lhes foram introduzidos algumas melhorias. <\/li><li>O programa para tr\u00eas anos, abrangendo sete cidades (Aveiro, Castelo Branco, Covilh\u00e3, Figueira da Foz, Leiria, Mangualde e Viseu) dever\u00e1 atingir cerca de 185 mil contos que constituem comparticipa\u00e7\u00e3o da Ag\u00eancia para o Desenvolvimento Internacional (AID) e da Funda\u00e7\u00e3o Luso-Americana (cerca de 68 mil contos); da Comiss\u00e3o de Coordena\u00e7\u00e3o da Regi\u00e3o Centro (CCRC), avaliado em 30 mil contos com presta\u00e7\u00e3o de servi\u00e7os t\u00e9cnicos, assessoria e outros apoios; das Secretarias de Estado da Energia e do Ambiente (aproximadamente 10 mil contos cada) e das C\u00e2maras Municipais (instala\u00e7\u00f5es, pessoal e outros). <br \/>A realiza\u00e7\u00e3o das obras projectadas s\u00e3o encargos das Autarquias. <\/li><li>No desenvolvimento da aplica\u00e7\u00e3o do Projecto MEREC tem-se encontrado bastante dificuldade no que respeita a meios humanos, pois n\u00e3o disp\u00f5em as autarquias de pessoal t\u00e9cnico suficiente nem se t\u00eam encontrado facilidades no recrutamento de t\u00e9cnicos especializados e muito menos consultores dispostos a deslocarem-se para o interior. <br \/>O acompanhamento dos projectos \u00e9, por isto, dificultado.<\/li><\/ol><\/div>\n\t\t\t\t\t\t\t<\/div>\n\t\t<\/div>\n\t\t\t\t<\/div>\n\t\t\t\t<\/div>\n\t\t\t\t<div class=\"elementor-element elementor-element-54e87e50 elementor-widget elementor-widget-global elementor-global-500 elementor-widget-spacer\" data-id=\"54e87e50\" data-element_type=\"widget\" data-widget_type=\"spacer.default\">\n\t\t\t\t<div class=\"elementor-widget-container\">\n\t\t\t\t\t<div class=\"elementor-spacer\">\n\t\t\t<div class=\"elementor-spacer-inner\"><\/div>\n\t\t<\/div>\n\t\t\t\t<\/div>\n\t\t\t\t<\/div>\n\t\t\t\t\t<\/div>\n\t\t<\/div>\n\t\t\t\t\t<\/div>\n\t\t<\/section>\n\t\t\t\t<\/div>\n\t\t","protected":false},"excerpt":{"rendered":"<p>14 DEZ<\/p>\n","protected":false},"author":2,"featured_media":57555,"comment_status":"closed","ping_status":"open","sticky":false,"template":"","format":"standard","meta":{"footnotes":""},"categories":[370],"tags":[],"class_list":["post-57553","post","type-post","status-publish","format-standard","has-post-thumbnail","hentry","category-passados-1990"],"yoast_head":"<!-- This site is optimized with the Yoast SEO plugin v23.8 - https:\/\/yoast.com\/wordpress\/plugins\/seo\/ -->\n<title>Projecto MEREC - Gest\u00e3o Eficiente de Recursos H\u00eddricos e Energia em cidades - APRH<\/title>\n<meta name=\"robots\" content=\"index, follow, max-snippet:-1, max-image-preview:large, max-video-preview:-1\" \/>\n<link rel=\"canonical\" href=\"https:\/\/aprh.pt\/pt\/eventos\/organizados-pela-aprh\/passados-1990\/projecto-merec-gestao-eficiente-de-recursos-hidricos-e-energia-em-cidades\/\" \/>\n<meta property=\"og:locale\" content=\"pt_PT\" \/>\n<meta property=\"og:type\" content=\"article\" \/>\n<meta property=\"og:title\" content=\"Projecto MEREC - Gest\u00e3o Eficiente de Recursos H\u00eddricos e Energia em cidades - APRH\" \/>\n<meta property=\"og:description\" content=\"14 DEZ\" \/>\n<meta property=\"og:url\" content=\"https:\/\/aprh.pt\/pt\/eventos\/organizados-pela-aprh\/passados-1990\/projecto-merec-gestao-eficiente-de-recursos-hidricos-e-energia-em-cidades\/\" \/>\n<meta property=\"og:site_name\" content=\"APRH\" \/>\n<meta property=\"article:published_time\" content=\"1990-12-14T17:21:38+00:00\" \/>\n<meta property=\"article:modified_time\" content=\"2026-03-04T11:17:09+00:00\" \/>\n<meta property=\"og:image\" content=\"https:\/\/aprh.pt\/wp-content\/uploads\/2022\/11\/14dezembro1990_site.jpg\" \/>\n\t<meta property=\"og:image:width\" content=\"960\" \/>\n\t<meta property=\"og:image:height\" content=\"720\" \/>\n\t<meta property=\"og:image:type\" content=\"image\/jpeg\" \/>\n<meta name=\"author\" content=\"Andr\u00e9\" \/>\n<meta name=\"twitter:card\" content=\"summary_large_image\" \/>\n<meta name=\"twitter:label1\" content=\"Escrito por\" \/>\n\t<meta name=\"twitter:data1\" content=\"Andr\u00e9\" \/>\n\t<meta name=\"twitter:label2\" content=\"Tempo estimado de leitura\" \/>\n\t<meta name=\"twitter:data2\" content=\"4 minutos\" \/>\n<script type=\"application\/ld+json\" class=\"yoast-schema-graph\">{\"@context\":\"https:\/\/schema.org\",\"@graph\":[{\"@type\":\"Article\",\"@id\":\"https:\/\/aprh.pt\/pt\/eventos\/organizados-pela-aprh\/passados-1990\/projecto-merec-gestao-eficiente-de-recursos-hidricos-e-energia-em-cidades\/#article\",\"isPartOf\":{\"@id\":\"https:\/\/aprh.pt\/pt\/eventos\/organizados-pela-aprh\/passados-1990\/projecto-merec-gestao-eficiente-de-recursos-hidricos-e-energia-em-cidades\/\"},\"author\":{\"name\":\"Andr\u00e9\",\"@id\":\"https:\/\/aprh.pt\/pt\/#\/schema\/person\/ef01fd0cbbfc5df175ba0784a9b613c8\"},\"headline\":\"Projecto MEREC &#8211; Gest\u00e3o Eficiente de Recursos H\u00eddricos e Energia em cidades\",\"datePublished\":\"1990-12-14T17:21:38+00:00\",\"dateModified\":\"2026-03-04T11:17:09+00:00\",\"mainEntityOfPage\":{\"@id\":\"https:\/\/aprh.pt\/pt\/eventos\/organizados-pela-aprh\/passados-1990\/projecto-merec-gestao-eficiente-de-recursos-hidricos-e-energia-em-cidades\/\"},\"wordCount\":651,\"publisher\":{\"@id\":\"https:\/\/aprh.pt\/pt\/#organization\"},\"image\":{\"@id\":\"https:\/\/aprh.pt\/pt\/eventos\/organizados-pela-aprh\/passados-1990\/projecto-merec-gestao-eficiente-de-recursos-hidricos-e-energia-em-cidades\/#primaryimage\"},\"thumbnailUrl\":\"https:\/\/aprh.pt\/wp-content\/uploads\/2022\/11\/14dezembro1990_site.jpg\",\"articleSection\":[\"Passados 1990\"],\"inLanguage\":\"pt-PT\"},{\"@type\":\"WebPage\",\"@id\":\"https:\/\/aprh.pt\/pt\/eventos\/organizados-pela-aprh\/passados-1990\/projecto-merec-gestao-eficiente-de-recursos-hidricos-e-energia-em-cidades\/\",\"url\":\"https:\/\/aprh.pt\/pt\/eventos\/organizados-pela-aprh\/passados-1990\/projecto-merec-gestao-eficiente-de-recursos-hidricos-e-energia-em-cidades\/\",\"name\":\"Projecto MEREC - Gest\u00e3o Eficiente de Recursos H\u00eddricos e Energia em cidades - APRH\",\"isPartOf\":{\"@id\":\"https:\/\/aprh.pt\/pt\/#website\"},\"primaryImageOfPage\":{\"@id\":\"https:\/\/aprh.pt\/pt\/eventos\/organizados-pela-aprh\/passados-1990\/projecto-merec-gestao-eficiente-de-recursos-hidricos-e-energia-em-cidades\/#primaryimage\"},\"image\":{\"@id\":\"https:\/\/aprh.pt\/pt\/eventos\/organizados-pela-aprh\/passados-1990\/projecto-merec-gestao-eficiente-de-recursos-hidricos-e-energia-em-cidades\/#primaryimage\"},\"thumbnailUrl\":\"https:\/\/aprh.pt\/wp-content\/uploads\/2022\/11\/14dezembro1990_site.jpg\",\"datePublished\":\"1990-12-14T17:21:38+00:00\",\"dateModified\":\"2026-03-04T11:17:09+00:00\",\"breadcrumb\":{\"@id\":\"https:\/\/aprh.pt\/pt\/eventos\/organizados-pela-aprh\/passados-1990\/projecto-merec-gestao-eficiente-de-recursos-hidricos-e-energia-em-cidades\/#breadcrumb\"},\"inLanguage\":\"pt-PT\",\"potentialAction\":[{\"@type\":\"ReadAction\",\"target\":[\"https:\/\/aprh.pt\/pt\/eventos\/organizados-pela-aprh\/passados-1990\/projecto-merec-gestao-eficiente-de-recursos-hidricos-e-energia-em-cidades\/\"]}]},{\"@type\":\"ImageObject\",\"inLanguage\":\"pt-PT\",\"@id\":\"https:\/\/aprh.pt\/pt\/eventos\/organizados-pela-aprh\/passados-1990\/projecto-merec-gestao-eficiente-de-recursos-hidricos-e-energia-em-cidades\/#primaryimage\",\"url\":\"https:\/\/aprh.pt\/wp-content\/uploads\/2022\/11\/14dezembro1990_site.jpg\",\"contentUrl\":\"https:\/\/aprh.pt\/wp-content\/uploads\/2022\/11\/14dezembro1990_site.jpg\",\"width\":960,\"height\":720},{\"@type\":\"BreadcrumbList\",\"@id\":\"https:\/\/aprh.pt\/pt\/eventos\/organizados-pela-aprh\/passados-1990\/projecto-merec-gestao-eficiente-de-recursos-hidricos-e-energia-em-cidades\/#breadcrumb\",\"itemListElement\":[{\"@type\":\"ListItem\",\"position\":1,\"name\":\"Home\",\"item\":\"https:\/\/aprh.pt\/pt\/\"},{\"@type\":\"ListItem\",\"position\":2,\"name\":\"Eventos\",\"item\":\"https:\/\/aprh.pt\/pt\/category\/eventos\/\"},{\"@type\":\"ListItem\",\"position\":3,\"name\":\"Organizados pela APRH\",\"item\":\"https:\/\/aprh.pt\/pt\/category\/eventos\/organizados-pela-aprh\/\"},{\"@type\":\"ListItem\",\"position\":4,\"name\":\"Passados 1990\",\"item\":\"https:\/\/aprh.pt\/pt\/category\/eventos\/organizados-pela-aprh\/passados-1990\/\"},{\"@type\":\"ListItem\",\"position\":5,\"name\":\"Projecto MEREC &#8211; Gest\u00e3o Eficiente de Recursos H\u00eddricos e Energia em cidades\"}]},{\"@type\":\"WebSite\",\"@id\":\"https:\/\/aprh.pt\/pt\/#website\",\"url\":\"https:\/\/aprh.pt\/pt\/\",\"name\":\"APRH\",\"description\":\"Associa\u00e7\u00e3o Portuguesa dos Recursos H\u00eddricos\",\"publisher\":{\"@id\":\"https:\/\/aprh.pt\/pt\/#organization\"},\"potentialAction\":[{\"@type\":\"SearchAction\",\"target\":{\"@type\":\"EntryPoint\",\"urlTemplate\":\"https:\/\/aprh.pt\/pt\/?s={search_term_string}\"},\"query-input\":{\"@type\":\"PropertyValueSpecification\",\"valueRequired\":true,\"valueName\":\"search_term_string\"}}],\"inLanguage\":\"pt-PT\"},{\"@type\":\"Organization\",\"@id\":\"https:\/\/aprh.pt\/pt\/#organization\",\"name\":\"APRH\",\"url\":\"https:\/\/aprh.pt\/pt\/\",\"logo\":{\"@type\":\"ImageObject\",\"inLanguage\":\"pt-PT\",\"@id\":\"https:\/\/aprh.pt\/pt\/#\/schema\/logo\/image\/\",\"url\":\"https:\/\/aprh.pt\/wp-content\/uploads\/2022\/04\/logotipo.png\",\"contentUrl\":\"https:\/\/aprh.pt\/wp-content\/uploads\/2022\/04\/logotipo.png\",\"width\":181,\"height\":80,\"caption\":\"APRH\"},\"image\":{\"@id\":\"https:\/\/aprh.pt\/pt\/#\/schema\/logo\/image\/\"}},{\"@type\":\"Person\",\"@id\":\"https:\/\/aprh.pt\/pt\/#\/schema\/person\/ef01fd0cbbfc5df175ba0784a9b613c8\",\"name\":\"Andr\u00e9\",\"image\":{\"@type\":\"ImageObject\",\"inLanguage\":\"pt-PT\",\"@id\":\"https:\/\/aprh.pt\/pt\/#\/schema\/person\/image\/\",\"url\":\"https:\/\/secure.gravatar.com\/avatar\/f19c31d559f92a15766b9e9ddc230f85?s=96&d=mm&r=g\",\"contentUrl\":\"https:\/\/secure.gravatar.com\/avatar\/f19c31d559f92a15766b9e9ddc230f85?s=96&d=mm&r=g\",\"caption\":\"Andr\u00e9\"},\"url\":\"https:\/\/aprh.pt\/pt\/author\/aprh\/\"}]}<\/script>\n<!-- \/ Yoast SEO plugin. -->","yoast_head_json":{"title":"Projecto MEREC - Gest\u00e3o Eficiente de Recursos H\u00eddricos e Energia em cidades - APRH","robots":{"index":"index","follow":"follow","max-snippet":"max-snippet:-1","max-image-preview":"max-image-preview:large","max-video-preview":"max-video-preview:-1"},"canonical":"https:\/\/aprh.pt\/pt\/eventos\/organizados-pela-aprh\/passados-1990\/projecto-merec-gestao-eficiente-de-recursos-hidricos-e-energia-em-cidades\/","og_locale":"pt_PT","og_type":"article","og_title":"Projecto MEREC - Gest\u00e3o Eficiente de Recursos H\u00eddricos e Energia em cidades - APRH","og_description":"14 DEZ","og_url":"https:\/\/aprh.pt\/pt\/eventos\/organizados-pela-aprh\/passados-1990\/projecto-merec-gestao-eficiente-de-recursos-hidricos-e-energia-em-cidades\/","og_site_name":"APRH","article_published_time":"1990-12-14T17:21:38+00:00","article_modified_time":"2026-03-04T11:17:09+00:00","og_image":[{"width":960,"height":720,"url":"https:\/\/aprh.pt\/wp-content\/uploads\/2022\/11\/14dezembro1990_site.jpg","type":"image\/jpeg"}],"author":"Andr\u00e9","twitter_card":"summary_large_image","twitter_misc":{"Escrito por":"Andr\u00e9","Tempo estimado de leitura":"4 minutos"},"schema":{"@context":"https:\/\/schema.org","@graph":[{"@type":"Article","@id":"https:\/\/aprh.pt\/pt\/eventos\/organizados-pela-aprh\/passados-1990\/projecto-merec-gestao-eficiente-de-recursos-hidricos-e-energia-em-cidades\/#article","isPartOf":{"@id":"https:\/\/aprh.pt\/pt\/eventos\/organizados-pela-aprh\/passados-1990\/projecto-merec-gestao-eficiente-de-recursos-hidricos-e-energia-em-cidades\/"},"author":{"name":"Andr\u00e9","@id":"https:\/\/aprh.pt\/pt\/#\/schema\/person\/ef01fd0cbbfc5df175ba0784a9b613c8"},"headline":"Projecto MEREC &#8211; Gest\u00e3o Eficiente de Recursos H\u00eddricos e Energia em cidades","datePublished":"1990-12-14T17:21:38+00:00","dateModified":"2026-03-04T11:17:09+00:00","mainEntityOfPage":{"@id":"https:\/\/aprh.pt\/pt\/eventos\/organizados-pela-aprh\/passados-1990\/projecto-merec-gestao-eficiente-de-recursos-hidricos-e-energia-em-cidades\/"},"wordCount":651,"publisher":{"@id":"https:\/\/aprh.pt\/pt\/#organization"},"image":{"@id":"https:\/\/aprh.pt\/pt\/eventos\/organizados-pela-aprh\/passados-1990\/projecto-merec-gestao-eficiente-de-recursos-hidricos-e-energia-em-cidades\/#primaryimage"},"thumbnailUrl":"https:\/\/aprh.pt\/wp-content\/uploads\/2022\/11\/14dezembro1990_site.jpg","articleSection":["Passados 1990"],"inLanguage":"pt-PT"},{"@type":"WebPage","@id":"https:\/\/aprh.pt\/pt\/eventos\/organizados-pela-aprh\/passados-1990\/projecto-merec-gestao-eficiente-de-recursos-hidricos-e-energia-em-cidades\/","url":"https:\/\/aprh.pt\/pt\/eventos\/organizados-pela-aprh\/passados-1990\/projecto-merec-gestao-eficiente-de-recursos-hidricos-e-energia-em-cidades\/","name":"Projecto MEREC - Gest\u00e3o Eficiente de Recursos H\u00eddricos e Energia em cidades - APRH","isPartOf":{"@id":"https:\/\/aprh.pt\/pt\/#website"},"primaryImageOfPage":{"@id":"https:\/\/aprh.pt\/pt\/eventos\/organizados-pela-aprh\/passados-1990\/projecto-merec-gestao-eficiente-de-recursos-hidricos-e-energia-em-cidades\/#primaryimage"},"image":{"@id":"https:\/\/aprh.pt\/pt\/eventos\/organizados-pela-aprh\/passados-1990\/projecto-merec-gestao-eficiente-de-recursos-hidricos-e-energia-em-cidades\/#primaryimage"},"thumbnailUrl":"https:\/\/aprh.pt\/wp-content\/uploads\/2022\/11\/14dezembro1990_site.jpg","datePublished":"1990-12-14T17:21:38+00:00","dateModified":"2026-03-04T11:17:09+00:00","breadcrumb":{"@id":"https:\/\/aprh.pt\/pt\/eventos\/organizados-pela-aprh\/passados-1990\/projecto-merec-gestao-eficiente-de-recursos-hidricos-e-energia-em-cidades\/#breadcrumb"},"inLanguage":"pt-PT","potentialAction":[{"@type":"ReadAction","target":["https:\/\/aprh.pt\/pt\/eventos\/organizados-pela-aprh\/passados-1990\/projecto-merec-gestao-eficiente-de-recursos-hidricos-e-energia-em-cidades\/"]}]},{"@type":"ImageObject","inLanguage":"pt-PT","@id":"https:\/\/aprh.pt\/pt\/eventos\/organizados-pela-aprh\/passados-1990\/projecto-merec-gestao-eficiente-de-recursos-hidricos-e-energia-em-cidades\/#primaryimage","url":"https:\/\/aprh.pt\/wp-content\/uploads\/2022\/11\/14dezembro1990_site.jpg","contentUrl":"https:\/\/aprh.pt\/wp-content\/uploads\/2022\/11\/14dezembro1990_site.jpg","width":960,"height":720},{"@type":"BreadcrumbList","@id":"https:\/\/aprh.pt\/pt\/eventos\/organizados-pela-aprh\/passados-1990\/projecto-merec-gestao-eficiente-de-recursos-hidricos-e-energia-em-cidades\/#breadcrumb","itemListElement":[{"@type":"ListItem","position":1,"name":"Home","item":"https:\/\/aprh.pt\/pt\/"},{"@type":"ListItem","position":2,"name":"Eventos","item":"https:\/\/aprh.pt\/pt\/category\/eventos\/"},{"@type":"ListItem","position":3,"name":"Organizados pela APRH","item":"https:\/\/aprh.pt\/pt\/category\/eventos\/organizados-pela-aprh\/"},{"@type":"ListItem","position":4,"name":"Passados 1990","item":"https:\/\/aprh.pt\/pt\/category\/eventos\/organizados-pela-aprh\/passados-1990\/"},{"@type":"ListItem","position":5,"name":"Projecto MEREC &#8211; Gest\u00e3o Eficiente de Recursos H\u00eddricos e Energia em cidades"}]},{"@type":"WebSite","@id":"https:\/\/aprh.pt\/pt\/#website","url":"https:\/\/aprh.pt\/pt\/","name":"APRH","description":"Associa\u00e7\u00e3o Portuguesa dos Recursos H\u00eddricos","publisher":{"@id":"https:\/\/aprh.pt\/pt\/#organization"},"potentialAction":[{"@type":"SearchAction","target":{"@type":"EntryPoint","urlTemplate":"https:\/\/aprh.pt\/pt\/?s={search_term_string}"},"query-input":{"@type":"PropertyValueSpecification","valueRequired":true,"valueName":"search_term_string"}}],"inLanguage":"pt-PT"},{"@type":"Organization","@id":"https:\/\/aprh.pt\/pt\/#organization","name":"APRH","url":"https:\/\/aprh.pt\/pt\/","logo":{"@type":"ImageObject","inLanguage":"pt-PT","@id":"https:\/\/aprh.pt\/pt\/#\/schema\/logo\/image\/","url":"https:\/\/aprh.pt\/wp-content\/uploads\/2022\/04\/logotipo.png","contentUrl":"https:\/\/aprh.pt\/wp-content\/uploads\/2022\/04\/logotipo.png","width":181,"height":80,"caption":"APRH"},"image":{"@id":"https:\/\/aprh.pt\/pt\/#\/schema\/logo\/image\/"}},{"@type":"Person","@id":"https:\/\/aprh.pt\/pt\/#\/schema\/person\/ef01fd0cbbfc5df175ba0784a9b613c8","name":"Andr\u00e9","image":{"@type":"ImageObject","inLanguage":"pt-PT","@id":"https:\/\/aprh.pt\/pt\/#\/schema\/person\/image\/","url":"https:\/\/secure.gravatar.com\/avatar\/f19c31d559f92a15766b9e9ddc230f85?s=96&d=mm&r=g","contentUrl":"https:\/\/secure.gravatar.com\/avatar\/f19c31d559f92a15766b9e9ddc230f85?s=96&d=mm&r=g","caption":"Andr\u00e9"},"url":"https:\/\/aprh.pt\/pt\/author\/aprh\/"}]}},"_links":{"self":[{"href":"https:\/\/aprh.pt\/pt\/wp-json\/wp\/v2\/posts\/57553","targetHints":{"allow":["GET"]}}],"collection":[{"href":"https:\/\/aprh.pt\/pt\/wp-json\/wp\/v2\/posts"}],"about":[{"href":"https:\/\/aprh.pt\/pt\/wp-json\/wp\/v2\/types\/post"}],"author":[{"embeddable":true,"href":"https:\/\/aprh.pt\/pt\/wp-json\/wp\/v2\/users\/2"}],"replies":[{"embeddable":true,"href":"https:\/\/aprh.pt\/pt\/wp-json\/wp\/v2\/comments?post=57553"}],"version-history":[{"count":10,"href":"https:\/\/aprh.pt\/pt\/wp-json\/wp\/v2\/posts\/57553\/revisions"}],"predecessor-version":[{"id":84251,"href":"https:\/\/aprh.pt\/pt\/wp-json\/wp\/v2\/posts\/57553\/revisions\/84251"}],"wp:featuredmedia":[{"embeddable":true,"href":"https:\/\/aprh.pt\/pt\/wp-json\/wp\/v2\/media\/57555"}],"wp:attachment":[{"href":"https:\/\/aprh.pt\/pt\/wp-json\/wp\/v2\/media?parent=57553"}],"wp:term":[{"taxonomy":"category","embeddable":true,"href":"https:\/\/aprh.pt\/pt\/wp-json\/wp\/v2\/categories?post=57553"},{"taxonomy":"post_tag","embeddable":true,"href":"https:\/\/aprh.pt\/pt\/wp-json\/wp\/v2\/tags?post=57553"}],"curies":[{"name":"wp","href":"https:\/\/api.w.org\/{rel}","templated":true}]}}