{"id":58124,"date":"1987-11-19T14:40:53","date_gmt":"1987-11-19T14:40:53","guid":{"rendered":"https:\/\/www.aprh.pt\/?p=58124"},"modified":"2026-03-04T10:34:45","modified_gmt":"2026-03-04T10:34:45","slug":"ciclo-de-paineis-sobre-a-intervencao-passada-e-futura-da-aprh-na-gestao-dos-recursos-hidricos-nacionais","status":"publish","type":"post","link":"https:\/\/aprh.pt\/pt\/eventos\/organizados-pela-aprh\/passados-1987\/ciclo-de-paineis-sobre-a-intervencao-passada-e-futura-da-aprh-na-gestao-dos-recursos-hidricos-nacionais\/","title":{"rendered":"Interven\u00e7\u00e3o Passada e Futura da APRH na Gest\u00e3o dos Recursos H\u00eddricos Nacionais"},"content":{"rendered":"\t\t<div data-elementor-type=\"wp-post\" data-elementor-id=\"58124\" class=\"elementor elementor-58124\" data-elementor-post-type=\"post\">\n\t\t\t\t\t\t<section class=\"elementor-section elementor-top-section elementor-element elementor-element-706eb9d4 elementor-section-boxed elementor-section-height-default elementor-section-height-default\" data-id=\"706eb9d4\" data-element_type=\"section\">\n\t\t\t\t\t\t<div class=\"elementor-container elementor-column-gap-default\">\n\t\t\t\t\t<div class=\"elementor-column elementor-col-100 elementor-top-column elementor-element elementor-element-7acf5976\" data-id=\"7acf5976\" data-element_type=\"column\">\n\t\t\t<div class=\"elementor-widget-wrap elementor-element-populated\">\n\t\t\t\t\t\t<div class=\"elementor-element elementor-element-5c530075 elementor-widget elementor-widget-spacer\" data-id=\"5c530075\" data-element_type=\"widget\" data-widget_type=\"spacer.default\">\n\t\t\t\t<div class=\"elementor-widget-container\">\n\t\t\t\t\t<div class=\"elementor-spacer\">\n\t\t\t<div class=\"elementor-spacer-inner\"><\/div>\n\t\t<\/div>\n\t\t\t\t<\/div>\n\t\t\t\t<\/div>\n\t\t\t\t\t<\/div>\n\t\t<\/div>\n\t\t\t\t\t<\/div>\n\t\t<\/section>\n\t\t\t\t<section class=\"elementor-section elementor-top-section elementor-element elementor-element-2d759f27 elementor-section-boxed elementor-section-height-default elementor-section-height-default\" data-id=\"2d759f27\" data-element_type=\"section\">\n\t\t\t\t\t\t<div class=\"elementor-container elementor-column-gap-no\">\n\t\t\t\t\t<div class=\"elementor-column elementor-col-50 elementor-top-column elementor-element elementor-element-7dde88a8\" data-id=\"7dde88a8\" data-element_type=\"column\">\n\t\t\t<div class=\"elementor-widget-wrap elementor-element-populated\">\n\t\t\t\t\t\t<div class=\"elementor-element elementor-element-65ba540f elementor-widget elementor-widget-theme-post-featured-image elementor-widget-image\" data-id=\"65ba540f\" data-element_type=\"widget\" data-widget_type=\"theme-post-featured-image.default\">\n\t\t\t\t<div class=\"elementor-widget-container\">\n\t\t\t\t\t\t\t\t\t\t\t\t\t<img fetchpriority=\"high\" decoding=\"async\" width=\"960\" height=\"720\" src=\"https:\/\/aprh.pt\/wp-content\/uploads\/2022\/11\/19-20novembro1987_site.jpg\" class=\"attachment-large size-large wp-image-58126\" alt=\"\" srcset=\"https:\/\/aprh.pt\/wp-content\/uploads\/2022\/11\/19-20novembro1987_site.jpg 960w, https:\/\/aprh.pt\/wp-content\/uploads\/2022\/11\/19-20novembro1987_site-300x225.jpg 300w, https:\/\/aprh.pt\/wp-content\/uploads\/2022\/11\/19-20novembro1987_site-768x576.jpg 768w\" sizes=\"(max-width: 960px) 100vw, 960px\" \/>\t\t\t\t\t\t\t\t\t\t\t\t\t<\/div>\n\t\t\t\t<\/div>\n\t\t\t\t\t<\/div>\n\t\t<\/div>\n\t\t\t\t<div class=\"elementor-column elementor-col-50 elementor-top-column elementor-element elementor-element-c5504d3\" data-id=\"c5504d3\" data-element_type=\"column\">\n\t\t\t<div class=\"elementor-widget-wrap elementor-element-populated\">\n\t\t\t\t\t\t<div class=\"elementor-element elementor-element-470a397a elementor-widget__width-auto elementor-widget elementor-widget-theme-post-excerpt\" data-id=\"470a397a\" data-element_type=\"widget\" data-widget_type=\"theme-post-excerpt.default\">\n\t\t\t\t<div class=\"elementor-widget-container\">\n\t\t\t19-20 NOV\t\t<\/div>\n\t\t\t\t<\/div>\n\t\t\t\t<div class=\"elementor-element elementor-element-6cbf9d00 elementor-widget elementor-widget-theme-post-title elementor-page-title elementor-widget-heading\" data-id=\"6cbf9d00\" data-element_type=\"widget\" data-widget_type=\"theme-post-title.default\">\n\t\t\t\t<div class=\"elementor-widget-container\">\n\t\t\t<h1 class=\"elementor-heading-title elementor-size-default\">Interven\u00e7\u00e3o Passada e Futura da APRH na Gest\u00e3o dos Recursos H\u00eddricos Nacionais<\/h1>\t\t<\/div>\n\t\t\t\t<\/div>\n\t\t\t\t<div class=\"elementor-element elementor-element-a01f495 elementor-widget elementor-widget-heading\" data-id=\"a01f495\" data-element_type=\"widget\" data-widget_type=\"heading.default\">\n\t\t\t\t<div class=\"elementor-widget-container\">\n\t\t\t<h3 class=\"elementor-heading-title elementor-size-default\">Ciclo de Pain\u00e9is<\/h3>\t\t<\/div>\n\t\t\t\t<\/div>\n\t\t\t\t<div class=\"elementor-element elementor-element-613036b3 elementor-widget elementor-widget-text-editor\" data-id=\"613036b3\" data-element_type=\"widget\" data-widget_type=\"text-editor.default\">\n\t\t\t\t<div class=\"elementor-widget-container\">\n\t\t\t\t\t\t\t<p><strong>19 e 20 de novembro de 1987<\/strong><\/p>\t\t\t\t\t\t<\/div>\n\t\t\t\t<\/div>\n\t\t\t\t<div class=\"elementor-element elementor-element-1882ae57 elementor-share-buttons--view-icon elementor-share-buttons--skin-flat elementor-share-buttons--shape-circle elementor-share-buttons--align-right elementor-share-buttons--color-custom elementor-grid-0 elementor-widget elementor-widget-share-buttons\" data-id=\"1882ae57\" data-element_type=\"widget\" data-widget_type=\"share-buttons.default\">\n\t\t\t\t<div class=\"elementor-widget-container\">\n\t\t\t\t\t<div class=\"elementor-grid\">\n\t\t\t\t\t\t\t\t<div class=\"elementor-grid-item\">\n\t\t\t\t\t\t<div\n\t\t\t\t\t\t\tclass=\"elementor-share-btn elementor-share-btn_facebook\"\n\t\t\t\t\t\t\trole=\"button\"\n\t\t\t\t\t\t\ttabindex=\"0\"\n\t\t\t\t\t\t\taria-label=\"Share on facebook\"\n\t\t\t\t\t\t>\n\t\t\t\t\t\t\t\t\t\t\t\t\t\t\t<span class=\"elementor-share-btn__icon\">\n\t\t\t\t\t\t\t\t<i class=\"fab fa-facebook\" aria-hidden=\"true\"><\/i>\t\t\t\t\t\t\t<\/span>\n\t\t\t\t\t\t\t\t\t\t\t\t\t\t\t\t\t\t\t\t<\/div>\n\t\t\t\t\t<\/div>\n\t\t\t\t\t\t\t\t\t<div class=\"elementor-grid-item\">\n\t\t\t\t\t\t<div\n\t\t\t\t\t\t\tclass=\"elementor-share-btn elementor-share-btn_twitter\"\n\t\t\t\t\t\t\trole=\"button\"\n\t\t\t\t\t\t\ttabindex=\"0\"\n\t\t\t\t\t\t\taria-label=\"Share on twitter\"\n\t\t\t\t\t\t>\n\t\t\t\t\t\t\t\t\t\t\t\t\t\t\t<span class=\"elementor-share-btn__icon\">\n\t\t\t\t\t\t\t\t<i class=\"fab fa-twitter\" aria-hidden=\"true\"><\/i>\t\t\t\t\t\t\t<\/span>\n\t\t\t\t\t\t\t\t\t\t\t\t\t\t\t\t\t\t\t\t<\/div>\n\t\t\t\t\t<\/div>\n\t\t\t\t\t\t\t\t\t<div class=\"elementor-grid-item\">\n\t\t\t\t\t\t<div\n\t\t\t\t\t\t\tclass=\"elementor-share-btn elementor-share-btn_linkedin\"\n\t\t\t\t\t\t\trole=\"button\"\n\t\t\t\t\t\t\ttabindex=\"0\"\n\t\t\t\t\t\t\taria-label=\"Share on linkedin\"\n\t\t\t\t\t\t>\n\t\t\t\t\t\t\t\t\t\t\t\t\t\t\t<span class=\"elementor-share-btn__icon\">\n\t\t\t\t\t\t\t\t<i class=\"fab fa-linkedin\" aria-hidden=\"true\"><\/i>\t\t\t\t\t\t\t<\/span>\n\t\t\t\t\t\t\t\t\t\t\t\t\t\t\t\t\t\t\t\t<\/div>\n\t\t\t\t\t<\/div>\n\t\t\t\t\t\t<\/div>\n\t\t\t\t<\/div>\n\t\t\t\t<\/div>\n\t\t\t\t\t<\/div>\n\t\t<\/div>\n\t\t\t\t\t<\/div>\n\t\t<\/section>\n\t\t\t\t<section class=\"elementor-section elementor-top-section elementor-element elementor-element-11065257 elementor-section-boxed elementor-section-height-default elementor-section-height-default\" data-id=\"11065257\" data-element_type=\"section\">\n\t\t\t\t\t\t<div class=\"elementor-container elementor-column-gap-no\">\n\t\t\t\t\t<div class=\"elementor-column elementor-col-100 elementor-top-column elementor-element elementor-element-793db612\" data-id=\"793db612\" data-element_type=\"column\">\n\t\t\t<div class=\"elementor-widget-wrap elementor-element-populated\">\n\t\t\t\t\t\t<div class=\"elementor-element elementor-element-5ebc2037 tabs_eventos elementor-tabs-view-horizontal elementor-widget elementor-widget-tabs\" data-id=\"5ebc2037\" data-element_type=\"widget\" data-widget_type=\"tabs.default\">\n\t\t\t\t<div class=\"elementor-widget-container\">\n\t\t\t\t\t<div class=\"elementor-tabs\">\n\t\t\t<div class=\"elementor-tabs-wrapper\" role=\"tablist\" >\n\t\t\t\t\t\t\t\t\t<div id=\"elementor-tab-title-1581\" class=\"elementor-tab-title elementor-tab-desktop-title\" aria-selected=\"true\" data-tab=\"1\" role=\"tab\" tabindex=\"0\" aria-controls=\"elementor-tab-content-1581\" aria-expanded=\"false\">Relato<\/div>\n\t\t\t\t\t\t\t<\/div>\n\t\t\t<div class=\"elementor-tabs-content-wrapper\" role=\"tablist\" aria-orientation=\"vertical\">\n\t\t\t\t\t\t\t\t\t<div class=\"elementor-tab-title elementor-tab-mobile-title\" aria-selected=\"true\" data-tab=\"1\" role=\"tab\" tabindex=\"0\" aria-controls=\"elementor-tab-content-1581\" aria-expanded=\"false\">Relato<\/div>\n\t\t\t\t\t<div id=\"elementor-tab-content-1581\" class=\"elementor-tab-content elementor-clearfix\" data-tab=\"1\" role=\"tabpanel\" aria-labelledby=\"elementor-tab-title-1581\" tabindex=\"0\" hidden=\"false\"><p>Por ocasi\u00e3o das Comemora\u00e7\u00f5es do seu 100 Anivers\u00e1rio, a Associa\u00e7\u00e3o Portuguesa dos Recursos H\u00eddricos, promoveu, nos dias 19 e 20 de Novembro de 1987, um ciclo de paineis subordinado ao Tema \u201cA Interven\u00e7\u00e3o Passada Futura da APRH na Gest\u00e3o dos Recursos H\u00eddricos Nacionais\u201d.<\/p><p>Os pain\u00e9is, em n\u00famero de seis, visaram os seguintes subtemas: <\/p><ol><li>Prop\u00f3sitos e Reflexos da Ac\u00e7\u00e3o da APRH na Gest\u00e3o dos Recursos H\u00eddricos Nacionais <\/li><li>Regionaliza\u00e7\u00e3o e Gest\u00e3o Integrada dos Recursos H\u00eddricos <\/li><li>O Papel dos Municipios na Gest\u00e3o Integrada dos Re- cursos H\u00eddricos <\/li><li>Perspectivas Abertas pelas Novas Estruturas de Ges Bot\u00e3o dos Recursos H\u00eddricos Nacionais <\/li><li>Ensino e Investiga\u00e7\u00e3o no Dom\u00ednio dos Recursos H\u00eddricos <\/li><li>O Associativismo no Dominio do Ambiente e dos Recursos Naturais <\/li><\/ol><p>Da exposi\u00e7\u00e3o e debate das comunica\u00e7\u00f5es apresentadas nos referidos seis pain\u00e9is ressaltaram as seguintes conclus\u00f5es: <\/p><ol><li>Reconhecimento do papel determinante da APRH na cria\u00e7\u00e3o de uma consci\u00eancia capaz de conduzir,como vem a acontecer, \u00e0 reformula\u00e7\u00e3o da organica de ges t\u00e3o integrada dos recursos h\u00eddricos nacionais e da forma de actua\u00e7\u00e3o das novas estruturas institucionais. <\/li><li>Necessidade de alargar a interven\u00e7\u00e3o t\u00e9cnica e cientifica da APRH, com iniciativas mais ligadas \u00e0 an\u00e1lise e solu\u00e7\u00e3o dos problemas concretos existentes na sistematiza\u00e7\u00e3o, aproveitamento e protec\u00e7\u00e3o dos recursos h\u00eddricos portugueses. <\/li><li>Constata\u00e7\u00e3o de que os actuais organismos intervenientes na gest\u00e3o do ambiente e dos recursos naturais, a n\u00edvel regional, constituem estruturas desconcentradas e de s\u00edntese, e n\u00e3o as estruturas descentralizadas e espec\u00edficas de que a gest\u00e3o da \u00e1gua carece. <\/li><li>Necessidade de fazer intervir nas novas estruturas regionais de administra\u00e7\u00e3o dos recursos h\u00eddricos os representantes dos utilizadores, quer a nivel executivo quer a nivel consultivo, nomeadamente dos Municipios e das associa\u00e7\u00f5es sectoriais, sem per- da da respectiva autonomia e compet\u00eancias pr\u00f3prias. <\/li><li>Reafirma\u00e7\u00e3o de que as bacias ou conjuntos de baci as hidrogr\u00e1ficas s\u00e3o a unidade fundamental da ges t\u00e3o da \u00e1gua e, como tal, dever\u00e3o estar na base da defini\u00e7\u00e3o da \u00e1rea de jurisdi\u00e7\u00e3o das Administra\u00e7\u00f5es de Recursos H\u00eddricos, independentemente das divis\u00f5es que sejam consideradas para as regi\u00f5es administrativas e de planeamento e das transfer\u00eancias de \u00e1gua que se justifique efectuar entre bacias. <\/li><li>Import\u00e2ncia da aplica\u00e7\u00e3o do principio utilizador-pagador, como instrumento ao servi\u00e7o de uma gest\u00e3o eficaz da \u00e1gua e de uma mais equitativa afecta\u00e7\u00e3o dos meios financeiros em rela\u00e7\u00e3o \u00e0s regi\u00f5es em que sejam colectados. <\/li><li>Constata\u00e7\u00e3o das interliga\u00e7\u00f5es naturais e de natureza funcional existentes entre os subsistemas institucional, financeiro, legislativo e biof\u00edsico da gest\u00e3o dos recursos h\u00eddricos, assim como da aten\u00e7\u00e3o simult\u00e2nea que eles devem merecer, a bem da e fic\u00e1cia global do sistema. <\/li><li>Reafirma\u00e7\u00e3o do car\u00e1cter uno e global de que se deve revestir a gest\u00e3o de quantidade e de qualidade da \u00e1gua, com as respectivas consequ\u00eancias no invent\u00e1rio de disponibilidades e no licenciamento e fiscaliza\u00e7\u00e3o das suas utiliza\u00e7\u00f5es. <\/li><li>Reconhecimento da fun\u00e7\u00e3o essencial que dever\u00e1 assumir um organismo coordenador interdepartamental, de ambito nacional, para assegurar a adequa\u00e7\u00e3o do planeamento e uso da \u00e1gua aos imperativos do desenvolvimento sectorial e regional do Pa\u00eds. <\/li><li>Exist\u00eancia de preocupa\u00e7\u00f5es quanto ao per\u00edodo de transi\u00e7\u00e3o entre as antigas e novas estruturas gest\u00e3o dos recursos hidricos a nivel nacional e regional, necessariamente moroso, no sentido de evitar vazios ou conflitos institucionais e para que se intensifique o ritmo de aproveitamento dos recursos h\u00eddricos nacionais, factor essencial do de senvolvimento econ\u00f3mico e social. <\/li><li>Chamada de aten\u00e7\u00e3o para o cuidado que devem merecer aspectos n\u00e3o despiciendos, tais como a ten\u00e7\u00e3o da rede hidrogr\u00e1fica, a seguran\u00e7a das infraestruturas hidr\u00e1ulicas e a gest\u00e3o hidrogr\u00e1ficas das bacias luso-espanholas. <\/li><li>Papel fundamental do ensino e da investiga\u00e7\u00e3o no dominio dos recursos hidricos, que devem manter estreita liga\u00e7\u00e3o com a ac\u00e7\u00e3o dos consultores e dos organismos executivos, e reconhecimento da conveni\u00eancia de adequar os respectivos programas de ac\u00e7\u00e3o \u00e0s necessidades do Pais neste dominio.<\/li><li>Reafirma\u00e7\u00e3o do car\u00e1cter multisectorial e interdis ciplinar dos assuntos relacionados com a \u00e1gua, sem preju\u00edzo do necess\u00e1rio aprofundamento de conhecimentos nas v\u00e1rias disciplinas envolvidas. <\/li><li>Necessidade de reformular o modo de constitui\u00e7\u00e3o das Comiss\u00f5es Nacionais de associa\u00e7\u00f5es internacionais no dominio da \u00e1gua, por forma a acentuar a participa\u00e7\u00e3o das associa\u00e7\u00f5es portuguesas, como \u00e9 comum na generalidade dos pa\u00edses. <\/li><li>Reconhecimento dos inconvenientes da constitui\u00e7\u00e3o de um excessivo n\u00famero de associa\u00e7\u00f5es cient\u00edficas e t\u00e9cnicas especializadas, mesmo que tenham correspond\u00eancia em associa\u00e7\u00f5es internacionais de grande prestigio e actividade, tendo em conta a dimen s\u00e3o do meio t\u00e9cnico nacional e dos recursos afect\u00e1veis a este tipo de actividade.<\/li><\/ol><p>A APRH est\u00e1 convicta que estas conclus\u00f5es, para al\u00e9m de constituirem nova manifesta\u00e7\u00e3o de vitalidade dos seus associados, sobrelevam a conjuntura em que se realizou o ciclo de pain\u00e9is e, por isso, s\u00e3o credoras da aten\u00e7\u00e3o dos poderes p\u00fablicos e dos demais interessados nesta mat\u00e9ria.<\/p><p>Posteriormente \u00e0 sess\u00e3o solene realizou-se nas instala\u00e7\u00f5es do Instituto Hidrogr\u00e1fico um jantar de confraterniza\u00e7\u00e3o de Associados da APRH.<\/p><\/div>\n\t\t\t\t\t\t\t<\/div>\n\t\t<\/div>\n\t\t\t\t<\/div>\n\t\t\t\t<\/div>\n\t\t\t\t<div class=\"elementor-element elementor-element-fdd3cc9 elementor-widget elementor-widget-global elementor-global-500 elementor-widget-spacer\" data-id=\"fdd3cc9\" data-element_type=\"widget\" data-widget_type=\"spacer.default\">\n\t\t\t\t<div class=\"elementor-widget-container\">\n\t\t\t\t\t<div class=\"elementor-spacer\">\n\t\t\t<div class=\"elementor-spacer-inner\"><\/div>\n\t\t<\/div>\n\t\t\t\t<\/div>\n\t\t\t\t<\/div>\n\t\t\t\t\t<\/div>\n\t\t<\/div>\n\t\t\t\t\t<\/div>\n\t\t<\/section>\n\t\t\t\t<\/div>\n\t\t","protected":false},"excerpt":{"rendered":"<p>19-20 NOV<\/p>\n","protected":false},"author":2,"featured_media":58126,"comment_status":"closed","ping_status":"open","sticky":false,"template":"","format":"standard","meta":{"footnotes":""},"categories":[376],"tags":[],"class_list":["post-58124","post","type-post","status-publish","format-standard","has-post-thumbnail","hentry","category-passados-1987"],"yoast_head":"<!-- This site is optimized with the Yoast SEO plugin v23.8 - https:\/\/yoast.com\/wordpress\/plugins\/seo\/ -->\n<title>Interven\u00e7\u00e3o Passada e Futura da APRH na Gest\u00e3o dos Recursos H\u00eddricos Nacionais - APRH<\/title>\n<meta name=\"robots\" content=\"index, follow, max-snippet:-1, max-image-preview:large, max-video-preview:-1\" \/>\n<link rel=\"canonical\" href=\"https:\/\/aprh.pt\/pt\/eventos\/organizados-pela-aprh\/passados-1987\/ciclo-de-paineis-sobre-a-intervencao-passada-e-futura-da-aprh-na-gestao-dos-recursos-hidricos-nacionais\/\" \/>\n<meta property=\"og:locale\" content=\"pt_PT\" \/>\n<meta property=\"og:type\" content=\"article\" \/>\n<meta property=\"og:title\" content=\"Interven\u00e7\u00e3o Passada e Futura da APRH na Gest\u00e3o dos Recursos H\u00eddricos Nacionais - APRH\" \/>\n<meta property=\"og:description\" content=\"19-20 NOV\" \/>\n<meta property=\"og:url\" content=\"https:\/\/aprh.pt\/pt\/eventos\/organizados-pela-aprh\/passados-1987\/ciclo-de-paineis-sobre-a-intervencao-passada-e-futura-da-aprh-na-gestao-dos-recursos-hidricos-nacionais\/\" \/>\n<meta property=\"og:site_name\" content=\"APRH\" \/>\n<meta property=\"article:published_time\" content=\"1987-11-19T14:40:53+00:00\" \/>\n<meta property=\"article:modified_time\" content=\"2026-03-04T10:34:45+00:00\" \/>\n<meta property=\"og:image\" content=\"https:\/\/aprh.pt\/wp-content\/uploads\/2022\/11\/19-20novembro1987_site.jpg\" \/>\n\t<meta property=\"og:image:width\" content=\"960\" \/>\n\t<meta property=\"og:image:height\" content=\"720\" \/>\n\t<meta property=\"og:image:type\" content=\"image\/jpeg\" \/>\n<meta name=\"author\" content=\"Andr\u00e9\" \/>\n<meta name=\"twitter:card\" content=\"summary_large_image\" \/>\n<meta name=\"twitter:label1\" content=\"Escrito por\" \/>\n\t<meta name=\"twitter:data1\" content=\"Andr\u00e9\" \/>\n\t<meta name=\"twitter:label2\" content=\"Tempo estimado de leitura\" \/>\n\t<meta name=\"twitter:data2\" content=\"5 minutos\" \/>\n<script type=\"application\/ld+json\" class=\"yoast-schema-graph\">{\"@context\":\"https:\/\/schema.org\",\"@graph\":[{\"@type\":\"Article\",\"@id\":\"https:\/\/aprh.pt\/pt\/eventos\/organizados-pela-aprh\/passados-1987\/ciclo-de-paineis-sobre-a-intervencao-passada-e-futura-da-aprh-na-gestao-dos-recursos-hidricos-nacionais\/#article\",\"isPartOf\":{\"@id\":\"https:\/\/aprh.pt\/pt\/eventos\/organizados-pela-aprh\/passados-1987\/ciclo-de-paineis-sobre-a-intervencao-passada-e-futura-da-aprh-na-gestao-dos-recursos-hidricos-nacionais\/\"},\"author\":{\"name\":\"Andr\u00e9\",\"@id\":\"https:\/\/aprh.pt\/pt\/#\/schema\/person\/ef01fd0cbbfc5df175ba0784a9b613c8\"},\"headline\":\"Interven\u00e7\u00e3o Passada e Futura da APRH na Gest\u00e3o dos Recursos H\u00eddricos Nacionais\",\"datePublished\":\"1987-11-19T14:40:53+00:00\",\"dateModified\":\"2026-03-04T10:34:45+00:00\",\"mainEntityOfPage\":{\"@id\":\"https:\/\/aprh.pt\/pt\/eventos\/organizados-pela-aprh\/passados-1987\/ciclo-de-paineis-sobre-a-intervencao-passada-e-futura-da-aprh-na-gestao-dos-recursos-hidricos-nacionais\/\"},\"wordCount\":935,\"publisher\":{\"@id\":\"https:\/\/aprh.pt\/pt\/#organization\"},\"image\":{\"@id\":\"https:\/\/aprh.pt\/pt\/eventos\/organizados-pela-aprh\/passados-1987\/ciclo-de-paineis-sobre-a-intervencao-passada-e-futura-da-aprh-na-gestao-dos-recursos-hidricos-nacionais\/#primaryimage\"},\"thumbnailUrl\":\"https:\/\/aprh.pt\/wp-content\/uploads\/2022\/11\/19-20novembro1987_site.jpg\",\"articleSection\":[\"Passados 1987\"],\"inLanguage\":\"pt-PT\"},{\"@type\":\"WebPage\",\"@id\":\"https:\/\/aprh.pt\/pt\/eventos\/organizados-pela-aprh\/passados-1987\/ciclo-de-paineis-sobre-a-intervencao-passada-e-futura-da-aprh-na-gestao-dos-recursos-hidricos-nacionais\/\",\"url\":\"https:\/\/aprh.pt\/pt\/eventos\/organizados-pela-aprh\/passados-1987\/ciclo-de-paineis-sobre-a-intervencao-passada-e-futura-da-aprh-na-gestao-dos-recursos-hidricos-nacionais\/\",\"name\":\"Interven\u00e7\u00e3o Passada e Futura da APRH na Gest\u00e3o dos Recursos H\u00eddricos Nacionais - APRH\",\"isPartOf\":{\"@id\":\"https:\/\/aprh.pt\/pt\/#website\"},\"primaryImageOfPage\":{\"@id\":\"https:\/\/aprh.pt\/pt\/eventos\/organizados-pela-aprh\/passados-1987\/ciclo-de-paineis-sobre-a-intervencao-passada-e-futura-da-aprh-na-gestao-dos-recursos-hidricos-nacionais\/#primaryimage\"},\"image\":{\"@id\":\"https:\/\/aprh.pt\/pt\/eventos\/organizados-pela-aprh\/passados-1987\/ciclo-de-paineis-sobre-a-intervencao-passada-e-futura-da-aprh-na-gestao-dos-recursos-hidricos-nacionais\/#primaryimage\"},\"thumbnailUrl\":\"https:\/\/aprh.pt\/wp-content\/uploads\/2022\/11\/19-20novembro1987_site.jpg\",\"datePublished\":\"1987-11-19T14:40:53+00:00\",\"dateModified\":\"2026-03-04T10:34:45+00:00\",\"breadcrumb\":{\"@id\":\"https:\/\/aprh.pt\/pt\/eventos\/organizados-pela-aprh\/passados-1987\/ciclo-de-paineis-sobre-a-intervencao-passada-e-futura-da-aprh-na-gestao-dos-recursos-hidricos-nacionais\/#breadcrumb\"},\"inLanguage\":\"pt-PT\",\"potentialAction\":[{\"@type\":\"ReadAction\",\"target\":[\"https:\/\/aprh.pt\/pt\/eventos\/organizados-pela-aprh\/passados-1987\/ciclo-de-paineis-sobre-a-intervencao-passada-e-futura-da-aprh-na-gestao-dos-recursos-hidricos-nacionais\/\"]}]},{\"@type\":\"ImageObject\",\"inLanguage\":\"pt-PT\",\"@id\":\"https:\/\/aprh.pt\/pt\/eventos\/organizados-pela-aprh\/passados-1987\/ciclo-de-paineis-sobre-a-intervencao-passada-e-futura-da-aprh-na-gestao-dos-recursos-hidricos-nacionais\/#primaryimage\",\"url\":\"https:\/\/aprh.pt\/wp-content\/uploads\/2022\/11\/19-20novembro1987_site.jpg\",\"contentUrl\":\"https:\/\/aprh.pt\/wp-content\/uploads\/2022\/11\/19-20novembro1987_site.jpg\",\"width\":960,\"height\":720},{\"@type\":\"BreadcrumbList\",\"@id\":\"https:\/\/aprh.pt\/pt\/eventos\/organizados-pela-aprh\/passados-1987\/ciclo-de-paineis-sobre-a-intervencao-passada-e-futura-da-aprh-na-gestao-dos-recursos-hidricos-nacionais\/#breadcrumb\",\"itemListElement\":[{\"@type\":\"ListItem\",\"position\":1,\"name\":\"Home\",\"item\":\"https:\/\/aprh.pt\/pt\/\"},{\"@type\":\"ListItem\",\"position\":2,\"name\":\"Eventos\",\"item\":\"https:\/\/aprh.pt\/pt\/category\/eventos\/\"},{\"@type\":\"ListItem\",\"position\":3,\"name\":\"Organizados pela APRH\",\"item\":\"https:\/\/aprh.pt\/pt\/category\/eventos\/organizados-pela-aprh\/\"},{\"@type\":\"ListItem\",\"position\":4,\"name\":\"Passados 1987\",\"item\":\"https:\/\/aprh.pt\/pt\/category\/eventos\/organizados-pela-aprh\/passados-1987\/\"},{\"@type\":\"ListItem\",\"position\":5,\"name\":\"Interven\u00e7\u00e3o Passada e Futura da APRH na Gest\u00e3o dos Recursos H\u00eddricos Nacionais\"}]},{\"@type\":\"WebSite\",\"@id\":\"https:\/\/aprh.pt\/pt\/#website\",\"url\":\"https:\/\/aprh.pt\/pt\/\",\"name\":\"APRH\",\"description\":\"Associa\u00e7\u00e3o Portuguesa dos Recursos H\u00eddricos\",\"publisher\":{\"@id\":\"https:\/\/aprh.pt\/pt\/#organization\"},\"potentialAction\":[{\"@type\":\"SearchAction\",\"target\":{\"@type\":\"EntryPoint\",\"urlTemplate\":\"https:\/\/aprh.pt\/pt\/?s={search_term_string}\"},\"query-input\":{\"@type\":\"PropertyValueSpecification\",\"valueRequired\":true,\"valueName\":\"search_term_string\"}}],\"inLanguage\":\"pt-PT\"},{\"@type\":\"Organization\",\"@id\":\"https:\/\/aprh.pt\/pt\/#organization\",\"name\":\"APRH\",\"url\":\"https:\/\/aprh.pt\/pt\/\",\"logo\":{\"@type\":\"ImageObject\",\"inLanguage\":\"pt-PT\",\"@id\":\"https:\/\/aprh.pt\/pt\/#\/schema\/logo\/image\/\",\"url\":\"https:\/\/aprh.pt\/wp-content\/uploads\/2022\/04\/logotipo.png\",\"contentUrl\":\"https:\/\/aprh.pt\/wp-content\/uploads\/2022\/04\/logotipo.png\",\"width\":181,\"height\":80,\"caption\":\"APRH\"},\"image\":{\"@id\":\"https:\/\/aprh.pt\/pt\/#\/schema\/logo\/image\/\"}},{\"@type\":\"Person\",\"@id\":\"https:\/\/aprh.pt\/pt\/#\/schema\/person\/ef01fd0cbbfc5df175ba0784a9b613c8\",\"name\":\"Andr\u00e9\",\"image\":{\"@type\":\"ImageObject\",\"inLanguage\":\"pt-PT\",\"@id\":\"https:\/\/aprh.pt\/pt\/#\/schema\/person\/image\/\",\"url\":\"https:\/\/secure.gravatar.com\/avatar\/f19c31d559f92a15766b9e9ddc230f85?s=96&d=mm&r=g\",\"contentUrl\":\"https:\/\/secure.gravatar.com\/avatar\/f19c31d559f92a15766b9e9ddc230f85?s=96&d=mm&r=g\",\"caption\":\"Andr\u00e9\"},\"url\":\"https:\/\/aprh.pt\/pt\/author\/aprh\/\"}]}<\/script>\n<!-- \/ Yoast SEO plugin. -->","yoast_head_json":{"title":"Interven\u00e7\u00e3o Passada e Futura da APRH na Gest\u00e3o dos Recursos H\u00eddricos Nacionais - APRH","robots":{"index":"index","follow":"follow","max-snippet":"max-snippet:-1","max-image-preview":"max-image-preview:large","max-video-preview":"max-video-preview:-1"},"canonical":"https:\/\/aprh.pt\/pt\/eventos\/organizados-pela-aprh\/passados-1987\/ciclo-de-paineis-sobre-a-intervencao-passada-e-futura-da-aprh-na-gestao-dos-recursos-hidricos-nacionais\/","og_locale":"pt_PT","og_type":"article","og_title":"Interven\u00e7\u00e3o Passada e Futura da APRH na Gest\u00e3o dos Recursos H\u00eddricos Nacionais - APRH","og_description":"19-20 NOV","og_url":"https:\/\/aprh.pt\/pt\/eventos\/organizados-pela-aprh\/passados-1987\/ciclo-de-paineis-sobre-a-intervencao-passada-e-futura-da-aprh-na-gestao-dos-recursos-hidricos-nacionais\/","og_site_name":"APRH","article_published_time":"1987-11-19T14:40:53+00:00","article_modified_time":"2026-03-04T10:34:45+00:00","og_image":[{"width":960,"height":720,"url":"https:\/\/aprh.pt\/wp-content\/uploads\/2022\/11\/19-20novembro1987_site.jpg","type":"image\/jpeg"}],"author":"Andr\u00e9","twitter_card":"summary_large_image","twitter_misc":{"Escrito por":"Andr\u00e9","Tempo estimado de leitura":"5 minutos"},"schema":{"@context":"https:\/\/schema.org","@graph":[{"@type":"Article","@id":"https:\/\/aprh.pt\/pt\/eventos\/organizados-pela-aprh\/passados-1987\/ciclo-de-paineis-sobre-a-intervencao-passada-e-futura-da-aprh-na-gestao-dos-recursos-hidricos-nacionais\/#article","isPartOf":{"@id":"https:\/\/aprh.pt\/pt\/eventos\/organizados-pela-aprh\/passados-1987\/ciclo-de-paineis-sobre-a-intervencao-passada-e-futura-da-aprh-na-gestao-dos-recursos-hidricos-nacionais\/"},"author":{"name":"Andr\u00e9","@id":"https:\/\/aprh.pt\/pt\/#\/schema\/person\/ef01fd0cbbfc5df175ba0784a9b613c8"},"headline":"Interven\u00e7\u00e3o Passada e Futura da APRH na Gest\u00e3o dos Recursos H\u00eddricos Nacionais","datePublished":"1987-11-19T14:40:53+00:00","dateModified":"2026-03-04T10:34:45+00:00","mainEntityOfPage":{"@id":"https:\/\/aprh.pt\/pt\/eventos\/organizados-pela-aprh\/passados-1987\/ciclo-de-paineis-sobre-a-intervencao-passada-e-futura-da-aprh-na-gestao-dos-recursos-hidricos-nacionais\/"},"wordCount":935,"publisher":{"@id":"https:\/\/aprh.pt\/pt\/#organization"},"image":{"@id":"https:\/\/aprh.pt\/pt\/eventos\/organizados-pela-aprh\/passados-1987\/ciclo-de-paineis-sobre-a-intervencao-passada-e-futura-da-aprh-na-gestao-dos-recursos-hidricos-nacionais\/#primaryimage"},"thumbnailUrl":"https:\/\/aprh.pt\/wp-content\/uploads\/2022\/11\/19-20novembro1987_site.jpg","articleSection":["Passados 1987"],"inLanguage":"pt-PT"},{"@type":"WebPage","@id":"https:\/\/aprh.pt\/pt\/eventos\/organizados-pela-aprh\/passados-1987\/ciclo-de-paineis-sobre-a-intervencao-passada-e-futura-da-aprh-na-gestao-dos-recursos-hidricos-nacionais\/","url":"https:\/\/aprh.pt\/pt\/eventos\/organizados-pela-aprh\/passados-1987\/ciclo-de-paineis-sobre-a-intervencao-passada-e-futura-da-aprh-na-gestao-dos-recursos-hidricos-nacionais\/","name":"Interven\u00e7\u00e3o Passada e Futura da APRH na Gest\u00e3o dos Recursos H\u00eddricos Nacionais - APRH","isPartOf":{"@id":"https:\/\/aprh.pt\/pt\/#website"},"primaryImageOfPage":{"@id":"https:\/\/aprh.pt\/pt\/eventos\/organizados-pela-aprh\/passados-1987\/ciclo-de-paineis-sobre-a-intervencao-passada-e-futura-da-aprh-na-gestao-dos-recursos-hidricos-nacionais\/#primaryimage"},"image":{"@id":"https:\/\/aprh.pt\/pt\/eventos\/organizados-pela-aprh\/passados-1987\/ciclo-de-paineis-sobre-a-intervencao-passada-e-futura-da-aprh-na-gestao-dos-recursos-hidricos-nacionais\/#primaryimage"},"thumbnailUrl":"https:\/\/aprh.pt\/wp-content\/uploads\/2022\/11\/19-20novembro1987_site.jpg","datePublished":"1987-11-19T14:40:53+00:00","dateModified":"2026-03-04T10:34:45+00:00","breadcrumb":{"@id":"https:\/\/aprh.pt\/pt\/eventos\/organizados-pela-aprh\/passados-1987\/ciclo-de-paineis-sobre-a-intervencao-passada-e-futura-da-aprh-na-gestao-dos-recursos-hidricos-nacionais\/#breadcrumb"},"inLanguage":"pt-PT","potentialAction":[{"@type":"ReadAction","target":["https:\/\/aprh.pt\/pt\/eventos\/organizados-pela-aprh\/passados-1987\/ciclo-de-paineis-sobre-a-intervencao-passada-e-futura-da-aprh-na-gestao-dos-recursos-hidricos-nacionais\/"]}]},{"@type":"ImageObject","inLanguage":"pt-PT","@id":"https:\/\/aprh.pt\/pt\/eventos\/organizados-pela-aprh\/passados-1987\/ciclo-de-paineis-sobre-a-intervencao-passada-e-futura-da-aprh-na-gestao-dos-recursos-hidricos-nacionais\/#primaryimage","url":"https:\/\/aprh.pt\/wp-content\/uploads\/2022\/11\/19-20novembro1987_site.jpg","contentUrl":"https:\/\/aprh.pt\/wp-content\/uploads\/2022\/11\/19-20novembro1987_site.jpg","width":960,"height":720},{"@type":"BreadcrumbList","@id":"https:\/\/aprh.pt\/pt\/eventos\/organizados-pela-aprh\/passados-1987\/ciclo-de-paineis-sobre-a-intervencao-passada-e-futura-da-aprh-na-gestao-dos-recursos-hidricos-nacionais\/#breadcrumb","itemListElement":[{"@type":"ListItem","position":1,"name":"Home","item":"https:\/\/aprh.pt\/pt\/"},{"@type":"ListItem","position":2,"name":"Eventos","item":"https:\/\/aprh.pt\/pt\/category\/eventos\/"},{"@type":"ListItem","position":3,"name":"Organizados pela APRH","item":"https:\/\/aprh.pt\/pt\/category\/eventos\/organizados-pela-aprh\/"},{"@type":"ListItem","position":4,"name":"Passados 1987","item":"https:\/\/aprh.pt\/pt\/category\/eventos\/organizados-pela-aprh\/passados-1987\/"},{"@type":"ListItem","position":5,"name":"Interven\u00e7\u00e3o Passada e Futura da APRH na Gest\u00e3o dos Recursos H\u00eddricos Nacionais"}]},{"@type":"WebSite","@id":"https:\/\/aprh.pt\/pt\/#website","url":"https:\/\/aprh.pt\/pt\/","name":"APRH","description":"Associa\u00e7\u00e3o Portuguesa dos Recursos H\u00eddricos","publisher":{"@id":"https:\/\/aprh.pt\/pt\/#organization"},"potentialAction":[{"@type":"SearchAction","target":{"@type":"EntryPoint","urlTemplate":"https:\/\/aprh.pt\/pt\/?s={search_term_string}"},"query-input":{"@type":"PropertyValueSpecification","valueRequired":true,"valueName":"search_term_string"}}],"inLanguage":"pt-PT"},{"@type":"Organization","@id":"https:\/\/aprh.pt\/pt\/#organization","name":"APRH","url":"https:\/\/aprh.pt\/pt\/","logo":{"@type":"ImageObject","inLanguage":"pt-PT","@id":"https:\/\/aprh.pt\/pt\/#\/schema\/logo\/image\/","url":"https:\/\/aprh.pt\/wp-content\/uploads\/2022\/04\/logotipo.png","contentUrl":"https:\/\/aprh.pt\/wp-content\/uploads\/2022\/04\/logotipo.png","width":181,"height":80,"caption":"APRH"},"image":{"@id":"https:\/\/aprh.pt\/pt\/#\/schema\/logo\/image\/"}},{"@type":"Person","@id":"https:\/\/aprh.pt\/pt\/#\/schema\/person\/ef01fd0cbbfc5df175ba0784a9b613c8","name":"Andr\u00e9","image":{"@type":"ImageObject","inLanguage":"pt-PT","@id":"https:\/\/aprh.pt\/pt\/#\/schema\/person\/image\/","url":"https:\/\/secure.gravatar.com\/avatar\/f19c31d559f92a15766b9e9ddc230f85?s=96&d=mm&r=g","contentUrl":"https:\/\/secure.gravatar.com\/avatar\/f19c31d559f92a15766b9e9ddc230f85?s=96&d=mm&r=g","caption":"Andr\u00e9"},"url":"https:\/\/aprh.pt\/pt\/author\/aprh\/"}]}},"_links":{"self":[{"href":"https:\/\/aprh.pt\/pt\/wp-json\/wp\/v2\/posts\/58124","targetHints":{"allow":["GET"]}}],"collection":[{"href":"https:\/\/aprh.pt\/pt\/wp-json\/wp\/v2\/posts"}],"about":[{"href":"https:\/\/aprh.pt\/pt\/wp-json\/wp\/v2\/types\/post"}],"author":[{"embeddable":true,"href":"https:\/\/aprh.pt\/pt\/wp-json\/wp\/v2\/users\/2"}],"replies":[{"embeddable":true,"href":"https:\/\/aprh.pt\/pt\/wp-json\/wp\/v2\/comments?post=58124"}],"version-history":[{"count":13,"href":"https:\/\/aprh.pt\/pt\/wp-json\/wp\/v2\/posts\/58124\/revisions"}],"predecessor-version":[{"id":84163,"href":"https:\/\/aprh.pt\/pt\/wp-json\/wp\/v2\/posts\/58124\/revisions\/84163"}],"wp:featuredmedia":[{"embeddable":true,"href":"https:\/\/aprh.pt\/pt\/wp-json\/wp\/v2\/media\/58126"}],"wp:attachment":[{"href":"https:\/\/aprh.pt\/pt\/wp-json\/wp\/v2\/media?parent=58124"}],"wp:term":[{"taxonomy":"category","embeddable":true,"href":"https:\/\/aprh.pt\/pt\/wp-json\/wp\/v2\/categories?post=58124"},{"taxonomy":"post_tag","embeddable":true,"href":"https:\/\/aprh.pt\/pt\/wp-json\/wp\/v2\/tags?post=58124"}],"curies":[{"name":"wp","href":"https:\/\/api.w.org\/{rel}","templated":true}]}}