{"id":58797,"date":"1982-06-28T16:20:58","date_gmt":"1982-06-28T16:20:58","guid":{"rendered":"https:\/\/www.aprh.pt\/?p=58797"},"modified":"2026-03-02T16:36:59","modified_gmt":"2026-03-02T16:36:59","slug":"abastecimento-de-agua-em-areas-metropolitanas-o-caso-da-area-metropolitana-do-porto-2","status":"publish","type":"post","link":"https:\/\/aprh.pt\/pt\/eventos\/organizados-pela-aprh\/passados-1982\/abastecimento-de-agua-em-areas-metropolitanas-o-caso-da-area-metropolitana-do-porto-2\/","title":{"rendered":"Abastecimento de \u00c1gua em \u00c1reas Metropolitanas. O Caso da \u00c1rea Metropolitana do Porto"},"content":{"rendered":"\t\t<div data-elementor-type=\"wp-post\" data-elementor-id=\"58797\" class=\"elementor elementor-58797\" data-elementor-post-type=\"post\">\n\t\t\t\t\t\t<section class=\"elementor-section elementor-top-section elementor-element elementor-element-13c6acac elementor-section-boxed elementor-section-height-default elementor-section-height-default\" data-id=\"13c6acac\" data-element_type=\"section\">\n\t\t\t\t\t\t<div class=\"elementor-container elementor-column-gap-default\">\n\t\t\t\t\t<div class=\"elementor-column elementor-col-100 elementor-top-column elementor-element elementor-element-78a0a2b3\" data-id=\"78a0a2b3\" data-element_type=\"column\">\n\t\t\t<div class=\"elementor-widget-wrap elementor-element-populated\">\n\t\t\t\t\t\t<div class=\"elementor-element elementor-element-61245b9d elementor-widget elementor-widget-spacer\" data-id=\"61245b9d\" data-element_type=\"widget\" data-widget_type=\"spacer.default\">\n\t\t\t\t<div class=\"elementor-widget-container\">\n\t\t\t\t\t<div class=\"elementor-spacer\">\n\t\t\t<div class=\"elementor-spacer-inner\"><\/div>\n\t\t<\/div>\n\t\t\t\t<\/div>\n\t\t\t\t<\/div>\n\t\t\t\t\t<\/div>\n\t\t<\/div>\n\t\t\t\t\t<\/div>\n\t\t<\/section>\n\t\t\t\t<section class=\"elementor-section elementor-top-section elementor-element elementor-element-6a1499c4 elementor-section-boxed elementor-section-height-default elementor-section-height-default\" data-id=\"6a1499c4\" data-element_type=\"section\">\n\t\t\t\t\t\t<div class=\"elementor-container elementor-column-gap-no\">\n\t\t\t\t\t<div class=\"elementor-column elementor-col-50 elementor-top-column elementor-element elementor-element-736a4f16\" data-id=\"736a4f16\" data-element_type=\"column\">\n\t\t\t<div class=\"elementor-widget-wrap elementor-element-populated\">\n\t\t\t\t\t\t<div class=\"elementor-element elementor-element-13376697 elementor-widget elementor-widget-theme-post-featured-image elementor-widget-image\" data-id=\"13376697\" data-element_type=\"widget\" data-widget_type=\"theme-post-featured-image.default\">\n\t\t\t\t<div class=\"elementor-widget-container\">\n\t\t\t\t\t\t\t\t\t\t\t\t\t<img fetchpriority=\"high\" decoding=\"async\" width=\"960\" height=\"720\" src=\"https:\/\/aprh.pt\/wp-content\/uploads\/2022\/11\/28junho1982_site.jpg\" class=\"attachment-large size-large wp-image-58799\" alt=\"\" srcset=\"https:\/\/aprh.pt\/wp-content\/uploads\/2022\/11\/28junho1982_site.jpg 960w, https:\/\/aprh.pt\/wp-content\/uploads\/2022\/11\/28junho1982_site-300x225.jpg 300w, https:\/\/aprh.pt\/wp-content\/uploads\/2022\/11\/28junho1982_site-768x576.jpg 768w\" sizes=\"(max-width: 960px) 100vw, 960px\" \/>\t\t\t\t\t\t\t\t\t\t\t\t\t<\/div>\n\t\t\t\t<\/div>\n\t\t\t\t\t<\/div>\n\t\t<\/div>\n\t\t\t\t<div class=\"elementor-column elementor-col-50 elementor-top-column elementor-element elementor-element-30809a91\" data-id=\"30809a91\" data-element_type=\"column\">\n\t\t\t<div class=\"elementor-widget-wrap elementor-element-populated\">\n\t\t\t\t\t\t<div class=\"elementor-element elementor-element-23ba6957 elementor-widget__width-auto elementor-widget elementor-widget-theme-post-excerpt\" data-id=\"23ba6957\" data-element_type=\"widget\" data-widget_type=\"theme-post-excerpt.default\">\n\t\t\t\t<div class=\"elementor-widget-container\">\n\t\t\t28 JUN\t\t<\/div>\n\t\t\t\t<\/div>\n\t\t\t\t<div class=\"elementor-element elementor-element-260a171d elementor-widget elementor-widget-theme-post-title elementor-page-title elementor-widget-heading\" data-id=\"260a171d\" data-element_type=\"widget\" data-widget_type=\"theme-post-title.default\">\n\t\t\t\t<div class=\"elementor-widget-container\">\n\t\t\t<h1 class=\"elementor-heading-title elementor-size-default\">Abastecimento de \u00c1gua em \u00c1reas Metropolitanas. O Caso da \u00c1rea Metropolitana do Porto<\/h1>\t\t<\/div>\n\t\t\t\t<\/div>\n\t\t\t\t<div class=\"elementor-element elementor-element-5468959b elementor-widget elementor-widget-text-editor\" data-id=\"5468959b\" data-element_type=\"widget\" data-widget_type=\"text-editor.default\">\n\t\t\t\t<div class=\"elementor-widget-container\">\n\t\t\t\t\t\t\t<p><strong>28 de junho de 1982<\/strong><\/p><p>Porto, Funda\u00e7\u00e3o Engenheiro Ant\u00f3nio de Almeida<\/p><p>Organizado pelo N\u00facleo Regional do Norte da APRH<br \/>Apoiado pela Comiss\u00e3o de Coordena\u00e7\u00e3o da Regi\u00e3o do Norte<\/p>\t\t\t\t\t\t<\/div>\n\t\t\t\t<\/div>\n\t\t\t\t<div class=\"elementor-element elementor-element-546e3aae elementor-share-buttons--view-icon elementor-share-buttons--skin-flat elementor-share-buttons--shape-circle elementor-share-buttons--align-right elementor-share-buttons--color-custom elementor-grid-0 elementor-widget elementor-widget-share-buttons\" data-id=\"546e3aae\" data-element_type=\"widget\" data-widget_type=\"share-buttons.default\">\n\t\t\t\t<div class=\"elementor-widget-container\">\n\t\t\t\t\t<div class=\"elementor-grid\">\n\t\t\t\t\t\t\t\t<div class=\"elementor-grid-item\">\n\t\t\t\t\t\t<div\n\t\t\t\t\t\t\tclass=\"elementor-share-btn elementor-share-btn_facebook\"\n\t\t\t\t\t\t\trole=\"button\"\n\t\t\t\t\t\t\ttabindex=\"0\"\n\t\t\t\t\t\t\taria-label=\"Share on facebook\"\n\t\t\t\t\t\t>\n\t\t\t\t\t\t\t\t\t\t\t\t\t\t\t<span class=\"elementor-share-btn__icon\">\n\t\t\t\t\t\t\t\t<i class=\"fab fa-facebook\" aria-hidden=\"true\"><\/i>\t\t\t\t\t\t\t<\/span>\n\t\t\t\t\t\t\t\t\t\t\t\t\t\t\t\t\t\t\t\t<\/div>\n\t\t\t\t\t<\/div>\n\t\t\t\t\t\t\t\t\t<div class=\"elementor-grid-item\">\n\t\t\t\t\t\t<div\n\t\t\t\t\t\t\tclass=\"elementor-share-btn elementor-share-btn_twitter\"\n\t\t\t\t\t\t\trole=\"button\"\n\t\t\t\t\t\t\ttabindex=\"0\"\n\t\t\t\t\t\t\taria-label=\"Share on twitter\"\n\t\t\t\t\t\t>\n\t\t\t\t\t\t\t\t\t\t\t\t\t\t\t<span class=\"elementor-share-btn__icon\">\n\t\t\t\t\t\t\t\t<i class=\"fab fa-twitter\" aria-hidden=\"true\"><\/i>\t\t\t\t\t\t\t<\/span>\n\t\t\t\t\t\t\t\t\t\t\t\t\t\t\t\t\t\t\t\t<\/div>\n\t\t\t\t\t<\/div>\n\t\t\t\t\t\t\t\t\t<div class=\"elementor-grid-item\">\n\t\t\t\t\t\t<div\n\t\t\t\t\t\t\tclass=\"elementor-share-btn elementor-share-btn_linkedin\"\n\t\t\t\t\t\t\trole=\"button\"\n\t\t\t\t\t\t\ttabindex=\"0\"\n\t\t\t\t\t\t\taria-label=\"Share on linkedin\"\n\t\t\t\t\t\t>\n\t\t\t\t\t\t\t\t\t\t\t\t\t\t\t<span class=\"elementor-share-btn__icon\">\n\t\t\t\t\t\t\t\t<i class=\"fab fa-linkedin\" aria-hidden=\"true\"><\/i>\t\t\t\t\t\t\t<\/span>\n\t\t\t\t\t\t\t\t\t\t\t\t\t\t\t\t\t\t\t\t<\/div>\n\t\t\t\t\t<\/div>\n\t\t\t\t\t\t<\/div>\n\t\t\t\t<\/div>\n\t\t\t\t<\/div>\n\t\t\t\t\t<\/div>\n\t\t<\/div>\n\t\t\t\t\t<\/div>\n\t\t<\/section>\n\t\t\t\t<section class=\"elementor-section elementor-top-section elementor-element elementor-element-153f4410 elementor-section-boxed elementor-section-height-default elementor-section-height-default\" data-id=\"153f4410\" data-element_type=\"section\">\n\t\t\t\t\t\t<div class=\"elementor-container elementor-column-gap-no\">\n\t\t\t\t\t<div class=\"elementor-column elementor-col-100 elementor-top-column elementor-element elementor-element-5038f1a0\" data-id=\"5038f1a0\" data-element_type=\"column\">\n\t\t\t<div class=\"elementor-widget-wrap elementor-element-populated\">\n\t\t\t\t\t\t<div class=\"elementor-element elementor-element-6e67c70a tabs_eventos elementor-tabs-view-horizontal elementor-widget elementor-widget-tabs\" data-id=\"6e67c70a\" data-element_type=\"widget\" data-widget_type=\"tabs.default\">\n\t\t\t\t<div class=\"elementor-widget-container\">\n\t\t\t\t\t<div class=\"elementor-tabs\">\n\t\t\t<div class=\"elementor-tabs-wrapper\" role=\"tablist\" >\n\t\t\t\t\t\t\t\t\t<div id=\"elementor-tab-title-1851\" class=\"elementor-tab-title elementor-tab-desktop-title\" aria-selected=\"true\" data-tab=\"1\" role=\"tab\" tabindex=\"0\" aria-controls=\"elementor-tab-content-1851\" aria-expanded=\"false\">Livro<\/div>\n\t\t\t\t\t\t\t\t\t<div id=\"elementor-tab-title-1852\" class=\"elementor-tab-title elementor-tab-desktop-title\" aria-selected=\"false\" data-tab=\"2\" role=\"tab\" tabindex=\"-1\" aria-controls=\"elementor-tab-content-1852\" aria-expanded=\"false\">Nota de apresenta\u00e7\u00e3o do livro<\/div>\n\t\t\t\t\t\t\t\t\t<div id=\"elementor-tab-title-1853\" class=\"elementor-tab-title elementor-tab-desktop-title\" aria-selected=\"false\" data-tab=\"3\" role=\"tab\" tabindex=\"-1\" aria-controls=\"elementor-tab-content-1853\" aria-expanded=\"false\">Relato<\/div>\n\t\t\t\t\t\t\t<\/div>\n\t\t\t<div class=\"elementor-tabs-content-wrapper\" role=\"tablist\" aria-orientation=\"vertical\">\n\t\t\t\t\t\t\t\t\t<div class=\"elementor-tab-title elementor-tab-mobile-title\" aria-selected=\"true\" data-tab=\"1\" role=\"tab\" tabindex=\"0\" aria-controls=\"elementor-tab-content-1851\" aria-expanded=\"false\">Livro<\/div>\n\t\t\t\t\t<div id=\"elementor-tab-content-1851\" class=\"elementor-tab-content elementor-clearfix\" data-tab=\"1\" role=\"tabpanel\" aria-labelledby=\"elementor-tab-title-1851\" tabindex=\"0\" hidden=\"false\"><p><strong>Abastecimento de \u00e1gua em \u00e1reas metropolitanas<\/strong><\/p><p><a href=\"https:\/\/www.aprh.pt\/pt\/publicacoes\/artigos\/complexidade-tecnica-do-abastecimento-de-agua-a-areas-metropolitanas\/\">Complexidade t\u00e9cnica do abastecimento de \u00e1gua a \u00e1reas metropolitanas<\/a> <br \/><em>Am\u00edlcar Ambr\u00f3sio<\/em><\/p><p><a href=\"https:\/\/www.aprh.pt\/pt\/publicacoes\/artigos\/sua-incidencia-na-qualidade-de-vida-das-populacoes\/\">Sua incid\u00eancia na qualidade de vida das popula\u00e7\u00f5es<\/a> <br \/><em>Ant\u00f3nio S. Lobato de Faria<\/em><\/p><p><strong>Abastecimento de \u00e1gua \u00e0 \u00e1rea metropolitana do Porto: Aspectos t\u00e9cnicos<\/strong><\/p><p><a href=\"https:\/\/www.aprh.pt\/pt\/publicacoes\/artigos\/apresentacao-do-problema-estudos-existentes-e-solucao-proposta\/\">Apresenta\u00e7\u00e3o do problema. Estudos existentes e solu\u00e7\u00e3o proposta<\/a> <br \/><em>J. Novais Barbosa<\/em><\/p><p><a href=\"https:\/\/www.aprh.pt\/pt\/publicacoes\/artigos\/abastecimento-de-agua-ao-porto-a-partir-do-rio-vouga\/\">Abastecimento de \u00e1gua ao Porto a partir do rio Vouga<\/a> <br \/><em>J.F. Campos Serafino<\/em><\/p><p><a href=\"https:\/\/www.aprh.pt\/pt\/publicacoes\/artigos\/origens-da-agua-captacoes\/\">Origens da \u00e1gua: Capta\u00e7\u00f5es<\/a> <br \/><em>Jos\u00e9 A. Botelho Chaves<\/em><\/p><p><a href=\"https:\/\/www.aprh.pt\/pt\/publicacoes\/artigos\/o-caso-de-vila-nova-de-gaia-situacao-presente-e-accoes-previstas\/\">O caso de Vila Nova de Gaia. Situa\u00e7\u00e3o presente e ac\u00e7\u00f5es previstas<\/a> <br \/><em>L. Ribeiro da Silva<\/em><\/p><p><a href=\"https:\/\/www.aprh.pt\/pt\/publicacoes\/artigos\/intervencao-sobre-o-tema-iii-origens-de-agua-captacoes\/\">Interven\u00e7\u00e3o sobre o tema III: Origens de \u00e1gua: Capta\u00e7\u00f5es<\/a> <br \/><em>Felisberto Silva Cardoso<\/em><\/p><p><strong>Abastecimento de \u00e1gua \u00e0 \u00e1rea metropolitana do Porto. Aspectos financeiros e institucionais<\/strong><\/p><p><a href=\"https:\/\/www.aprh.pt\/pt\/publicacoes\/artigos\/a-instituicao-da-associacao-de-municipios-da-a-m-p-para-o-abastecimento-de-agua\/\">A institui\u00e7\u00e3o da Associa\u00e7\u00e3o de Munic\u00edpios da A.M.P. para o abastecimento de \u00e1gua<\/a> <br \/><em>A. Paulo Tavares<\/em><\/p><p><strong>Interven\u00e7\u00e3o sobre os temas em geral<\/strong> <br \/><em>Botelho Chaves<\/em><\/p><\/div>\n\t\t\t\t\t\t\t\t\t<div class=\"elementor-tab-title elementor-tab-mobile-title\" aria-selected=\"false\" data-tab=\"2\" role=\"tab\" tabindex=\"-1\" aria-controls=\"elementor-tab-content-1852\" aria-expanded=\"false\">Nota de apresenta\u00e7\u00e3o do livro<\/div>\n\t\t\t\t\t<div id=\"elementor-tab-content-1852\" class=\"elementor-tab-content elementor-clearfix\" data-tab=\"2\" role=\"tabpanel\" aria-labelledby=\"elementor-tab-title-1852\" tabindex=\"0\" hidden=\"hidden\"><p>O N\u00facleo Regional do Norte da Associa\u00e7\u00e3o Portuguesa dos Recursos H\u00eddricos, em colabora\u00e7\u00e3o com a Comiss\u00e3o de Coordena\u00e7\u00e3o da Regi\u00e3o do Norte, realizou na Funda\u00e7\u00e3o Engenheiro Ant\u00f3nio de Almeida, na cidade do Porto, no dia 28 de Dezembro de 1982 um painel subordinado ao tema: &#8220;Abastecimento de \u00c1gua em \u00c1reas Metropolitanas. Caso da \u00c1rea Metropolitana do Porto&#8221;.\u00a0<\/p><p>O painel, dividido em tr\u00eas sess\u00f5es, teve como objectivo fundamental divulgar os estudos e trabalhos realizados e debater as quest\u00f5es t\u00e9cnicas, econ\u00f3mico-financeiras e institucionais do abastecimento de \u00e1gua \u00e0 \u00c1rea Metropolitana do Porto.\u00a0<\/p><p>Re\u00fanem-se neste volume alguns dos temas a\u00ed tratados na suposi\u00e7\u00e3o de que a divulga\u00e7\u00e3o dos mesmos poder\u00e1 permitir uma maior tomada de consci\u00eancia dos diferentes aspectos do problema e se encarem medidas e ac\u00e7\u00f5es concretas que contribuam para a implementa\u00e7\u00e3o de um eficiente sistema de abastecimento de \u00e1gua \u00e0 \u00c1rea Metropolitana do Porto.\u00a0<\/p><p>Por \u00faltimo conv\u00e9m referir que logo que se receberem dos autores as comunica\u00e7\u00f5es em falta se proceder\u00e1 \u00e0 respectiva publica\u00e7\u00e3o. <\/p><\/div>\n\t\t\t\t\t\t\t\t\t<div class=\"elementor-tab-title elementor-tab-mobile-title\" aria-selected=\"false\" data-tab=\"3\" role=\"tab\" tabindex=\"-1\" aria-controls=\"elementor-tab-content-1853\" aria-expanded=\"false\">Relato<\/div>\n\t\t\t\t\t<div id=\"elementor-tab-content-1853\" class=\"elementor-tab-content elementor-clearfix\" data-tab=\"3\" role=\"tabpanel\" aria-labelledby=\"elementor-tab-title-1853\" tabindex=\"0\" hidden=\"hidden\"><p>No \u00e2mbito do Plano das Actividades Culturais do N\u00facleo Regional do Norte da A.P.R.H., para 1982, realizou-se no dia 28 de Junho, passado, um painel subordinado ao t\u00edtulo gen\u00e9rico: \u201c0 Abastecimento de \u00c1gua a \u00c1reas Metropolitanas; o caso da \u00c1rea Metropolitana do Porto\u201d. <\/p><p>Pretendeu-se com este painel fomentar o confronto de ideias sobre a mat\u00e9ria entre t\u00e9cnicos de diferentes forma\u00e7\u00f5es, pertencentes a entidades p\u00fablicas e privadas, contribuir para uma divulga\u00e7\u00e3o de estudos e trabalhos j\u00e1 realizados e promover um amplo debate sobre as quest\u00f5es t\u00e9cnicas, econ\u00f4mico-financeiras e institucionais do Abastecimento de \u00c1gua \u00e0 \u00c1rea Metropolitana do Porto. <\/p><p>Os temas em debate, relativos a cada uma das tr\u00eas sess\u00f5es, foram os seguintes: <\/p><p>I SESS\u00c3O: ABASTECIMENTO DE \u00c1GUA EM \u00c1REAS METROPOLITANAS <br \/>Moderador: Eng\u00ba Eira Leit\u00e3o <\/p><ul><li>TEMA I &#8211; A Incid\u00eancia na Qualidade de Vida das Popula\u00e7\u00f5es &#8211; Prof. Lobato de Faria <\/li><li>TEMA II &#8211; A Gest\u00e3o dos Recursos H\u00eddricos a N\u00edvel duma \u00c1rea Metropolitana &#8211; Eng\u00ba Veiga Cunha<\/li><li>TEMA III &#8211; Complexidade T\u00e9cnica do Abastecimento de \u00c1gua a \u00c1reas Metropolitanas &#8211; Eng\u00ba Amilcar Ambrosio <\/li><\/ul><p>II SESS\u00c3O: ABASTECIMENTO DE \u00c1GUA \u00c0 \u00c1REA METROPOLITANA DO PORTO: ASPECTOS T\u00c9CNICOS <br \/>Moderador: Prof. Alvares Ribeiro <\/p><ul><li>TEMA I &#8211; Apresenta\u00e7\u00e3o do Problema, Estudos Existentes e Solu\u00e7\u00e3o: Proposta &#8211; Prof. Novais Barbosa<\/li><li>TEMA II &#8211; Origens de \u00c1guas: Capta\u00e7\u00f5es &#8211; Eng\u00ba Botelho Chaves<\/li><li>TEMA III &#8211; Influ\u00eancia da Regulariza\u00e7\u00e3o do Rio Douro no Abastecimento de \u00c1gua &#8211; Eng\u00ba Armando Pauperio<\/li><li>TEMA IV &#8211; O Caso de Vila Nova de Gaia Situa\u00e7\u00e3o presente e ac\u00e7\u00f5es previstas &#8211; Eng\u00ba Ribeiro da Silva<\/li><li>TEMA V &#8211; O Caso do Porto vistas &#8211; Eng\u00ba Pinto Pais <\/li><li>TEMA VI &#8211; O Caso de Gondomar vistas &#8211; Eng\u00ba Fernando Silva, Dr. Pereira Lopes <\/li><\/ul><p>III SESS\u00c3O: ABASTECIMENTO DE \u00c1GUA A \u00c1REA METROPOLITANA DO PORTO: ASPECTOS FINANCEIROS E INSTITUCIONAIS <br \/>Moderador: Prof. Valente de Oliveira <\/p><ul><li>TEMA I &#8211; A Problem\u00e1tica Economico-Financeira &#8211; Dr. Amaro Laia<\/li><li>TEMA II &#8211; Associa\u00e7\u00e3o de Munic\u00edpios da AMP Ag\u00eancia Intermunicipal para o Abastecimento de \u00c1gua &#8211; Eng\u00ba Paulo Tavares <\/li><\/ul><p>Na sess\u00e3o de abertura intervieram ainda o Eng\u00ba Ant\u00f3nio Gon\u00e7alves Henriques, Prof. Nuno Grande e Prof. Valente de Oliveira referiram a raz\u00e3o de ser e os objectivos gen\u00e9ricos desta actividade cultural. <\/p><p>Cada uma das sess\u00f5es foi seguida de um per\u00edodo de animado debate, o que testemunhou o enorme interesse dos presentes, incluindo os \u00f3rg\u00e3os da comunica\u00e7\u00e3o social, pelos temas em an\u00e1lise.<\/p><\/div>\n\t\t\t\t\t\t\t<\/div>\n\t\t<\/div>\n\t\t\t\t<\/div>\n\t\t\t\t<\/div>\n\t\t\t\t<div class=\"elementor-element elementor-element-4b4cf573 elementor-widget elementor-widget-global elementor-global-500 elementor-widget-spacer\" data-id=\"4b4cf573\" data-element_type=\"widget\" data-widget_type=\"spacer.default\">\n\t\t\t\t<div class=\"elementor-widget-container\">\n\t\t\t\t\t<div class=\"elementor-spacer\">\n\t\t\t<div class=\"elementor-spacer-inner\"><\/div>\n\t\t<\/div>\n\t\t\t\t<\/div>\n\t\t\t\t<\/div>\n\t\t\t\t\t<\/div>\n\t\t<\/div>\n\t\t\t\t\t<\/div>\n\t\t<\/section>\n\t\t\t\t<\/div>\n\t\t","protected":false},"excerpt":{"rendered":"<p>28 JUN<\/p>\n","protected":false},"author":2,"featured_media":58799,"comment_status":"closed","ping_status":"open","sticky":false,"template":"","format":"standard","meta":{"footnotes":""},"categories":[386],"tags":[],"class_list":["post-58797","post","type-post","status-publish","format-standard","has-post-thumbnail","hentry","category-passados-1982"],"yoast_head":"<!-- This site is optimized with the Yoast SEO plugin v23.8 - https:\/\/yoast.com\/wordpress\/plugins\/seo\/ -->\n<title>Abastecimento de \u00c1gua em \u00c1reas Metropolitanas. O Caso da \u00c1rea Metropolitana do Porto - APRH<\/title>\n<meta name=\"robots\" content=\"index, follow, max-snippet:-1, max-image-preview:large, max-video-preview:-1\" \/>\n<link rel=\"canonical\" href=\"https:\/\/aprh.pt\/pt\/eventos\/organizados-pela-aprh\/passados-1982\/abastecimento-de-agua-em-areas-metropolitanas-o-caso-da-area-metropolitana-do-porto-2\/\" \/>\n<meta property=\"og:locale\" content=\"pt_PT\" \/>\n<meta property=\"og:type\" content=\"article\" \/>\n<meta property=\"og:title\" content=\"Abastecimento de \u00c1gua em \u00c1reas Metropolitanas. O Caso da \u00c1rea Metropolitana do Porto - APRH\" \/>\n<meta property=\"og:description\" content=\"28 JUN\" \/>\n<meta property=\"og:url\" content=\"https:\/\/aprh.pt\/pt\/eventos\/organizados-pela-aprh\/passados-1982\/abastecimento-de-agua-em-areas-metropolitanas-o-caso-da-area-metropolitana-do-porto-2\/\" \/>\n<meta property=\"og:site_name\" content=\"APRH\" \/>\n<meta property=\"article:published_time\" content=\"1982-06-28T16:20:58+00:00\" \/>\n<meta property=\"article:modified_time\" content=\"2026-03-02T16:36:59+00:00\" \/>\n<meta property=\"og:image\" content=\"https:\/\/aprh.pt\/wp-content\/uploads\/2022\/11\/28junho1982_site.jpg\" \/>\n\t<meta property=\"og:image:width\" content=\"960\" \/>\n\t<meta property=\"og:image:height\" content=\"720\" \/>\n\t<meta property=\"og:image:type\" content=\"image\/jpeg\" \/>\n<meta name=\"author\" content=\"Andr\u00e9\" \/>\n<meta name=\"twitter:card\" content=\"summary_large_image\" \/>\n<meta name=\"twitter:label1\" content=\"Escrito por\" \/>\n\t<meta name=\"twitter:data1\" content=\"Andr\u00e9\" \/>\n\t<meta name=\"twitter:label2\" content=\"Tempo estimado de leitura\" \/>\n\t<meta name=\"twitter:data2\" content=\"5 minutos\" \/>\n<script type=\"application\/ld+json\" class=\"yoast-schema-graph\">{\"@context\":\"https:\/\/schema.org\",\"@graph\":[{\"@type\":\"Article\",\"@id\":\"https:\/\/aprh.pt\/pt\/eventos\/organizados-pela-aprh\/passados-1982\/abastecimento-de-agua-em-areas-metropolitanas-o-caso-da-area-metropolitana-do-porto-2\/#article\",\"isPartOf\":{\"@id\":\"https:\/\/aprh.pt\/pt\/eventos\/organizados-pela-aprh\/passados-1982\/abastecimento-de-agua-em-areas-metropolitanas-o-caso-da-area-metropolitana-do-porto-2\/\"},\"author\":{\"name\":\"Andr\u00e9\",\"@id\":\"https:\/\/aprh.pt\/pt\/#\/schema\/person\/ef01fd0cbbfc5df175ba0784a9b613c8\"},\"headline\":\"Abastecimento de \u00c1gua em \u00c1reas Metropolitanas. O Caso da \u00c1rea Metropolitana do Porto\",\"datePublished\":\"1982-06-28T16:20:58+00:00\",\"dateModified\":\"2026-03-02T16:36:59+00:00\",\"mainEntityOfPage\":{\"@id\":\"https:\/\/aprh.pt\/pt\/eventos\/organizados-pela-aprh\/passados-1982\/abastecimento-de-agua-em-areas-metropolitanas-o-caso-da-area-metropolitana-do-porto-2\/\"},\"wordCount\":804,\"publisher\":{\"@id\":\"https:\/\/aprh.pt\/pt\/#organization\"},\"image\":{\"@id\":\"https:\/\/aprh.pt\/pt\/eventos\/organizados-pela-aprh\/passados-1982\/abastecimento-de-agua-em-areas-metropolitanas-o-caso-da-area-metropolitana-do-porto-2\/#primaryimage\"},\"thumbnailUrl\":\"https:\/\/aprh.pt\/wp-content\/uploads\/2022\/11\/28junho1982_site.jpg\",\"articleSection\":[\"Passados 1982\"],\"inLanguage\":\"pt-PT\"},{\"@type\":\"WebPage\",\"@id\":\"https:\/\/aprh.pt\/pt\/eventos\/organizados-pela-aprh\/passados-1982\/abastecimento-de-agua-em-areas-metropolitanas-o-caso-da-area-metropolitana-do-porto-2\/\",\"url\":\"https:\/\/aprh.pt\/pt\/eventos\/organizados-pela-aprh\/passados-1982\/abastecimento-de-agua-em-areas-metropolitanas-o-caso-da-area-metropolitana-do-porto-2\/\",\"name\":\"Abastecimento de \u00c1gua em \u00c1reas Metropolitanas. O Caso da \u00c1rea Metropolitana do Porto - APRH\",\"isPartOf\":{\"@id\":\"https:\/\/aprh.pt\/pt\/#website\"},\"primaryImageOfPage\":{\"@id\":\"https:\/\/aprh.pt\/pt\/eventos\/organizados-pela-aprh\/passados-1982\/abastecimento-de-agua-em-areas-metropolitanas-o-caso-da-area-metropolitana-do-porto-2\/#primaryimage\"},\"image\":{\"@id\":\"https:\/\/aprh.pt\/pt\/eventos\/organizados-pela-aprh\/passados-1982\/abastecimento-de-agua-em-areas-metropolitanas-o-caso-da-area-metropolitana-do-porto-2\/#primaryimage\"},\"thumbnailUrl\":\"https:\/\/aprh.pt\/wp-content\/uploads\/2022\/11\/28junho1982_site.jpg\",\"datePublished\":\"1982-06-28T16:20:58+00:00\",\"dateModified\":\"2026-03-02T16:36:59+00:00\",\"breadcrumb\":{\"@id\":\"https:\/\/aprh.pt\/pt\/eventos\/organizados-pela-aprh\/passados-1982\/abastecimento-de-agua-em-areas-metropolitanas-o-caso-da-area-metropolitana-do-porto-2\/#breadcrumb\"},\"inLanguage\":\"pt-PT\",\"potentialAction\":[{\"@type\":\"ReadAction\",\"target\":[\"https:\/\/aprh.pt\/pt\/eventos\/organizados-pela-aprh\/passados-1982\/abastecimento-de-agua-em-areas-metropolitanas-o-caso-da-area-metropolitana-do-porto-2\/\"]}]},{\"@type\":\"ImageObject\",\"inLanguage\":\"pt-PT\",\"@id\":\"https:\/\/aprh.pt\/pt\/eventos\/organizados-pela-aprh\/passados-1982\/abastecimento-de-agua-em-areas-metropolitanas-o-caso-da-area-metropolitana-do-porto-2\/#primaryimage\",\"url\":\"https:\/\/aprh.pt\/wp-content\/uploads\/2022\/11\/28junho1982_site.jpg\",\"contentUrl\":\"https:\/\/aprh.pt\/wp-content\/uploads\/2022\/11\/28junho1982_site.jpg\",\"width\":960,\"height\":720},{\"@type\":\"BreadcrumbList\",\"@id\":\"https:\/\/aprh.pt\/pt\/eventos\/organizados-pela-aprh\/passados-1982\/abastecimento-de-agua-em-areas-metropolitanas-o-caso-da-area-metropolitana-do-porto-2\/#breadcrumb\",\"itemListElement\":[{\"@type\":\"ListItem\",\"position\":1,\"name\":\"Home\",\"item\":\"https:\/\/aprh.pt\/pt\/\"},{\"@type\":\"ListItem\",\"position\":2,\"name\":\"Eventos\",\"item\":\"https:\/\/aprh.pt\/pt\/category\/eventos\/\"},{\"@type\":\"ListItem\",\"position\":3,\"name\":\"Organizados pela APRH\",\"item\":\"https:\/\/aprh.pt\/pt\/category\/eventos\/organizados-pela-aprh\/\"},{\"@type\":\"ListItem\",\"position\":4,\"name\":\"Passados 1982\",\"item\":\"https:\/\/aprh.pt\/pt\/category\/eventos\/organizados-pela-aprh\/passados-1982\/\"},{\"@type\":\"ListItem\",\"position\":5,\"name\":\"Abastecimento de \u00c1gua em \u00c1reas Metropolitanas. O Caso da \u00c1rea Metropolitana do Porto\"}]},{\"@type\":\"WebSite\",\"@id\":\"https:\/\/aprh.pt\/pt\/#website\",\"url\":\"https:\/\/aprh.pt\/pt\/\",\"name\":\"APRH\",\"description\":\"Associa\u00e7\u00e3o Portuguesa dos Recursos H\u00eddricos\",\"publisher\":{\"@id\":\"https:\/\/aprh.pt\/pt\/#organization\"},\"potentialAction\":[{\"@type\":\"SearchAction\",\"target\":{\"@type\":\"EntryPoint\",\"urlTemplate\":\"https:\/\/aprh.pt\/pt\/?s={search_term_string}\"},\"query-input\":{\"@type\":\"PropertyValueSpecification\",\"valueRequired\":true,\"valueName\":\"search_term_string\"}}],\"inLanguage\":\"pt-PT\"},{\"@type\":\"Organization\",\"@id\":\"https:\/\/aprh.pt\/pt\/#organization\",\"name\":\"APRH\",\"url\":\"https:\/\/aprh.pt\/pt\/\",\"logo\":{\"@type\":\"ImageObject\",\"inLanguage\":\"pt-PT\",\"@id\":\"https:\/\/aprh.pt\/pt\/#\/schema\/logo\/image\/\",\"url\":\"https:\/\/aprh.pt\/wp-content\/uploads\/2022\/04\/logotipo.png\",\"contentUrl\":\"https:\/\/aprh.pt\/wp-content\/uploads\/2022\/04\/logotipo.png\",\"width\":181,\"height\":80,\"caption\":\"APRH\"},\"image\":{\"@id\":\"https:\/\/aprh.pt\/pt\/#\/schema\/logo\/image\/\"}},{\"@type\":\"Person\",\"@id\":\"https:\/\/aprh.pt\/pt\/#\/schema\/person\/ef01fd0cbbfc5df175ba0784a9b613c8\",\"name\":\"Andr\u00e9\",\"image\":{\"@type\":\"ImageObject\",\"inLanguage\":\"pt-PT\",\"@id\":\"https:\/\/aprh.pt\/pt\/#\/schema\/person\/image\/\",\"url\":\"https:\/\/secure.gravatar.com\/avatar\/f19c31d559f92a15766b9e9ddc230f85?s=96&d=mm&r=g\",\"contentUrl\":\"https:\/\/secure.gravatar.com\/avatar\/f19c31d559f92a15766b9e9ddc230f85?s=96&d=mm&r=g\",\"caption\":\"Andr\u00e9\"},\"url\":\"https:\/\/aprh.pt\/pt\/author\/aprh\/\"}]}<\/script>\n<!-- \/ Yoast SEO plugin. -->","yoast_head_json":{"title":"Abastecimento de \u00c1gua em \u00c1reas Metropolitanas. O Caso da \u00c1rea Metropolitana do Porto - APRH","robots":{"index":"index","follow":"follow","max-snippet":"max-snippet:-1","max-image-preview":"max-image-preview:large","max-video-preview":"max-video-preview:-1"},"canonical":"https:\/\/aprh.pt\/pt\/eventos\/organizados-pela-aprh\/passados-1982\/abastecimento-de-agua-em-areas-metropolitanas-o-caso-da-area-metropolitana-do-porto-2\/","og_locale":"pt_PT","og_type":"article","og_title":"Abastecimento de \u00c1gua em \u00c1reas Metropolitanas. O Caso da \u00c1rea Metropolitana do Porto - APRH","og_description":"28 JUN","og_url":"https:\/\/aprh.pt\/pt\/eventos\/organizados-pela-aprh\/passados-1982\/abastecimento-de-agua-em-areas-metropolitanas-o-caso-da-area-metropolitana-do-porto-2\/","og_site_name":"APRH","article_published_time":"1982-06-28T16:20:58+00:00","article_modified_time":"2026-03-02T16:36:59+00:00","og_image":[{"width":960,"height":720,"url":"https:\/\/aprh.pt\/wp-content\/uploads\/2022\/11\/28junho1982_site.jpg","type":"image\/jpeg"}],"author":"Andr\u00e9","twitter_card":"summary_large_image","twitter_misc":{"Escrito por":"Andr\u00e9","Tempo estimado de leitura":"5 minutos"},"schema":{"@context":"https:\/\/schema.org","@graph":[{"@type":"Article","@id":"https:\/\/aprh.pt\/pt\/eventos\/organizados-pela-aprh\/passados-1982\/abastecimento-de-agua-em-areas-metropolitanas-o-caso-da-area-metropolitana-do-porto-2\/#article","isPartOf":{"@id":"https:\/\/aprh.pt\/pt\/eventos\/organizados-pela-aprh\/passados-1982\/abastecimento-de-agua-em-areas-metropolitanas-o-caso-da-area-metropolitana-do-porto-2\/"},"author":{"name":"Andr\u00e9","@id":"https:\/\/aprh.pt\/pt\/#\/schema\/person\/ef01fd0cbbfc5df175ba0784a9b613c8"},"headline":"Abastecimento de \u00c1gua em \u00c1reas Metropolitanas. O Caso da \u00c1rea Metropolitana do Porto","datePublished":"1982-06-28T16:20:58+00:00","dateModified":"2026-03-02T16:36:59+00:00","mainEntityOfPage":{"@id":"https:\/\/aprh.pt\/pt\/eventos\/organizados-pela-aprh\/passados-1982\/abastecimento-de-agua-em-areas-metropolitanas-o-caso-da-area-metropolitana-do-porto-2\/"},"wordCount":804,"publisher":{"@id":"https:\/\/aprh.pt\/pt\/#organization"},"image":{"@id":"https:\/\/aprh.pt\/pt\/eventos\/organizados-pela-aprh\/passados-1982\/abastecimento-de-agua-em-areas-metropolitanas-o-caso-da-area-metropolitana-do-porto-2\/#primaryimage"},"thumbnailUrl":"https:\/\/aprh.pt\/wp-content\/uploads\/2022\/11\/28junho1982_site.jpg","articleSection":["Passados 1982"],"inLanguage":"pt-PT"},{"@type":"WebPage","@id":"https:\/\/aprh.pt\/pt\/eventos\/organizados-pela-aprh\/passados-1982\/abastecimento-de-agua-em-areas-metropolitanas-o-caso-da-area-metropolitana-do-porto-2\/","url":"https:\/\/aprh.pt\/pt\/eventos\/organizados-pela-aprh\/passados-1982\/abastecimento-de-agua-em-areas-metropolitanas-o-caso-da-area-metropolitana-do-porto-2\/","name":"Abastecimento de \u00c1gua em \u00c1reas Metropolitanas. O Caso da \u00c1rea Metropolitana do Porto - APRH","isPartOf":{"@id":"https:\/\/aprh.pt\/pt\/#website"},"primaryImageOfPage":{"@id":"https:\/\/aprh.pt\/pt\/eventos\/organizados-pela-aprh\/passados-1982\/abastecimento-de-agua-em-areas-metropolitanas-o-caso-da-area-metropolitana-do-porto-2\/#primaryimage"},"image":{"@id":"https:\/\/aprh.pt\/pt\/eventos\/organizados-pela-aprh\/passados-1982\/abastecimento-de-agua-em-areas-metropolitanas-o-caso-da-area-metropolitana-do-porto-2\/#primaryimage"},"thumbnailUrl":"https:\/\/aprh.pt\/wp-content\/uploads\/2022\/11\/28junho1982_site.jpg","datePublished":"1982-06-28T16:20:58+00:00","dateModified":"2026-03-02T16:36:59+00:00","breadcrumb":{"@id":"https:\/\/aprh.pt\/pt\/eventos\/organizados-pela-aprh\/passados-1982\/abastecimento-de-agua-em-areas-metropolitanas-o-caso-da-area-metropolitana-do-porto-2\/#breadcrumb"},"inLanguage":"pt-PT","potentialAction":[{"@type":"ReadAction","target":["https:\/\/aprh.pt\/pt\/eventos\/organizados-pela-aprh\/passados-1982\/abastecimento-de-agua-em-areas-metropolitanas-o-caso-da-area-metropolitana-do-porto-2\/"]}]},{"@type":"ImageObject","inLanguage":"pt-PT","@id":"https:\/\/aprh.pt\/pt\/eventos\/organizados-pela-aprh\/passados-1982\/abastecimento-de-agua-em-areas-metropolitanas-o-caso-da-area-metropolitana-do-porto-2\/#primaryimage","url":"https:\/\/aprh.pt\/wp-content\/uploads\/2022\/11\/28junho1982_site.jpg","contentUrl":"https:\/\/aprh.pt\/wp-content\/uploads\/2022\/11\/28junho1982_site.jpg","width":960,"height":720},{"@type":"BreadcrumbList","@id":"https:\/\/aprh.pt\/pt\/eventos\/organizados-pela-aprh\/passados-1982\/abastecimento-de-agua-em-areas-metropolitanas-o-caso-da-area-metropolitana-do-porto-2\/#breadcrumb","itemListElement":[{"@type":"ListItem","position":1,"name":"Home","item":"https:\/\/aprh.pt\/pt\/"},{"@type":"ListItem","position":2,"name":"Eventos","item":"https:\/\/aprh.pt\/pt\/category\/eventos\/"},{"@type":"ListItem","position":3,"name":"Organizados pela APRH","item":"https:\/\/aprh.pt\/pt\/category\/eventos\/organizados-pela-aprh\/"},{"@type":"ListItem","position":4,"name":"Passados 1982","item":"https:\/\/aprh.pt\/pt\/category\/eventos\/organizados-pela-aprh\/passados-1982\/"},{"@type":"ListItem","position":5,"name":"Abastecimento de \u00c1gua em \u00c1reas Metropolitanas. O Caso da \u00c1rea Metropolitana do Porto"}]},{"@type":"WebSite","@id":"https:\/\/aprh.pt\/pt\/#website","url":"https:\/\/aprh.pt\/pt\/","name":"APRH","description":"Associa\u00e7\u00e3o Portuguesa dos Recursos H\u00eddricos","publisher":{"@id":"https:\/\/aprh.pt\/pt\/#organization"},"potentialAction":[{"@type":"SearchAction","target":{"@type":"EntryPoint","urlTemplate":"https:\/\/aprh.pt\/pt\/?s={search_term_string}"},"query-input":{"@type":"PropertyValueSpecification","valueRequired":true,"valueName":"search_term_string"}}],"inLanguage":"pt-PT"},{"@type":"Organization","@id":"https:\/\/aprh.pt\/pt\/#organization","name":"APRH","url":"https:\/\/aprh.pt\/pt\/","logo":{"@type":"ImageObject","inLanguage":"pt-PT","@id":"https:\/\/aprh.pt\/pt\/#\/schema\/logo\/image\/","url":"https:\/\/aprh.pt\/wp-content\/uploads\/2022\/04\/logotipo.png","contentUrl":"https:\/\/aprh.pt\/wp-content\/uploads\/2022\/04\/logotipo.png","width":181,"height":80,"caption":"APRH"},"image":{"@id":"https:\/\/aprh.pt\/pt\/#\/schema\/logo\/image\/"}},{"@type":"Person","@id":"https:\/\/aprh.pt\/pt\/#\/schema\/person\/ef01fd0cbbfc5df175ba0784a9b613c8","name":"Andr\u00e9","image":{"@type":"ImageObject","inLanguage":"pt-PT","@id":"https:\/\/aprh.pt\/pt\/#\/schema\/person\/image\/","url":"https:\/\/secure.gravatar.com\/avatar\/f19c31d559f92a15766b9e9ddc230f85?s=96&d=mm&r=g","contentUrl":"https:\/\/secure.gravatar.com\/avatar\/f19c31d559f92a15766b9e9ddc230f85?s=96&d=mm&r=g","caption":"Andr\u00e9"},"url":"https:\/\/aprh.pt\/pt\/author\/aprh\/"}]}},"_links":{"self":[{"href":"https:\/\/aprh.pt\/pt\/wp-json\/wp\/v2\/posts\/58797","targetHints":{"allow":["GET"]}}],"collection":[{"href":"https:\/\/aprh.pt\/pt\/wp-json\/wp\/v2\/posts"}],"about":[{"href":"https:\/\/aprh.pt\/pt\/wp-json\/wp\/v2\/types\/post"}],"author":[{"embeddable":true,"href":"https:\/\/aprh.pt\/pt\/wp-json\/wp\/v2\/users\/2"}],"replies":[{"embeddable":true,"href":"https:\/\/aprh.pt\/pt\/wp-json\/wp\/v2\/comments?post=58797"}],"version-history":[{"count":25,"href":"https:\/\/aprh.pt\/pt\/wp-json\/wp\/v2\/posts\/58797\/revisions"}],"predecessor-version":[{"id":83997,"href":"https:\/\/aprh.pt\/pt\/wp-json\/wp\/v2\/posts\/58797\/revisions\/83997"}],"wp:featuredmedia":[{"embeddable":true,"href":"https:\/\/aprh.pt\/pt\/wp-json\/wp\/v2\/media\/58799"}],"wp:attachment":[{"href":"https:\/\/aprh.pt\/pt\/wp-json\/wp\/v2\/media?parent=58797"}],"wp:term":[{"taxonomy":"category","embeddable":true,"href":"https:\/\/aprh.pt\/pt\/wp-json\/wp\/v2\/categories?post=58797"},{"taxonomy":"post_tag","embeddable":true,"href":"https:\/\/aprh.pt\/pt\/wp-json\/wp\/v2\/tags?post=58797"}],"curies":[{"name":"wp","href":"https:\/\/api.w.org\/{rel}","templated":true}]}}