{"id":60836,"date":"2023-01-10T12:36:10","date_gmt":"2023-01-10T12:36:10","guid":{"rendered":"https:\/\/www.aprh.pt\/?p=60836"},"modified":"2024-11-13T17:04:04","modified_gmt":"2024-11-13T17:04:04","slug":"contributos-para-a-gestao-e-preservacao-dos-recursos-hidricos-na-regiao-norte","status":"publish","type":"post","link":"https:\/\/aprh.pt\/pt\/eventos\/organizados-pela-aprh\/passados-2023\/contributos-para-a-gestao-e-preservacao-dos-recursos-hidricos-na-regiao-norte\/","title":{"rendered":"Contributos para a gest\u00e3o e preserva\u00e7\u00e3o dos recursos h\u00eddricos na regi\u00e3o Norte"},"content":{"rendered":"\t\t<div data-elementor-type=\"wp-post\" data-elementor-id=\"60836\" class=\"elementor elementor-60836\" data-elementor-post-type=\"post\">\n\t\t\t\t\t\t<section class=\"elementor-section elementor-top-section elementor-element elementor-element-4662d8bf elementor-section-boxed elementor-section-height-default elementor-section-height-default\" data-id=\"4662d8bf\" data-element_type=\"section\">\n\t\t\t\t\t\t<div class=\"elementor-container elementor-column-gap-default\">\n\t\t\t\t\t<div class=\"elementor-column elementor-col-100 elementor-top-column elementor-element elementor-element-2d1435c3\" data-id=\"2d1435c3\" data-element_type=\"column\">\n\t\t\t<div class=\"elementor-widget-wrap elementor-element-populated\">\n\t\t\t\t\t\t<div class=\"elementor-element elementor-element-3c93865a elementor-widget elementor-widget-spacer\" data-id=\"3c93865a\" data-element_type=\"widget\" data-widget_type=\"spacer.default\">\n\t\t\t\t<div class=\"elementor-widget-container\">\n\t\t\t\t\t<div class=\"elementor-spacer\">\n\t\t\t<div class=\"elementor-spacer-inner\"><\/div>\n\t\t<\/div>\n\t\t\t\t<\/div>\n\t\t\t\t<\/div>\n\t\t\t\t\t<\/div>\n\t\t<\/div>\n\t\t\t\t\t<\/div>\n\t\t<\/section>\n\t\t\t\t<section class=\"elementor-section elementor-top-section elementor-element elementor-element-14696bbe elementor-section-boxed elementor-section-height-default elementor-section-height-default\" data-id=\"14696bbe\" data-element_type=\"section\">\n\t\t\t\t\t\t<div class=\"elementor-container elementor-column-gap-no\">\n\t\t\t\t\t<div class=\"elementor-column elementor-col-50 elementor-top-column elementor-element elementor-element-5a38f6dd\" data-id=\"5a38f6dd\" data-element_type=\"column\">\n\t\t\t<div class=\"elementor-widget-wrap elementor-element-populated\">\n\t\t\t\t\t\t<div class=\"elementor-element elementor-element-7ca06aa elementor-widget elementor-widget-theme-post-featured-image elementor-widget-image\" data-id=\"7ca06aa\" data-element_type=\"widget\" data-widget_type=\"theme-post-featured-image.default\">\n\t\t\t\t<div class=\"elementor-widget-container\">\n\t\t\t\t\t\t\t\t\t\t\t\t\t<img fetchpriority=\"high\" decoding=\"async\" width=\"1024\" height=\"635\" src=\"https:\/\/aprh.pt\/wp-content\/uploads\/2022\/11\/10jan2023_banner_site-2-1024x635.jpg\" class=\"attachment-large size-large wp-image-61131\" alt=\"\" srcset=\"https:\/\/aprh.pt\/wp-content\/uploads\/2022\/11\/10jan2023_banner_site-2-1024x635.jpg 1024w, https:\/\/aprh.pt\/wp-content\/uploads\/2022\/11\/10jan2023_banner_site-2-300x186.jpg 300w, https:\/\/aprh.pt\/wp-content\/uploads\/2022\/11\/10jan2023_banner_site-2-768x476.jpg 768w, https:\/\/aprh.pt\/wp-content\/uploads\/2022\/11\/10jan2023_banner_site-2-1536x952.jpg 1536w, https:\/\/aprh.pt\/wp-content\/uploads\/2022\/11\/10jan2023_banner_site-2-2048x1270.jpg 2048w\" sizes=\"(max-width: 1024px) 100vw, 1024px\" \/>\t\t\t\t\t\t\t\t\t\t\t\t\t<\/div>\n\t\t\t\t<\/div>\n\t\t\t\t\t<\/div>\n\t\t<\/div>\n\t\t\t\t<div class=\"elementor-column elementor-col-50 elementor-top-column elementor-element elementor-element-4882907f\" data-id=\"4882907f\" data-element_type=\"column\">\n\t\t\t<div class=\"elementor-widget-wrap elementor-element-populated\">\n\t\t\t\t\t\t<div class=\"elementor-element elementor-element-510a7917 elementor-widget__width-auto elementor-widget elementor-widget-theme-post-excerpt\" data-id=\"510a7917\" data-element_type=\"widget\" data-widget_type=\"theme-post-excerpt.default\">\n\t\t\t\t<div class=\"elementor-widget-container\">\n\t\t\t10 JAN\t\t<\/div>\n\t\t\t\t<\/div>\n\t\t\t\t<div class=\"elementor-element elementor-element-47f2f0d8 elementor-widget elementor-widget-theme-post-title elementor-page-title elementor-widget-heading\" data-id=\"47f2f0d8\" data-element_type=\"widget\" data-widget_type=\"theme-post-title.default\">\n\t\t\t\t<div class=\"elementor-widget-container\">\n\t\t\t<h1 class=\"elementor-heading-title elementor-size-default\">Contributos para a gest\u00e3o e preserva\u00e7\u00e3o dos recursos h\u00eddricos na regi\u00e3o Norte<\/h1>\t\t<\/div>\n\t\t\t\t<\/div>\n\t\t\t\t<div class=\"elementor-element elementor-element-cbcee7a elementor-widget elementor-widget-text-editor\" data-id=\"cbcee7a\" data-element_type=\"widget\" data-widget_type=\"text-editor.default\">\n\t\t\t\t<div class=\"elementor-widget-container\">\n\t\t\t\t\t\t\t<p><strong>10 de janeiro de 2023, 14:15<\/strong><\/p><p>Pavilh\u00e3o da \u00c1gua, Parque da Cidade, Porto<\/p><p>Relato do evento (<a href=\"https:\/\/www.aprh.pt\/images\/stories\/pdf\/Declaracao-Evento_NRNorte_45-anos-APRH_v1.pdf\" target=\"_blank\" rel=\"attachment noopener wp-att-62685\">PDF<\/a>)<\/p>\t\t\t\t\t\t<\/div>\n\t\t\t\t<\/div>\n\t\t\t\t<div class=\"elementor-element elementor-element-454e5b52 elementor-share-buttons--view-icon elementor-share-buttons--skin-flat elementor-share-buttons--shape-circle elementor-share-buttons--align-right elementor-share-buttons--color-custom elementor-grid-0 elementor-widget elementor-widget-share-buttons\" data-id=\"454e5b52\" data-element_type=\"widget\" data-widget_type=\"share-buttons.default\">\n\t\t\t\t<div class=\"elementor-widget-container\">\n\t\t\t\t\t<div class=\"elementor-grid\">\n\t\t\t\t\t\t\t\t<div class=\"elementor-grid-item\">\n\t\t\t\t\t\t<div\n\t\t\t\t\t\t\tclass=\"elementor-share-btn elementor-share-btn_facebook\"\n\t\t\t\t\t\t\trole=\"button\"\n\t\t\t\t\t\t\ttabindex=\"0\"\n\t\t\t\t\t\t\taria-label=\"Share on facebook\"\n\t\t\t\t\t\t>\n\t\t\t\t\t\t\t\t\t\t\t\t\t\t\t<span class=\"elementor-share-btn__icon\">\n\t\t\t\t\t\t\t\t<i class=\"fab fa-facebook\" aria-hidden=\"true\"><\/i>\t\t\t\t\t\t\t<\/span>\n\t\t\t\t\t\t\t\t\t\t\t\t\t\t\t\t\t\t\t\t<\/div>\n\t\t\t\t\t<\/div>\n\t\t\t\t\t\t\t\t\t<div class=\"elementor-grid-item\">\n\t\t\t\t\t\t<div\n\t\t\t\t\t\t\tclass=\"elementor-share-btn elementor-share-btn_twitter\"\n\t\t\t\t\t\t\trole=\"button\"\n\t\t\t\t\t\t\ttabindex=\"0\"\n\t\t\t\t\t\t\taria-label=\"Share on twitter\"\n\t\t\t\t\t\t>\n\t\t\t\t\t\t\t\t\t\t\t\t\t\t\t<span class=\"elementor-share-btn__icon\">\n\t\t\t\t\t\t\t\t<i class=\"fab fa-twitter\" aria-hidden=\"true\"><\/i>\t\t\t\t\t\t\t<\/span>\n\t\t\t\t\t\t\t\t\t\t\t\t\t\t\t\t\t\t\t\t<\/div>\n\t\t\t\t\t<\/div>\n\t\t\t\t\t\t\t\t\t<div class=\"elementor-grid-item\">\n\t\t\t\t\t\t<div\n\t\t\t\t\t\t\tclass=\"elementor-share-btn elementor-share-btn_linkedin\"\n\t\t\t\t\t\t\trole=\"button\"\n\t\t\t\t\t\t\ttabindex=\"0\"\n\t\t\t\t\t\t\taria-label=\"Share on linkedin\"\n\t\t\t\t\t\t>\n\t\t\t\t\t\t\t\t\t\t\t\t\t\t\t<span class=\"elementor-share-btn__icon\">\n\t\t\t\t\t\t\t\t<i class=\"fab fa-linkedin\" aria-hidden=\"true\"><\/i>\t\t\t\t\t\t\t<\/span>\n\t\t\t\t\t\t\t\t\t\t\t\t\t\t\t\t\t\t\t\t<\/div>\n\t\t\t\t\t<\/div>\n\t\t\t\t\t\t<\/div>\n\t\t\t\t<\/div>\n\t\t\t\t<\/div>\n\t\t\t\t\t<\/div>\n\t\t<\/div>\n\t\t\t\t\t<\/div>\n\t\t<\/section>\n\t\t\t\t<section class=\"elementor-section elementor-top-section elementor-element elementor-element-6abeef2d elementor-section-boxed elementor-section-height-default elementor-section-height-default\" data-id=\"6abeef2d\" data-element_type=\"section\">\n\t\t\t\t\t\t<div class=\"elementor-container elementor-column-gap-no\">\n\t\t\t\t\t<div class=\"elementor-column elementor-col-100 elementor-top-column elementor-element elementor-element-55b0fda8\" data-id=\"55b0fda8\" data-element_type=\"column\">\n\t\t\t<div class=\"elementor-widget-wrap elementor-element-populated\">\n\t\t\t\t\t\t<div class=\"elementor-element elementor-element-70142942 tabs_eventos elementor-tabs-view-horizontal elementor-widget elementor-widget-tabs\" data-id=\"70142942\" data-element_type=\"widget\" data-widget_type=\"tabs.default\">\n\t\t\t\t<div class=\"elementor-widget-container\">\n\t\t\t\t\t<div class=\"elementor-tabs\">\n\t\t\t<div class=\"elementor-tabs-wrapper\" role=\"tablist\" >\n\t\t\t\t\t\t\t\t\t<div id=\"elementor-tab-title-1881\" class=\"elementor-tab-title elementor-tab-desktop-title\" aria-selected=\"true\" data-tab=\"1\" role=\"tab\" tabindex=\"0\" aria-controls=\"elementor-tab-content-1881\" aria-expanded=\"false\">Enquadramento<\/div>\n\t\t\t\t\t\t\t\t\t<div id=\"elementor-tab-title-1882\" class=\"elementor-tab-title elementor-tab-desktop-title\" aria-selected=\"false\" data-tab=\"2\" role=\"tab\" tabindex=\"-1\" aria-controls=\"elementor-tab-content-1882\" aria-expanded=\"false\">Programa detalhado<\/div>\n\t\t\t\t\t\t\t\t\t<div id=\"elementor-tab-title-1883\" class=\"elementor-tab-title elementor-tab-desktop-title\" aria-selected=\"false\" data-tab=\"3\" role=\"tab\" tabindex=\"-1\" aria-controls=\"elementor-tab-content-1883\" aria-expanded=\"false\">Inscri\u00e7\u00f5es<\/div>\n\t\t\t\t\t\t\t\t\t<div id=\"elementor-tab-title-1884\" class=\"elementor-tab-title elementor-tab-desktop-title\" aria-selected=\"false\" data-tab=\"4\" role=\"tab\" tabindex=\"-1\" aria-controls=\"elementor-tab-content-1884\" aria-expanded=\"false\">Fotos<\/div>\n\t\t\t\t\t\t\t<\/div>\n\t\t\t<div class=\"elementor-tabs-content-wrapper\" role=\"tablist\" aria-orientation=\"vertical\">\n\t\t\t\t\t\t\t\t\t<div class=\"elementor-tab-title elementor-tab-mobile-title\" aria-selected=\"true\" data-tab=\"1\" role=\"tab\" tabindex=\"0\" aria-controls=\"elementor-tab-content-1881\" aria-expanded=\"false\">Enquadramento<\/div>\n\t\t\t\t\t<div id=\"elementor-tab-content-1881\" class=\"elementor-tab-content elementor-clearfix\" data-tab=\"1\" role=\"tabpanel\" aria-labelledby=\"elementor-tab-title-1881\" tabindex=\"0\" hidden=\"false\"><p>A celebra\u00e7\u00e3o do 45\u00ba anivers\u00e1rio da APRH \u2013 Associa\u00e7\u00e3o Portuguesa de Recursos H\u00eddricos incluiu a organiza\u00e7\u00e3o de eventos tem\u00e1ticos pelos seus n\u00facleos regionais. Para concluir esse ciclo de eventos, o n\u00facleo regional do Norte da APRH organiza este evento de reflex\u00e3o sobre a \u201c<em>Sustentabilidade no uso da \u00e1gua na Regi\u00e3o Norte<\/em>\u201d, que procurar ser abrangente e focar-se nos principais desafios que atualmente se colocam no sector da \u00e1gua.<\/p><p>Como se trata de um evento comemorativo dos 45 anos da APRH, o evento procura fazer a liga\u00e7\u00e3o entre o passado e o futuro, fazendo uma retrospetiva sobre a hist\u00f3ria, percurso e a\u00e7\u00e3o do N\u00facleo Regional do Norte da APRH, onde se falar\u00e1 sobre a funda\u00e7\u00e3o do n\u00facleo, os primeiros anos da sua exist\u00eancia, a sua hist\u00f3ria recente e a\u00e7\u00e3o junto da sociedade. O papel da APRH na sustentabilidade dos Recursos H\u00eddricos ser\u00e1 tamb\u00e9m abordado, assim como os desafios que se colocam em rela\u00e7\u00e3o \u00e0 gest\u00e3o, conhecimento e tecnologias para o futuro.<\/p><p>Por outro lado, ser\u00e1 realizado ainda um debate com a participa\u00e7\u00e3o de diversas entidades que visa a reflex\u00e3o sobre quest\u00f5es relevantes para o presente e o futuro da gest\u00e3o e preserva\u00e7\u00e3o dos recursos h\u00eddricos na regi\u00e3o norte, que abrange o tema da gest\u00e3o integrada de bacias hidrogr\u00e1ficas, segundo a perspetiva da Ag\u00eancia Portuguesa do Ambiente, o regadio, as disponibilidades h\u00eddricas e os desafios da efici\u00eancia, sob a perspetiva da Dire\u00e7\u00e3o Geral de Agricultura e Desenvolvimento Rural, e a gest\u00e3o integrada do ciclo urbano da \u00e1gua, sob a perspetiva da \u00c1guas e Energia do Porto.<\/p><\/div>\n\t\t\t\t\t\t\t\t\t<div class=\"elementor-tab-title elementor-tab-mobile-title\" aria-selected=\"false\" data-tab=\"2\" role=\"tab\" tabindex=\"-1\" aria-controls=\"elementor-tab-content-1882\" aria-expanded=\"false\">Programa detalhado<\/div>\n\t\t\t\t\t<div id=\"elementor-tab-content-1882\" class=\"elementor-tab-content elementor-clearfix\" data-tab=\"2\" role=\"tabpanel\" aria-labelledby=\"elementor-tab-title-1882\" tabindex=\"0\" hidden=\"hidden\"><p>Programa detalhado (<a href=\"https:\/\/www.aprh.pt\/images\/stories\/pdf\/2022.12.19_Programa_45Anos_APRH-NRN.pdf\" rel=\"attachment wp-att-61972\">PDF<\/a>)<\/p><p><strong>14h15-14h45<\/strong> \u2013 <strong>Rece\u00e7\u00e3o aos Participantes<\/strong><\/p><p><strong>14h45-15h15<\/strong> \u2013 <strong>Sess\u00e3o de Abertura<\/strong><\/p><p>Doutor Eng.\u00ba Ruben Fernandes \u2013 \u00c1guas e Energia do Porto<\/p><p>Doutor Eng.\u00ba Eduardo Vivas \u2013 Presidente do N\u00facleo Regional Norte da APRH<\/p><p>Prof. Carlos Coelho \u2013 Presidente da APRH, Prof. da Universidade de Aveiro<\/p><p>Prof. Paulo Rosa Santos \u2013 N\u00facleo Regional Norte da APRH, Prof. da FEUP &#8211; Universidade do Porto<\/p><p><strong>15h15-16h15<\/strong> \u2013<strong> Retrospetiva sobre a hist\u00f3ria, percurso e a\u00e7\u00e3o do N\u00facleo Regional do Norte da APRH<\/strong><\/p><p>\u00a0\u00a0\u00a0\u00a0\u00a0 Moderador: Paulo Rosa Santos (N\u00facleo Regional Norte da APRH, Professor Associado da FEUP)<\/p><p><em>A cria\u00e7\u00e3o e os primeiros 25 anos do NRN da APRH<\/em><\/p><p>Prof. Jos\u00e9 Tent\u00fagal Valente (Prof. Aposentado da FEUP) e Eng. Am\u00edlcar Rebelo da Silva (Ex-diretor da Hidr\u00e1ulica do Douro)<\/p><p><em>Avalia\u00e7\u00e3o da atividade recente do <\/em><em>NRN da APRH<\/em><\/p><p>Prof. Francisco Taveira Pinto (Professor Catedr\u00e1tico da FEUP, ex-presidente da APRH e do N\u00facleo Regional Norte &#8211; APRH, Diretor do DEC)<\/p><p><em>O papel da APRH na sustentabilidade dos Recursos H\u00eddricos<\/em><\/p><p>Prof. Carlos Coelho (Professor Auxiliar da Universidade de Aveiro, Presidente da APRH)<\/p><p><strong>16h15 \u2013 16h30<\/strong> \u2013 <strong>Coffee Break<\/strong><\/p><p><strong>16h30 <\/strong><strong>\u2013 <\/strong><strong>18h00<\/strong> \u2013 <strong>Sustentabilidade no uso da \u00e1gua na Regi\u00e3o Norte<\/strong><\/p><p>Moderador: Alexandra Roeger (N\u00facleo Regional Norte da APRH, Vice-Presidente da C\u00e2mara Municipal de Esposende)<\/p><p><em>Gest\u00e3o Integrada das Bacias Hidrogr\u00e1ficas<\/em><\/p><p>Eng.\u00ba Pimenta Machado, Vice-Presidente da Ag\u00eancia Portuguesa do Ambiente (APA)<\/p><p><em>O regadio, as disponibilidades h\u00eddricas e os desafios da efici\u00eancia<\/em><\/p><p>Eng.\u00aa Cl\u00e1udia Brand\u00e3o, Diretora de Servi\u00e7os, Dire\u00e7\u00e3o de Servi\u00e7os do Regadio, Dire\u00e7\u00e3o Geral de Agricultura e Desenvolvimento Rural<\/p><p><em>Gest\u00e3o Integrada do Ciclo Urbano da \u00c1gua<\/em><\/p><p>Eng.\u00ba Ruben Fernandes, Administrador Executivo da \u00c1guas e Energia do Porto<\/p><\/div>\n\t\t\t\t\t\t\t\t\t<div class=\"elementor-tab-title elementor-tab-mobile-title\" aria-selected=\"false\" data-tab=\"3\" role=\"tab\" tabindex=\"-1\" aria-controls=\"elementor-tab-content-1883\" aria-expanded=\"false\">Inscri\u00e7\u00f5es<\/div>\n\t\t\t\t\t<div id=\"elementor-tab-content-1883\" class=\"elementor-tab-content elementor-clearfix\" data-tab=\"3\" role=\"tabpanel\" aria-labelledby=\"elementor-tab-title-1883\" tabindex=\"0\" hidden=\"hidden\"><p><b>Associados da APRH:<\/b> 5 \u20ac<br \/><b>N\u00e3o associados:<\/b> 15 \u20ac<\/p><p>\u00a0<\/p><\/div>\n\t\t\t\t\t\t\t\t\t<div class=\"elementor-tab-title elementor-tab-mobile-title\" aria-selected=\"false\" data-tab=\"4\" role=\"tab\" tabindex=\"-1\" aria-controls=\"elementor-tab-content-1884\" aria-expanded=\"false\">Fotos<\/div>\n\t\t\t\t\t<div id=\"elementor-tab-content-1884\" class=\"elementor-tab-content elementor-clearfix\" data-tab=\"4\" role=\"tabpanel\" aria-labelledby=\"elementor-tab-title-1884\" tabindex=\"0\" hidden=\"hidden\"><a href=\"https:\/\/www.aprh.pt\/pt\/fotos-10jan2023_site\/\" rel=\"attachment wp-att-62488\"><img decoding=\"async\" class=\"alignnone wp-image-62488 size-medium\" src=\"https:\/\/www.aprh.pt\/wp-content\/uploads\/2023\/01\/fotos-10jan2023_site-scaled.jpg\" alt=\"\" width=\"300\" height=\"135\" \/><\/a>\n\n<a href=\"https:\/\/photos.app.goo.gl\/v1CciBHN8ZE2zV4Q6\" target=\"_blank\" rel=\"noopener\">Galeria de fotos<\/a><\/div>\n\t\t\t\t\t\t\t<\/div>\n\t\t<\/div>\n\t\t\t\t<\/div>\n\t\t\t\t<\/div>\n\t\t\t\t<div class=\"elementor-element elementor-element-60163300 elementor-widget elementor-widget-global elementor-global-500 elementor-widget-spacer\" data-id=\"60163300\" data-element_type=\"widget\" data-widget_type=\"spacer.default\">\n\t\t\t\t<div class=\"elementor-widget-container\">\n\t\t\t\t\t<div class=\"elementor-spacer\">\n\t\t\t<div class=\"elementor-spacer-inner\"><\/div>\n\t\t<\/div>\n\t\t\t\t<\/div>\n\t\t\t\t<\/div>\n\t\t\t\t\t<\/div>\n\t\t<\/div>\n\t\t\t\t\t<\/div>\n\t\t<\/section>\n\t\t\t\t<\/div>\n\t\t","protected":false},"excerpt":{"rendered":"<p>10 JAN<\/p>\n","protected":false},"author":2,"featured_media":61131,"comment_status":"closed","ping_status":"closed","sticky":false,"template":"","format":"standard","meta":{"footnotes":""},"categories":[402],"tags":[],"class_list":["post-60836","post","type-post","status-publish","format-standard","has-post-thumbnail","hentry","category-passados-2023"],"yoast_head":"<!-- This site is optimized with the Yoast SEO plugin v23.8 - https:\/\/yoast.com\/wordpress\/plugins\/seo\/ -->\n<title>Contributos para a gest\u00e3o e preserva\u00e7\u00e3o dos recursos h\u00eddricos na regi\u00e3o Norte - APRH<\/title>\n<meta name=\"robots\" content=\"index, follow, max-snippet:-1, max-image-preview:large, max-video-preview:-1\" \/>\n<link rel=\"canonical\" href=\"https:\/\/aprh.pt\/pt\/eventos\/organizados-pela-aprh\/passados-2023\/contributos-para-a-gestao-e-preservacao-dos-recursos-hidricos-na-regiao-norte\/\" \/>\n<meta property=\"og:locale\" content=\"pt_PT\" \/>\n<meta property=\"og:type\" content=\"article\" \/>\n<meta property=\"og:title\" content=\"Contributos para a gest\u00e3o e preserva\u00e7\u00e3o dos recursos h\u00eddricos na regi\u00e3o Norte - APRH\" \/>\n<meta property=\"og:description\" content=\"10 JAN\" \/>\n<meta property=\"og:url\" content=\"https:\/\/aprh.pt\/pt\/eventos\/organizados-pela-aprh\/passados-2023\/contributos-para-a-gestao-e-preservacao-dos-recursos-hidricos-na-regiao-norte\/\" \/>\n<meta property=\"og:site_name\" content=\"APRH\" \/>\n<meta property=\"article:published_time\" content=\"2023-01-10T12:36:10+00:00\" \/>\n<meta property=\"article:modified_time\" content=\"2024-11-13T17:04:04+00:00\" \/>\n<meta property=\"og:image\" content=\"https:\/\/aprh.pt\/wp-content\/uploads\/2022\/11\/10jan2023_banner_site-2-scaled.jpg\" \/>\n\t<meta property=\"og:image:width\" content=\"2560\" \/>\n\t<meta property=\"og:image:height\" content=\"1587\" \/>\n\t<meta property=\"og:image:type\" content=\"image\/jpeg\" \/>\n<meta name=\"author\" content=\"Andr\u00e9\" \/>\n<meta name=\"twitter:card\" content=\"summary_large_image\" \/>\n<meta name=\"twitter:label1\" content=\"Escrito por\" \/>\n\t<meta name=\"twitter:data1\" content=\"Andr\u00e9\" \/>\n\t<meta name=\"twitter:label2\" content=\"Tempo estimado de leitura\" \/>\n\t<meta name=\"twitter:data2\" content=\"4 minutos\" \/>\n<script type=\"application\/ld+json\" class=\"yoast-schema-graph\">{\"@context\":\"https:\/\/schema.org\",\"@graph\":[{\"@type\":\"Article\",\"@id\":\"https:\/\/aprh.pt\/pt\/eventos\/organizados-pela-aprh\/passados-2023\/contributos-para-a-gestao-e-preservacao-dos-recursos-hidricos-na-regiao-norte\/#article\",\"isPartOf\":{\"@id\":\"https:\/\/aprh.pt\/pt\/eventos\/organizados-pela-aprh\/passados-2023\/contributos-para-a-gestao-e-preservacao-dos-recursos-hidricos-na-regiao-norte\/\"},\"author\":{\"name\":\"Andr\u00e9\",\"@id\":\"https:\/\/aprh.pt\/pt\/#\/schema\/person\/ef01fd0cbbfc5df175ba0784a9b613c8\"},\"headline\":\"Contributos para a gest\u00e3o e preserva\u00e7\u00e3o dos recursos h\u00eddricos na regi\u00e3o Norte\",\"datePublished\":\"2023-01-10T12:36:10+00:00\",\"dateModified\":\"2024-11-13T17:04:04+00:00\",\"mainEntityOfPage\":{\"@id\":\"https:\/\/aprh.pt\/pt\/eventos\/organizados-pela-aprh\/passados-2023\/contributos-para-a-gestao-e-preservacao-dos-recursos-hidricos-na-regiao-norte\/\"},\"wordCount\":628,\"publisher\":{\"@id\":\"https:\/\/aprh.pt\/pt\/#organization\"},\"image\":{\"@id\":\"https:\/\/aprh.pt\/pt\/eventos\/organizados-pela-aprh\/passados-2023\/contributos-para-a-gestao-e-preservacao-dos-recursos-hidricos-na-regiao-norte\/#primaryimage\"},\"thumbnailUrl\":\"https:\/\/aprh.pt\/wp-content\/uploads\/2022\/11\/10jan2023_banner_site-2-scaled.jpg\",\"articleSection\":[\"Passados 2023\"],\"inLanguage\":\"pt-PT\"},{\"@type\":\"WebPage\",\"@id\":\"https:\/\/aprh.pt\/pt\/eventos\/organizados-pela-aprh\/passados-2023\/contributos-para-a-gestao-e-preservacao-dos-recursos-hidricos-na-regiao-norte\/\",\"url\":\"https:\/\/aprh.pt\/pt\/eventos\/organizados-pela-aprh\/passados-2023\/contributos-para-a-gestao-e-preservacao-dos-recursos-hidricos-na-regiao-norte\/\",\"name\":\"Contributos para a gest\u00e3o e preserva\u00e7\u00e3o dos recursos h\u00eddricos na regi\u00e3o Norte - APRH\",\"isPartOf\":{\"@id\":\"https:\/\/aprh.pt\/pt\/#website\"},\"primaryImageOfPage\":{\"@id\":\"https:\/\/aprh.pt\/pt\/eventos\/organizados-pela-aprh\/passados-2023\/contributos-para-a-gestao-e-preservacao-dos-recursos-hidricos-na-regiao-norte\/#primaryimage\"},\"image\":{\"@id\":\"https:\/\/aprh.pt\/pt\/eventos\/organizados-pela-aprh\/passados-2023\/contributos-para-a-gestao-e-preservacao-dos-recursos-hidricos-na-regiao-norte\/#primaryimage\"},\"thumbnailUrl\":\"https:\/\/aprh.pt\/wp-content\/uploads\/2022\/11\/10jan2023_banner_site-2-scaled.jpg\",\"datePublished\":\"2023-01-10T12:36:10+00:00\",\"dateModified\":\"2024-11-13T17:04:04+00:00\",\"breadcrumb\":{\"@id\":\"https:\/\/aprh.pt\/pt\/eventos\/organizados-pela-aprh\/passados-2023\/contributos-para-a-gestao-e-preservacao-dos-recursos-hidricos-na-regiao-norte\/#breadcrumb\"},\"inLanguage\":\"pt-PT\",\"potentialAction\":[{\"@type\":\"ReadAction\",\"target\":[\"https:\/\/aprh.pt\/pt\/eventos\/organizados-pela-aprh\/passados-2023\/contributos-para-a-gestao-e-preservacao-dos-recursos-hidricos-na-regiao-norte\/\"]}]},{\"@type\":\"ImageObject\",\"inLanguage\":\"pt-PT\",\"@id\":\"https:\/\/aprh.pt\/pt\/eventos\/organizados-pela-aprh\/passados-2023\/contributos-para-a-gestao-e-preservacao-dos-recursos-hidricos-na-regiao-norte\/#primaryimage\",\"url\":\"https:\/\/aprh.pt\/wp-content\/uploads\/2022\/11\/10jan2023_banner_site-2-scaled.jpg\",\"contentUrl\":\"https:\/\/aprh.pt\/wp-content\/uploads\/2022\/11\/10jan2023_banner_site-2-scaled.jpg\",\"width\":2560,\"height\":1587},{\"@type\":\"BreadcrumbList\",\"@id\":\"https:\/\/aprh.pt\/pt\/eventos\/organizados-pela-aprh\/passados-2023\/contributos-para-a-gestao-e-preservacao-dos-recursos-hidricos-na-regiao-norte\/#breadcrumb\",\"itemListElement\":[{\"@type\":\"ListItem\",\"position\":1,\"name\":\"Home\",\"item\":\"https:\/\/aprh.pt\/pt\/\"},{\"@type\":\"ListItem\",\"position\":2,\"name\":\"Eventos\",\"item\":\"https:\/\/aprh.pt\/pt\/category\/eventos\/\"},{\"@type\":\"ListItem\",\"position\":3,\"name\":\"Organizados pela APRH\",\"item\":\"https:\/\/aprh.pt\/pt\/category\/eventos\/organizados-pela-aprh\/\"},{\"@type\":\"ListItem\",\"position\":4,\"name\":\"Passados 2023\",\"item\":\"https:\/\/aprh.pt\/pt\/category\/eventos\/organizados-pela-aprh\/passados-2023\/\"},{\"@type\":\"ListItem\",\"position\":5,\"name\":\"Contributos para a gest\u00e3o e preserva\u00e7\u00e3o dos recursos h\u00eddricos na regi\u00e3o Norte\"}]},{\"@type\":\"WebSite\",\"@id\":\"https:\/\/aprh.pt\/pt\/#website\",\"url\":\"https:\/\/aprh.pt\/pt\/\",\"name\":\"APRH\",\"description\":\"Associa\u00e7\u00e3o Portuguesa dos Recursos H\u00eddricos\",\"publisher\":{\"@id\":\"https:\/\/aprh.pt\/pt\/#organization\"},\"potentialAction\":[{\"@type\":\"SearchAction\",\"target\":{\"@type\":\"EntryPoint\",\"urlTemplate\":\"https:\/\/aprh.pt\/pt\/?s={search_term_string}\"},\"query-input\":{\"@type\":\"PropertyValueSpecification\",\"valueRequired\":true,\"valueName\":\"search_term_string\"}}],\"inLanguage\":\"pt-PT\"},{\"@type\":\"Organization\",\"@id\":\"https:\/\/aprh.pt\/pt\/#organization\",\"name\":\"APRH\",\"url\":\"https:\/\/aprh.pt\/pt\/\",\"logo\":{\"@type\":\"ImageObject\",\"inLanguage\":\"pt-PT\",\"@id\":\"https:\/\/aprh.pt\/pt\/#\/schema\/logo\/image\/\",\"url\":\"https:\/\/aprh.pt\/wp-content\/uploads\/2022\/04\/logotipo.png\",\"contentUrl\":\"https:\/\/aprh.pt\/wp-content\/uploads\/2022\/04\/logotipo.png\",\"width\":181,\"height\":80,\"caption\":\"APRH\"},\"image\":{\"@id\":\"https:\/\/aprh.pt\/pt\/#\/schema\/logo\/image\/\"}},{\"@type\":\"Person\",\"@id\":\"https:\/\/aprh.pt\/pt\/#\/schema\/person\/ef01fd0cbbfc5df175ba0784a9b613c8\",\"name\":\"Andr\u00e9\",\"image\":{\"@type\":\"ImageObject\",\"inLanguage\":\"pt-PT\",\"@id\":\"https:\/\/aprh.pt\/pt\/#\/schema\/person\/image\/\",\"url\":\"https:\/\/secure.gravatar.com\/avatar\/f19c31d559f92a15766b9e9ddc230f85?s=96&d=mm&r=g\",\"contentUrl\":\"https:\/\/secure.gravatar.com\/avatar\/f19c31d559f92a15766b9e9ddc230f85?s=96&d=mm&r=g\",\"caption\":\"Andr\u00e9\"},\"url\":\"https:\/\/aprh.pt\/pt\/author\/aprh\/\"}]}<\/script>\n<!-- \/ Yoast SEO plugin. -->","yoast_head_json":{"title":"Contributos para a gest\u00e3o e preserva\u00e7\u00e3o dos recursos h\u00eddricos na regi\u00e3o Norte - APRH","robots":{"index":"index","follow":"follow","max-snippet":"max-snippet:-1","max-image-preview":"max-image-preview:large","max-video-preview":"max-video-preview:-1"},"canonical":"https:\/\/aprh.pt\/pt\/eventos\/organizados-pela-aprh\/passados-2023\/contributos-para-a-gestao-e-preservacao-dos-recursos-hidricos-na-regiao-norte\/","og_locale":"pt_PT","og_type":"article","og_title":"Contributos para a gest\u00e3o e preserva\u00e7\u00e3o dos recursos h\u00eddricos na regi\u00e3o Norte - APRH","og_description":"10 JAN","og_url":"https:\/\/aprh.pt\/pt\/eventos\/organizados-pela-aprh\/passados-2023\/contributos-para-a-gestao-e-preservacao-dos-recursos-hidricos-na-regiao-norte\/","og_site_name":"APRH","article_published_time":"2023-01-10T12:36:10+00:00","article_modified_time":"2024-11-13T17:04:04+00:00","og_image":[{"width":2560,"height":1587,"url":"https:\/\/aprh.pt\/wp-content\/uploads\/2022\/11\/10jan2023_banner_site-2-scaled.jpg","type":"image\/jpeg"}],"author":"Andr\u00e9","twitter_card":"summary_large_image","twitter_misc":{"Escrito por":"Andr\u00e9","Tempo estimado de leitura":"4 minutos"},"schema":{"@context":"https:\/\/schema.org","@graph":[{"@type":"Article","@id":"https:\/\/aprh.pt\/pt\/eventos\/organizados-pela-aprh\/passados-2023\/contributos-para-a-gestao-e-preservacao-dos-recursos-hidricos-na-regiao-norte\/#article","isPartOf":{"@id":"https:\/\/aprh.pt\/pt\/eventos\/organizados-pela-aprh\/passados-2023\/contributos-para-a-gestao-e-preservacao-dos-recursos-hidricos-na-regiao-norte\/"},"author":{"name":"Andr\u00e9","@id":"https:\/\/aprh.pt\/pt\/#\/schema\/person\/ef01fd0cbbfc5df175ba0784a9b613c8"},"headline":"Contributos para a gest\u00e3o e preserva\u00e7\u00e3o dos recursos h\u00eddricos na regi\u00e3o Norte","datePublished":"2023-01-10T12:36:10+00:00","dateModified":"2024-11-13T17:04:04+00:00","mainEntityOfPage":{"@id":"https:\/\/aprh.pt\/pt\/eventos\/organizados-pela-aprh\/passados-2023\/contributos-para-a-gestao-e-preservacao-dos-recursos-hidricos-na-regiao-norte\/"},"wordCount":628,"publisher":{"@id":"https:\/\/aprh.pt\/pt\/#organization"},"image":{"@id":"https:\/\/aprh.pt\/pt\/eventos\/organizados-pela-aprh\/passados-2023\/contributos-para-a-gestao-e-preservacao-dos-recursos-hidricos-na-regiao-norte\/#primaryimage"},"thumbnailUrl":"https:\/\/aprh.pt\/wp-content\/uploads\/2022\/11\/10jan2023_banner_site-2-scaled.jpg","articleSection":["Passados 2023"],"inLanguage":"pt-PT"},{"@type":"WebPage","@id":"https:\/\/aprh.pt\/pt\/eventos\/organizados-pela-aprh\/passados-2023\/contributos-para-a-gestao-e-preservacao-dos-recursos-hidricos-na-regiao-norte\/","url":"https:\/\/aprh.pt\/pt\/eventos\/organizados-pela-aprh\/passados-2023\/contributos-para-a-gestao-e-preservacao-dos-recursos-hidricos-na-regiao-norte\/","name":"Contributos para a gest\u00e3o e preserva\u00e7\u00e3o dos recursos h\u00eddricos na regi\u00e3o Norte - APRH","isPartOf":{"@id":"https:\/\/aprh.pt\/pt\/#website"},"primaryImageOfPage":{"@id":"https:\/\/aprh.pt\/pt\/eventos\/organizados-pela-aprh\/passados-2023\/contributos-para-a-gestao-e-preservacao-dos-recursos-hidricos-na-regiao-norte\/#primaryimage"},"image":{"@id":"https:\/\/aprh.pt\/pt\/eventos\/organizados-pela-aprh\/passados-2023\/contributos-para-a-gestao-e-preservacao-dos-recursos-hidricos-na-regiao-norte\/#primaryimage"},"thumbnailUrl":"https:\/\/aprh.pt\/wp-content\/uploads\/2022\/11\/10jan2023_banner_site-2-scaled.jpg","datePublished":"2023-01-10T12:36:10+00:00","dateModified":"2024-11-13T17:04:04+00:00","breadcrumb":{"@id":"https:\/\/aprh.pt\/pt\/eventos\/organizados-pela-aprh\/passados-2023\/contributos-para-a-gestao-e-preservacao-dos-recursos-hidricos-na-regiao-norte\/#breadcrumb"},"inLanguage":"pt-PT","potentialAction":[{"@type":"ReadAction","target":["https:\/\/aprh.pt\/pt\/eventos\/organizados-pela-aprh\/passados-2023\/contributos-para-a-gestao-e-preservacao-dos-recursos-hidricos-na-regiao-norte\/"]}]},{"@type":"ImageObject","inLanguage":"pt-PT","@id":"https:\/\/aprh.pt\/pt\/eventos\/organizados-pela-aprh\/passados-2023\/contributos-para-a-gestao-e-preservacao-dos-recursos-hidricos-na-regiao-norte\/#primaryimage","url":"https:\/\/aprh.pt\/wp-content\/uploads\/2022\/11\/10jan2023_banner_site-2-scaled.jpg","contentUrl":"https:\/\/aprh.pt\/wp-content\/uploads\/2022\/11\/10jan2023_banner_site-2-scaled.jpg","width":2560,"height":1587},{"@type":"BreadcrumbList","@id":"https:\/\/aprh.pt\/pt\/eventos\/organizados-pela-aprh\/passados-2023\/contributos-para-a-gestao-e-preservacao-dos-recursos-hidricos-na-regiao-norte\/#breadcrumb","itemListElement":[{"@type":"ListItem","position":1,"name":"Home","item":"https:\/\/aprh.pt\/pt\/"},{"@type":"ListItem","position":2,"name":"Eventos","item":"https:\/\/aprh.pt\/pt\/category\/eventos\/"},{"@type":"ListItem","position":3,"name":"Organizados pela APRH","item":"https:\/\/aprh.pt\/pt\/category\/eventos\/organizados-pela-aprh\/"},{"@type":"ListItem","position":4,"name":"Passados 2023","item":"https:\/\/aprh.pt\/pt\/category\/eventos\/organizados-pela-aprh\/passados-2023\/"},{"@type":"ListItem","position":5,"name":"Contributos para a gest\u00e3o e preserva\u00e7\u00e3o dos recursos h\u00eddricos na regi\u00e3o Norte"}]},{"@type":"WebSite","@id":"https:\/\/aprh.pt\/pt\/#website","url":"https:\/\/aprh.pt\/pt\/","name":"APRH","description":"Associa\u00e7\u00e3o Portuguesa dos Recursos H\u00eddricos","publisher":{"@id":"https:\/\/aprh.pt\/pt\/#organization"},"potentialAction":[{"@type":"SearchAction","target":{"@type":"EntryPoint","urlTemplate":"https:\/\/aprh.pt\/pt\/?s={search_term_string}"},"query-input":{"@type":"PropertyValueSpecification","valueRequired":true,"valueName":"search_term_string"}}],"inLanguage":"pt-PT"},{"@type":"Organization","@id":"https:\/\/aprh.pt\/pt\/#organization","name":"APRH","url":"https:\/\/aprh.pt\/pt\/","logo":{"@type":"ImageObject","inLanguage":"pt-PT","@id":"https:\/\/aprh.pt\/pt\/#\/schema\/logo\/image\/","url":"https:\/\/aprh.pt\/wp-content\/uploads\/2022\/04\/logotipo.png","contentUrl":"https:\/\/aprh.pt\/wp-content\/uploads\/2022\/04\/logotipo.png","width":181,"height":80,"caption":"APRH"},"image":{"@id":"https:\/\/aprh.pt\/pt\/#\/schema\/logo\/image\/"}},{"@type":"Person","@id":"https:\/\/aprh.pt\/pt\/#\/schema\/person\/ef01fd0cbbfc5df175ba0784a9b613c8","name":"Andr\u00e9","image":{"@type":"ImageObject","inLanguage":"pt-PT","@id":"https:\/\/aprh.pt\/pt\/#\/schema\/person\/image\/","url":"https:\/\/secure.gravatar.com\/avatar\/f19c31d559f92a15766b9e9ddc230f85?s=96&d=mm&r=g","contentUrl":"https:\/\/secure.gravatar.com\/avatar\/f19c31d559f92a15766b9e9ddc230f85?s=96&d=mm&r=g","caption":"Andr\u00e9"},"url":"https:\/\/aprh.pt\/pt\/author\/aprh\/"}]}},"_links":{"self":[{"href":"https:\/\/aprh.pt\/pt\/wp-json\/wp\/v2\/posts\/60836","targetHints":{"allow":["GET"]}}],"collection":[{"href":"https:\/\/aprh.pt\/pt\/wp-json\/wp\/v2\/posts"}],"about":[{"href":"https:\/\/aprh.pt\/pt\/wp-json\/wp\/v2\/types\/post"}],"author":[{"embeddable":true,"href":"https:\/\/aprh.pt\/pt\/wp-json\/wp\/v2\/users\/2"}],"replies":[{"embeddable":true,"href":"https:\/\/aprh.pt\/pt\/wp-json\/wp\/v2\/comments?post=60836"}],"version-history":[{"count":64,"href":"https:\/\/aprh.pt\/pt\/wp-json\/wp\/v2\/posts\/60836\/revisions"}],"predecessor-version":[{"id":78562,"href":"https:\/\/aprh.pt\/pt\/wp-json\/wp\/v2\/posts\/60836\/revisions\/78562"}],"wp:featuredmedia":[{"embeddable":true,"href":"https:\/\/aprh.pt\/pt\/wp-json\/wp\/v2\/media\/61131"}],"wp:attachment":[{"href":"https:\/\/aprh.pt\/pt\/wp-json\/wp\/v2\/media?parent=60836"}],"wp:term":[{"taxonomy":"category","embeddable":true,"href":"https:\/\/aprh.pt\/pt\/wp-json\/wp\/v2\/categories?post=60836"},{"taxonomy":"post_tag","embeddable":true,"href":"https:\/\/aprh.pt\/pt\/wp-json\/wp\/v2\/tags?post=60836"}],"curies":[{"name":"wp","href":"https:\/\/api.w.org\/{rel}","templated":true}]}}