{"id":61320,"date":"2022-12-12T10:34:23","date_gmt":"2022-12-12T10:34:23","guid":{"rendered":"https:\/\/www.aprh.pt\/?p=61320"},"modified":"2024-10-24T09:54:48","modified_gmt":"2024-10-24T09:54:48","slug":"a-importancia-da-recarga-artificial-de-aquiferos-em-situacoes-de-escassez","status":"publish","type":"post","link":"https:\/\/aprh.pt\/pt\/eventos\/organizados-pela-aprh\/passados-2022\/a-importancia-da-recarga-artificial-de-aquiferos-em-situacoes-de-escassez\/","title":{"rendered":"A import\u00e2ncia da recarga artificial de aqu\u00edferos em situa\u00e7\u00f5es de escassez"},"content":{"rendered":"\t\t<div data-elementor-type=\"wp-post\" data-elementor-id=\"61320\" class=\"elementor elementor-61320\" data-elementor-post-type=\"post\">\n\t\t\t\t\t\t<section class=\"elementor-section elementor-top-section elementor-element elementor-element-6f162a97 elementor-section-boxed elementor-section-height-default elementor-section-height-default\" data-id=\"6f162a97\" data-element_type=\"section\">\n\t\t\t\t\t\t<div class=\"elementor-container elementor-column-gap-default\">\n\t\t\t\t\t<div class=\"elementor-column elementor-col-100 elementor-top-column elementor-element elementor-element-340583ba\" data-id=\"340583ba\" data-element_type=\"column\">\n\t\t\t<div class=\"elementor-widget-wrap elementor-element-populated\">\n\t\t\t\t\t\t<div class=\"elementor-element elementor-element-7884cb1a elementor-widget elementor-widget-spacer\" data-id=\"7884cb1a\" data-element_type=\"widget\" data-widget_type=\"spacer.default\">\n\t\t\t\t<div class=\"elementor-widget-container\">\n\t\t\t\t\t<div class=\"elementor-spacer\">\n\t\t\t<div class=\"elementor-spacer-inner\"><\/div>\n\t\t<\/div>\n\t\t\t\t<\/div>\n\t\t\t\t<\/div>\n\t\t\t\t\t<\/div>\n\t\t<\/div>\n\t\t\t\t\t<\/div>\n\t\t<\/section>\n\t\t\t\t<section class=\"elementor-section elementor-top-section elementor-element elementor-element-40e3a018 elementor-section-boxed elementor-section-height-default elementor-section-height-default\" data-id=\"40e3a018\" data-element_type=\"section\">\n\t\t\t\t\t\t<div class=\"elementor-container elementor-column-gap-no\">\n\t\t\t\t\t<div class=\"elementor-column elementor-col-50 elementor-top-column elementor-element elementor-element-14bd71e\" data-id=\"14bd71e\" data-element_type=\"column\">\n\t\t\t<div class=\"elementor-widget-wrap elementor-element-populated\">\n\t\t\t\t\t\t<div class=\"elementor-element elementor-element-7781e892 elementor-widget elementor-widget-theme-post-featured-image elementor-widget-image\" data-id=\"7781e892\" data-element_type=\"widget\" data-widget_type=\"theme-post-featured-image.default\">\n\t\t\t\t<div class=\"elementor-widget-container\">\n\t\t\t\t\t\t\t\t\t\t\t\t\t<img fetchpriority=\"high\" decoding=\"async\" width=\"445\" height=\"1024\" src=\"https:\/\/aprh.pt\/wp-content\/uploads\/2022\/12\/NRS-12dez2022_site-445x1024.jpg\" class=\"attachment-large size-large wp-image-61322\" alt=\"\" srcset=\"https:\/\/aprh.pt\/wp-content\/uploads\/2022\/12\/NRS-12dez2022_site-445x1024.jpg 445w, https:\/\/aprh.pt\/wp-content\/uploads\/2022\/12\/NRS-12dez2022_site-130x300.jpg 130w, https:\/\/aprh.pt\/wp-content\/uploads\/2022\/12\/NRS-12dez2022_site-768x1767.jpg 768w, https:\/\/aprh.pt\/wp-content\/uploads\/2022\/12\/NRS-12dez2022_site-668x1536.jpg 668w, https:\/\/aprh.pt\/wp-content\/uploads\/2022\/12\/NRS-12dez2022_site-890x2048.jpg 890w, https:\/\/aprh.pt\/wp-content\/uploads\/2022\/12\/NRS-12dez2022_site.jpg 1040w\" sizes=\"(max-width: 445px) 100vw, 445px\" \/>\t\t\t\t\t\t\t\t\t\t\t\t\t<\/div>\n\t\t\t\t<\/div>\n\t\t\t\t\t<\/div>\n\t\t<\/div>\n\t\t\t\t<div class=\"elementor-column elementor-col-50 elementor-top-column elementor-element elementor-element-2fcb70d4\" data-id=\"2fcb70d4\" data-element_type=\"column\">\n\t\t\t<div class=\"elementor-widget-wrap elementor-element-populated\">\n\t\t\t\t\t\t<div class=\"elementor-element elementor-element-471cbd4f elementor-widget__width-auto elementor-widget elementor-widget-theme-post-excerpt\" data-id=\"471cbd4f\" data-element_type=\"widget\" data-widget_type=\"theme-post-excerpt.default\">\n\t\t\t\t<div class=\"elementor-widget-container\">\n\t\t\t12 DEZ\t\t<\/div>\n\t\t\t\t<\/div>\n\t\t\t\t<div class=\"elementor-element elementor-element-421a8d2e elementor-widget elementor-widget-theme-post-title elementor-page-title elementor-widget-heading\" data-id=\"421a8d2e\" data-element_type=\"widget\" data-widget_type=\"theme-post-title.default\">\n\t\t\t\t<div class=\"elementor-widget-container\">\n\t\t\t<h1 class=\"elementor-heading-title elementor-size-default\">A import\u00e2ncia da recarga artificial de aqu\u00edferos em situa\u00e7\u00f5es de escassez<\/h1>\t\t<\/div>\n\t\t\t\t<\/div>\n\t\t\t\t<div class=\"elementor-element elementor-element-334479e elementor-widget elementor-widget-heading\" data-id=\"334479e\" data-element_type=\"widget\" data-widget_type=\"heading.default\">\n\t\t\t\t<div class=\"elementor-widget-container\">\n\t\t\t<h3 class=\"elementor-heading-title elementor-size-default\">Ciclo de Debates APRH | NRS<\/h3>\t\t<\/div>\n\t\t\t\t<\/div>\n\t\t\t\t<div class=\"elementor-element elementor-element-74fd15c0 elementor-widget elementor-widget-text-editor\" data-id=\"74fd15c0\" data-element_type=\"widget\" data-widget_type=\"text-editor.default\">\n\t\t\t\t<div class=\"elementor-widget-container\">\n\t\t\t\t\t\t\t<p><strong>12 de dezembro de 2022 | 18h<\/strong><\/p><p>via Zoom<\/p><p>Poster (<a href=\"https:\/\/www.aprh.pt\/images\/stories\/pdf\/CD_S01.pdf\" target=\"_blank\" rel=\"attachment noopener wp-att-61325\">PDF<\/a>)<\/p>\t\t\t\t\t\t<\/div>\n\t\t\t\t<\/div>\n\t\t\t\t<div class=\"elementor-element elementor-element-5222164 elementor-share-buttons--view-icon elementor-share-buttons--skin-flat elementor-share-buttons--shape-circle elementor-share-buttons--align-right elementor-share-buttons--color-custom elementor-grid-0 elementor-widget elementor-widget-share-buttons\" data-id=\"5222164\" data-element_type=\"widget\" data-widget_type=\"share-buttons.default\">\n\t\t\t\t<div class=\"elementor-widget-container\">\n\t\t\t\t\t<div class=\"elementor-grid\">\n\t\t\t\t\t\t\t\t<div class=\"elementor-grid-item\">\n\t\t\t\t\t\t<div\n\t\t\t\t\t\t\tclass=\"elementor-share-btn elementor-share-btn_facebook\"\n\t\t\t\t\t\t\trole=\"button\"\n\t\t\t\t\t\t\ttabindex=\"0\"\n\t\t\t\t\t\t\taria-label=\"Share on facebook\"\n\t\t\t\t\t\t>\n\t\t\t\t\t\t\t\t\t\t\t\t\t\t\t<span class=\"elementor-share-btn__icon\">\n\t\t\t\t\t\t\t\t<i class=\"fab fa-facebook\" aria-hidden=\"true\"><\/i>\t\t\t\t\t\t\t<\/span>\n\t\t\t\t\t\t\t\t\t\t\t\t\t\t\t\t\t\t\t\t<\/div>\n\t\t\t\t\t<\/div>\n\t\t\t\t\t\t\t\t\t<div class=\"elementor-grid-item\">\n\t\t\t\t\t\t<div\n\t\t\t\t\t\t\tclass=\"elementor-share-btn elementor-share-btn_twitter\"\n\t\t\t\t\t\t\trole=\"button\"\n\t\t\t\t\t\t\ttabindex=\"0\"\n\t\t\t\t\t\t\taria-label=\"Share on twitter\"\n\t\t\t\t\t\t>\n\t\t\t\t\t\t\t\t\t\t\t\t\t\t\t<span class=\"elementor-share-btn__icon\">\n\t\t\t\t\t\t\t\t<i class=\"fab fa-twitter\" aria-hidden=\"true\"><\/i>\t\t\t\t\t\t\t<\/span>\n\t\t\t\t\t\t\t\t\t\t\t\t\t\t\t\t\t\t\t\t<\/div>\n\t\t\t\t\t<\/div>\n\t\t\t\t\t\t\t\t\t<div class=\"elementor-grid-item\">\n\t\t\t\t\t\t<div\n\t\t\t\t\t\t\tclass=\"elementor-share-btn elementor-share-btn_linkedin\"\n\t\t\t\t\t\t\trole=\"button\"\n\t\t\t\t\t\t\ttabindex=\"0\"\n\t\t\t\t\t\t\taria-label=\"Share on linkedin\"\n\t\t\t\t\t\t>\n\t\t\t\t\t\t\t\t\t\t\t\t\t\t\t<span class=\"elementor-share-btn__icon\">\n\t\t\t\t\t\t\t\t<i class=\"fab fa-linkedin\" aria-hidden=\"true\"><\/i>\t\t\t\t\t\t\t<\/span>\n\t\t\t\t\t\t\t\t\t\t\t\t\t\t\t\t\t\t\t\t<\/div>\n\t\t\t\t\t<\/div>\n\t\t\t\t\t\t<\/div>\n\t\t\t\t<\/div>\n\t\t\t\t<\/div>\n\t\t\t\t\t<\/div>\n\t\t<\/div>\n\t\t\t\t\t<\/div>\n\t\t<\/section>\n\t\t\t\t<section class=\"elementor-section elementor-top-section elementor-element elementor-element-56b1740 elementor-section-boxed elementor-section-height-default elementor-section-height-default\" data-id=\"56b1740\" data-element_type=\"section\">\n\t\t\t\t\t\t<div class=\"elementor-container elementor-column-gap-no\">\n\t\t\t\t\t<div class=\"elementor-column elementor-col-100 elementor-top-column elementor-element elementor-element-499df35f\" data-id=\"499df35f\" data-element_type=\"column\">\n\t\t\t<div class=\"elementor-widget-wrap elementor-element-populated\">\n\t\t\t\t\t\t<div class=\"elementor-element elementor-element-7dd00d81 tabs_eventos elementor-tabs-view-horizontal elementor-widget elementor-widget-tabs\" data-id=\"7dd00d81\" data-element_type=\"widget\" data-widget_type=\"tabs.default\">\n\t\t\t\t<div class=\"elementor-widget-container\">\n\t\t\t\t\t<div class=\"elementor-tabs\">\n\t\t\t<div class=\"elementor-tabs-wrapper\" role=\"tablist\" >\n\t\t\t\t\t\t\t\t\t<div id=\"elementor-tab-title-2111\" class=\"elementor-tab-title elementor-tab-desktop-title\" aria-selected=\"true\" data-tab=\"1\" role=\"tab\" tabindex=\"0\" aria-controls=\"elementor-tab-content-2111\" aria-expanded=\"false\">Apresenta\u00e7\u00e3o<\/div>\n\t\t\t\t\t\t\t\t\t<div id=\"elementor-tab-title-2112\" class=\"elementor-tab-title elementor-tab-desktop-title\" aria-selected=\"false\" data-tab=\"2\" role=\"tab\" tabindex=\"-1\" aria-controls=\"elementor-tab-content-2112\" aria-expanded=\"false\">Inscri\u00e7\u00f5es<\/div>\n\t\t\t\t\t\t\t\t\t<div id=\"elementor-tab-title-2113\" class=\"elementor-tab-title elementor-tab-desktop-title\" aria-selected=\"false\" data-tab=\"3\" role=\"tab\" tabindex=\"-1\" aria-controls=\"elementor-tab-content-2113\" aria-expanded=\"false\">Relato<\/div>\n\t\t\t\t\t\t\t\t\t<div id=\"elementor-tab-title-2114\" class=\"elementor-tab-title elementor-tab-desktop-title\" aria-selected=\"false\" data-tab=\"4\" role=\"tab\" tabindex=\"-1\" aria-controls=\"elementor-tab-content-2114\" aria-expanded=\"false\">V\u00eddeo da sess\u00e3o<\/div>\n\t\t\t\t\t\t\t<\/div>\n\t\t\t<div class=\"elementor-tabs-content-wrapper\" role=\"tablist\" aria-orientation=\"vertical\">\n\t\t\t\t\t\t\t\t\t<div class=\"elementor-tab-title elementor-tab-mobile-title\" aria-selected=\"true\" data-tab=\"1\" role=\"tab\" tabindex=\"0\" aria-controls=\"elementor-tab-content-2111\" aria-expanded=\"false\">Apresenta\u00e7\u00e3o<\/div>\n\t\t\t\t\t<div id=\"elementor-tab-content-2111\" class=\"elementor-tab-content elementor-clearfix\" data-tab=\"1\" role=\"tabpanel\" aria-labelledby=\"elementor-tab-title-2111\" tabindex=\"0\" hidden=\"false\"><p>Tendo sido confrontada com v\u00e1rios per\u00edodos de secas e de escassez de \u00e1gua na \u00faltima d\u00e9cada, a Comiss\u00e3o Europeia tomou a iniciativa de, definitivamente, enfrentar esses desafios O principal objetivo global da pol\u00edtica da \u00e1gua da UE \u00e9 garantir o acesso \u00e0 \u00e1gua de boa qualidade e em quantidade suficiente a todos os europeus (pol\u00edtica da UE sobre a escassez de \u00e1gua e as secas), e garantir um bom estado de todas as massas de \u00e1gua na Uni\u00e3o (Diretiva Quadro da \u00c1gua).<\/p><p>A Gest\u00e3o da Recarga de Aqu\u00edferos, comummente designada por Recarga Artificial de Aqu\u00edferos ( contribuir\u00e1 para o cumprimento dos objetivos ambientais da Diretiva Quadro da \u00c1gua, ou seja, a melhoria dos aspetos quantitativos e qualitativos das \u00e1guas de superf\u00edcie e subterr\u00e2neas, e dos ecossistemas.<\/p><p>O armazenamento de \u00e1gua em aqu\u00edferos, em \u00e9pocas de excedentes h\u00eddricos, pode ajudar a resolver situa\u00e7\u00f5es de escassez de \u00e1gua existentes em muitas regi\u00f5es da bacia mediterr\u00e2nica A qualidade da \u00e1gua pode ser melhorada pelo transporte no meio subterr\u00e2neo e pelo armazenamento no aqu\u00edfero, favorecendo rea\u00e7\u00f5es qu\u00edmicas e biol\u00f3gicas A gest\u00e3o da recarga artificial de aqu\u00edferos, os sistemas de tratamento no solo e no aqu\u00edfero, bem como o armazenamento e a recupera\u00e7\u00e3o da \u00e1gua infiltrada podem ser uma das chaves para uma melhor gest\u00e3o dos recursos h\u00eddricos.<\/p><\/div>\n\t\t\t\t\t\t\t\t\t<div class=\"elementor-tab-title elementor-tab-mobile-title\" aria-selected=\"false\" data-tab=\"2\" role=\"tab\" tabindex=\"-1\" aria-controls=\"elementor-tab-content-2112\" aria-expanded=\"false\">Inscri\u00e7\u00f5es<\/div>\n\t\t\t\t\t<div id=\"elementor-tab-content-2112\" class=\"elementor-tab-content elementor-clearfix\" data-tab=\"2\" role=\"tabpanel\" aria-labelledby=\"elementor-tab-title-2112\" tabindex=\"0\" hidden=\"hidden\"><p>Inscri\u00e7\u00f5es gratuitas, mas obrigat\u00f3rias<\/p><\/div>\n\t\t\t\t\t\t\t\t\t<div class=\"elementor-tab-title elementor-tab-mobile-title\" aria-selected=\"false\" data-tab=\"3\" role=\"tab\" tabindex=\"-1\" aria-controls=\"elementor-tab-content-2113\" aria-expanded=\"false\">Relato<\/div>\n\t\t\t\t\t<div id=\"elementor-tab-content-2113\" class=\"elementor-tab-content elementor-clearfix\" data-tab=\"3\" role=\"tabpanel\" aria-labelledby=\"elementor-tab-title-2113\" tabindex=\"0\" hidden=\"hidden\"><p>No \u00e2mbito do plano de atividades do N\u00facleo Regional do Sul da APRH ocorreu no passado dia 12 de dezembro a 1\u00aa sess\u00e3o do ciclo de debates em torno dos Recursos H\u00eddricos com o tema <strong>\u201cA import\u00e2ncia da recarga artificial de aqu\u00edferos em situa\u00e7\u00f5es de escassez\u201d.<\/strong><\/p><p>Atendendo \u00e0 prevista diminui\u00e7\u00e3o futura dos valores das precipita\u00e7\u00f5es e das disponibilidades h\u00eddricas superficiais que se esperam para a regi\u00e3o Sul do pa\u00eds apresentada pelos diferentes organismos mundiais incluindo o IPCC a par com o aumento crescente das necessidades de \u00e1gua a Sul, com especial relevo para a agricultura, onde a superf\u00edcie regada j\u00e1 \u00e9 superior a 200\u00a0000 ha, torna-se urgente a altera\u00e7\u00e3o de paradigma com vista a uma verdadeira abordagem de Gest\u00e3o Integrada de Recursos H\u00eddricos.<\/p><p>\u00c9 neste enquadramento que o tema da Recarga Artificial de Aqu\u00edferos (MAR) assume especial import\u00e2ncia nos anos em que ocorrem excedentes h\u00eddricos permitindo o armazenamento de \u00e1gua em condi\u00e7\u00f5es muito vantajosas ao n\u00edvel dos aspetos de qualidade da \u00e1gua e de sustentabilidade ambiental na rela\u00e7\u00e3o solo-\u00e1gua-biota, permitindo refor\u00e7ar a capacidade dos aqu\u00edferos enquanto importante origem de \u00e1gua.<\/p><p>Para o efeito esta 1\u00aa sess\u00e3o contou com a ilustre presen\u00e7a do orador Dr. Jo\u00e3o Paulo Lobo Ferreira (Investigador-Coordenador do LNEC) que apresentou in\u00fameros exemplos de estudos e projetos de investiga\u00e7\u00e3o cient\u00edfica nacionais e internacionais, de coopera\u00e7\u00e3o internacional assim como sugest\u00f5es para mitiga\u00e7\u00e3o de cheias e secas no Sul de Portugal Continental o que permitiu alimentar um acesso debate com m\u00faltiplas quest\u00f5es a serem colocadas pela audi\u00eancia.<\/p><\/div>\n\t\t\t\t\t\t\t\t\t<div class=\"elementor-tab-title elementor-tab-mobile-title\" aria-selected=\"false\" data-tab=\"4\" role=\"tab\" tabindex=\"-1\" aria-controls=\"elementor-tab-content-2114\" aria-expanded=\"false\">V\u00eddeo da sess\u00e3o<\/div>\n\t\t\t\t\t<div id=\"elementor-tab-content-2114\" class=\"elementor-tab-content elementor-clearfix\" data-tab=\"4\" role=\"tabpanel\" aria-labelledby=\"elementor-tab-title-2114\" tabindex=\"0\" hidden=\"hidden\"><p><iframe title=\"A import\u00e2ncia da recarga artificial de aqu\u00edferos em situa\u00e7\u00f5es de escassez\" width=\"500\" height=\"281\" src=\"https:\/\/www.youtube.com\/embed\/Fr6NUgirs-g?feature=oembed\" frameborder=\"0\" allow=\"accelerometer; autoplay; clipboard-write; encrypted-media; gyroscope; picture-in-picture; web-share\" referrerpolicy=\"strict-origin-when-cross-origin\" allowfullscreen><\/iframe><\/p><\/div>\n\t\t\t\t\t\t\t<\/div>\n\t\t<\/div>\n\t\t\t\t<\/div>\n\t\t\t\t<\/div>\n\t\t\t\t<div class=\"elementor-element elementor-element-49d59395 elementor-widget elementor-widget-global elementor-global-500 elementor-widget-spacer\" data-id=\"49d59395\" data-element_type=\"widget\" data-widget_type=\"spacer.default\">\n\t\t\t\t<div class=\"elementor-widget-container\">\n\t\t\t\t\t<div class=\"elementor-spacer\">\n\t\t\t<div class=\"elementor-spacer-inner\"><\/div>\n\t\t<\/div>\n\t\t\t\t<\/div>\n\t\t\t\t<\/div>\n\t\t\t\t\t<\/div>\n\t\t<\/div>\n\t\t\t\t\t<\/div>\n\t\t<\/section>\n\t\t\t\t<\/div>\n\t\t","protected":false},"excerpt":{"rendered":"<p>12 DEZ<\/p>\n","protected":false},"author":2,"featured_media":61322,"comment_status":"closed","ping_status":"closed","sticky":false,"template":"","format":"standard","meta":{"footnotes":""},"categories":[31],"tags":[],"class_list":["post-61320","post","type-post","status-publish","format-standard","has-post-thumbnail","hentry","category-passados-2022"],"yoast_head":"<!-- This site is optimized with the Yoast SEO plugin v23.8 - https:\/\/yoast.com\/wordpress\/plugins\/seo\/ -->\n<title>A import\u00e2ncia da recarga artificial de aqu\u00edferos em situa\u00e7\u00f5es de escassez - APRH<\/title>\n<meta name=\"robots\" content=\"index, follow, max-snippet:-1, max-image-preview:large, max-video-preview:-1\" \/>\n<link rel=\"canonical\" href=\"https:\/\/aprh.pt\/pt\/eventos\/organizados-pela-aprh\/passados-2022\/a-importancia-da-recarga-artificial-de-aquiferos-em-situacoes-de-escassez\/\" \/>\n<meta property=\"og:locale\" content=\"pt_PT\" \/>\n<meta property=\"og:type\" content=\"article\" \/>\n<meta property=\"og:title\" content=\"A import\u00e2ncia da recarga artificial de aqu\u00edferos em situa\u00e7\u00f5es de escassez - APRH\" \/>\n<meta property=\"og:description\" content=\"12 DEZ\" \/>\n<meta property=\"og:url\" content=\"https:\/\/aprh.pt\/pt\/eventos\/organizados-pela-aprh\/passados-2022\/a-importancia-da-recarga-artificial-de-aquiferos-em-situacoes-de-escassez\/\" \/>\n<meta property=\"og:site_name\" content=\"APRH\" \/>\n<meta property=\"article:published_time\" content=\"2022-12-12T10:34:23+00:00\" \/>\n<meta property=\"article:modified_time\" content=\"2024-10-24T09:54:48+00:00\" \/>\n<meta property=\"og:image\" content=\"https:\/\/aprh.pt\/wp-content\/uploads\/2022\/12\/NRS-12dez2022_site.jpg\" \/>\n\t<meta property=\"og:image:width\" content=\"1040\" \/>\n\t<meta property=\"og:image:height\" content=\"2393\" \/>\n\t<meta property=\"og:image:type\" content=\"image\/jpeg\" \/>\n<meta name=\"author\" content=\"Andr\u00e9\" \/>\n<meta name=\"twitter:card\" content=\"summary_large_image\" \/>\n<meta name=\"twitter:label1\" content=\"Escrito por\" \/>\n\t<meta name=\"twitter:data1\" content=\"Andr\u00e9\" \/>\n\t<meta name=\"twitter:label2\" content=\"Tempo estimado de leitura\" \/>\n\t<meta name=\"twitter:data2\" content=\"3 minutos\" \/>\n<script type=\"application\/ld+json\" class=\"yoast-schema-graph\">{\"@context\":\"https:\/\/schema.org\",\"@graph\":[{\"@type\":\"Article\",\"@id\":\"https:\/\/aprh.pt\/pt\/eventos\/organizados-pela-aprh\/passados-2022\/a-importancia-da-recarga-artificial-de-aquiferos-em-situacoes-de-escassez\/#article\",\"isPartOf\":{\"@id\":\"https:\/\/aprh.pt\/pt\/eventos\/organizados-pela-aprh\/passados-2022\/a-importancia-da-recarga-artificial-de-aquiferos-em-situacoes-de-escassez\/\"},\"author\":{\"name\":\"Andr\u00e9\",\"@id\":\"https:\/\/aprh.pt\/pt\/#\/schema\/person\/ef01fd0cbbfc5df175ba0784a9b613c8\"},\"headline\":\"A import\u00e2ncia da recarga artificial de aqu\u00edferos em situa\u00e7\u00f5es de escassez\",\"datePublished\":\"2022-12-12T10:34:23+00:00\",\"dateModified\":\"2024-10-24T09:54:48+00:00\",\"mainEntityOfPage\":{\"@id\":\"https:\/\/aprh.pt\/pt\/eventos\/organizados-pela-aprh\/passados-2022\/a-importancia-da-recarga-artificial-de-aquiferos-em-situacoes-de-escassez\/\"},\"wordCount\":567,\"publisher\":{\"@id\":\"https:\/\/aprh.pt\/pt\/#organization\"},\"image\":{\"@id\":\"https:\/\/aprh.pt\/pt\/eventos\/organizados-pela-aprh\/passados-2022\/a-importancia-da-recarga-artificial-de-aquiferos-em-situacoes-de-escassez\/#primaryimage\"},\"thumbnailUrl\":\"https:\/\/aprh.pt\/wp-content\/uploads\/2022\/12\/NRS-12dez2022_site.jpg\",\"articleSection\":[\"Passados 2022\"],\"inLanguage\":\"pt-PT\"},{\"@type\":\"WebPage\",\"@id\":\"https:\/\/aprh.pt\/pt\/eventos\/organizados-pela-aprh\/passados-2022\/a-importancia-da-recarga-artificial-de-aquiferos-em-situacoes-de-escassez\/\",\"url\":\"https:\/\/aprh.pt\/pt\/eventos\/organizados-pela-aprh\/passados-2022\/a-importancia-da-recarga-artificial-de-aquiferos-em-situacoes-de-escassez\/\",\"name\":\"A import\u00e2ncia da recarga artificial de aqu\u00edferos em situa\u00e7\u00f5es de escassez - APRH\",\"isPartOf\":{\"@id\":\"https:\/\/aprh.pt\/pt\/#website\"},\"primaryImageOfPage\":{\"@id\":\"https:\/\/aprh.pt\/pt\/eventos\/organizados-pela-aprh\/passados-2022\/a-importancia-da-recarga-artificial-de-aquiferos-em-situacoes-de-escassez\/#primaryimage\"},\"image\":{\"@id\":\"https:\/\/aprh.pt\/pt\/eventos\/organizados-pela-aprh\/passados-2022\/a-importancia-da-recarga-artificial-de-aquiferos-em-situacoes-de-escassez\/#primaryimage\"},\"thumbnailUrl\":\"https:\/\/aprh.pt\/wp-content\/uploads\/2022\/12\/NRS-12dez2022_site.jpg\",\"datePublished\":\"2022-12-12T10:34:23+00:00\",\"dateModified\":\"2024-10-24T09:54:48+00:00\",\"breadcrumb\":{\"@id\":\"https:\/\/aprh.pt\/pt\/eventos\/organizados-pela-aprh\/passados-2022\/a-importancia-da-recarga-artificial-de-aquiferos-em-situacoes-de-escassez\/#breadcrumb\"},\"inLanguage\":\"pt-PT\",\"potentialAction\":[{\"@type\":\"ReadAction\",\"target\":[\"https:\/\/aprh.pt\/pt\/eventos\/organizados-pela-aprh\/passados-2022\/a-importancia-da-recarga-artificial-de-aquiferos-em-situacoes-de-escassez\/\"]}]},{\"@type\":\"ImageObject\",\"inLanguage\":\"pt-PT\",\"@id\":\"https:\/\/aprh.pt\/pt\/eventos\/organizados-pela-aprh\/passados-2022\/a-importancia-da-recarga-artificial-de-aquiferos-em-situacoes-de-escassez\/#primaryimage\",\"url\":\"https:\/\/aprh.pt\/wp-content\/uploads\/2022\/12\/NRS-12dez2022_site.jpg\",\"contentUrl\":\"https:\/\/aprh.pt\/wp-content\/uploads\/2022\/12\/NRS-12dez2022_site.jpg\",\"width\":1040,\"height\":2393},{\"@type\":\"BreadcrumbList\",\"@id\":\"https:\/\/aprh.pt\/pt\/eventos\/organizados-pela-aprh\/passados-2022\/a-importancia-da-recarga-artificial-de-aquiferos-em-situacoes-de-escassez\/#breadcrumb\",\"itemListElement\":[{\"@type\":\"ListItem\",\"position\":1,\"name\":\"Home\",\"item\":\"https:\/\/aprh.pt\/pt\/\"},{\"@type\":\"ListItem\",\"position\":2,\"name\":\"Eventos\",\"item\":\"https:\/\/aprh.pt\/pt\/category\/eventos\/\"},{\"@type\":\"ListItem\",\"position\":3,\"name\":\"Organizados pela APRH\",\"item\":\"https:\/\/aprh.pt\/pt\/category\/eventos\/organizados-pela-aprh\/\"},{\"@type\":\"ListItem\",\"position\":4,\"name\":\"Passados 2022\",\"item\":\"https:\/\/aprh.pt\/pt\/category\/eventos\/organizados-pela-aprh\/passados-2022\/\"},{\"@type\":\"ListItem\",\"position\":5,\"name\":\"A import\u00e2ncia da recarga artificial de aqu\u00edferos em situa\u00e7\u00f5es de escassez\"}]},{\"@type\":\"WebSite\",\"@id\":\"https:\/\/aprh.pt\/pt\/#website\",\"url\":\"https:\/\/aprh.pt\/pt\/\",\"name\":\"APRH\",\"description\":\"Associa\u00e7\u00e3o Portuguesa dos Recursos H\u00eddricos\",\"publisher\":{\"@id\":\"https:\/\/aprh.pt\/pt\/#organization\"},\"potentialAction\":[{\"@type\":\"SearchAction\",\"target\":{\"@type\":\"EntryPoint\",\"urlTemplate\":\"https:\/\/aprh.pt\/pt\/?s={search_term_string}\"},\"query-input\":{\"@type\":\"PropertyValueSpecification\",\"valueRequired\":true,\"valueName\":\"search_term_string\"}}],\"inLanguage\":\"pt-PT\"},{\"@type\":\"Organization\",\"@id\":\"https:\/\/aprh.pt\/pt\/#organization\",\"name\":\"APRH\",\"url\":\"https:\/\/aprh.pt\/pt\/\",\"logo\":{\"@type\":\"ImageObject\",\"inLanguage\":\"pt-PT\",\"@id\":\"https:\/\/aprh.pt\/pt\/#\/schema\/logo\/image\/\",\"url\":\"https:\/\/aprh.pt\/wp-content\/uploads\/2022\/04\/logotipo.png\",\"contentUrl\":\"https:\/\/aprh.pt\/wp-content\/uploads\/2022\/04\/logotipo.png\",\"width\":181,\"height\":80,\"caption\":\"APRH\"},\"image\":{\"@id\":\"https:\/\/aprh.pt\/pt\/#\/schema\/logo\/image\/\"}},{\"@type\":\"Person\",\"@id\":\"https:\/\/aprh.pt\/pt\/#\/schema\/person\/ef01fd0cbbfc5df175ba0784a9b613c8\",\"name\":\"Andr\u00e9\",\"image\":{\"@type\":\"ImageObject\",\"inLanguage\":\"pt-PT\",\"@id\":\"https:\/\/aprh.pt\/pt\/#\/schema\/person\/image\/\",\"url\":\"https:\/\/secure.gravatar.com\/avatar\/f19c31d559f92a15766b9e9ddc230f85?s=96&d=mm&r=g\",\"contentUrl\":\"https:\/\/secure.gravatar.com\/avatar\/f19c31d559f92a15766b9e9ddc230f85?s=96&d=mm&r=g\",\"caption\":\"Andr\u00e9\"},\"url\":\"https:\/\/aprh.pt\/pt\/author\/aprh\/\"}]}<\/script>\n<!-- \/ Yoast SEO plugin. -->","yoast_head_json":{"title":"A import\u00e2ncia da recarga artificial de aqu\u00edferos em situa\u00e7\u00f5es de escassez - APRH","robots":{"index":"index","follow":"follow","max-snippet":"max-snippet:-1","max-image-preview":"max-image-preview:large","max-video-preview":"max-video-preview:-1"},"canonical":"https:\/\/aprh.pt\/pt\/eventos\/organizados-pela-aprh\/passados-2022\/a-importancia-da-recarga-artificial-de-aquiferos-em-situacoes-de-escassez\/","og_locale":"pt_PT","og_type":"article","og_title":"A import\u00e2ncia da recarga artificial de aqu\u00edferos em situa\u00e7\u00f5es de escassez - APRH","og_description":"12 DEZ","og_url":"https:\/\/aprh.pt\/pt\/eventos\/organizados-pela-aprh\/passados-2022\/a-importancia-da-recarga-artificial-de-aquiferos-em-situacoes-de-escassez\/","og_site_name":"APRH","article_published_time":"2022-12-12T10:34:23+00:00","article_modified_time":"2024-10-24T09:54:48+00:00","og_image":[{"width":1040,"height":2393,"url":"https:\/\/aprh.pt\/wp-content\/uploads\/2022\/12\/NRS-12dez2022_site.jpg","type":"image\/jpeg"}],"author":"Andr\u00e9","twitter_card":"summary_large_image","twitter_misc":{"Escrito por":"Andr\u00e9","Tempo estimado de leitura":"3 minutos"},"schema":{"@context":"https:\/\/schema.org","@graph":[{"@type":"Article","@id":"https:\/\/aprh.pt\/pt\/eventos\/organizados-pela-aprh\/passados-2022\/a-importancia-da-recarga-artificial-de-aquiferos-em-situacoes-de-escassez\/#article","isPartOf":{"@id":"https:\/\/aprh.pt\/pt\/eventos\/organizados-pela-aprh\/passados-2022\/a-importancia-da-recarga-artificial-de-aquiferos-em-situacoes-de-escassez\/"},"author":{"name":"Andr\u00e9","@id":"https:\/\/aprh.pt\/pt\/#\/schema\/person\/ef01fd0cbbfc5df175ba0784a9b613c8"},"headline":"A import\u00e2ncia da recarga artificial de aqu\u00edferos em situa\u00e7\u00f5es de escassez","datePublished":"2022-12-12T10:34:23+00:00","dateModified":"2024-10-24T09:54:48+00:00","mainEntityOfPage":{"@id":"https:\/\/aprh.pt\/pt\/eventos\/organizados-pela-aprh\/passados-2022\/a-importancia-da-recarga-artificial-de-aquiferos-em-situacoes-de-escassez\/"},"wordCount":567,"publisher":{"@id":"https:\/\/aprh.pt\/pt\/#organization"},"image":{"@id":"https:\/\/aprh.pt\/pt\/eventos\/organizados-pela-aprh\/passados-2022\/a-importancia-da-recarga-artificial-de-aquiferos-em-situacoes-de-escassez\/#primaryimage"},"thumbnailUrl":"https:\/\/aprh.pt\/wp-content\/uploads\/2022\/12\/NRS-12dez2022_site.jpg","articleSection":["Passados 2022"],"inLanguage":"pt-PT"},{"@type":"WebPage","@id":"https:\/\/aprh.pt\/pt\/eventos\/organizados-pela-aprh\/passados-2022\/a-importancia-da-recarga-artificial-de-aquiferos-em-situacoes-de-escassez\/","url":"https:\/\/aprh.pt\/pt\/eventos\/organizados-pela-aprh\/passados-2022\/a-importancia-da-recarga-artificial-de-aquiferos-em-situacoes-de-escassez\/","name":"A import\u00e2ncia da recarga artificial de aqu\u00edferos em situa\u00e7\u00f5es de escassez - APRH","isPartOf":{"@id":"https:\/\/aprh.pt\/pt\/#website"},"primaryImageOfPage":{"@id":"https:\/\/aprh.pt\/pt\/eventos\/organizados-pela-aprh\/passados-2022\/a-importancia-da-recarga-artificial-de-aquiferos-em-situacoes-de-escassez\/#primaryimage"},"image":{"@id":"https:\/\/aprh.pt\/pt\/eventos\/organizados-pela-aprh\/passados-2022\/a-importancia-da-recarga-artificial-de-aquiferos-em-situacoes-de-escassez\/#primaryimage"},"thumbnailUrl":"https:\/\/aprh.pt\/wp-content\/uploads\/2022\/12\/NRS-12dez2022_site.jpg","datePublished":"2022-12-12T10:34:23+00:00","dateModified":"2024-10-24T09:54:48+00:00","breadcrumb":{"@id":"https:\/\/aprh.pt\/pt\/eventos\/organizados-pela-aprh\/passados-2022\/a-importancia-da-recarga-artificial-de-aquiferos-em-situacoes-de-escassez\/#breadcrumb"},"inLanguage":"pt-PT","potentialAction":[{"@type":"ReadAction","target":["https:\/\/aprh.pt\/pt\/eventos\/organizados-pela-aprh\/passados-2022\/a-importancia-da-recarga-artificial-de-aquiferos-em-situacoes-de-escassez\/"]}]},{"@type":"ImageObject","inLanguage":"pt-PT","@id":"https:\/\/aprh.pt\/pt\/eventos\/organizados-pela-aprh\/passados-2022\/a-importancia-da-recarga-artificial-de-aquiferos-em-situacoes-de-escassez\/#primaryimage","url":"https:\/\/aprh.pt\/wp-content\/uploads\/2022\/12\/NRS-12dez2022_site.jpg","contentUrl":"https:\/\/aprh.pt\/wp-content\/uploads\/2022\/12\/NRS-12dez2022_site.jpg","width":1040,"height":2393},{"@type":"BreadcrumbList","@id":"https:\/\/aprh.pt\/pt\/eventos\/organizados-pela-aprh\/passados-2022\/a-importancia-da-recarga-artificial-de-aquiferos-em-situacoes-de-escassez\/#breadcrumb","itemListElement":[{"@type":"ListItem","position":1,"name":"Home","item":"https:\/\/aprh.pt\/pt\/"},{"@type":"ListItem","position":2,"name":"Eventos","item":"https:\/\/aprh.pt\/pt\/category\/eventos\/"},{"@type":"ListItem","position":3,"name":"Organizados pela APRH","item":"https:\/\/aprh.pt\/pt\/category\/eventos\/organizados-pela-aprh\/"},{"@type":"ListItem","position":4,"name":"Passados 2022","item":"https:\/\/aprh.pt\/pt\/category\/eventos\/organizados-pela-aprh\/passados-2022\/"},{"@type":"ListItem","position":5,"name":"A import\u00e2ncia da recarga artificial de aqu\u00edferos em situa\u00e7\u00f5es de escassez"}]},{"@type":"WebSite","@id":"https:\/\/aprh.pt\/pt\/#website","url":"https:\/\/aprh.pt\/pt\/","name":"APRH","description":"Associa\u00e7\u00e3o Portuguesa dos Recursos H\u00eddricos","publisher":{"@id":"https:\/\/aprh.pt\/pt\/#organization"},"potentialAction":[{"@type":"SearchAction","target":{"@type":"EntryPoint","urlTemplate":"https:\/\/aprh.pt\/pt\/?s={search_term_string}"},"query-input":{"@type":"PropertyValueSpecification","valueRequired":true,"valueName":"search_term_string"}}],"inLanguage":"pt-PT"},{"@type":"Organization","@id":"https:\/\/aprh.pt\/pt\/#organization","name":"APRH","url":"https:\/\/aprh.pt\/pt\/","logo":{"@type":"ImageObject","inLanguage":"pt-PT","@id":"https:\/\/aprh.pt\/pt\/#\/schema\/logo\/image\/","url":"https:\/\/aprh.pt\/wp-content\/uploads\/2022\/04\/logotipo.png","contentUrl":"https:\/\/aprh.pt\/wp-content\/uploads\/2022\/04\/logotipo.png","width":181,"height":80,"caption":"APRH"},"image":{"@id":"https:\/\/aprh.pt\/pt\/#\/schema\/logo\/image\/"}},{"@type":"Person","@id":"https:\/\/aprh.pt\/pt\/#\/schema\/person\/ef01fd0cbbfc5df175ba0784a9b613c8","name":"Andr\u00e9","image":{"@type":"ImageObject","inLanguage":"pt-PT","@id":"https:\/\/aprh.pt\/pt\/#\/schema\/person\/image\/","url":"https:\/\/secure.gravatar.com\/avatar\/f19c31d559f92a15766b9e9ddc230f85?s=96&d=mm&r=g","contentUrl":"https:\/\/secure.gravatar.com\/avatar\/f19c31d559f92a15766b9e9ddc230f85?s=96&d=mm&r=g","caption":"Andr\u00e9"},"url":"https:\/\/aprh.pt\/pt\/author\/aprh\/"}]}},"_links":{"self":[{"href":"https:\/\/aprh.pt\/pt\/wp-json\/wp\/v2\/posts\/61320","targetHints":{"allow":["GET"]}}],"collection":[{"href":"https:\/\/aprh.pt\/pt\/wp-json\/wp\/v2\/posts"}],"about":[{"href":"https:\/\/aprh.pt\/pt\/wp-json\/wp\/v2\/types\/post"}],"author":[{"embeddable":true,"href":"https:\/\/aprh.pt\/pt\/wp-json\/wp\/v2\/users\/2"}],"replies":[{"embeddable":true,"href":"https:\/\/aprh.pt\/pt\/wp-json\/wp\/v2\/comments?post=61320"}],"version-history":[{"count":28,"href":"https:\/\/aprh.pt\/pt\/wp-json\/wp\/v2\/posts\/61320\/revisions"}],"predecessor-version":[{"id":78245,"href":"https:\/\/aprh.pt\/pt\/wp-json\/wp\/v2\/posts\/61320\/revisions\/78245"}],"wp:featuredmedia":[{"embeddable":true,"href":"https:\/\/aprh.pt\/pt\/wp-json\/wp\/v2\/media\/61322"}],"wp:attachment":[{"href":"https:\/\/aprh.pt\/pt\/wp-json\/wp\/v2\/media?parent=61320"}],"wp:term":[{"taxonomy":"category","embeddable":true,"href":"https:\/\/aprh.pt\/pt\/wp-json\/wp\/v2\/categories?post=61320"},{"taxonomy":"post_tag","embeddable":true,"href":"https:\/\/aprh.pt\/pt\/wp-json\/wp\/v2\/tags?post=61320"}],"curies":[{"name":"wp","href":"https:\/\/api.w.org\/{rel}","templated":true}]}}