{"id":64063,"date":"2023-01-30T15:25:30","date_gmt":"2023-01-30T15:25:30","guid":{"rendered":"https:\/\/www.aprh.pt\/?p=64063"},"modified":"2023-01-30T16:16:19","modified_gmt":"2023-01-30T16:16:19","slug":"agua-para-reutilizacao-na-agricultura","status":"publish","type":"post","link":"https:\/\/aprh.pt\/pt\/publicacoes\/artigos\/agua-para-reutilizacao-na-agricultura\/","title":{"rendered":"\u00c1gua para reutiliza\u00e7\u00e3o na agricultura"},"content":{"rendered":"\t\t<div data-elementor-type=\"wp-post\" data-elementor-id=\"64063\" class=\"elementor elementor-64063\" data-elementor-post-type=\"post\">\n\t\t\t\t\t\t<section class=\"elementor-section elementor-top-section elementor-element elementor-element-60035d6a elementor-section-boxed elementor-section-height-default elementor-section-height-default\" data-id=\"60035d6a\" data-element_type=\"section\">\n\t\t\t\t\t\t<div class=\"elementor-container elementor-column-gap-no\">\n\t\t\t\t\t<div class=\"elementor-column elementor-col-100 elementor-top-column elementor-element elementor-element-5bb35db1\" data-id=\"5bb35db1\" data-element_type=\"column\">\n\t\t\t<div class=\"elementor-widget-wrap elementor-element-populated\">\n\t\t\t\t\t\t<div class=\"elementor-element elementor-element-2bb28241 elementor-widget elementor-widget-global elementor-global-475 elementor-widget-spacer\" data-id=\"2bb28241\" data-element_type=\"widget\" data-widget_type=\"spacer.default\">\n\t\t\t\t<div class=\"elementor-widget-container\">\n\t\t\t\t\t<div class=\"elementor-spacer\">\n\t\t\t<div class=\"elementor-spacer-inner\"><\/div>\n\t\t<\/div>\n\t\t\t\t<\/div>\n\t\t\t\t<\/div>\n\t\t\t\t\t<\/div>\n\t\t<\/div>\n\t\t\t\t\t<\/div>\n\t\t<\/section>\n\t\t\t\t<section class=\"elementor-section elementor-top-section elementor-element elementor-element-958471e elementor-section-boxed elementor-section-height-default elementor-section-height-default\" data-id=\"958471e\" data-element_type=\"section\">\n\t\t\t\t\t\t<div class=\"elementor-container elementor-column-gap-no\">\n\t\t\t\t\t<div class=\"elementor-column elementor-col-25 elementor-top-column elementor-element elementor-element-29c2004d\" data-id=\"29c2004d\" data-element_type=\"column\">\n\t\t\t<div class=\"elementor-widget-wrap elementor-element-populated\">\n\t\t\t\t\t\t<div class=\"elementor-element elementor-element-639e6f68 elementor-widget elementor-widget-heading\" data-id=\"639e6f68\" data-element_type=\"widget\" data-widget_type=\"heading.default\">\n\t\t\t\t<div class=\"elementor-widget-container\">\n\t\t\t<h2 class=\"elementor-heading-title elementor-size-default\">\u00c1gua para reutiliza\u00e7\u00e3o na agricultura<\/h2>\t\t<\/div>\n\t\t\t\t<\/div>\n\t\t\t\t\t<\/div>\n\t\t<\/div>\n\t\t\t\t<div class=\"elementor-column elementor-col-50 elementor-top-column elementor-element elementor-element-57182877\" data-id=\"57182877\" data-element_type=\"column\">\n\t\t\t<div class=\"elementor-widget-wrap elementor-element-populated\">\n\t\t\t\t\t\t<div class=\"elementor-element elementor-element-64b26d9e elementor-widget elementor-widget-text-editor\" data-id=\"64b26d9e\" data-element_type=\"widget\" data-widget_type=\"text-editor.default\">\n\t\t\t\t<div class=\"elementor-widget-container\">\n\t\t\t\t\t\t\t<p>A n\u00edvel global, fatores como o r\u00e1pido crescimento populacional, o aumento significativo do consumo de \u00e1gua nas v\u00e1rias utiliza\u00e7\u00f5es econ\u00f3micas, o aumento da polui\u00e7\u00e3o das massas de \u00e1gua (superficiais e subterr\u00e2neas), e as mudan\u00e7as nos padr\u00f5es clim\u00e1ticos t\u00eam gerado uma procura crescente pelos recursos h\u00eddricos dispon\u00edveis, com o objetivo de produzir alimentos, energia e mat\u00e9ria-prima para a\u00a0ind\u00fastria. Este n\u00edvel de procura obriga a procurar e recorrer a fontes de \u00e1gua alternativas, como por exemplo, reutiliza\u00e7\u00e3o da \u00e1gua de rega e as \u00e1guas residuais tratadas, atualmente designadas por \u00c1gua para Reutiliza\u00e7\u00e3o (ApR).<\/p>\t\t\t\t\t\t<\/div>\n\t\t\t\t<\/div>\n\t\t\t\t<div class=\"elementor-element elementor-element-a96f815 elementor-widget elementor-widget-image\" data-id=\"a96f815\" data-element_type=\"widget\" data-widget_type=\"image.default\">\n\t\t\t\t<div class=\"elementor-widget-container\">\n\t\t\t\t\t\t\t\t\t\t\t\t\t<img fetchpriority=\"high\" decoding=\"async\" width=\"433\" height=\"404\" src=\"https:\/\/aprh.pt\/wp-content\/uploads\/2022\/02\/dfgsdfgsdfgsd.jpg\" class=\"attachment-large size-large wp-image-7668\" alt=\"\" srcset=\"https:\/\/aprh.pt\/wp-content\/uploads\/2022\/02\/dfgsdfgsdfgsd.jpg 433w, https:\/\/aprh.pt\/wp-content\/uploads\/2022\/02\/dfgsdfgsdfgsd-300x280.jpg 300w\" sizes=\"(max-width: 433px) 100vw, 433px\" \/>\t\t\t\t\t\t\t\t\t\t\t\t\t<\/div>\n\t\t\t\t<\/div>\n\t\t\t\t<div class=\"elementor-element elementor-element-992c167 elementor-widget elementor-widget-text-editor\" data-id=\"992c167\" data-element_type=\"widget\" data-widget_type=\"text-editor.default\">\n\t\t\t\t<div class=\"elementor-widget-container\">\n\t\t\t\t\t\t\t<p><span style=\"color: var( --e-global-color-text ); font-family: var( --e-global-typography-text-font-family ), Sans-serif; font-size: var( --e-global-typography-text-font-size ); font-style: var( --e-global-typography-text-font-style ); font-weight: var( --e-global-typography-text-font-weight ); text-transform: var( --e-global-typography-text-text-transform );\">Em Portugal, embora n\u00e3o se verifiquem exactamente as mesmas condi\u00e7\u00f5es descritas acima, o tema da ApR \u00e9 incontorn\u00e1vel.<\/span><\/p>\t\t\t\t\t\t<\/div>\n\t\t\t\t<\/div>\n\t\t\t\t<div class=\"elementor-element elementor-element-897dae8 elementor-widget elementor-widget-text-editor\" data-id=\"897dae8\" data-element_type=\"widget\" data-widget_type=\"text-editor.default\">\n\t\t\t\t<div class=\"elementor-widget-container\">\n\t\t\t\t\t\t\t<p>A possibilidade de utilizar ApR, prevista pelo Decreto-Lei n.\u00ba 119\/2019, de 21 de agosto, como parte do ciclo hidrol\u00f3gico \u00e9 uma evid\u00eancia da cont\u00ednua adapta\u00e7\u00e3o do ser humano ao meio ambiente, que poder\u00e1 ajudar a minimizar os problemas de escassez de \u00e1gua nas zonas semi\u00e1ridas, adaptar ao cen\u00e1rio de altera\u00e7\u00f5es\u00a0<span style=\"color: var( --e-global-color-text ); font-family: var( --e-global-typography-text-font-family ), Sans-serif; font-size: var( --e-global-typography-text-font-size ); font-style: var( --e-global-typography-text-font-style ); font-weight: var( --e-global-typography-text-font-weight ); text-transform: var( --e-global-typography-text-text-transform );\">clim\u00e1ticas e contribuir tamb\u00e9m para resolver um problema ambiental, associado ao impacto nocivo que a descarga das \u00e1guas efluentes, provenientes da atividade humana, t\u00eam no meio natural (solo e recursos h\u00eddricos).<\/span><\/p>\t\t\t\t\t\t<\/div>\n\t\t\t\t<\/div>\n\t\t\t\t<div class=\"elementor-element elementor-element-01ecc59 elementor-widget elementor-widget-text-editor\" data-id=\"01ecc59\" data-element_type=\"widget\" data-widget_type=\"text-editor.default\">\n\t\t\t\t<div class=\"elementor-widget-container\">\n\t\t\t\t\t\t\t<p>O Decreto-Lei define o regime jur\u00eddico da produ\u00e7\u00e3o de \u00e1gua para reutiliza\u00e7\u00e3o e estabelece que as \u00e1guas residuais tratadas devem ser reutilizadas sempre que poss\u00edvel, de modo a diminuir a press\u00e3o sobre os recursos h\u00eddricos. Este normativo legal prev\u00ea que as \u00e1guas residuais devem ter um tratamento adequado ao fim a que se destinam e promove a an\u00e1lise do risco da sua utiliza\u00e7\u00e3o (perigo) , tendo em vista a prote\u00e7\u00e3o dos recetores atrav\u00e9s da utiliza\u00e7\u00e3o de barreiras de seguran\u00e7a no tratamento e barreiras f\u00edsicas para reduzir o contacto com as pessoas e minimizar os riscos de degrada\u00e7\u00e3o do meio ambiente.<\/p>\t\t\t\t\t\t<\/div>\n\t\t\t\t<\/div>\n\t\t\t\t<div class=\"elementor-element elementor-element-ab4ab07 elementor-widget elementor-widget-text-editor\" data-id=\"ab4ab07\" data-element_type=\"widget\" data-widget_type=\"text-editor.default\">\n\t\t\t\t<div class=\"elementor-widget-container\">\n\t\t\t\t\t\t\t<p>Dentre as poss\u00edveis utiliza\u00e7\u00f5es que s\u00e3o dadas \u00e0 \u00e1gua residual tratada, o sector agr\u00edcola tem um peso consider\u00e1vel. O uso ambiental, especialmente as fun\u00e7\u00f5es de recarga de aqu\u00edferos e \u00a0\u00a0recupera\u00e7\u00e3o de \u00e1reas h\u00famidas, e os usos recreativos (especialmente campos de golfe), urbanos (e.g. rega de espa\u00e7os verdes) e industriais, s\u00e3o outras poss\u00edveis utiliza\u00e7\u00f5es dadas \u00e0s ApR.<\/p>\t\t\t\t\t\t<\/div>\n\t\t\t\t<\/div>\n\t\t\t\t<div class=\"elementor-element elementor-element-ef7a135 elementor-widget elementor-widget-text-editor\" data-id=\"ef7a135\" data-element_type=\"widget\" data-widget_type=\"text-editor.default\">\n\t\t\t\t<div class=\"elementor-widget-container\">\n\t\t\t\t\t\t\t<p>Diz-se que o uso de \u00e1gua residual tratada na agricultura \u00e9 uma op\u00e7\u00e3o para o futuro, aumentando a viabilidade t\u00e9cnica e econ\u00f3mica das culturas em muitas \u00e1reas onde a agricultura \u00e9 a atividade principal mas, atualmente, \u00e9 frequente ocorrerem per\u00edodos de escassez de \u00e1gua severos.<\/p>\t\t\t\t\t\t<\/div>\n\t\t\t\t<\/div>\n\t\t\t\t<div class=\"elementor-element elementor-element-04efb45 elementor-widget elementor-widget-text-editor\" data-id=\"04efb45\" data-element_type=\"widget\" data-widget_type=\"text-editor.default\">\n\t\t\t\t<div class=\"elementor-widget-container\">\n\t\t\t\t\t\t\t<p>Em Portugal, de facto existem regi\u00f5es, como o Alentejo e Algarve, onde a escassez de \u00e1gua \u00e9 uma realidade, e onde a agricultura \u00e9 a principal atividade econ\u00f3mica ou tem enorme relev\u00e2ncia, sendo atualmente o Alentejo uma das regi\u00f5es com maior \u00e1rea de regadio coletivo p\u00fablico, com relevante contributo para a riqueza do pa\u00eds. Tendo em conta que nesta regi\u00e3o \u00e9 onde simultaneamente existe uma forte atividade agr\u00edcola, e onde o clima \u00e9 classificado como semi\u00e1rido, seria nesta regi\u00e3o que a utiliza\u00e7\u00e3o de ApR poderia ter uma maior express\u00e3o na resolu\u00e7\u00e3o da falta de \u00e1gua. No entanto, \u00e9 uma regi\u00e3o com baixa densidade populacional, onde os volumes de ApR n\u00e3o conseguem suprir as necessidades das culturas. Portanto a utiliza\u00e7\u00e3o desta \u00e1gua est\u00e1 muito condicionada aos volumes existentes, podendo ser usada apenas como rega de complemento e, naturalmente, desde que tenha a qualidade adequada ao tipo de produ\u00e7\u00e3o agr\u00edcola.<\/p>\t\t\t\t\t\t<\/div>\n\t\t\t\t<\/div>\n\t\t\t\t<div class=\"elementor-element elementor-element-2d83f3c elementor-widget elementor-widget-text-editor\" data-id=\"2d83f3c\" data-element_type=\"widget\" data-widget_type=\"text-editor.default\">\n\t\t\t\t<div class=\"elementor-widget-container\">\n\t\t\t\t\t\t\t<p>Apesar da import\u00e2ncia da procura por fontes de \u00e1gua alternativas e a ApR apresentar vantagens, \u00e9 necess\u00e1rio refletir sobre alguns desafios sobre a sua utiliza\u00e7\u00e3o na agricultura, de forma a avaliar a sua exequibilidade. Assim sendo, dever\u00e3o ser ponderados os seguintes fatores:<\/p><ul><li>os custos associados ao apropriado tratamento da \u00e1gua, que obriga a um n\u00edvel de tratamento superior ao secund\u00e1rio, o que necessariamente onera o custo da \u00e1gua, tornando este custo muito superior ao custo atual, pondo em causa a viabilidade das culturas;<\/li><li>os custos associados ao transporte rodovi\u00e1rio ou atrav\u00e9s de condutas extensas e de grandes di\u00e2metros (da ETAR, normalmente junto dos grandes n\u00facleos urbanos, at\u00e9 ao utilizador final-explora\u00e7\u00e3o agr\u00edcola, espa\u00e7o rural);<\/li><li>os custos e a defini\u00e7\u00e3o da solu\u00e7\u00e3o para armazenar a \u00e1gua tratada, sem a sua posterior degrada\u00e7\u00e3o (o regime de produ\u00e7\u00e3o de ApR n\u00e3o coincide com as necessidades h\u00eddricas da campanha de rega, com excep\u00e7\u00e3o do caso do Algarve);<\/li><li>os custos energ\u00e9ticos para atender \u00e0 diferen\u00e7a de cotas entre o ponto de produ\u00e7\u00e3o das ApR e do consumidor agr\u00edcola e, ainda, \u00e0 necessidade de pressuriza\u00e7\u00e3o, que permite ganhos na efici\u00eancia h\u00eddrica;<\/li><li>a dificuldade em abastecer \u00e1reas dispersas que correspondem ao mosaico da ocupa\u00e7\u00e3o culturas do territ\u00f3rio, padr\u00e3o que permite responder \u00e0 atual realidade e \u00e0s exig\u00eancias ambientais;<\/li><li>a necessidade de capacitar os agricultores para utilizar as ApR;<\/li><li>a necessidade de adaptar os sistemas de rega, nomeadamente as filtragens, que dever\u00e3o estar preparados para a qualidade da \u00e1gua da ApR (risco de entupimento dos sistemas de distribui\u00e7\u00e3o e de aplica\u00e7\u00e3o da \u00e1gua nas parcelas);<\/li><li>os custos associados \u00e0 excessiva burocratiza\u00e7\u00e3o administrativa e envolv\u00eancia de in\u00fameros organismos da administra\u00e7\u00e3o p\u00fablica nos processos de licenciamento.<\/li><\/ul>\t\t\t\t\t\t<\/div>\n\t\t\t\t<\/div>\n\t\t\t\t<div class=\"elementor-element elementor-element-78c9574 elementor-widget elementor-widget-text-editor\" data-id=\"78c9574\" data-element_type=\"widget\" data-widget_type=\"text-editor.default\">\n\t\t\t\t<div class=\"elementor-widget-container\">\n\t\t\t\t\t\t\t<p>Face aos v\u00e1rios desafios, o Centro Operativo de Tecnologias para o Regadio (COTR), em parceria com entidades empresariais e de investiga\u00e7\u00e3o, participa em dois projetos de reutiliza\u00e7\u00e3o de \u00e1guas residuais, o REUSE e o AQUA-VINI Sustent\u00e1vel, liderados pela Agda\u00a0&#8211; \u00c1guas P\u00fablicas do Alentejo, S.A., financiados pelo Fundo Ambiental.<\/p>\t\t\t\t\t\t<\/div>\n\t\t\t\t<\/div>\n\t\t\t\t<div class=\"elementor-element elementor-element-64e6ab6 elementor-widget elementor-widget-text-editor\" data-id=\"64e6ab6\" data-element_type=\"widget\" data-widget_type=\"text-editor.default\">\n\t\t\t\t<div class=\"elementor-widget-container\">\n\t\t\t\t\t\t\t<p>Estes projetos, permitir\u00e3o contribuir para o aumento do conhecimento t\u00e9cnico sobre a reutiliza\u00e7\u00e3o de \u00e1gua na rega agr\u00edcola, os efeitos desta aplica\u00e7\u00e3o no desenvolvimento das\u00a0culturas regadas e o impacto nos recetores ambientais solo e recursos h\u00eddricos, ajudando a ultrapassar os receios associados \u00e0 falta de informa\u00e7\u00e3o sobre ApR.<\/p>\t\t\t\t\t\t<\/div>\n\t\t\t\t<\/div>\n\t\t\t\t<div class=\"elementor-element elementor-element-db41b61 elementor-widget elementor-widget-text-editor\" data-id=\"db41b61\" data-element_type=\"widget\" data-widget_type=\"text-editor.default\">\n\t\t\t\t<div class=\"elementor-widget-container\">\n\t\t\t\t\t\t\t<p>Neste \u00e2mbito, o COTR integrou ainda o Regional Working Group do projeto SuWaNu cujo objetivo \u00e9 impulsionar a inova\u00e7\u00e3o\u00a0e a transfer\u00eancia de conhecimento na Europa sobre reutiliza\u00e7\u00e3o segura e econ\u00f3mica de \u00e1guas residuais tratadas em agricultura (<a href=\"https:\/\/suwanu-europe.eu\/\">https:\/\/suwanu-europe.eu\/<\/a>).<\/p>\t\t\t\t\t\t<\/div>\n\t\t\t\t<\/div>\n\t\t\t\t<div class=\"elementor-element elementor-element-a46ed0e elementor-widget elementor-widget-text-editor\" data-id=\"a46ed0e\" data-element_type=\"widget\" data-widget_type=\"text-editor.default\">\n\t\t\t\t<div class=\"elementor-widget-container\">\n\t\t\t\t\t\t\t<p>O envolvimento de equipas multidisciplinares e o desenvolvimento de projetos desta natureza, s\u00e3o essenciais para responder aos desafios da utiliza\u00e7\u00e3o de ApR na agricultura, permitindo, igualmente, informar os consumidores para n\u00e3o desvalorizarem os produtos agr\u00edcolas regados com ApR, demonstrando que estes n\u00e3o colocam em perigo a sa\u00fade p\u00fablica nem o ambiente.<\/p>\t\t\t\t\t\t<\/div>\n\t\t\t\t<\/div>\n\t\t\t\t<div class=\"elementor-element elementor-element-0b0af1b elementor-widget elementor-widget-text-editor\" data-id=\"0b0af1b\" data-element_type=\"widget\" data-widget_type=\"text-editor.default\">\n\t\t\t\t<div class=\"elementor-widget-container\">\n\t\t\t\t\t\t\t<p><em>Comiss\u00e3o Especializada de \u00c1gua, Agricultura e Florestas (CEAAF)<\/em><\/p>\t\t\t\t\t\t<\/div>\n\t\t\t\t<\/div>\n\t\t\t\t\t<\/div>\n\t\t<\/div>\n\t\t\t\t<div class=\"elementor-column elementor-col-25 elementor-top-column elementor-element elementor-element-5bce44c7 elementor-hidden-tablet elementor-hidden-mobile\" data-id=\"5bce44c7\" data-element_type=\"column\">\n\t\t\t<div class=\"elementor-widget-wrap\">\n\t\t\t\t\t\t\t<\/div>\n\t\t<\/div>\n\t\t\t\t\t<\/div>\n\t\t<\/section>\n\t\t\t\t<section class=\"elementor-section elementor-top-section elementor-element elementor-element-7e30b3a1 elementor-section-boxed elementor-section-height-default elementor-section-height-default\" data-id=\"7e30b3a1\" data-element_type=\"section\">\n\t\t\t\t\t\t<div class=\"elementor-container elementor-column-gap-no\">\n\t\t\t\t\t<div class=\"elementor-column elementor-col-100 elementor-top-column elementor-element elementor-element-7be14088\" data-id=\"7be14088\" data-element_type=\"column\">\n\t\t\t<div class=\"elementor-widget-wrap elementor-element-populated\">\n\t\t\t\t\t\t<div class=\"elementor-element elementor-element-10f8ea6f elementor-widget elementor-widget-global elementor-global-500 elementor-widget-spacer\" data-id=\"10f8ea6f\" data-element_type=\"widget\" data-widget_type=\"spacer.default\">\n\t\t\t\t<div class=\"elementor-widget-container\">\n\t\t\t\t\t<div class=\"elementor-spacer\">\n\t\t\t<div class=\"elementor-spacer-inner\"><\/div>\n\t\t<\/div>\n\t\t\t\t<\/div>\n\t\t\t\t<\/div>\n\t\t\t\t\t<\/div>\n\t\t<\/div>\n\t\t\t\t\t<\/div>\n\t\t<\/section>\n\t\t\t\t<\/div>\n\t\t","protected":false},"excerpt":{"rendered":"<p>Comiss\u00e3o Especializada de \u00c1gua, Agricultura e Florestas (CEAAF)<\/p>\n","protected":false},"author":2,"featured_media":0,"comment_status":"closed","ping_status":"closed","sticky":false,"template":"","format":"standard","meta":{"footnotes":""},"categories":[163],"tags":[252],"class_list":["post-64063","post","type-post","status-publish","format-standard","hentry","category-artigos","tag-opiniao"],"yoast_head":"<!-- This site is optimized with the Yoast SEO plugin v23.8 - https:\/\/yoast.com\/wordpress\/plugins\/seo\/ -->\n<title>\u00c1gua para reutiliza\u00e7\u00e3o na agricultura - APRH<\/title>\n<meta name=\"robots\" content=\"index, follow, max-snippet:-1, max-image-preview:large, max-video-preview:-1\" \/>\n<link rel=\"canonical\" href=\"https:\/\/aprh.pt\/pt\/publicacoes\/artigos\/agua-para-reutilizacao-na-agricultura\/\" \/>\n<meta property=\"og:locale\" content=\"pt_PT\" \/>\n<meta property=\"og:type\" content=\"article\" \/>\n<meta property=\"og:title\" content=\"\u00c1gua para reutiliza\u00e7\u00e3o na agricultura - APRH\" \/>\n<meta property=\"og:description\" content=\"Comiss\u00e3o Especializada de \u00c1gua, Agricultura e Florestas (CEAAF)\" \/>\n<meta property=\"og:url\" content=\"https:\/\/aprh.pt\/pt\/publicacoes\/artigos\/agua-para-reutilizacao-na-agricultura\/\" \/>\n<meta property=\"og:site_name\" content=\"APRH\" \/>\n<meta property=\"article:published_time\" content=\"2023-01-30T15:25:30+00:00\" \/>\n<meta property=\"article:modified_time\" content=\"2023-01-30T16:16:19+00:00\" \/>\n<meta property=\"og:image\" content=\"https:\/\/www.aprh.pt\/wp-content\/uploads\/2022\/02\/dfgsdfgsdfgsd.jpg\" \/>\n<meta name=\"author\" content=\"Andr\u00e9\" \/>\n<meta name=\"twitter:card\" content=\"summary_large_image\" \/>\n<meta name=\"twitter:label1\" content=\"Escrito por\" \/>\n\t<meta name=\"twitter:data1\" content=\"Andr\u00e9\" \/>\n\t<meta name=\"twitter:label2\" content=\"Tempo estimado de leitura\" \/>\n\t<meta name=\"twitter:data2\" content=\"6 minutos\" \/>\n<script type=\"application\/ld+json\" class=\"yoast-schema-graph\">{\"@context\":\"https:\/\/schema.org\",\"@graph\":[{\"@type\":\"Article\",\"@id\":\"https:\/\/aprh.pt\/pt\/publicacoes\/artigos\/agua-para-reutilizacao-na-agricultura\/#article\",\"isPartOf\":{\"@id\":\"https:\/\/aprh.pt\/pt\/publicacoes\/artigos\/agua-para-reutilizacao-na-agricultura\/\"},\"author\":{\"name\":\"Andr\u00e9\",\"@id\":\"https:\/\/aprh.pt\/pt\/#\/schema\/person\/ef01fd0cbbfc5df175ba0784a9b613c8\"},\"headline\":\"\u00c1gua para reutiliza\u00e7\u00e3o na agricultura\",\"datePublished\":\"2023-01-30T15:25:30+00:00\",\"dateModified\":\"2023-01-30T16:16:19+00:00\",\"mainEntityOfPage\":{\"@id\":\"https:\/\/aprh.pt\/pt\/publicacoes\/artigos\/agua-para-reutilizacao-na-agricultura\/\"},\"wordCount\":1156,\"publisher\":{\"@id\":\"https:\/\/aprh.pt\/pt\/#organization\"},\"image\":{\"@id\":\"https:\/\/aprh.pt\/pt\/publicacoes\/artigos\/agua-para-reutilizacao-na-agricultura\/#primaryimage\"},\"thumbnailUrl\":\"https:\/\/www.aprh.pt\/wp-content\/uploads\/2022\/02\/dfgsdfgsdfgsd.jpg\",\"keywords\":[\"Opini\u00e3o\"],\"articleSection\":[\"Artigos\"],\"inLanguage\":\"pt-PT\"},{\"@type\":\"WebPage\",\"@id\":\"https:\/\/aprh.pt\/pt\/publicacoes\/artigos\/agua-para-reutilizacao-na-agricultura\/\",\"url\":\"https:\/\/aprh.pt\/pt\/publicacoes\/artigos\/agua-para-reutilizacao-na-agricultura\/\",\"name\":\"\u00c1gua para reutiliza\u00e7\u00e3o na agricultura - APRH\",\"isPartOf\":{\"@id\":\"https:\/\/aprh.pt\/pt\/#website\"},\"primaryImageOfPage\":{\"@id\":\"https:\/\/aprh.pt\/pt\/publicacoes\/artigos\/agua-para-reutilizacao-na-agricultura\/#primaryimage\"},\"image\":{\"@id\":\"https:\/\/aprh.pt\/pt\/publicacoes\/artigos\/agua-para-reutilizacao-na-agricultura\/#primaryimage\"},\"thumbnailUrl\":\"https:\/\/www.aprh.pt\/wp-content\/uploads\/2022\/02\/dfgsdfgsdfgsd.jpg\",\"datePublished\":\"2023-01-30T15:25:30+00:00\",\"dateModified\":\"2023-01-30T16:16:19+00:00\",\"breadcrumb\":{\"@id\":\"https:\/\/aprh.pt\/pt\/publicacoes\/artigos\/agua-para-reutilizacao-na-agricultura\/#breadcrumb\"},\"inLanguage\":\"pt-PT\",\"potentialAction\":[{\"@type\":\"ReadAction\",\"target\":[\"https:\/\/aprh.pt\/pt\/publicacoes\/artigos\/agua-para-reutilizacao-na-agricultura\/\"]}]},{\"@type\":\"ImageObject\",\"inLanguage\":\"pt-PT\",\"@id\":\"https:\/\/aprh.pt\/pt\/publicacoes\/artigos\/agua-para-reutilizacao-na-agricultura\/#primaryimage\",\"url\":\"https:\/\/www.aprh.pt\/wp-content\/uploads\/2022\/02\/dfgsdfgsdfgsd.jpg\",\"contentUrl\":\"https:\/\/www.aprh.pt\/wp-content\/uploads\/2022\/02\/dfgsdfgsdfgsd.jpg\"},{\"@type\":\"BreadcrumbList\",\"@id\":\"https:\/\/aprh.pt\/pt\/publicacoes\/artigos\/agua-para-reutilizacao-na-agricultura\/#breadcrumb\",\"itemListElement\":[{\"@type\":\"ListItem\",\"position\":1,\"name\":\"Home\",\"item\":\"https:\/\/aprh.pt\/pt\/\"},{\"@type\":\"ListItem\",\"position\":2,\"name\":\"Publica\u00e7\u00f5es\",\"item\":\"https:\/\/aprh.pt\/pt\/category\/publicacoes\/\"},{\"@type\":\"ListItem\",\"position\":3,\"name\":\"Artigos\",\"item\":\"https:\/\/aprh.pt\/pt\/category\/publicacoes\/artigos\/\"},{\"@type\":\"ListItem\",\"position\":4,\"name\":\"\u00c1gua para reutiliza\u00e7\u00e3o na agricultura\"}]},{\"@type\":\"WebSite\",\"@id\":\"https:\/\/aprh.pt\/pt\/#website\",\"url\":\"https:\/\/aprh.pt\/pt\/\",\"name\":\"APRH\",\"description\":\"Associa\u00e7\u00e3o Portuguesa dos Recursos H\u00eddricos\",\"publisher\":{\"@id\":\"https:\/\/aprh.pt\/pt\/#organization\"},\"potentialAction\":[{\"@type\":\"SearchAction\",\"target\":{\"@type\":\"EntryPoint\",\"urlTemplate\":\"https:\/\/aprh.pt\/pt\/?s={search_term_string}\"},\"query-input\":{\"@type\":\"PropertyValueSpecification\",\"valueRequired\":true,\"valueName\":\"search_term_string\"}}],\"inLanguage\":\"pt-PT\"},{\"@type\":\"Organization\",\"@id\":\"https:\/\/aprh.pt\/pt\/#organization\",\"name\":\"APRH\",\"url\":\"https:\/\/aprh.pt\/pt\/\",\"logo\":{\"@type\":\"ImageObject\",\"inLanguage\":\"pt-PT\",\"@id\":\"https:\/\/aprh.pt\/pt\/#\/schema\/logo\/image\/\",\"url\":\"https:\/\/aprh.pt\/wp-content\/uploads\/2022\/04\/logotipo.png\",\"contentUrl\":\"https:\/\/aprh.pt\/wp-content\/uploads\/2022\/04\/logotipo.png\",\"width\":181,\"height\":80,\"caption\":\"APRH\"},\"image\":{\"@id\":\"https:\/\/aprh.pt\/pt\/#\/schema\/logo\/image\/\"}},{\"@type\":\"Person\",\"@id\":\"https:\/\/aprh.pt\/pt\/#\/schema\/person\/ef01fd0cbbfc5df175ba0784a9b613c8\",\"name\":\"Andr\u00e9\",\"image\":{\"@type\":\"ImageObject\",\"inLanguage\":\"pt-PT\",\"@id\":\"https:\/\/aprh.pt\/pt\/#\/schema\/person\/image\/\",\"url\":\"https:\/\/secure.gravatar.com\/avatar\/f19c31d559f92a15766b9e9ddc230f85?s=96&d=mm&r=g\",\"contentUrl\":\"https:\/\/secure.gravatar.com\/avatar\/f19c31d559f92a15766b9e9ddc230f85?s=96&d=mm&r=g\",\"caption\":\"Andr\u00e9\"},\"url\":\"https:\/\/aprh.pt\/pt\/author\/aprh\/\"}]}<\/script>\n<!-- \/ Yoast SEO plugin. -->","yoast_head_json":{"title":"\u00c1gua para reutiliza\u00e7\u00e3o na agricultura - APRH","robots":{"index":"index","follow":"follow","max-snippet":"max-snippet:-1","max-image-preview":"max-image-preview:large","max-video-preview":"max-video-preview:-1"},"canonical":"https:\/\/aprh.pt\/pt\/publicacoes\/artigos\/agua-para-reutilizacao-na-agricultura\/","og_locale":"pt_PT","og_type":"article","og_title":"\u00c1gua para reutiliza\u00e7\u00e3o na agricultura - APRH","og_description":"Comiss\u00e3o Especializada de \u00c1gua, Agricultura e Florestas (CEAAF)","og_url":"https:\/\/aprh.pt\/pt\/publicacoes\/artigos\/agua-para-reutilizacao-na-agricultura\/","og_site_name":"APRH","article_published_time":"2023-01-30T15:25:30+00:00","article_modified_time":"2023-01-30T16:16:19+00:00","og_image":[{"url":"https:\/\/www.aprh.pt\/wp-content\/uploads\/2022\/02\/dfgsdfgsdfgsd.jpg"}],"author":"Andr\u00e9","twitter_card":"summary_large_image","twitter_misc":{"Escrito por":"Andr\u00e9","Tempo estimado de leitura":"6 minutos"},"schema":{"@context":"https:\/\/schema.org","@graph":[{"@type":"Article","@id":"https:\/\/aprh.pt\/pt\/publicacoes\/artigos\/agua-para-reutilizacao-na-agricultura\/#article","isPartOf":{"@id":"https:\/\/aprh.pt\/pt\/publicacoes\/artigos\/agua-para-reutilizacao-na-agricultura\/"},"author":{"name":"Andr\u00e9","@id":"https:\/\/aprh.pt\/pt\/#\/schema\/person\/ef01fd0cbbfc5df175ba0784a9b613c8"},"headline":"\u00c1gua para reutiliza\u00e7\u00e3o na agricultura","datePublished":"2023-01-30T15:25:30+00:00","dateModified":"2023-01-30T16:16:19+00:00","mainEntityOfPage":{"@id":"https:\/\/aprh.pt\/pt\/publicacoes\/artigos\/agua-para-reutilizacao-na-agricultura\/"},"wordCount":1156,"publisher":{"@id":"https:\/\/aprh.pt\/pt\/#organization"},"image":{"@id":"https:\/\/aprh.pt\/pt\/publicacoes\/artigos\/agua-para-reutilizacao-na-agricultura\/#primaryimage"},"thumbnailUrl":"https:\/\/www.aprh.pt\/wp-content\/uploads\/2022\/02\/dfgsdfgsdfgsd.jpg","keywords":["Opini\u00e3o"],"articleSection":["Artigos"],"inLanguage":"pt-PT"},{"@type":"WebPage","@id":"https:\/\/aprh.pt\/pt\/publicacoes\/artigos\/agua-para-reutilizacao-na-agricultura\/","url":"https:\/\/aprh.pt\/pt\/publicacoes\/artigos\/agua-para-reutilizacao-na-agricultura\/","name":"\u00c1gua para reutiliza\u00e7\u00e3o na agricultura - APRH","isPartOf":{"@id":"https:\/\/aprh.pt\/pt\/#website"},"primaryImageOfPage":{"@id":"https:\/\/aprh.pt\/pt\/publicacoes\/artigos\/agua-para-reutilizacao-na-agricultura\/#primaryimage"},"image":{"@id":"https:\/\/aprh.pt\/pt\/publicacoes\/artigos\/agua-para-reutilizacao-na-agricultura\/#primaryimage"},"thumbnailUrl":"https:\/\/www.aprh.pt\/wp-content\/uploads\/2022\/02\/dfgsdfgsdfgsd.jpg","datePublished":"2023-01-30T15:25:30+00:00","dateModified":"2023-01-30T16:16:19+00:00","breadcrumb":{"@id":"https:\/\/aprh.pt\/pt\/publicacoes\/artigos\/agua-para-reutilizacao-na-agricultura\/#breadcrumb"},"inLanguage":"pt-PT","potentialAction":[{"@type":"ReadAction","target":["https:\/\/aprh.pt\/pt\/publicacoes\/artigos\/agua-para-reutilizacao-na-agricultura\/"]}]},{"@type":"ImageObject","inLanguage":"pt-PT","@id":"https:\/\/aprh.pt\/pt\/publicacoes\/artigos\/agua-para-reutilizacao-na-agricultura\/#primaryimage","url":"https:\/\/www.aprh.pt\/wp-content\/uploads\/2022\/02\/dfgsdfgsdfgsd.jpg","contentUrl":"https:\/\/www.aprh.pt\/wp-content\/uploads\/2022\/02\/dfgsdfgsdfgsd.jpg"},{"@type":"BreadcrumbList","@id":"https:\/\/aprh.pt\/pt\/publicacoes\/artigos\/agua-para-reutilizacao-na-agricultura\/#breadcrumb","itemListElement":[{"@type":"ListItem","position":1,"name":"Home","item":"https:\/\/aprh.pt\/pt\/"},{"@type":"ListItem","position":2,"name":"Publica\u00e7\u00f5es","item":"https:\/\/aprh.pt\/pt\/category\/publicacoes\/"},{"@type":"ListItem","position":3,"name":"Artigos","item":"https:\/\/aprh.pt\/pt\/category\/publicacoes\/artigos\/"},{"@type":"ListItem","position":4,"name":"\u00c1gua para reutiliza\u00e7\u00e3o na agricultura"}]},{"@type":"WebSite","@id":"https:\/\/aprh.pt\/pt\/#website","url":"https:\/\/aprh.pt\/pt\/","name":"APRH","description":"Associa\u00e7\u00e3o Portuguesa dos Recursos H\u00eddricos","publisher":{"@id":"https:\/\/aprh.pt\/pt\/#organization"},"potentialAction":[{"@type":"SearchAction","target":{"@type":"EntryPoint","urlTemplate":"https:\/\/aprh.pt\/pt\/?s={search_term_string}"},"query-input":{"@type":"PropertyValueSpecification","valueRequired":true,"valueName":"search_term_string"}}],"inLanguage":"pt-PT"},{"@type":"Organization","@id":"https:\/\/aprh.pt\/pt\/#organization","name":"APRH","url":"https:\/\/aprh.pt\/pt\/","logo":{"@type":"ImageObject","inLanguage":"pt-PT","@id":"https:\/\/aprh.pt\/pt\/#\/schema\/logo\/image\/","url":"https:\/\/aprh.pt\/wp-content\/uploads\/2022\/04\/logotipo.png","contentUrl":"https:\/\/aprh.pt\/wp-content\/uploads\/2022\/04\/logotipo.png","width":181,"height":80,"caption":"APRH"},"image":{"@id":"https:\/\/aprh.pt\/pt\/#\/schema\/logo\/image\/"}},{"@type":"Person","@id":"https:\/\/aprh.pt\/pt\/#\/schema\/person\/ef01fd0cbbfc5df175ba0784a9b613c8","name":"Andr\u00e9","image":{"@type":"ImageObject","inLanguage":"pt-PT","@id":"https:\/\/aprh.pt\/pt\/#\/schema\/person\/image\/","url":"https:\/\/secure.gravatar.com\/avatar\/f19c31d559f92a15766b9e9ddc230f85?s=96&d=mm&r=g","contentUrl":"https:\/\/secure.gravatar.com\/avatar\/f19c31d559f92a15766b9e9ddc230f85?s=96&d=mm&r=g","caption":"Andr\u00e9"},"url":"https:\/\/aprh.pt\/pt\/author\/aprh\/"}]}},"_links":{"self":[{"href":"https:\/\/aprh.pt\/pt\/wp-json\/wp\/v2\/posts\/64063","targetHints":{"allow":["GET"]}}],"collection":[{"href":"https:\/\/aprh.pt\/pt\/wp-json\/wp\/v2\/posts"}],"about":[{"href":"https:\/\/aprh.pt\/pt\/wp-json\/wp\/v2\/types\/post"}],"author":[{"embeddable":true,"href":"https:\/\/aprh.pt\/pt\/wp-json\/wp\/v2\/users\/2"}],"replies":[{"embeddable":true,"href":"https:\/\/aprh.pt\/pt\/wp-json\/wp\/v2\/comments?post=64063"}],"version-history":[{"count":8,"href":"https:\/\/aprh.pt\/pt\/wp-json\/wp\/v2\/posts\/64063\/revisions"}],"predecessor-version":[{"id":64072,"href":"https:\/\/aprh.pt\/pt\/wp-json\/wp\/v2\/posts\/64063\/revisions\/64072"}],"wp:attachment":[{"href":"https:\/\/aprh.pt\/pt\/wp-json\/wp\/v2\/media?parent=64063"}],"wp:term":[{"taxonomy":"category","embeddable":true,"href":"https:\/\/aprh.pt\/pt\/wp-json\/wp\/v2\/categories?post=64063"},{"taxonomy":"post_tag","embeddable":true,"href":"https:\/\/aprh.pt\/pt\/wp-json\/wp\/v2\/tags?post=64063"}],"curies":[{"name":"wp","href":"https:\/\/api.w.org\/{rel}","templated":true}]}}