{"id":7432,"date":"2020-10-21T19:25:31","date_gmt":"2020-10-21T19:25:31","guid":{"rendered":"https:\/\/aprh.zalox.pt\/areas-tematicas\/comissoes-especializadas\/desafios-para-a-adaptacao-do-litoral-as-alteracoes-climaticas\/"},"modified":"2022-09-29T14:43:25","modified_gmt":"2022-09-29T14:43:25","slug":"desafios-para-a-adaptacao-do-litoral-as-alteracoes-climaticas","status":"publish","type":"post","link":"https:\/\/aprh.pt\/pt\/publicacoes\/artigos\/desafios-para-a-adaptacao-do-litoral-as-alteracoes-climaticas\/","title":{"rendered":"Desafios para a Adapta\u00e7\u00e3o do Litoral \u00e0s Altera\u00e7\u00f5es Clim\u00e1ticas"},"content":{"rendered":"\t\t<div data-elementor-type=\"wp-page\" data-elementor-id=\"7432\" class=\"elementor elementor-7432\" data-elementor-post-type=\"post\">\n\t\t\t\t\t\t<section class=\"elementor-section elementor-top-section elementor-element elementor-element-6fa977ac elementor-section-boxed elementor-section-height-default elementor-section-height-default\" data-id=\"6fa977ac\" data-element_type=\"section\">\n\t\t\t\t\t\t<div class=\"elementor-container elementor-column-gap-no\">\n\t\t\t\t\t<div class=\"elementor-column elementor-col-100 elementor-top-column elementor-element elementor-element-5dfcffb3\" data-id=\"5dfcffb3\" data-element_type=\"column\">\n\t\t\t<div class=\"elementor-widget-wrap elementor-element-populated\">\n\t\t\t\t\t\t<div class=\"elementor-element elementor-element-250cc7a6 elementor-widget elementor-widget-global elementor-global-475 elementor-widget-spacer\" data-id=\"250cc7a6\" data-element_type=\"widget\" data-widget_type=\"spacer.default\">\n\t\t\t\t<div class=\"elementor-widget-container\">\n\t\t\t\t\t<div class=\"elementor-spacer\">\n\t\t\t<div class=\"elementor-spacer-inner\"><\/div>\n\t\t<\/div>\n\t\t\t\t<\/div>\n\t\t\t\t<\/div>\n\t\t\t\t\t<\/div>\n\t\t<\/div>\n\t\t\t\t\t<\/div>\n\t\t<\/section>\n\t\t\t\t<section class=\"elementor-section elementor-top-section elementor-element elementor-element-59fc605 elementor-section-boxed elementor-section-height-default elementor-section-height-default\" data-id=\"59fc605\" data-element_type=\"section\">\n\t\t\t\t\t\t<div class=\"elementor-container elementor-column-gap-no\">\n\t\t\t\t\t<div class=\"elementor-column elementor-col-25 elementor-top-column elementor-element elementor-element-3ba4b752\" data-id=\"3ba4b752\" data-element_type=\"column\">\n\t\t\t<div class=\"elementor-widget-wrap\">\n\t\t\t\t\t\t\t<\/div>\n\t\t<\/div>\n\t\t\t\t<div class=\"elementor-column elementor-col-50 elementor-top-column elementor-element elementor-element-3201d8e8\" data-id=\"3201d8e8\" data-element_type=\"column\">\n\t\t\t<div class=\"elementor-widget-wrap elementor-element-populated\">\n\t\t\t\t\t\t<div class=\"elementor-element elementor-element-47bc996d elementor-widget elementor-widget-text-editor\" data-id=\"47bc996d\" data-element_type=\"widget\" data-widget_type=\"text-editor.default\">\n\t\t\t\t<div class=\"elementor-widget-container\">\n\t\t\t\t\t\t\t<h1>Desafios para a Adapta\u00e7\u00e3o do Litoral \u00e0s Altera\u00e7\u00f5es Clim\u00e1ticas<sup><a href=\"#_edn1\" name=\"_ednref1\">[i]<\/a><\/sup><\/h1><p>\u00a0<\/p><p>O litoral portugu\u00eas, tal como acontece em muitos outros pa\u00edses, est\u00e1 sujeito \u00e0 ocorr\u00eancia de eventos extremos, que t\u00eam efeitos erosivos, agravados pela subida do n\u00edvel m\u00e9dio da \u00e1gua do mar. A eros\u00e3o costeira come\u00e7ou a ser registada h\u00e1 mais de um s\u00e9culo e s\u00f3 pontualmente constitu\u00eda um problema. A situa\u00e7\u00e3o alterou-se \u00e0 medida que a ocupa\u00e7\u00e3o humana se estendeu de forma intensiva para as zonas costeiras, passando a estar vulner\u00e1vel e contribuindo em algumas situa\u00e7\u00f5es para o agravamento dos efeitos locais, o que ocorreu sobretudo a partir dos anos 60 do s\u00e9culo passado. A constru\u00e7\u00e3o nesta zona, h\u00e1 50 anos, era de cerca de 1\/10 do que \u00e9 atualmente em que cerca de 75% da popula\u00e7\u00e3o portuguesa vive no litoral e 85% do PIB est\u00e1 tamb\u00e9m concentrado no litoral.<\/p><p><br \/>Portugal continental tem cerca de 976 km de extens\u00e3o de linha de costa, dos quais 14% est\u00e1 artificializada por influ\u00eancia de estruturas de defesa como espor\u00f5es, obras aderentes ou quebramares portu\u00e1rios, estando 25% afetada por eros\u00e3o costeira e existindo risco potencial de perda de territ\u00f3rio em 67% da orla costeira.<\/p><p><br \/>Durante o s\u00e9culo XX o n\u00edvel m\u00e9dio da \u00e1gua do mar ter\u00e1 subido cerca de 0,15 m e estima-se que at\u00e9 ao final do s\u00e9culo XXI possa subir mais de 1 m nos cen\u00e1rios mais gravosos (Figura 1), Antunes (2016). As altera\u00e7\u00f5es clim\u00e1ticas s\u00e3o uma realidade que tem contribu\u00eddo para o agravamento dos temporais observados no pa\u00eds, implicando ainda o aumento da temperatura superficial dos oceanos, aumento do n\u00edvel m\u00e9dio da \u00e1gua do mar, modifica\u00e7\u00e3o do regime de agita\u00e7\u00e3o mar\u00edtima, modifica\u00e7\u00e3o da sobre-eleva\u00e7\u00e3o meteorol\u00f3gica, modifica\u00e7\u00e3o do regime de precipita\u00e7\u00e3o, desloca\u00e7\u00e3o de zonas h\u00famidas, acelera\u00e7\u00e3o da eros\u00e3o costeira e intensifica\u00e7\u00e3o das inunda\u00e7\u00f5es associadas \u00e0s tempestades. Por estas raz\u00f5es, a compreens\u00e3o, conhecimento da magnitude dos efeitos locais e a antecipa\u00e7\u00e3o dos impactos das altera\u00e7\u00f5es clim\u00e1ticas constituem desafios para a humanidade e para a gest\u00e3o sustent\u00e1vel da zona costeira.<\/p><p><br \/>Atrav\u00e9s dos instrumentos de gest\u00e3o do litoral, nomeadamente a Estrat\u00e9gia Nacional para a Gest\u00e3o Integrada da Zona Costeira (ENGIZC), os Planos de ordenamento da orla costeira (POOC), os Programas da Orla Costeira (POC), e o Plano de A\u00e7\u00e3o de Prote\u00e7\u00e3o e Valoriza\u00e7\u00e3o do Litoral (PAPVL), s\u00e3o apresentados conjuntos de medidas de adapta\u00e7\u00e3o e de prote\u00e7\u00e3o suave (alimenta\u00e7\u00e3o artificial de praias, refor\u00e7o de cord\u00f5es dunares), faixas de salvaguarda destinadas a absorver o recuo\/eros\u00e3o costeira (condicionamento \u00e0 ocupa\u00e7\u00e3o humana), medidas de abandono e medidas de recuo em alternativa \u00e0 defesa com obras de engenharia tradicionais.<\/p><p><br \/>De uma forma geral, pretende-se uma zona costeira com identidade pr\u00f3pria, sustent\u00e1vel, segura, p\u00fablica, competitiva e com os usos e ocupa\u00e7\u00f5es adaptados \u00e0 mobilidade natural e \u00e0 resili\u00eancia intr\u00ednseca de cada trecho costeiro.<\/p><p><img fetchpriority=\"high\" decoding=\"async\" class=\"alignnone wp-image-7428 size-full\" src=\"https:\/\/aprh.pt\/wp-content\/uploads\/2020\/10\/cezcm_fig1.jpg\" alt=\"\" width=\"783\" height=\"398\" srcset=\"https:\/\/aprh.pt\/wp-content\/uploads\/2020\/10\/cezcm_fig1.jpg 783w, https:\/\/aprh.pt\/wp-content\/uploads\/2020\/10\/cezcm_fig1-300x152.jpg 300w, https:\/\/aprh.pt\/wp-content\/uploads\/2020\/10\/cezcm_fig1-768x390.jpg 768w\" sizes=\"(max-width: 783px) 100vw, 783px\" \/><\/p><p><span style=\"font-size: 8pt;\">Figura 1 &#8211; Modelo de proje\u00e7\u00e3o do N\u00edvel M\u00e9dio da \u00c1gua do Mar relativo, Mod.FC_2 (modelo 2 da FCUL), baseado na an\u00e1lise dos dados do mar\u00e9grafo de Cascais, de 1992 a 2016, Antunes (2016).<\/span><\/p><p>\u00a0<\/p><p>Contudo, quando se analisa a verdadeira dimens\u00e3o do problema e se observa o n\u00famero de edif\u00edcios que ficar\u00e3o em \u00e1reas costeiras vulner\u00e1veis devido \u00e0 subida do n\u00edvel m\u00e9dio da \u00e1gua do mar, muitos deles localizados em zonas urbanas consolidadas (Figura 2), Antunes et al. (2017), verifica-se que ser\u00e1 necess\u00e1ria uma grande capacidade de adapta\u00e7\u00e3o e mobiliza\u00e7\u00e3o do pa\u00eds. De facto, dever\u00e3o adotar-se estrat\u00e9gias diversificadas de adapta\u00e7\u00e3o e defesa, sendo necess\u00e1rio definir prioridades e estabelecer medidas de interven\u00e7\u00e3o, sabendo que a planifica\u00e7\u00e3o de interven\u00e7\u00f5es de defesa costeira \u00e9 um tema complexo e controverso. As solu\u00e7\u00f5es mais eficientes para a diminui\u00e7\u00e3o da vulnerabilidade apresentam custos muito elevados e as solu\u00e7\u00f5es mais econ\u00f3micas apresentam efic\u00e1cia limitada, conduzindo a perdas significativas de territ\u00f3rio.<\/p><p>\u00a0<\/p><p><img decoding=\"async\" class=\" size-full wp-image-7430\" src=\"https:\/\/aprh.pt\/wp-content\/uploads\/2020\/10\/cezcm_fig2.jpg\" alt=\"\" width=\"783\" height=\"368\" srcset=\"https:\/\/aprh.pt\/wp-content\/uploads\/2020\/10\/cezcm_fig2.jpg 783w, https:\/\/aprh.pt\/wp-content\/uploads\/2020\/10\/cezcm_fig2-300x141.jpg 300w, https:\/\/aprh.pt\/wp-content\/uploads\/2020\/10\/cezcm_fig2-768x361.jpg 768w\" sizes=\"(max-width: 783px) 100vw, 783px\" \/><br \/><span style=\"font-size: 8pt;\">Figura 2 &#8211; Edif\u00edcios em \u00e1reas costeiras vulner\u00e1veis devido \u00e0 subida do n\u00edvel m\u00e9dio da \u00e1gua do mar incluindo sobreleva\u00e7\u00e3o meteorol\u00f3gica e sem considerar o efeito da eros\u00e3o costeira, Antunes et al. (2017).<\/span><\/p><p>\u00a0<\/p><p>Deste modo, a operacionaliza\u00e7\u00e3o da estrat\u00e9gia para a adapta\u00e7\u00e3o do litoral \u00e0s Altera\u00e7\u00f5es Clim\u00e1ticas requer a otimiza\u00e7\u00e3o de recursos e a mobiliza\u00e7\u00e3o da sociedade portuguesa com vista \u00e0 redu\u00e7\u00e3o da vulnerabilidade, sendo que a resposta passa por um processo iterativo de gest\u00e3o do risco que contempla a defini\u00e7\u00e3o de cen\u00e1rios, identifica\u00e7\u00e3o de riscos e impactes, defini\u00e7\u00e3o e implementa\u00e7\u00e3o de medidas de mitiga\u00e7\u00e3o e\/ou adapta\u00e7\u00e3o e revis\u00e3o da estrat\u00e9gia, considerando os preju\u00edzos, os benef\u00edcios, a sustentabilidade, a equidade, o desenvolvimento do conhecimento cient\u00edfico e a atitude da popula\u00e7\u00e3o perante o risco das altera\u00e7\u00f5es clim\u00e1ticas.<\/p><h3>\u00a0<\/h3><h3><strong>Refer\u00eancias:<\/strong><\/h3><p>Antunes, C. (2016). Subida do N\u00edvel M\u00e9dio do Mar em Cascais, revis\u00e3o da taxa actual. Actas das 4.as Jornadas de Engenharia Hidrogr\u00e1fica, Instituto Hidrogr\u00e1fico. ISBN &#8211; 978-989-705-097-8.<\/p><p>Antunes C., Rocha C. e Catita C. (2017). Cartografia de Inunda\u00e7\u00e3o e Vulnerabilidade Costeira. In: www.snmportugal.pt<\/p><p><a href=\"#_ednref1\" name=\"_edn1\">[i]<\/a>Texto produzido pela CEZCM \u2013 23\/10\/2020 \u2013 relator: R. Lan\u00e7a<\/p>\t\t\t\t\t\t<\/div>\n\t\t\t\t<\/div>\n\t\t\t\t\t<\/div>\n\t\t<\/div>\n\t\t\t\t<div class=\"elementor-column elementor-col-25 elementor-top-column elementor-element elementor-element-4a92668f elementor-hidden-tablet elementor-hidden-mobile\" data-id=\"4a92668f\" data-element_type=\"column\">\n\t\t\t<div class=\"elementor-widget-wrap\">\n\t\t\t\t\t\t\t<\/div>\n\t\t<\/div>\n\t\t\t\t\t<\/div>\n\t\t<\/section>\n\t\t\t\t<section class=\"elementor-section elementor-top-section elementor-element elementor-element-948887f elementor-section-boxed elementor-section-height-default elementor-section-height-default\" data-id=\"948887f\" data-element_type=\"section\">\n\t\t\t\t\t\t<div class=\"elementor-container elementor-column-gap-no\">\n\t\t\t\t\t<div class=\"elementor-column elementor-col-100 elementor-top-column elementor-element elementor-element-2f67ccd8\" data-id=\"2f67ccd8\" data-element_type=\"column\">\n\t\t\t<div class=\"elementor-widget-wrap elementor-element-populated\">\n\t\t\t\t\t\t<div class=\"elementor-element elementor-element-548205f4 elementor-widget elementor-widget-global elementor-global-500 elementor-widget-spacer\" data-id=\"548205f4\" data-element_type=\"widget\" data-widget_type=\"spacer.default\">\n\t\t\t\t<div class=\"elementor-widget-container\">\n\t\t\t\t\t<div class=\"elementor-spacer\">\n\t\t\t<div class=\"elementor-spacer-inner\"><\/div>\n\t\t<\/div>\n\t\t\t\t<\/div>\n\t\t\t\t<\/div>\n\t\t\t\t\t<\/div>\n\t\t<\/div>\n\t\t\t\t\t<\/div>\n\t\t<\/section>\n\t\t\t\t<\/div>\n\t\t","protected":false},"excerpt":{"rendered":"<p>Comiss\u00e3o Especializada das Zonas Costeiras e do Mar (CEZCM)<\/p>\n","protected":false},"author":1,"featured_media":7428,"comment_status":"closed","ping_status":"closed","sticky":false,"template":"","format":"standard","meta":{"footnotes":""},"categories":[163],"tags":[252],"class_list":["post-7432","post","type-post","status-publish","format-standard","has-post-thumbnail","hentry","category-artigos","tag-opiniao"],"yoast_head":"<!-- This site is optimized with the Yoast SEO plugin v23.8 - https:\/\/yoast.com\/wordpress\/plugins\/seo\/ -->\n<title>Desafios para a Adapta\u00e7\u00e3o do Litoral \u00e0s Altera\u00e7\u00f5es Clim\u00e1ticas - APRH<\/title>\n<meta name=\"robots\" content=\"index, follow, max-snippet:-1, max-image-preview:large, max-video-preview:-1\" \/>\n<link rel=\"canonical\" href=\"https:\/\/aprh.pt\/pt\/publicacoes\/artigos\/desafios-para-a-adaptacao-do-litoral-as-alteracoes-climaticas\/\" \/>\n<meta property=\"og:locale\" content=\"pt_PT\" \/>\n<meta property=\"og:type\" content=\"article\" \/>\n<meta property=\"og:title\" content=\"Desafios para a Adapta\u00e7\u00e3o do Litoral \u00e0s Altera\u00e7\u00f5es Clim\u00e1ticas - APRH\" \/>\n<meta property=\"og:description\" content=\"Comiss\u00e3o Especializada das Zonas Costeiras e do Mar (CEZCM)\" \/>\n<meta property=\"og:url\" content=\"https:\/\/aprh.pt\/pt\/publicacoes\/artigos\/desafios-para-a-adaptacao-do-litoral-as-alteracoes-climaticas\/\" \/>\n<meta property=\"og:site_name\" content=\"APRH\" \/>\n<meta property=\"article:published_time\" content=\"2020-10-21T19:25:31+00:00\" \/>\n<meta property=\"article:modified_time\" content=\"2022-09-29T14:43:25+00:00\" \/>\n<meta property=\"og:image\" content=\"https:\/\/aprh.pt\/wp-content\/uploads\/2020\/10\/cezcm_fig1.jpg\" \/>\n\t<meta property=\"og:image:width\" content=\"783\" \/>\n\t<meta property=\"og:image:height\" content=\"398\" \/>\n\t<meta property=\"og:image:type\" content=\"image\/jpeg\" \/>\n<meta name=\"author\" content=\"admin\" \/>\n<meta name=\"twitter:card\" content=\"summary_large_image\" \/>\n<meta name=\"twitter:label1\" content=\"Escrito por\" \/>\n\t<meta name=\"twitter:data1\" content=\"admin\" \/>\n\t<meta name=\"twitter:label2\" content=\"Tempo estimado de leitura\" \/>\n\t<meta name=\"twitter:data2\" content=\"5 minutos\" \/>\n<script type=\"application\/ld+json\" class=\"yoast-schema-graph\">{\"@context\":\"https:\/\/schema.org\",\"@graph\":[{\"@type\":\"Article\",\"@id\":\"https:\/\/aprh.pt\/pt\/publicacoes\/artigos\/desafios-para-a-adaptacao-do-litoral-as-alteracoes-climaticas\/#article\",\"isPartOf\":{\"@id\":\"https:\/\/aprh.pt\/pt\/publicacoes\/artigos\/desafios-para-a-adaptacao-do-litoral-as-alteracoes-climaticas\/\"},\"author\":{\"name\":\"admin\",\"@id\":\"https:\/\/aprh.pt\/pt\/#\/schema\/person\/48b266141210923df72b6ffbb5cdcbaa\"},\"headline\":\"Desafios para a Adapta\u00e7\u00e3o do Litoral \u00e0s Altera\u00e7\u00f5es Clim\u00e1ticas\",\"datePublished\":\"2020-10-21T19:25:31+00:00\",\"dateModified\":\"2022-09-29T14:43:25+00:00\",\"mainEntityOfPage\":{\"@id\":\"https:\/\/aprh.pt\/pt\/publicacoes\/artigos\/desafios-para-a-adaptacao-do-litoral-as-alteracoes-climaticas\/\"},\"wordCount\":918,\"publisher\":{\"@id\":\"https:\/\/aprh.pt\/pt\/#organization\"},\"image\":{\"@id\":\"https:\/\/aprh.pt\/pt\/publicacoes\/artigos\/desafios-para-a-adaptacao-do-litoral-as-alteracoes-climaticas\/#primaryimage\"},\"thumbnailUrl\":\"https:\/\/aprh.pt\/wp-content\/uploads\/2020\/10\/cezcm_fig1.jpg\",\"keywords\":[\"Opini\u00e3o\"],\"articleSection\":[\"Artigos\"],\"inLanguage\":\"pt-PT\"},{\"@type\":\"WebPage\",\"@id\":\"https:\/\/aprh.pt\/pt\/publicacoes\/artigos\/desafios-para-a-adaptacao-do-litoral-as-alteracoes-climaticas\/\",\"url\":\"https:\/\/aprh.pt\/pt\/publicacoes\/artigos\/desafios-para-a-adaptacao-do-litoral-as-alteracoes-climaticas\/\",\"name\":\"Desafios para a Adapta\u00e7\u00e3o do Litoral \u00e0s Altera\u00e7\u00f5es Clim\u00e1ticas - APRH\",\"isPartOf\":{\"@id\":\"https:\/\/aprh.pt\/pt\/#website\"},\"primaryImageOfPage\":{\"@id\":\"https:\/\/aprh.pt\/pt\/publicacoes\/artigos\/desafios-para-a-adaptacao-do-litoral-as-alteracoes-climaticas\/#primaryimage\"},\"image\":{\"@id\":\"https:\/\/aprh.pt\/pt\/publicacoes\/artigos\/desafios-para-a-adaptacao-do-litoral-as-alteracoes-climaticas\/#primaryimage\"},\"thumbnailUrl\":\"https:\/\/aprh.pt\/wp-content\/uploads\/2020\/10\/cezcm_fig1.jpg\",\"datePublished\":\"2020-10-21T19:25:31+00:00\",\"dateModified\":\"2022-09-29T14:43:25+00:00\",\"breadcrumb\":{\"@id\":\"https:\/\/aprh.pt\/pt\/publicacoes\/artigos\/desafios-para-a-adaptacao-do-litoral-as-alteracoes-climaticas\/#breadcrumb\"},\"inLanguage\":\"pt-PT\",\"potentialAction\":[{\"@type\":\"ReadAction\",\"target\":[\"https:\/\/aprh.pt\/pt\/publicacoes\/artigos\/desafios-para-a-adaptacao-do-litoral-as-alteracoes-climaticas\/\"]}]},{\"@type\":\"ImageObject\",\"inLanguage\":\"pt-PT\",\"@id\":\"https:\/\/aprh.pt\/pt\/publicacoes\/artigos\/desafios-para-a-adaptacao-do-litoral-as-alteracoes-climaticas\/#primaryimage\",\"url\":\"https:\/\/aprh.pt\/wp-content\/uploads\/2020\/10\/cezcm_fig1.jpg\",\"contentUrl\":\"https:\/\/aprh.pt\/wp-content\/uploads\/2020\/10\/cezcm_fig1.jpg\",\"width\":783,\"height\":398},{\"@type\":\"BreadcrumbList\",\"@id\":\"https:\/\/aprh.pt\/pt\/publicacoes\/artigos\/desafios-para-a-adaptacao-do-litoral-as-alteracoes-climaticas\/#breadcrumb\",\"itemListElement\":[{\"@type\":\"ListItem\",\"position\":1,\"name\":\"Home\",\"item\":\"https:\/\/aprh.pt\/pt\/\"},{\"@type\":\"ListItem\",\"position\":2,\"name\":\"Quem somos\",\"item\":\"https:\/\/aprh.pt\/pt\/quem-somos\/\"},{\"@type\":\"ListItem\",\"position\":3,\"name\":\"Comiss\u00f5es Especializadas\",\"item\":\"https:\/\/aprh.pt\/pt\/quem-somos\/comissoes-especializadas\/\"},{\"@type\":\"ListItem\",\"position\":4,\"name\":\"Desafios para a Adapta\u00e7\u00e3o do Litoral \u00e0s Altera\u00e7\u00f5es Clim\u00e1ticas\"}]},{\"@type\":\"WebSite\",\"@id\":\"https:\/\/aprh.pt\/pt\/#website\",\"url\":\"https:\/\/aprh.pt\/pt\/\",\"name\":\"APRH\",\"description\":\"Associa\u00e7\u00e3o Portuguesa dos Recursos H\u00eddricos\",\"publisher\":{\"@id\":\"https:\/\/aprh.pt\/pt\/#organization\"},\"potentialAction\":[{\"@type\":\"SearchAction\",\"target\":{\"@type\":\"EntryPoint\",\"urlTemplate\":\"https:\/\/aprh.pt\/pt\/?s={search_term_string}\"},\"query-input\":{\"@type\":\"PropertyValueSpecification\",\"valueRequired\":true,\"valueName\":\"search_term_string\"}}],\"inLanguage\":\"pt-PT\"},{\"@type\":\"Organization\",\"@id\":\"https:\/\/aprh.pt\/pt\/#organization\",\"name\":\"APRH\",\"url\":\"https:\/\/aprh.pt\/pt\/\",\"logo\":{\"@type\":\"ImageObject\",\"inLanguage\":\"pt-PT\",\"@id\":\"https:\/\/aprh.pt\/pt\/#\/schema\/logo\/image\/\",\"url\":\"https:\/\/aprh.pt\/wp-content\/uploads\/2022\/04\/logotipo.png\",\"contentUrl\":\"https:\/\/aprh.pt\/wp-content\/uploads\/2022\/04\/logotipo.png\",\"width\":181,\"height\":80,\"caption\":\"APRH\"},\"image\":{\"@id\":\"https:\/\/aprh.pt\/pt\/#\/schema\/logo\/image\/\"}},{\"@type\":\"Person\",\"@id\":\"https:\/\/aprh.pt\/pt\/#\/schema\/person\/48b266141210923df72b6ffbb5cdcbaa\",\"name\":\"admin\",\"image\":{\"@type\":\"ImageObject\",\"inLanguage\":\"pt-PT\",\"@id\":\"https:\/\/aprh.pt\/pt\/#\/schema\/person\/image\/\",\"url\":\"https:\/\/secure.gravatar.com\/avatar\/596e45d48db05fe4ed97c1aa961f66ff?s=96&d=mm&r=g\",\"contentUrl\":\"https:\/\/secure.gravatar.com\/avatar\/596e45d48db05fe4ed97c1aa961f66ff?s=96&d=mm&r=g\",\"caption\":\"admin\"},\"sameAs\":[\"https:\/\/aprh.zalox.pt\"],\"url\":\"https:\/\/aprh.pt\/pt\/author\/zalox\/\"}]}<\/script>\n<!-- \/ Yoast SEO plugin. -->","yoast_head_json":{"title":"Desafios para a Adapta\u00e7\u00e3o do Litoral \u00e0s Altera\u00e7\u00f5es Clim\u00e1ticas - APRH","robots":{"index":"index","follow":"follow","max-snippet":"max-snippet:-1","max-image-preview":"max-image-preview:large","max-video-preview":"max-video-preview:-1"},"canonical":"https:\/\/aprh.pt\/pt\/publicacoes\/artigos\/desafios-para-a-adaptacao-do-litoral-as-alteracoes-climaticas\/","og_locale":"pt_PT","og_type":"article","og_title":"Desafios para a Adapta\u00e7\u00e3o do Litoral \u00e0s Altera\u00e7\u00f5es Clim\u00e1ticas - APRH","og_description":"Comiss\u00e3o Especializada das Zonas Costeiras e do Mar (CEZCM)","og_url":"https:\/\/aprh.pt\/pt\/publicacoes\/artigos\/desafios-para-a-adaptacao-do-litoral-as-alteracoes-climaticas\/","og_site_name":"APRH","article_published_time":"2020-10-21T19:25:31+00:00","article_modified_time":"2022-09-29T14:43:25+00:00","og_image":[{"width":783,"height":398,"url":"https:\/\/aprh.pt\/wp-content\/uploads\/2020\/10\/cezcm_fig1.jpg","type":"image\/jpeg"}],"author":"admin","twitter_card":"summary_large_image","twitter_misc":{"Escrito por":"admin","Tempo estimado de leitura":"5 minutos"},"schema":{"@context":"https:\/\/schema.org","@graph":[{"@type":"Article","@id":"https:\/\/aprh.pt\/pt\/publicacoes\/artigos\/desafios-para-a-adaptacao-do-litoral-as-alteracoes-climaticas\/#article","isPartOf":{"@id":"https:\/\/aprh.pt\/pt\/publicacoes\/artigos\/desafios-para-a-adaptacao-do-litoral-as-alteracoes-climaticas\/"},"author":{"name":"admin","@id":"https:\/\/aprh.pt\/pt\/#\/schema\/person\/48b266141210923df72b6ffbb5cdcbaa"},"headline":"Desafios para a Adapta\u00e7\u00e3o do Litoral \u00e0s Altera\u00e7\u00f5es Clim\u00e1ticas","datePublished":"2020-10-21T19:25:31+00:00","dateModified":"2022-09-29T14:43:25+00:00","mainEntityOfPage":{"@id":"https:\/\/aprh.pt\/pt\/publicacoes\/artigos\/desafios-para-a-adaptacao-do-litoral-as-alteracoes-climaticas\/"},"wordCount":918,"publisher":{"@id":"https:\/\/aprh.pt\/pt\/#organization"},"image":{"@id":"https:\/\/aprh.pt\/pt\/publicacoes\/artigos\/desafios-para-a-adaptacao-do-litoral-as-alteracoes-climaticas\/#primaryimage"},"thumbnailUrl":"https:\/\/aprh.pt\/wp-content\/uploads\/2020\/10\/cezcm_fig1.jpg","keywords":["Opini\u00e3o"],"articleSection":["Artigos"],"inLanguage":"pt-PT"},{"@type":"WebPage","@id":"https:\/\/aprh.pt\/pt\/publicacoes\/artigos\/desafios-para-a-adaptacao-do-litoral-as-alteracoes-climaticas\/","url":"https:\/\/aprh.pt\/pt\/publicacoes\/artigos\/desafios-para-a-adaptacao-do-litoral-as-alteracoes-climaticas\/","name":"Desafios para a Adapta\u00e7\u00e3o do Litoral \u00e0s Altera\u00e7\u00f5es Clim\u00e1ticas - APRH","isPartOf":{"@id":"https:\/\/aprh.pt\/pt\/#website"},"primaryImageOfPage":{"@id":"https:\/\/aprh.pt\/pt\/publicacoes\/artigos\/desafios-para-a-adaptacao-do-litoral-as-alteracoes-climaticas\/#primaryimage"},"image":{"@id":"https:\/\/aprh.pt\/pt\/publicacoes\/artigos\/desafios-para-a-adaptacao-do-litoral-as-alteracoes-climaticas\/#primaryimage"},"thumbnailUrl":"https:\/\/aprh.pt\/wp-content\/uploads\/2020\/10\/cezcm_fig1.jpg","datePublished":"2020-10-21T19:25:31+00:00","dateModified":"2022-09-29T14:43:25+00:00","breadcrumb":{"@id":"https:\/\/aprh.pt\/pt\/publicacoes\/artigos\/desafios-para-a-adaptacao-do-litoral-as-alteracoes-climaticas\/#breadcrumb"},"inLanguage":"pt-PT","potentialAction":[{"@type":"ReadAction","target":["https:\/\/aprh.pt\/pt\/publicacoes\/artigos\/desafios-para-a-adaptacao-do-litoral-as-alteracoes-climaticas\/"]}]},{"@type":"ImageObject","inLanguage":"pt-PT","@id":"https:\/\/aprh.pt\/pt\/publicacoes\/artigos\/desafios-para-a-adaptacao-do-litoral-as-alteracoes-climaticas\/#primaryimage","url":"https:\/\/aprh.pt\/wp-content\/uploads\/2020\/10\/cezcm_fig1.jpg","contentUrl":"https:\/\/aprh.pt\/wp-content\/uploads\/2020\/10\/cezcm_fig1.jpg","width":783,"height":398},{"@type":"BreadcrumbList","@id":"https:\/\/aprh.pt\/pt\/publicacoes\/artigos\/desafios-para-a-adaptacao-do-litoral-as-alteracoes-climaticas\/#breadcrumb","itemListElement":[{"@type":"ListItem","position":1,"name":"Home","item":"https:\/\/aprh.pt\/pt\/"},{"@type":"ListItem","position":2,"name":"Quem somos","item":"https:\/\/aprh.pt\/pt\/quem-somos\/"},{"@type":"ListItem","position":3,"name":"Comiss\u00f5es Especializadas","item":"https:\/\/aprh.pt\/pt\/quem-somos\/comissoes-especializadas\/"},{"@type":"ListItem","position":4,"name":"Desafios para a Adapta\u00e7\u00e3o do Litoral \u00e0s Altera\u00e7\u00f5es Clim\u00e1ticas"}]},{"@type":"WebSite","@id":"https:\/\/aprh.pt\/pt\/#website","url":"https:\/\/aprh.pt\/pt\/","name":"APRH","description":"Associa\u00e7\u00e3o Portuguesa dos Recursos H\u00eddricos","publisher":{"@id":"https:\/\/aprh.pt\/pt\/#organization"},"potentialAction":[{"@type":"SearchAction","target":{"@type":"EntryPoint","urlTemplate":"https:\/\/aprh.pt\/pt\/?s={search_term_string}"},"query-input":{"@type":"PropertyValueSpecification","valueRequired":true,"valueName":"search_term_string"}}],"inLanguage":"pt-PT"},{"@type":"Organization","@id":"https:\/\/aprh.pt\/pt\/#organization","name":"APRH","url":"https:\/\/aprh.pt\/pt\/","logo":{"@type":"ImageObject","inLanguage":"pt-PT","@id":"https:\/\/aprh.pt\/pt\/#\/schema\/logo\/image\/","url":"https:\/\/aprh.pt\/wp-content\/uploads\/2022\/04\/logotipo.png","contentUrl":"https:\/\/aprh.pt\/wp-content\/uploads\/2022\/04\/logotipo.png","width":181,"height":80,"caption":"APRH"},"image":{"@id":"https:\/\/aprh.pt\/pt\/#\/schema\/logo\/image\/"}},{"@type":"Person","@id":"https:\/\/aprh.pt\/pt\/#\/schema\/person\/48b266141210923df72b6ffbb5cdcbaa","name":"admin","image":{"@type":"ImageObject","inLanguage":"pt-PT","@id":"https:\/\/aprh.pt\/pt\/#\/schema\/person\/image\/","url":"https:\/\/secure.gravatar.com\/avatar\/596e45d48db05fe4ed97c1aa961f66ff?s=96&d=mm&r=g","contentUrl":"https:\/\/secure.gravatar.com\/avatar\/596e45d48db05fe4ed97c1aa961f66ff?s=96&d=mm&r=g","caption":"admin"},"sameAs":["https:\/\/aprh.zalox.pt"],"url":"https:\/\/aprh.pt\/pt\/author\/zalox\/"}]}},"_links":{"self":[{"href":"https:\/\/aprh.pt\/pt\/wp-json\/wp\/v2\/posts\/7432","targetHints":{"allow":["GET"]}}],"collection":[{"href":"https:\/\/aprh.pt\/pt\/wp-json\/wp\/v2\/posts"}],"about":[{"href":"https:\/\/aprh.pt\/pt\/wp-json\/wp\/v2\/types\/post"}],"author":[{"embeddable":true,"href":"https:\/\/aprh.pt\/pt\/wp-json\/wp\/v2\/users\/1"}],"replies":[{"embeddable":true,"href":"https:\/\/aprh.pt\/pt\/wp-json\/wp\/v2\/comments?post=7432"}],"version-history":[{"count":15,"href":"https:\/\/aprh.pt\/pt\/wp-json\/wp\/v2\/posts\/7432\/revisions"}],"predecessor-version":[{"id":49064,"href":"https:\/\/aprh.pt\/pt\/wp-json\/wp\/v2\/posts\/7432\/revisions\/49064"}],"wp:featuredmedia":[{"embeddable":true,"href":"https:\/\/aprh.pt\/pt\/wp-json\/wp\/v2\/media\/7428"}],"wp:attachment":[{"href":"https:\/\/aprh.pt\/pt\/wp-json\/wp\/v2\/media?parent=7432"}],"wp:term":[{"taxonomy":"category","embeddable":true,"href":"https:\/\/aprh.pt\/pt\/wp-json\/wp\/v2\/categories?post=7432"},{"taxonomy":"post_tag","embeddable":true,"href":"https:\/\/aprh.pt\/pt\/wp-json\/wp\/v2\/tags?post=7432"}],"curies":[{"name":"wp","href":"https:\/\/api.w.org\/{rel}","templated":true}]}}