{"id":75768,"date":"2024-11-29T09:37:40","date_gmt":"2024-11-29T09:37:40","guid":{"rendered":"https:\/\/www.aprh.pt\/?p=75768"},"modified":"2024-12-11T12:40:00","modified_gmt":"2024-12-11T12:40:00","slug":"viii-jornadas-de-restauro-fluvial","status":"publish","type":"post","link":"https:\/\/aprh.pt\/pt\/eventos\/organizados-pela-aprh\/passados-2024\/viii-jornadas-de-restauro-fluvial\/","title":{"rendered":"VIII Jornadas de Restauro Fluvial"},"content":{"rendered":"\t\t<div data-elementor-type=\"wp-post\" data-elementor-id=\"75768\" class=\"elementor elementor-75768\" data-elementor-post-type=\"post\">\n\t\t\t\t\t\t<section class=\"elementor-section elementor-top-section elementor-element elementor-element-7c352982 elementor-section-boxed elementor-section-height-default elementor-section-height-default\" data-id=\"7c352982\" data-element_type=\"section\">\n\t\t\t\t\t\t<div class=\"elementor-container elementor-column-gap-default\">\n\t\t\t\t\t<div class=\"elementor-column elementor-col-100 elementor-top-column elementor-element elementor-element-12641f9\" data-id=\"12641f9\" data-element_type=\"column\">\n\t\t\t<div class=\"elementor-widget-wrap elementor-element-populated\">\n\t\t\t\t\t\t<div class=\"elementor-element elementor-element-1035866a elementor-widget elementor-widget-spacer\" data-id=\"1035866a\" data-element_type=\"widget\" data-widget_type=\"spacer.default\">\n\t\t\t\t<div class=\"elementor-widget-container\">\n\t\t\t\t\t<div class=\"elementor-spacer\">\n\t\t\t<div class=\"elementor-spacer-inner\"><\/div>\n\t\t<\/div>\n\t\t\t\t<\/div>\n\t\t\t\t<\/div>\n\t\t\t\t\t<\/div>\n\t\t<\/div>\n\t\t\t\t\t<\/div>\n\t\t<\/section>\n\t\t\t\t<section class=\"elementor-section elementor-top-section elementor-element elementor-element-423c72d0 elementor-section-boxed elementor-section-height-default elementor-section-height-default\" data-id=\"423c72d0\" data-element_type=\"section\">\n\t\t\t\t\t\t<div class=\"elementor-container elementor-column-gap-no\">\n\t\t\t\t\t<div class=\"elementor-column elementor-col-50 elementor-top-column elementor-element elementor-element-3b7db74\" data-id=\"3b7db74\" data-element_type=\"column\">\n\t\t\t<div class=\"elementor-widget-wrap elementor-element-populated\">\n\t\t\t\t\t\t<div class=\"elementor-element elementor-element-5f942e6 elementor-widget elementor-widget-theme-post-featured-image elementor-widget-image\" data-id=\"5f942e6\" data-element_type=\"widget\" data-widget_type=\"theme-post-featured-image.default\">\n\t\t\t\t<div class=\"elementor-widget-container\">\n\t\t\t\t\t\t\t\t\t\t\t\t\t<img fetchpriority=\"high\" decoding=\"async\" width=\"899\" height=\"770\" src=\"https:\/\/aprh.pt\/wp-content\/uploads\/2023\/12\/8jornadasrestaurofluvial.jpg\" class=\"attachment-large size-large wp-image-77749\" alt=\"\" srcset=\"https:\/\/aprh.pt\/wp-content\/uploads\/2023\/12\/8jornadasrestaurofluvial.jpg 899w, https:\/\/aprh.pt\/wp-content\/uploads\/2023\/12\/8jornadasrestaurofluvial-300x257.jpg 300w, https:\/\/aprh.pt\/wp-content\/uploads\/2023\/12\/8jornadasrestaurofluvial-768x658.jpg 768w\" sizes=\"(max-width: 899px) 100vw, 899px\" \/>\t\t\t\t\t\t\t\t\t\t\t\t\t<\/div>\n\t\t\t\t<\/div>\n\t\t\t\t\t<\/div>\n\t\t<\/div>\n\t\t\t\t<div class=\"elementor-column elementor-col-50 elementor-top-column elementor-element elementor-element-65540652\" data-id=\"65540652\" data-element_type=\"column\">\n\t\t\t<div class=\"elementor-widget-wrap elementor-element-populated\">\n\t\t\t\t\t\t<div class=\"elementor-element elementor-element-52d99689 elementor-widget__width-auto elementor-widget elementor-widget-theme-post-excerpt\" data-id=\"52d99689\" data-element_type=\"widget\" data-widget_type=\"theme-post-excerpt.default\">\n\t\t\t\t<div class=\"elementor-widget-container\">\n\t\t\t28 NOV\t\t<\/div>\n\t\t\t\t<\/div>\n\t\t\t\t<div class=\"elementor-element elementor-element-64170d8 elementor-widget elementor-widget-theme-post-title elementor-page-title elementor-widget-heading\" data-id=\"64170d8\" data-element_type=\"widget\" data-widget_type=\"theme-post-title.default\">\n\t\t\t\t<div class=\"elementor-widget-container\">\n\t\t\t<h1 class=\"elementor-heading-title elementor-size-default\">VIII Jornadas de Restauro Fluvial<\/h1>\t\t<\/div>\n\t\t\t\t<\/div>\n\t\t\t\t<div class=\"elementor-element elementor-element-413501a4 elementor-widget elementor-widget-text-editor\" data-id=\"413501a4\" data-element_type=\"widget\" data-widget_type=\"text-editor.default\">\n\t\t\t\t<div class=\"elementor-widget-container\">\n\t\t\t\t\t\t\t<p><strong>Lisboa, 28 de novembro de 2024<\/strong><\/p><p><em>Laborat\u00f3rio Nacional de Engenharia Civil,\u00a0<\/em><em>Centro de Congressos (Pequeno Audit\u00f3rio)<\/em><\/p><p><a href=\"https:\/\/www.aprh.pt\/images\/stories\/pdf\/8JornadasdeRestauroFluvial.pdf\" target=\"_blank\" rel=\"noopener\">Boletim 1 (PDF)<\/a><\/p>\t\t\t\t\t\t<\/div>\n\t\t\t\t<\/div>\n\t\t\t\t<div class=\"elementor-element elementor-element-534f6edf elementor-share-buttons--view-icon elementor-share-buttons--skin-flat elementor-share-buttons--shape-circle elementor-share-buttons--align-right elementor-share-buttons--color-custom elementor-grid-0 elementor-widget elementor-widget-share-buttons\" data-id=\"534f6edf\" data-element_type=\"widget\" data-widget_type=\"share-buttons.default\">\n\t\t\t\t<div class=\"elementor-widget-container\">\n\t\t\t\t\t<div class=\"elementor-grid\">\n\t\t\t\t\t\t\t\t<div class=\"elementor-grid-item\">\n\t\t\t\t\t\t<div\n\t\t\t\t\t\t\tclass=\"elementor-share-btn elementor-share-btn_facebook\"\n\t\t\t\t\t\t\trole=\"button\"\n\t\t\t\t\t\t\ttabindex=\"0\"\n\t\t\t\t\t\t\taria-label=\"Share on facebook\"\n\t\t\t\t\t\t>\n\t\t\t\t\t\t\t\t\t\t\t\t\t\t\t<span class=\"elementor-share-btn__icon\">\n\t\t\t\t\t\t\t\t<i class=\"fab fa-facebook\" aria-hidden=\"true\"><\/i>\t\t\t\t\t\t\t<\/span>\n\t\t\t\t\t\t\t\t\t\t\t\t\t\t\t\t\t\t\t\t<\/div>\n\t\t\t\t\t<\/div>\n\t\t\t\t\t\t\t\t\t<div class=\"elementor-grid-item\">\n\t\t\t\t\t\t<div\n\t\t\t\t\t\t\tclass=\"elementor-share-btn elementor-share-btn_twitter\"\n\t\t\t\t\t\t\trole=\"button\"\n\t\t\t\t\t\t\ttabindex=\"0\"\n\t\t\t\t\t\t\taria-label=\"Share on twitter\"\n\t\t\t\t\t\t>\n\t\t\t\t\t\t\t\t\t\t\t\t\t\t\t<span class=\"elementor-share-btn__icon\">\n\t\t\t\t\t\t\t\t<i class=\"fab fa-twitter\" aria-hidden=\"true\"><\/i>\t\t\t\t\t\t\t<\/span>\n\t\t\t\t\t\t\t\t\t\t\t\t\t\t\t\t\t\t\t\t<\/div>\n\t\t\t\t\t<\/div>\n\t\t\t\t\t\t\t\t\t<div class=\"elementor-grid-item\">\n\t\t\t\t\t\t<div\n\t\t\t\t\t\t\tclass=\"elementor-share-btn elementor-share-btn_linkedin\"\n\t\t\t\t\t\t\trole=\"button\"\n\t\t\t\t\t\t\ttabindex=\"0\"\n\t\t\t\t\t\t\taria-label=\"Share on linkedin\"\n\t\t\t\t\t\t>\n\t\t\t\t\t\t\t\t\t\t\t\t\t\t\t<span class=\"elementor-share-btn__icon\">\n\t\t\t\t\t\t\t\t<i class=\"fab fa-linkedin\" aria-hidden=\"true\"><\/i>\t\t\t\t\t\t\t<\/span>\n\t\t\t\t\t\t\t\t\t\t\t\t\t\t\t\t\t\t\t\t<\/div>\n\t\t\t\t\t<\/div>\n\t\t\t\t\t\t<\/div>\n\t\t\t\t<\/div>\n\t\t\t\t<\/div>\n\t\t\t\t\t<\/div>\n\t\t<\/div>\n\t\t\t\t\t<\/div>\n\t\t<\/section>\n\t\t\t\t<section class=\"elementor-section elementor-top-section elementor-element elementor-element-507aa9c4 elementor-section-boxed elementor-section-height-default elementor-section-height-default\" data-id=\"507aa9c4\" data-element_type=\"section\">\n\t\t\t\t\t\t<div class=\"elementor-container elementor-column-gap-no\">\n\t\t\t\t\t<div class=\"elementor-column elementor-col-100 elementor-top-column elementor-element elementor-element-709964de\" data-id=\"709964de\" data-element_type=\"column\">\n\t\t\t<div class=\"elementor-widget-wrap elementor-element-populated\">\n\t\t\t\t\t\t<div class=\"elementor-element elementor-element-171826df tabs_eventos elementor-tabs-view-horizontal elementor-widget elementor-widget-tabs\" data-id=\"171826df\" data-element_type=\"widget\" data-widget_type=\"tabs.default\">\n\t\t\t\t<div class=\"elementor-widget-container\">\n\t\t\t\t\t<div class=\"elementor-tabs\">\n\t\t\t<div class=\"elementor-tabs-wrapper\" role=\"tablist\" >\n\t\t\t\t\t\t\t\t\t<div id=\"elementor-tab-title-3871\" class=\"elementor-tab-title elementor-tab-desktop-title\" aria-selected=\"true\" data-tab=\"1\" role=\"tab\" tabindex=\"0\" aria-controls=\"elementor-tab-content-3871\" aria-expanded=\"false\">Apresenta\u00e7\u00e3o<\/div>\n\t\t\t\t\t\t\t\t\t<div id=\"elementor-tab-title-3872\" class=\"elementor-tab-title elementor-tab-desktop-title\" aria-selected=\"false\" data-tab=\"2\" role=\"tab\" tabindex=\"-1\" aria-controls=\"elementor-tab-content-3872\" aria-expanded=\"false\">Inscri\u00e7\u00f5es<\/div>\n\t\t\t\t\t\t\t\t\t<div id=\"elementor-tab-title-3873\" class=\"elementor-tab-title elementor-tab-desktop-title\" aria-selected=\"false\" data-tab=\"3\" role=\"tab\" tabindex=\"-1\" aria-controls=\"elementor-tab-content-3873\" aria-expanded=\"false\">Fotos<\/div>\n\t\t\t\t\t\t\t\t\t<div id=\"elementor-tab-title-3874\" class=\"elementor-tab-title elementor-tab-desktop-title\" aria-selected=\"false\" data-tab=\"4\" role=\"tab\" tabindex=\"-1\" aria-controls=\"elementor-tab-content-3874\" aria-expanded=\"false\">Apresenta\u00e7\u00f5es<\/div>\n\t\t\t\t\t\t\t\t\t<div id=\"elementor-tab-title-3875\" class=\"elementor-tab-title elementor-tab-desktop-title\" aria-selected=\"false\" data-tab=\"5\" role=\"tab\" tabindex=\"-1\" aria-controls=\"elementor-tab-content-3875\" aria-expanded=\"false\">Ata<\/div>\n\t\t\t\t\t\t\t<\/div>\n\t\t\t<div class=\"elementor-tabs-content-wrapper\" role=\"tablist\" aria-orientation=\"vertical\">\n\t\t\t\t\t\t\t\t\t<div class=\"elementor-tab-title elementor-tab-mobile-title\" aria-selected=\"true\" data-tab=\"1\" role=\"tab\" tabindex=\"0\" aria-controls=\"elementor-tab-content-3871\" aria-expanded=\"false\">Apresenta\u00e7\u00e3o<\/div>\n\t\t\t\t\t<div id=\"elementor-tab-content-3871\" class=\"elementor-tab-content elementor-clearfix\" data-tab=\"1\" role=\"tabpanel\" aria-labelledby=\"elementor-tab-title-3871\" tabindex=\"0\" hidden=\"false\"><p><strong> ENQUADRAMENTO<\/strong><\/p><p>Os ecossistemas fluviais est\u00e3o sujeitos a uma multitude de press\u00f5es como resultado do aumento da atividade humana. Os impactos \u00e0 escala global incluem a homogeneiza\u00e7\u00e3o das comunidades biol\u00f3gicas, a polui\u00e7\u00e3o qu\u00edmica por excesso de nutrientes, a deteriora\u00e7\u00e3o da diversidade estrutural, da conectividade e da din\u00e2mica de processos. Cada vez mais assiste-se a uma necessidade social premente de reverter o decl\u00ednio da biodiversidade e substituir o funcionamento e os servi\u00e7os perdidos dos ecossistemas fluviais, permitindo a sua recupera\u00e7\u00e3o natural ou o restauro ativo.<\/p><p><strong> OBJETIVOS<\/strong><\/p><p>Promover a qualidade t\u00e9cnica de a\u00e7\u00f5es de requalifica\u00e7\u00e3o fluvial e de restauro; analisar exemplos e pr\u00e1ticas; sensibilizar os diversos agentes para a relev\u00e2ncia desta tem\u00e1tica para a sustentabilidade dos ecossistemas fluviais.<\/p><p><strong> COMISS\u00c3O ORGANIZADORA <\/strong><\/p><p>Comiss\u00e3o Especializada da Qualidade da \u00c1gua e dos Ecossistemas (CEQAE)<\/p><\/div>\n\t\t\t\t\t\t\t\t\t<div class=\"elementor-tab-title elementor-tab-mobile-title\" aria-selected=\"false\" data-tab=\"2\" role=\"tab\" tabindex=\"-1\" aria-controls=\"elementor-tab-content-3872\" aria-expanded=\"false\">Inscri\u00e7\u00f5es<\/div>\n\t\t\t\t\t<div id=\"elementor-tab-content-3872\" class=\"elementor-tab-content elementor-clearfix\" data-tab=\"2\" role=\"tabpanel\" aria-labelledby=\"elementor-tab-title-3872\" tabindex=\"0\" hidden=\"hidden\"><p>A inscri\u00e7\u00e3o nas Jornadas dever\u00e1 ser feita mediante o preenchimento do formul\u00e1rio online: <a href=\"https:\/\/forms.office.com\/e\/RkxYaAvHJc\" target=\"_blank\" rel=\"noopener\">https:\/\/forms.office.com\/e\/RkxYaAvHJc<\/a><\/p><p>Os custos de inscri\u00e7\u00e3o s\u00e3o os seguintes:<\/p><ul><li>Associados da APRH: 20 \u20ac<\/li><li>N\u00e3o Associados: 30 \u20ac<\/li><li>Estudantes: 5 \u20ac<\/li><\/ul><p>O pagamento da inscri\u00e7\u00e3o dever\u00e1 ser feito para:<\/p><p>ASSOCIA\u00c7\u00c3O PORTUGUESA DOS RECURSOS H\u00cdDRICOS<\/p><p>Pedir IBAN ao email (<a href=\"mailto:aprh@aprh.pt\" target=\"_blank\" rel=\"noopener\">aprh@aprh.pt<\/a>)<\/p><\/div>\n\t\t\t\t\t\t\t\t\t<div class=\"elementor-tab-title elementor-tab-mobile-title\" aria-selected=\"false\" data-tab=\"3\" role=\"tab\" tabindex=\"-1\" aria-controls=\"elementor-tab-content-3873\" aria-expanded=\"false\">Fotos<\/div>\n\t\t\t\t\t<div id=\"elementor-tab-content-3873\" class=\"elementor-tab-content elementor-clearfix\" data-tab=\"3\" role=\"tabpanel\" aria-labelledby=\"elementor-tab-title-3873\" tabindex=\"0\" hidden=\"hidden\"><p><a href=\"https:\/\/aprh.pt\/wp-content\/uploads\/2024\/12\/DSC04668-scaled.jpg\"><img decoding=\"async\" class=\"alignnone size-medium wp-image-78885\" src=\"https:\/\/aprh.pt\/wp-content\/uploads\/2024\/12\/DSC04668-300x225.jpg\" alt=\"\" width=\"300\" height=\"225\" srcset=\"https:\/\/aprh.pt\/wp-content\/uploads\/2024\/12\/DSC04668-300x225.jpg 300w, https:\/\/aprh.pt\/wp-content\/uploads\/2024\/12\/DSC04668-1024x768.jpg 1024w, https:\/\/aprh.pt\/wp-content\/uploads\/2024\/12\/DSC04668-768x576.jpg 768w, https:\/\/aprh.pt\/wp-content\/uploads\/2024\/12\/DSC04668-1536x1152.jpg 1536w, https:\/\/aprh.pt\/wp-content\/uploads\/2024\/12\/DSC04668-2048x1536.jpg 2048w\" sizes=\"(max-width: 300px) 100vw, 300px\" \/><\/a><br \/><a href=\"https:\/\/photos.app.goo.gl\/bVfAGz5VfYFTreX76\" target=\"_blank\" rel=\"noopener\">Galeria de fotos<\/a><\/p><\/div>\n\t\t\t\t\t\t\t\t\t<div class=\"elementor-tab-title elementor-tab-mobile-title\" aria-selected=\"false\" data-tab=\"4\" role=\"tab\" tabindex=\"-1\" aria-controls=\"elementor-tab-content-3874\" aria-expanded=\"false\">Apresenta\u00e7\u00f5es<\/div>\n\t\t\t\t\t<div id=\"elementor-tab-content-3874\" class=\"elementor-tab-content elementor-clearfix\" data-tab=\"4\" role=\"tabpanel\" aria-labelledby=\"elementor-tab-title-3874\" tabindex=\"0\" hidden=\"hidden\"><p><strong>Abertura<\/strong> &#8211; Jos\u00e9 M. Santos (CEF\/ISA, ULisboa | Presidente da CEQAE) &#8211; <a href=\"https:\/\/aprh.pt\/images\/stories\/pdf\/00_JMSantos.pdf\" target=\"_blank\" rel=\"noopener\">PDF<\/a><\/p><p><strong>Necessidades e potencial de restauro de sistemas de \u00e1gua <\/strong><strong>doce na Europa<\/strong> \u2013 Paulo Branco (Lab. Associado TERRA) &#8211; <a href=\"https:\/\/aprh.pt\/images\/stories\/pdf\/01_PBranco.pdf\" target=\"_blank\" rel=\"noopener\">PDF<\/a><\/p><p><strong>\u201c25.000 km de rios naturais\u201d Meta? Ou oportunidade e <\/strong><strong>desafio!<\/strong> \u2013 Ana Telhado e Ver\u00f3nica Onofre Pinto (APA) &#8211; <a href=\"https:\/\/aprh.pt\/images\/stories\/pdf\/02_ATelhado.pdf\" target=\"_blank\" rel=\"noopener\">PDF<\/a><\/p><p><strong>Solu\u00e7\u00f5es de base natural e restaura\u00e7\u00e3o em cursos de \u00e1gua: <\/strong><strong>semelhan\u00e7as e conflitos<\/strong> \u2013 Rui Cortes (UTAD) &#8211; <a href=\"https:\/\/aprh.pt\/images\/stories\/pdf\/03_RCortes.pdf\" target=\"_blank\" rel=\"noopener\">PDF<\/a><\/p><p><strong>Gest\u00e3o da \u00e1gua em Portugal: o papel das solu\u00e7\u00f5es baseadas <\/strong><strong>na natureza<\/strong> \u2013 Maria Jo\u00e3o Costa (ANP | WWF Portugal) &#8211; <a href=\"https:\/\/aprh.pt\/images\/stories\/pdf\/05_MJCosta.pdf\" target=\"_blank\" rel=\"noopener\">PDF<\/a><\/p><p><strong>Gest\u00e3o integrada das linhas de \u00e1gua: o equil\u00edbrio entre <\/strong><strong>prioridades ecol\u00f3gicas, sociais e o desenvolvimento<\/strong><br \/><strong>econ\u00f3mico<\/strong> \u2013 Andreia Rocha e Nuno Morais (CM Loures) &#8211; <a href=\"https:\/\/aprh.pt\/images\/stories\/pdf\/06_ARocha_NMorais.pdf\" target=\"_blank\" rel=\"noopener\">PDF<\/a><\/p><p><strong>Restauro da Conectividade Fluvial na sub-bacia do Alviela &#8211; <\/strong><strong>conhecimento, participa\u00e7\u00e3o e a\u00e7\u00e3o<\/strong> \u2013 Catarina Miranda (GEOTA) &#8211; <a href=\"https:\/\/aprh.pt\/images\/stories\/pdf\/07_CMiranda.pdf\" target=\"_blank\" rel=\"noopener\">PDF<\/a><\/p><p><strong>Monitoriza\u00e7\u00e3o pisc\u00edcola nas eclusas de Borland das barragens do <\/strong><strong>tro\u00e7o nacional do Douro<\/strong> \u2013 Liliana Benites (EDP) \u00a0&#8211; <a href=\"https:\/\/aprh.pt\/images\/stories\/pdf\/08_LBenites.pdf\" target=\"_blank\" rel=\"noopener\">PDF<\/a><\/p><p><strong>Renaturaliza\u00e7\u00e3o de linhas de \u00e1gua na Serra de Sintra<\/strong> \u2013 In\u00eas Moreira (Parques de Sintra) &#8211; <a href=\"https:\/\/aprh.pt\/images\/stories\/pdf\/09_IMoreira.pdf\" target=\"_blank\" rel=\"noopener\">PDF<\/a><\/p><p><strong>Renaturaliza\u00e7\u00e3o de \u00e1reas invadidas em margens rip\u00e1rias, <\/strong><strong>atrav\u00e9s de uma sucess\u00e3o natural nativa<\/strong> \u2013 Jo\u00e3o Oliveira (Mushmore) &#8211; <a href=\"https:\/\/aprh.pt\/images\/stories\/pdf\/10_JOliveira.pdf\" target=\"_blank\" rel=\"noopener\">PDF<\/a><\/p><\/div>\n\t\t\t\t\t\t\t\t\t<div class=\"elementor-tab-title elementor-tab-mobile-title\" aria-selected=\"false\" data-tab=\"5\" role=\"tab\" tabindex=\"-1\" aria-controls=\"elementor-tab-content-3875\" aria-expanded=\"false\">Ata<\/div>\n\t\t\t\t\t<div id=\"elementor-tab-content-3875\" class=\"elementor-tab-content elementor-clearfix\" data-tab=\"5\" role=\"tabpanel\" aria-labelledby=\"elementor-tab-title-3875\" tabindex=\"0\" hidden=\"hidden\"><p><strong>\u00a0<\/strong><strong>8<sup>as<\/sup> JORNADAS DE RESTAURO FLUVIAL<\/strong><\/p><p><strong>28 de novembro de 2024 (Pequeno Audit\u00f3rio do LNEC)<\/strong><\/p><p>Tiveram lugar no passado dia 28 de novembro de 2024, no Pequeno Audit\u00f3rio do Centro de Congressos do Laborat\u00f3rio Nacional de Engenharia Civil (LNEC), as <strong>8<sup>as.<\/sup>Jornadas de Restauro Fluvial<\/strong>. Tratou-se de uma iniciativa organizada pela Comiss\u00e3o Especializada da Qualidade da \u00c1gua e dos Ecossistemas (CEQAE).<\/p><p>O evento, que teve como objetivo, promover a qualidade t\u00e9cnica de a\u00e7\u00f5es de requalifica\u00e7\u00e3o fluvial e de\u00a0 restauro,\u00a0 analisar\u00a0 exemplos\u00a0 e\u00a0 pr\u00e1ticas e sensibilizar\u00a0 os diversos\u00a0 agentes\u00a0 para\u00a0 a\u00a0 relev\u00e2ncia\u00a0 desta\u00a0 tem\u00e1tica\u00a0 para\u00a0 a sustentabilidade dos ecossistemas fluviais, contou com um amplo painel de investigadores de diferentes universidades, bem como de agentes ligados \u00e0 administra\u00e7\u00e3o central do Estado, empresarial e aut\u00e1rquica, organiza\u00e7\u00f5es sem fins lucrativos, cujas comunica\u00e7\u00f5es versaram os mais diferentes aspetos ligados \u00e0 tem\u00e1tica do restauro e reabilita\u00e7\u00e3o fluvial.<\/p><p>Estiveram presentes no total cerca de 110 participantes, incluindo membros da APRH, empresas de servi\u00e7os especializados na \u00e1rea do ambiente (Aqualogus, Ecosalix, RJSS Technology &amp; Consulting Lda, MHYD, e EDP Labelec), empresas de com\u00e9rcio por grosso de produtos para paisagem e ambiente (Geosin- International Lda, Frederico Morais Lda), do setor energ\u00e9tico (EDP Produ\u00e7\u00e3o e Movhera), munic\u00edpios (Caldas da Rainha, Torres Vedras, Loures, Oeiras e Montemor-o-Novo), administra\u00e7\u00e3o central (APA, ICNF e DGADR), e municipal (Servi\u00e7os Municipalizados de Set\u00fabal), professores\/investigadores e alunos de estabelecimentos de ensino superior (Universidade de Lisboa), Associa\u00e7\u00e3o de Benefici\u00e1rios da Lez\u00edria Grande de Vila Franca de Xira e organiza\u00e7\u00f5es n\u00e3o-governamentais (Associa\u00e7\u00e3o Natureza Portugal em associa\u00e7\u00e3o com a WWF).<\/p><p><strong>BOAS-VINDAS E ABERTURA DA SESS\u00c3O<\/strong><\/p><p><strong>Jorge Cardoso Gon\u00e7alves<\/strong> (Presidente da APRH) deu as boas-vindas, agradecendo a disponibilidade dos oradores pela aceita\u00e7\u00e3o do convite e da assist\u00eancia pela sua participa\u00e7\u00e3o no evento. Referiu que as Jornadas de Restauro Fluvial t\u00eam suscitado um interesse crescente nos \u00faltimos anos por parte um p\u00fablico cada vez mais sens\u00edvel para estas quest\u00f5es.<\/p><p><strong>Jos\u00e9 Maria Santos<\/strong> (CEF\/ISA | CEQAE) fez a abertura da sess\u00e3o, come\u00e7ando por fazer um enquadramento acerca das principais press\u00f5es a que os ecossistemas fluviais est\u00e3o sujeitos, mostrando os principais resultados de uma an\u00e1lise bibliogr\u00e1fica acerca do n\u00famero de trabalhos publicados em reabilita\u00e7\u00e3o e restauro fluvial, onde se evidenciou que o respetivo n\u00famero tem aumentado todos os anos a uma escala global, e em diferentes \u00e1reas cient\u00edficas. Referiu tamb\u00e9m que os projetos de restauro de rios, embora centrados principalmente nos benef\u00edcios ecol\u00f3gicos, abrangem cada vez mais uma s\u00e9rie de quest\u00f5es sociais que necessitam de abordagem para uma implementa\u00e7\u00e3o bem-sucedida e sustent\u00e1vel. Seguidamente fez um enquadramento hist\u00f3rico das restantes edi\u00e7\u00f5es das Jornadas de Restauro Fluvial que se iniciaram em 2010, e relembrou os objetivos e o programa do evento.<\/p><p>\u00a0<\/p><p><strong>TEMAS TRATADOS<\/strong><\/p><p><strong>Jos\u00e9 Maria Santos<\/strong> (ISA\/CEQAE) moderou a primeira sess\u00e3o da manh\u00e3 de comunica\u00e7\u00f5es t\u00e9cnicas.<\/p><p>A 1.\u00aa Comunica\u00e7\u00e3o foi apresentada por <strong>Paulo Branco<\/strong>, do Laborat\u00f3rio Associado TERRA, que abordou o tema \u201cNecessidades e potencial de restauro de sistemas de \u00e1gua doce na Europa\u201d, onde elencou as principais press\u00f5es humanas existentes nos sistemas fluviais, com enfase na quebra de conectividade por diferentes tipos de barreiras e no stress h\u00eddrico. Referiu que as necessidades de restauro s\u00e3o constantes em toda a EU e que as mudan\u00e7as clim\u00e1ticas futuras, incluindo mudan\u00e7as hidrol\u00f3gicas, v\u00e3o agravar as diferen\u00e7as atualmente observadas. Fez saber igualmente que a fragmenta\u00e7\u00e3o imposta por barreiras transversais pode afetar os esfor\u00e7os de restauro e que as \u00e1reas de necessidade de restauro com disponibilidade de \u00e1gua e localizadas fora de \u00e1reas altamente urbanizadas tendem a ter um maior potencial. Conclui tamb\u00e9m que as mudan\u00e7as clim\u00e1ticas previstas ter\u00e3o um impacto nos recursos h\u00eddricos, que s\u00e3o cr\u00edticos para os habitats de \u00e1gua doce e o status favor\u00e1vel das esp\u00e9cies e a boa qualidade ecol\u00f3gica.<\/p><p>Na 2.\u00aa Comunica\u00e7\u00e3o, apresentada por <strong>Ana Telhado<\/strong>, e elaborada em coautoria com Ver\u00f3nica Onofre Pinto, da Ag\u00eancia Portuguesa do Ambiente (APA), foi abordado o tema \u201c\u201c25.000 km de rios naturais\u201d Meta? Ou oportunidade e desafio!\u201d. Come\u00e7aram por abordar a problem\u00e1tica da presen\u00e7a de estruturas artificiais (barreiras) nos sistemas fluviais que afetam de forma significativa as massas de \u00e1gua europeias, e da necessidade de restauro de rios de pelo menos 25.000 km, de acordo com a Estrat\u00e9gia da Biodiversidade 2030, da qual a recente Lei do Restauro constitui um elemento-chave. Referiram seguidamente as etapas necess\u00e1rias \u00e0 operacionaliza\u00e7\u00e3o do restauro das massas de \u00e1gua, onde se inclui a atualiza\u00e7\u00e3o do invent\u00e1rio de barreiras, a identifica\u00e7\u00e3o dos seus usos, bem como daquelas que se encontram obsoletas. Fizeram igualmente notar que, de acordo com as mais recentes diretrizes europeias, \u00e9 essencial a identifica\u00e7\u00e3o de tro\u00e7os pass\u00edveis de serem considerados \u201cfree-flowing\u201d para a prioriza\u00e7\u00e3o das interven\u00e7\u00f5es de restauro, e que para tal deve ser seguida a metodologia FFR (elaborado pelo JPR em 2024) que inclui 4 etapas. Por \u00faltimo, referiram que j\u00e1 se encontram a ser feitas reabilita\u00e7\u00f5es e restauros nos rios e ribeiras em Portugal associadas a interven\u00e7\u00f5es para recreio e lazer, recupera\u00e7\u00e3o de inc\u00eandios mas que n\u00e3o seguem a estrat\u00e9gia da UE no que respeita ao conceito de FFR.<\/p><p>A 3\u00aa Comunica\u00e7\u00e3o foi apresentada por <strong>Rui Cortes<\/strong>, da Universidade de Tr\u00e1s-os-Montes e Alto Douro, que abordou o tema \u201cSolu\u00e7\u00f5es de base natural e restaura\u00e7\u00e3o em cursos de \u00e1gua: semelhan\u00e7as e conflitos\u201d. Come\u00e7ou por apresentar as principais diferen\u00e7as entre Restaura\u00e7\u00e3o e Solu\u00e7\u00f5es de Base Natural (NbS) ao n\u00edvel dos principais desafios, escala geogr\u00e1fica, planeamento, tipo de interven\u00e7\u00f5es e monitoriza\u00e7\u00e3o. Seguidamente evidenciou exemplos de NbS em v\u00e1rios dom\u00ednios (agricultura, floresta, pescas) e a sua rela\u00e7\u00e3o com os servi\u00e7os de ecossistema.\u00a0 Referiu ainda a import\u00e2ncia da Estrat\u00e9gia da Biodiversidade 2030 da UE a da recente Lei do Restauro da Natureza como elementos-chave para o restabelecimento da conectividade fluvial, e a n\u00edvel nacional da Estrat\u00e9gia Nacional de Reabilita\u00e7\u00e3o de Rios e Ribeiras com enfoque nas NBS. Apresentou ainda um caso de estudo que incluiu participa\u00e7\u00e3o p\u00fablica para a defini\u00e7\u00e3o e localiza\u00e7\u00e3o das NbS no Rio Paiva, em particular tendo em conta as altera\u00e7\u00f5es clim\u00e1ticas na distribui\u00e7\u00e3o da r\u00e3-Ib\u00e9rica. A terminar, salientou que i) restaura\u00e7\u00e3o e NbS encerram conceitos e processos distintos mas complementares; ii) a UE d\u00e1 prioridade aos processos de conserva\u00e7\u00e3o e restaura\u00e7\u00e3o e Portugal \u00e0s NbS, com enfoque no servi\u00e7o de ecossistemas; iii) as NbS nem sempre conduzem \u00e0 conserva\u00e7\u00e3o das esp\u00e9cies e ao equil\u00edbrio ecol\u00f3gico, dependendo da aplica\u00e7\u00e3o das infraestruturas verdes, azuis e cinzentas, sendo que deve-se procurar a maximiza\u00e7\u00e3o dos servi\u00e7os de ecossistema nas NbS, mas sem afetar negativamente a qualidade dos habitats e ter em conta as altera\u00e7\u00f5es clim\u00e1ticas.<\/p><p>Antes de terminar a primeira sess\u00e3o de comunica\u00e7\u00f5es, a engenheira <strong>Ana Estela Barbosa<\/strong> (LNEC | APRH) apresentou aos participantes o Projeto \u201cASSUBIO \u2013 A \u00c1gua Sustenta e \u00e9 SUstentada pela Natureza &amp; BIOdiversidade\u201d, desenvolvido pela APRH e financiado pelo Fundo Ambiental. Referiu que o projeto tem um prop\u00f3sito de sensibiliza\u00e7\u00e3o ambiental integrada, potenciando a consciencializa\u00e7\u00e3o do nexus \u00e1gua-natureza-biodiversidade. Seguidamente apresentou um v\u00eddeo que foi o culminar do projeto.<\/p><p><strong>Isabel Boavida<\/strong> (IST) moderou a segunda sess\u00e3o da manh\u00e3 de comunica\u00e7\u00f5es t\u00e9cnicas.<\/p><p>A 4.\u00aa Comunica\u00e7\u00e3o foi apresentada por <strong>Maria Jo\u00e3o Feio<\/strong>, da Universidade de Coimbra\/MARE, cujo t\u00edtulo foi \u201cA import\u00e2ncia da sa\u00fade dos ecossistemas ribeirinhos na perspetiva da Sa\u00fade \u00danica\u201d. A apresenta\u00e7\u00e3o iniciou com o conceito de Sa\u00fade \u00danica (One Health) que tem por base a sa\u00fade ambiental, a sa\u00fade dos animais e plantas e a sa\u00fade humana. De seguida, abordou os objetivos do projeto internacional OneAquaHealth que pretende contribuir para colmatar lacunas no conhecimento na \u00e1rea da sa\u00fade dos ecossistemas ribeirinhos e desenvolver um sistema de vigil\u00e2ncia ambiental de suporte \u00e0 decis\u00e3o e \u00e0 participa\u00e7\u00e3o p\u00fablica. Apresentou de seguida os indicadores OneAquaHealth, que est\u00e3o a ser monitorizados em 100 locais de estudo distribu\u00eddos por 5 cidades europeia (Coimbra, Toulouse, Benevento, Gent e Oslo), e alguns resultados preliminares do projeto com \u00eanfase nesses mesmo indicadores. No final apresentou as conclus\u00f5es preliminares do estudo, enfatizando a necessidade de monitorizar os ecossistemas ribeirinhos de forma mais hol\u00edstica principalmente em zonas urbanas ou com outros usos de solo (industriais, agr\u00edcolas), essencial para prevenir a degrada\u00e7\u00e3o da sa\u00fade humana e de outros animais (incluindo dom\u00e9sticos) e plantas. Referiu tamb\u00e9m que \u00e9 essencial recuperar a integridade dos ecossistemas ribeirinhos para prevenir a emerg\u00eancia de doen\u00e7as que afetem a sa\u00fade humana f\u00edsica e mental e que prioridades de conserva\u00e7\u00e3o devem ter em conta e s\u00e3o refor\u00e7ados pelo contexto da Sa\u00fade \u00danica.<\/p><p>A 5.\u00aa Comunica\u00e7\u00e3o foi apresentada por <strong>Maria Jo\u00e3o Costa<\/strong>, da Associa\u00e7\u00e3o Natureza Portugal (ANP)\/WWF, que abordou o tema \u201cGest\u00e3o da \u00e1gua em Portugal: O papel das Solu\u00e7\u00f5es Baseadas na Natureza\u201d. Come\u00e7ou por referir o decl\u00ednio global a que as esp\u00e9cies de \u00e1gua doce t\u00eam sido sujeitas, devido a m\u00faltiplas press\u00f5es humanas que atuam nos sistemas fluviais, nomeadamente a constru\u00e7\u00e3o de barragens e a\u00e7udes, e que tem provocado in\u00fameras consequ\u00eancias econ\u00f3micas e ecol\u00f3gicas. Seguidamente elencou as ferramentas nacionais de gest\u00e3o dos recursos h\u00eddricos, em que a Lei do Restauro da Natureza \u00e9 uma pe\u00e7a-chave e que prev\u00ea o restauro da conectividade natural dos rios e das fun\u00e7\u00f5es das plan\u00edcies aluviais conexas. De seguida debru\u00e7ou-se no papel da ANP\/WWF no restauro ecol\u00f3gico fluvial com foco na implementa\u00e7\u00e3o de solu\u00e7\u00f5es baseadas na natureza. Mostrou os diferentes casos de estudo relacionados com a remo\u00e7\u00e3o de barreiras fluviais obsoletas &#8211; onde detalhou as principais medidas de restauro da conectividade, as etapas subjacentes ao processo de remo\u00e7\u00e3o, e os locais de estudo- , com a resili\u00eancia da serra do Caldeir\u00e3o face \u00e0 escassez h\u00eddrica e fogos florestais \u2013 onde apresentou diversas medida implementadas -, e com a aplica\u00e7\u00e3o de boas pr\u00e1ticas de consumo de \u00e1gua na agricultura.<\/p><p>A 6.\u00aa Comunica\u00e7\u00e3o foi apresentada por <strong>Andreia Rocha <\/strong>e<strong> Nuno Morais<\/strong>, da C\u00e2mara Municipal de Loures, cujo t\u00edtulo foi \u201cGest\u00e3o integrada das linhas de \u00e1gua: o equil\u00edbrio entre prioridades ecol\u00f3gicas, sociais e o desenvolvimento econ\u00f3mico\u201d. A apresenta\u00e7\u00e3o iniciou-se com o enquadramento geogr\u00e1fico do munic\u00edpio e a respetiva rede hidrogr\u00e1fica que inclui 142 linhas de \u00e1gua totalizando 250 km, onde se destaca as v\u00e1rzeas de Bucelas, Loures e Flamenga. De seguida, focaram-se na regula\u00e7\u00e3o da atividade do setor das linhas de \u00e1gua, nomeadamente pelo Regulamento da Estrutura Org\u00e2nica da CM Loures, Lei da \u00c1gua e o PERLA, este \u00faltimo que inclui diferentes tipologias desde tro\u00e7os de ribeiras de altitude at\u00e9 \u00e0s zonas mais baixas amea\u00e7adas por cheias. Elencaram seguidamente diferentes formas e meios de atua\u00e7\u00e3o, onde destacaram a Brigada Guarda Rios, os equipamentos internos do munic\u00edpio, as presta\u00e7\u00f5es de servi\u00e7os, as empreitadas e o Protocolo de Colabora\u00e7\u00e3o com a Associa\u00e7\u00e3o de Benefici\u00e1rios da V\u00e1rzea de Loures. Referiram tamb\u00e9m a realiza\u00e7\u00e3o de diferentes a\u00e7\u00f5es de forma\u00e7\u00e3o e a aplica\u00e7\u00e3o de diferentes t\u00e9cnicas de engenharia natural nas linhas de \u00e1gua no munic\u00edpio. Destacaram ainda as interven\u00e7\u00f5es estruturais de desobstru\u00e7\u00e3o, regulariza\u00e7\u00e3o fluvial e controlo de cheias em zonas de inunda\u00e7\u00f5es frequentes, evidenciando diferentes casos de estudo. Por \u00faltimo, debru\u00e7aram-se sobre a gest\u00e3o integrada das linhas de \u00e1gua, nomeadamente o equil\u00edbrio entre prioridades ecol\u00f3gicas, sociais e o desenvolvimento econ\u00f3mico do munic\u00edpio.<\/p><p><strong>Francisco Godinho<\/strong> (Conselho Nacional da \u00c1gua) moderou a sess\u00e3o da tarde de comunica\u00e7\u00f5es t\u00e9cnicas.<\/p><p>A 7\u00aa Comunica\u00e7\u00e3o foi dada por <strong>Ana Catarina Miranda<\/strong>, do GEOTA, com o t\u00edtulo \u201cRestauro da conectividade fluvial na sub-bacia do Alviela \u2013 conhecimento, participa\u00e7\u00e3o e a\u00e7\u00e3o\u201d. Come\u00e7ou por apresentar o Programa Rios Livres GEOTA que assenta no restauro fluvial como forma de a\u00e7\u00e3o clim\u00e1tica, envolvendo a popula\u00e7\u00e3o nas estrat\u00e9gias de participa\u00e7\u00e3o da comunidade para a promo\u00e7\u00e3o do conhecimento sobre o restauro e reabilita\u00e7\u00e3o fluvial na bacia do rio Alviela. Seguidamente abordou as amea\u00e7as a que os rios est\u00e3o sujeitos, nomeadamente a perda de esp\u00e9cies nativas, a propaga\u00e7\u00e3o de invasoras, a polui\u00e7\u00e3o e em particular a fragmenta\u00e7\u00e3o que se traduz na presen\u00e7a de c. 13000 barreiras fluviais a n\u00edvel nacional. Estas barreiras afetam a movimenta\u00e7\u00e3o de esp\u00e9cies e sedimentos, alterando o fluxo natural da \u00e1gua e a espacializa\u00e7\u00e3o dos habitats aqu\u00e1ticos. Referiu ainda que muitas destas barreiras s\u00e3o obsoletas, sem utilidade ou valor econ\u00f3mico-social. De seguida apresentou o projeto de restauro da conectividade no rio Alviela que integrou aspetos ecol\u00f3gicos, sociais e econ\u00f3micos, e onde foram mapeadas e caracterizadas 33 barreiras existentes. Enalteceu a import\u00e2ncia da participa\u00e7\u00e3o p\u00fablica, fomentando a motiva\u00e7\u00e3o para melhorar os ecossistemas ribeirinhos e criando mecanismos de participa\u00e7\u00e3o efetiva, contribuindo para a a\u00e7\u00e3o clim\u00e1tica. A terminar, apontou como metas futuras, entre outras, a integra\u00e7\u00e3o das metodologias de trabalho com os crit\u00e9rios da Comiss\u00e3o Europeia para identifica\u00e7\u00e3o de Rios de Curso Livre, a remo\u00e7\u00e3o de mais barreiras no Alviela e a realiza\u00e7\u00e3o de atividades art\u00edsticas como apoio \u00e0s iniciativas de participa\u00e7\u00e3o p\u00fablica.<\/p><p>A 8\u00aa Comunica\u00e7\u00e3o foi dada por <strong>Liliana Benites<\/strong>, da EDP, com o t\u00edtulo \u201cMonitoriza\u00e7\u00e3o pisc\u00edcola nas eclusas de Borland das barragens do tro\u00e7o nacional do Douro\u201d. Iniciou a apresenta\u00e7\u00e3o com uma contextualiza\u00e7\u00e3o da \u00e1rea de estudo, nomeadamente as 5 barragens do Douro nacional (Crestuma-Lever, Carrapatelo, R\u00e9gua, Valeira e Pocinho) e respetivas eclusas. Seguidamente apresentou o funcionamento geral das eclusas de Borland, referindo que no Douro estes dispositivos est\u00e3o localizados no muro de separa\u00e7\u00e3o entre a restitui\u00e7\u00e3o dos grupos e a bacia dos descarregadores. Descreveu seguidamente as principais melhorias implementadas e moderniza\u00e7\u00f5es a que as eclusas do Douro t\u00eam sido sujeitas desde 2016, bem como as a\u00e7\u00f5es de monitoriza\u00e7\u00e3o levadas a cabo, e que incluem simultaneamente an\u00e1lise de in situ de v\u00eddeos e realiza\u00e7\u00e3o de entrevistas aos pescadores profissionais. Ainda em rela\u00e7\u00e3o \u00e0 monitoriza\u00e7\u00e3o, apresentou a propor\u00e7\u00e3o das principais esp\u00e9cies transportas em cada dispositivo, sendo quase sempre a enguia-europeia e os mugil\u00eddeos os taxa dominantes, bem como os respetivos padr\u00f5es de transposi\u00e7\u00e3o sazonais e di\u00e1rios. Por \u00faltimo referiu que se encontra em teste o uso de ferramentas de Intelig\u00eancia Artificial (IA) de apoio \u00e0 monitoriza\u00e7\u00e3o, prevendo-se como metas futuras a valida\u00e7\u00e3o dos resultados por IA, a an\u00e1lise das passagens pisc\u00edcolas em fun\u00e7\u00e3o da explora\u00e7\u00e3o da central, a medi\u00e7\u00e3o de vari\u00e1veis hidr\u00e1ulicas no interior das eclusas, bem como a otimiza\u00e7\u00e3o do funcionamento destas.<\/p><p>Na 9.\u00aa Comunica\u00e7\u00e3o, apresentada por <strong>In\u00eas Moreira<\/strong>, Parques de Sintra, foi abordado o tema \u201cRenaturaliza\u00e7\u00e3o de linhas de \u00e1gua na Serra de Sintra\u201d. Come\u00e7ou por apresentar a Parques de Sintra, referindo que tem como miss\u00e3o a recupera\u00e7\u00e3o, requalifica\u00e7\u00e3o, revitaliza\u00e7\u00e3o, conserva\u00e7\u00e3o, investiga\u00e7\u00e3o, divulga\u00e7\u00e3o e explora\u00e7\u00e3o da paisagem cultural de Sintra, abrindo o patrim\u00f3nio \u00e0 frui\u00e7\u00e3o p\u00fablica. Caracterizou de seguida a \u00e1rea florestal, com certifica\u00e7\u00e3o florestal FSC, onde se incluem as tapadas hist\u00f3ricas e mais recentemente os per\u00edmetros florestais. Referiu tamb\u00e9m que estas duas \u00e1reas est\u00e3o sujeitas a diversos projetos de renaturaliza\u00e7\u00e3o de linhas de \u00e1gua desde 2017, que totalizam mais de 19 km em que t\u00eam sido propostas diversas interven\u00e7\u00f5es. Ainda sobre as linhas de \u00e1guas, referiu ainda que das 35 avaliadas, apenas uma apresenta estado parcialmente artificial, sendo todas de regime tempor\u00e1rio e largura m\u00e9dia reduzida (&lt; 1m). Relativamente \u00e0 ocupa\u00e7\u00e3o florestal, apontou ainda que a maior parte das esp\u00e9cies s\u00e3o invasoras. Seguidamente deu a conhecer o projeto de renaturaliza\u00e7\u00e3o 2019, assente em solu\u00e7\u00e3o de engenharia natural, tendo como objetivos a estabiliza\u00e7\u00e3o de taludes, corre\u00e7\u00e3o torrencial e controlo de invasoras, apresentando diversos exemplos. Terminou a apresenta\u00e7\u00e3o com a apresentam dos resultados referentes \u00e0 avalia\u00e7\u00e3o do estado das linhas de \u00e1gua em 2024, referindo em 18 n\u00e3o foram observados problemas de eros\u00e3o e obstru\u00e7\u00e3o e que metade apresenta um grau de conserva\u00e7\u00e3o composicional med\u00edocre e estrutura razo\u00e1vel.<\/p><p>A 10.\u00aa e \u00faltima comunica\u00e7\u00e3o foi apresentada por <strong>Jo\u00e3o Oliveira<\/strong>, da Mushmore, que abordou o tema \u201cRenaturaliza\u00e7\u00e3o de \u00e1reas invadidas (em margens ribeirinhas) por sucess\u00e3o natural nativa\u201d. Come\u00e7ou por referir que as esp\u00e9cies invasoras s\u00e3o um indicador ecol\u00f3gico resultado de uma forte perturba\u00e7\u00e3o antr\u00f3pica ou natural (p.e. terraplanagens, corte e rechega de madeira, cortes rasos de mato com alfais pesadas, lavras e ripagens, inc\u00eandios, eros\u00e3o provocada por cheias e tempestades), a que est\u00e1 associado uma perda de servi\u00e7os de ecossistema ao solo que s\u00e3o fundamentais para a competitividade das esp\u00e9cies nativas. Apontou ainda que este tipo de esp\u00e9cies, s\u00e3o quase sempre negativamente afetadas pela presen\u00e7a de ensombramento que limita o seu crescimento e dissemina\u00e7\u00e3o. De seguida debru\u00e7ou-se sobre a ecologia das plantas na ocupa\u00e7\u00e3o do espa\u00e7o, tendo posteriormente anotado que a sucess\u00e3o natural come\u00e7a no aproveitamento do restauro dos servi\u00e7os de ecossistema prim\u00e1rios pela invasora (pioneira) e que o primeiro est\u00e1gio surge com um corte sucedido pela sementeira \/ planta\u00e7\u00e3o da sucess\u00e3o nativa do mesmo grupo ecol\u00f3gico. A terminar, descreveu as principais a\u00e7\u00f5es sazonais que devem ser empreendidas no combate \u00e0s esp\u00e9cies invasoras, concluindo que estas devem ser combatidas com uma sucess\u00e3o natural de esp\u00e9cies nativas, a concorrer em competi\u00e7\u00e3o.<\/p><p>No final das comunica\u00e7\u00f5es t\u00e9cnicas, ap\u00f3s um per\u00edodo de debate entre os oradores e participantes, as Jornadas foram conclu\u00eddas.<\/p><\/div>\n\t\t\t\t\t\t\t<\/div>\n\t\t<\/div>\n\t\t\t\t<\/div>\n\t\t\t\t<\/div>\n\t\t\t\t<div class=\"elementor-element elementor-element-753ebb8f elementor-widget elementor-widget-global elementor-global-500 elementor-widget-spacer\" data-id=\"753ebb8f\" data-element_type=\"widget\" data-widget_type=\"spacer.default\">\n\t\t\t\t<div class=\"elementor-widget-container\">\n\t\t\t\t\t<div class=\"elementor-spacer\">\n\t\t\t<div class=\"elementor-spacer-inner\"><\/div>\n\t\t<\/div>\n\t\t\t\t<\/div>\n\t\t\t\t<\/div>\n\t\t\t\t\t<\/div>\n\t\t<\/div>\n\t\t\t\t\t<\/div>\n\t\t<\/section>\n\t\t\t\t<\/div>\n\t\t","protected":false},"excerpt":{"rendered":"<p>28 NOV<\/p>\n","protected":false},"author":2,"featured_media":77749,"comment_status":"closed","ping_status":"closed","sticky":false,"template":"","format":"standard","meta":{"footnotes":""},"categories":[406],"tags":[],"class_list":["post-75768","post","type-post","status-publish","format-standard","has-post-thumbnail","hentry","category-passados-2024"],"yoast_head":"<!-- This site is optimized with the Yoast SEO plugin v23.8 - https:\/\/yoast.com\/wordpress\/plugins\/seo\/ -->\n<title>VIII Jornadas de Restauro Fluvial - APRH<\/title>\n<meta name=\"robots\" content=\"index, follow, max-snippet:-1, max-image-preview:large, max-video-preview:-1\" \/>\n<link rel=\"canonical\" href=\"https:\/\/aprh.pt\/pt\/eventos\/organizados-pela-aprh\/passados-2024\/viii-jornadas-de-restauro-fluvial\/\" \/>\n<meta property=\"og:locale\" content=\"pt_PT\" \/>\n<meta property=\"og:type\" content=\"article\" \/>\n<meta property=\"og:title\" content=\"VIII Jornadas de Restauro Fluvial - APRH\" \/>\n<meta property=\"og:description\" content=\"28 NOV\" \/>\n<meta property=\"og:url\" content=\"https:\/\/aprh.pt\/pt\/eventos\/organizados-pela-aprh\/passados-2024\/viii-jornadas-de-restauro-fluvial\/\" \/>\n<meta property=\"og:site_name\" content=\"APRH\" \/>\n<meta property=\"article:published_time\" content=\"2024-11-29T09:37:40+00:00\" \/>\n<meta property=\"article:modified_time\" content=\"2024-12-11T12:40:00+00:00\" \/>\n<meta property=\"og:image\" content=\"https:\/\/aprh.pt\/wp-content\/uploads\/2023\/12\/8jornadasrestaurofluvial.jpg\" \/>\n\t<meta property=\"og:image:width\" content=\"899\" \/>\n\t<meta property=\"og:image:height\" content=\"770\" \/>\n\t<meta property=\"og:image:type\" content=\"image\/jpeg\" \/>\n<meta name=\"author\" content=\"Andr\u00e9\" \/>\n<meta name=\"twitter:card\" content=\"summary_large_image\" \/>\n<meta name=\"twitter:label1\" content=\"Escrito por\" \/>\n\t<meta name=\"twitter:data1\" content=\"Andr\u00e9\" \/>\n\t<meta name=\"twitter:label2\" content=\"Tempo estimado de leitura\" \/>\n\t<meta name=\"twitter:data2\" content=\"18 minutos\" \/>\n<script type=\"application\/ld+json\" class=\"yoast-schema-graph\">{\"@context\":\"https:\/\/schema.org\",\"@graph\":[{\"@type\":\"Article\",\"@id\":\"https:\/\/aprh.pt\/pt\/eventos\/organizados-pela-aprh\/passados-2024\/viii-jornadas-de-restauro-fluvial\/#article\",\"isPartOf\":{\"@id\":\"https:\/\/aprh.pt\/pt\/eventos\/organizados-pela-aprh\/passados-2024\/viii-jornadas-de-restauro-fluvial\/\"},\"author\":{\"name\":\"Andr\u00e9\",\"@id\":\"https:\/\/aprh.pt\/pt\/#\/schema\/person\/ef01fd0cbbfc5df175ba0784a9b613c8\"},\"headline\":\"VIII Jornadas de Restauro Fluvial\",\"datePublished\":\"2024-11-29T09:37:40+00:00\",\"dateModified\":\"2024-12-11T12:40:00+00:00\",\"mainEntityOfPage\":{\"@id\":\"https:\/\/aprh.pt\/pt\/eventos\/organizados-pela-aprh\/passados-2024\/viii-jornadas-de-restauro-fluvial\/\"},\"wordCount\":3535,\"publisher\":{\"@id\":\"https:\/\/aprh.pt\/pt\/#organization\"},\"image\":{\"@id\":\"https:\/\/aprh.pt\/pt\/eventos\/organizados-pela-aprh\/passados-2024\/viii-jornadas-de-restauro-fluvial\/#primaryimage\"},\"thumbnailUrl\":\"https:\/\/aprh.pt\/wp-content\/uploads\/2023\/12\/8jornadasrestaurofluvial.jpg\",\"articleSection\":[\"Passados 2024\"],\"inLanguage\":\"pt-PT\"},{\"@type\":\"WebPage\",\"@id\":\"https:\/\/aprh.pt\/pt\/eventos\/organizados-pela-aprh\/passados-2024\/viii-jornadas-de-restauro-fluvial\/\",\"url\":\"https:\/\/aprh.pt\/pt\/eventos\/organizados-pela-aprh\/passados-2024\/viii-jornadas-de-restauro-fluvial\/\",\"name\":\"VIII Jornadas de Restauro Fluvial - APRH\",\"isPartOf\":{\"@id\":\"https:\/\/aprh.pt\/pt\/#website\"},\"primaryImageOfPage\":{\"@id\":\"https:\/\/aprh.pt\/pt\/eventos\/organizados-pela-aprh\/passados-2024\/viii-jornadas-de-restauro-fluvial\/#primaryimage\"},\"image\":{\"@id\":\"https:\/\/aprh.pt\/pt\/eventos\/organizados-pela-aprh\/passados-2024\/viii-jornadas-de-restauro-fluvial\/#primaryimage\"},\"thumbnailUrl\":\"https:\/\/aprh.pt\/wp-content\/uploads\/2023\/12\/8jornadasrestaurofluvial.jpg\",\"datePublished\":\"2024-11-29T09:37:40+00:00\",\"dateModified\":\"2024-12-11T12:40:00+00:00\",\"breadcrumb\":{\"@id\":\"https:\/\/aprh.pt\/pt\/eventos\/organizados-pela-aprh\/passados-2024\/viii-jornadas-de-restauro-fluvial\/#breadcrumb\"},\"inLanguage\":\"pt-PT\",\"potentialAction\":[{\"@type\":\"ReadAction\",\"target\":[\"https:\/\/aprh.pt\/pt\/eventos\/organizados-pela-aprh\/passados-2024\/viii-jornadas-de-restauro-fluvial\/\"]}]},{\"@type\":\"ImageObject\",\"inLanguage\":\"pt-PT\",\"@id\":\"https:\/\/aprh.pt\/pt\/eventos\/organizados-pela-aprh\/passados-2024\/viii-jornadas-de-restauro-fluvial\/#primaryimage\",\"url\":\"https:\/\/aprh.pt\/wp-content\/uploads\/2023\/12\/8jornadasrestaurofluvial.jpg\",\"contentUrl\":\"https:\/\/aprh.pt\/wp-content\/uploads\/2023\/12\/8jornadasrestaurofluvial.jpg\",\"width\":899,\"height\":770},{\"@type\":\"BreadcrumbList\",\"@id\":\"https:\/\/aprh.pt\/pt\/eventos\/organizados-pela-aprh\/passados-2024\/viii-jornadas-de-restauro-fluvial\/#breadcrumb\",\"itemListElement\":[{\"@type\":\"ListItem\",\"position\":1,\"name\":\"Home\",\"item\":\"https:\/\/aprh.pt\/pt\/\"},{\"@type\":\"ListItem\",\"position\":2,\"name\":\"Eventos\",\"item\":\"https:\/\/aprh.pt\/pt\/category\/eventos\/\"},{\"@type\":\"ListItem\",\"position\":3,\"name\":\"Organizados pela APRH\",\"item\":\"https:\/\/aprh.pt\/pt\/category\/eventos\/organizados-pela-aprh\/\"},{\"@type\":\"ListItem\",\"position\":4,\"name\":\"Passados 2024\",\"item\":\"https:\/\/aprh.pt\/pt\/category\/eventos\/organizados-pela-aprh\/passados-2024\/\"},{\"@type\":\"ListItem\",\"position\":5,\"name\":\"VIII Jornadas de Restauro Fluvial\"}]},{\"@type\":\"WebSite\",\"@id\":\"https:\/\/aprh.pt\/pt\/#website\",\"url\":\"https:\/\/aprh.pt\/pt\/\",\"name\":\"APRH\",\"description\":\"Associa\u00e7\u00e3o Portuguesa dos Recursos H\u00eddricos\",\"publisher\":{\"@id\":\"https:\/\/aprh.pt\/pt\/#organization\"},\"potentialAction\":[{\"@type\":\"SearchAction\",\"target\":{\"@type\":\"EntryPoint\",\"urlTemplate\":\"https:\/\/aprh.pt\/pt\/?s={search_term_string}\"},\"query-input\":{\"@type\":\"PropertyValueSpecification\",\"valueRequired\":true,\"valueName\":\"search_term_string\"}}],\"inLanguage\":\"pt-PT\"},{\"@type\":\"Organization\",\"@id\":\"https:\/\/aprh.pt\/pt\/#organization\",\"name\":\"APRH\",\"url\":\"https:\/\/aprh.pt\/pt\/\",\"logo\":{\"@type\":\"ImageObject\",\"inLanguage\":\"pt-PT\",\"@id\":\"https:\/\/aprh.pt\/pt\/#\/schema\/logo\/image\/\",\"url\":\"https:\/\/aprh.pt\/wp-content\/uploads\/2022\/04\/logotipo.png\",\"contentUrl\":\"https:\/\/aprh.pt\/wp-content\/uploads\/2022\/04\/logotipo.png\",\"width\":181,\"height\":80,\"caption\":\"APRH\"},\"image\":{\"@id\":\"https:\/\/aprh.pt\/pt\/#\/schema\/logo\/image\/\"}},{\"@type\":\"Person\",\"@id\":\"https:\/\/aprh.pt\/pt\/#\/schema\/person\/ef01fd0cbbfc5df175ba0784a9b613c8\",\"name\":\"Andr\u00e9\",\"image\":{\"@type\":\"ImageObject\",\"inLanguage\":\"pt-PT\",\"@id\":\"https:\/\/aprh.pt\/pt\/#\/schema\/person\/image\/\",\"url\":\"https:\/\/secure.gravatar.com\/avatar\/f19c31d559f92a15766b9e9ddc230f85?s=96&d=mm&r=g\",\"contentUrl\":\"https:\/\/secure.gravatar.com\/avatar\/f19c31d559f92a15766b9e9ddc230f85?s=96&d=mm&r=g\",\"caption\":\"Andr\u00e9\"},\"url\":\"https:\/\/aprh.pt\/pt\/author\/aprh\/\"}]}<\/script>\n<!-- \/ Yoast SEO plugin. -->","yoast_head_json":{"title":"VIII Jornadas de Restauro Fluvial - APRH","robots":{"index":"index","follow":"follow","max-snippet":"max-snippet:-1","max-image-preview":"max-image-preview:large","max-video-preview":"max-video-preview:-1"},"canonical":"https:\/\/aprh.pt\/pt\/eventos\/organizados-pela-aprh\/passados-2024\/viii-jornadas-de-restauro-fluvial\/","og_locale":"pt_PT","og_type":"article","og_title":"VIII Jornadas de Restauro Fluvial - APRH","og_description":"28 NOV","og_url":"https:\/\/aprh.pt\/pt\/eventos\/organizados-pela-aprh\/passados-2024\/viii-jornadas-de-restauro-fluvial\/","og_site_name":"APRH","article_published_time":"2024-11-29T09:37:40+00:00","article_modified_time":"2024-12-11T12:40:00+00:00","og_image":[{"width":899,"height":770,"url":"https:\/\/aprh.pt\/wp-content\/uploads\/2023\/12\/8jornadasrestaurofluvial.jpg","type":"image\/jpeg"}],"author":"Andr\u00e9","twitter_card":"summary_large_image","twitter_misc":{"Escrito por":"Andr\u00e9","Tempo estimado de leitura":"18 minutos"},"schema":{"@context":"https:\/\/schema.org","@graph":[{"@type":"Article","@id":"https:\/\/aprh.pt\/pt\/eventos\/organizados-pela-aprh\/passados-2024\/viii-jornadas-de-restauro-fluvial\/#article","isPartOf":{"@id":"https:\/\/aprh.pt\/pt\/eventos\/organizados-pela-aprh\/passados-2024\/viii-jornadas-de-restauro-fluvial\/"},"author":{"name":"Andr\u00e9","@id":"https:\/\/aprh.pt\/pt\/#\/schema\/person\/ef01fd0cbbfc5df175ba0784a9b613c8"},"headline":"VIII Jornadas de Restauro Fluvial","datePublished":"2024-11-29T09:37:40+00:00","dateModified":"2024-12-11T12:40:00+00:00","mainEntityOfPage":{"@id":"https:\/\/aprh.pt\/pt\/eventos\/organizados-pela-aprh\/passados-2024\/viii-jornadas-de-restauro-fluvial\/"},"wordCount":3535,"publisher":{"@id":"https:\/\/aprh.pt\/pt\/#organization"},"image":{"@id":"https:\/\/aprh.pt\/pt\/eventos\/organizados-pela-aprh\/passados-2024\/viii-jornadas-de-restauro-fluvial\/#primaryimage"},"thumbnailUrl":"https:\/\/aprh.pt\/wp-content\/uploads\/2023\/12\/8jornadasrestaurofluvial.jpg","articleSection":["Passados 2024"],"inLanguage":"pt-PT"},{"@type":"WebPage","@id":"https:\/\/aprh.pt\/pt\/eventos\/organizados-pela-aprh\/passados-2024\/viii-jornadas-de-restauro-fluvial\/","url":"https:\/\/aprh.pt\/pt\/eventos\/organizados-pela-aprh\/passados-2024\/viii-jornadas-de-restauro-fluvial\/","name":"VIII Jornadas de Restauro Fluvial - APRH","isPartOf":{"@id":"https:\/\/aprh.pt\/pt\/#website"},"primaryImageOfPage":{"@id":"https:\/\/aprh.pt\/pt\/eventos\/organizados-pela-aprh\/passados-2024\/viii-jornadas-de-restauro-fluvial\/#primaryimage"},"image":{"@id":"https:\/\/aprh.pt\/pt\/eventos\/organizados-pela-aprh\/passados-2024\/viii-jornadas-de-restauro-fluvial\/#primaryimage"},"thumbnailUrl":"https:\/\/aprh.pt\/wp-content\/uploads\/2023\/12\/8jornadasrestaurofluvial.jpg","datePublished":"2024-11-29T09:37:40+00:00","dateModified":"2024-12-11T12:40:00+00:00","breadcrumb":{"@id":"https:\/\/aprh.pt\/pt\/eventos\/organizados-pela-aprh\/passados-2024\/viii-jornadas-de-restauro-fluvial\/#breadcrumb"},"inLanguage":"pt-PT","potentialAction":[{"@type":"ReadAction","target":["https:\/\/aprh.pt\/pt\/eventos\/organizados-pela-aprh\/passados-2024\/viii-jornadas-de-restauro-fluvial\/"]}]},{"@type":"ImageObject","inLanguage":"pt-PT","@id":"https:\/\/aprh.pt\/pt\/eventos\/organizados-pela-aprh\/passados-2024\/viii-jornadas-de-restauro-fluvial\/#primaryimage","url":"https:\/\/aprh.pt\/wp-content\/uploads\/2023\/12\/8jornadasrestaurofluvial.jpg","contentUrl":"https:\/\/aprh.pt\/wp-content\/uploads\/2023\/12\/8jornadasrestaurofluvial.jpg","width":899,"height":770},{"@type":"BreadcrumbList","@id":"https:\/\/aprh.pt\/pt\/eventos\/organizados-pela-aprh\/passados-2024\/viii-jornadas-de-restauro-fluvial\/#breadcrumb","itemListElement":[{"@type":"ListItem","position":1,"name":"Home","item":"https:\/\/aprh.pt\/pt\/"},{"@type":"ListItem","position":2,"name":"Eventos","item":"https:\/\/aprh.pt\/pt\/category\/eventos\/"},{"@type":"ListItem","position":3,"name":"Organizados pela APRH","item":"https:\/\/aprh.pt\/pt\/category\/eventos\/organizados-pela-aprh\/"},{"@type":"ListItem","position":4,"name":"Passados 2024","item":"https:\/\/aprh.pt\/pt\/category\/eventos\/organizados-pela-aprh\/passados-2024\/"},{"@type":"ListItem","position":5,"name":"VIII Jornadas de Restauro Fluvial"}]},{"@type":"WebSite","@id":"https:\/\/aprh.pt\/pt\/#website","url":"https:\/\/aprh.pt\/pt\/","name":"APRH","description":"Associa\u00e7\u00e3o Portuguesa dos Recursos H\u00eddricos","publisher":{"@id":"https:\/\/aprh.pt\/pt\/#organization"},"potentialAction":[{"@type":"SearchAction","target":{"@type":"EntryPoint","urlTemplate":"https:\/\/aprh.pt\/pt\/?s={search_term_string}"},"query-input":{"@type":"PropertyValueSpecification","valueRequired":true,"valueName":"search_term_string"}}],"inLanguage":"pt-PT"},{"@type":"Organization","@id":"https:\/\/aprh.pt\/pt\/#organization","name":"APRH","url":"https:\/\/aprh.pt\/pt\/","logo":{"@type":"ImageObject","inLanguage":"pt-PT","@id":"https:\/\/aprh.pt\/pt\/#\/schema\/logo\/image\/","url":"https:\/\/aprh.pt\/wp-content\/uploads\/2022\/04\/logotipo.png","contentUrl":"https:\/\/aprh.pt\/wp-content\/uploads\/2022\/04\/logotipo.png","width":181,"height":80,"caption":"APRH"},"image":{"@id":"https:\/\/aprh.pt\/pt\/#\/schema\/logo\/image\/"}},{"@type":"Person","@id":"https:\/\/aprh.pt\/pt\/#\/schema\/person\/ef01fd0cbbfc5df175ba0784a9b613c8","name":"Andr\u00e9","image":{"@type":"ImageObject","inLanguage":"pt-PT","@id":"https:\/\/aprh.pt\/pt\/#\/schema\/person\/image\/","url":"https:\/\/secure.gravatar.com\/avatar\/f19c31d559f92a15766b9e9ddc230f85?s=96&d=mm&r=g","contentUrl":"https:\/\/secure.gravatar.com\/avatar\/f19c31d559f92a15766b9e9ddc230f85?s=96&d=mm&r=g","caption":"Andr\u00e9"},"url":"https:\/\/aprh.pt\/pt\/author\/aprh\/"}]}},"_links":{"self":[{"href":"https:\/\/aprh.pt\/pt\/wp-json\/wp\/v2\/posts\/75768","targetHints":{"allow":["GET"]}}],"collection":[{"href":"https:\/\/aprh.pt\/pt\/wp-json\/wp\/v2\/posts"}],"about":[{"href":"https:\/\/aprh.pt\/pt\/wp-json\/wp\/v2\/types\/post"}],"author":[{"embeddable":true,"href":"https:\/\/aprh.pt\/pt\/wp-json\/wp\/v2\/users\/2"}],"replies":[{"embeddable":true,"href":"https:\/\/aprh.pt\/pt\/wp-json\/wp\/v2\/comments?post=75768"}],"version-history":[{"count":65,"href":"https:\/\/aprh.pt\/pt\/wp-json\/wp\/v2\/posts\/75768\/revisions"}],"predecessor-version":[{"id":78919,"href":"https:\/\/aprh.pt\/pt\/wp-json\/wp\/v2\/posts\/75768\/revisions\/78919"}],"wp:featuredmedia":[{"embeddable":true,"href":"https:\/\/aprh.pt\/pt\/wp-json\/wp\/v2\/media\/77749"}],"wp:attachment":[{"href":"https:\/\/aprh.pt\/pt\/wp-json\/wp\/v2\/media?parent=75768"}],"wp:term":[{"taxonomy":"category","embeddable":true,"href":"https:\/\/aprh.pt\/pt\/wp-json\/wp\/v2\/categories?post=75768"},{"taxonomy":"post_tag","embeddable":true,"href":"https:\/\/aprh.pt\/pt\/wp-json\/wp\/v2\/tags?post=75768"}],"curies":[{"name":"wp","href":"https:\/\/api.w.org\/{rel}","templated":true}]}}