{"id":83845,"date":"1980-05-16T15:30:48","date_gmt":"1980-05-16T15:30:48","guid":{"rendered":"https:\/\/aprh.pt\/?p=83845"},"modified":"2026-03-02T15:33:25","modified_gmt":"2026-03-02T15:33:25","slug":"seminario-sobre-a-bacia-hidrografica-do-douro-contribuicao-da-navegabilidade-do-douro-no-seu-desenvolvimento","status":"publish","type":"post","link":"https:\/\/aprh.pt\/pt\/eventos\/organizados-pela-aprh\/passados-1980\/seminario-sobre-a-bacia-hidrografica-do-douro-contribuicao-da-navegabilidade-do-douro-no-seu-desenvolvimento\/","title":{"rendered":"Semin\u00e1rio sobre: \u201cA Bacia Hidrogr\u00e1fica do Douro; Contribui\u00e7\u00e3o da Navegabilidade do Douro no seu Desenvolvimento\u201d"},"content":{"rendered":"\t\t<div data-elementor-type=\"wp-post\" data-elementor-id=\"83845\" class=\"elementor elementor-83845\" data-elementor-post-type=\"post\">\n\t\t\t\t\t\t<section class=\"elementor-section elementor-top-section elementor-element elementor-element-6f37556e elementor-section-boxed elementor-section-height-default elementor-section-height-default\" data-id=\"6f37556e\" data-element_type=\"section\">\n\t\t\t\t\t\t<div class=\"elementor-container elementor-column-gap-default\">\n\t\t\t\t\t<div class=\"elementor-column elementor-col-100 elementor-top-column elementor-element elementor-element-1a0b46cc\" data-id=\"1a0b46cc\" data-element_type=\"column\">\n\t\t\t<div class=\"elementor-widget-wrap elementor-element-populated\">\n\t\t\t\t\t\t<div class=\"elementor-element elementor-element-287007ad elementor-widget elementor-widget-spacer\" data-id=\"287007ad\" data-element_type=\"widget\" data-widget_type=\"spacer.default\">\n\t\t\t\t<div class=\"elementor-widget-container\">\n\t\t\t\t\t<div class=\"elementor-spacer\">\n\t\t\t<div class=\"elementor-spacer-inner\"><\/div>\n\t\t<\/div>\n\t\t\t\t<\/div>\n\t\t\t\t<\/div>\n\t\t\t\t\t<\/div>\n\t\t<\/div>\n\t\t\t\t\t<\/div>\n\t\t<\/section>\n\t\t\t\t<section class=\"elementor-section elementor-top-section elementor-element elementor-element-6eff981 elementor-section-boxed elementor-section-height-default elementor-section-height-default\" data-id=\"6eff981\" data-element_type=\"section\">\n\t\t\t\t\t\t<div class=\"elementor-container elementor-column-gap-no\">\n\t\t\t\t\t<div class=\"elementor-column elementor-col-50 elementor-top-column elementor-element elementor-element-3a524cd3\" data-id=\"3a524cd3\" data-element_type=\"column\">\n\t\t\t<div class=\"elementor-widget-wrap elementor-element-populated\">\n\t\t\t\t\t\t<div class=\"elementor-element elementor-element-3ed15901 elementor-widget elementor-widget-theme-post-featured-image elementor-widget-image\" data-id=\"3ed15901\" data-element_type=\"widget\" data-widget_type=\"theme-post-featured-image.default\">\n\t\t\t\t<div class=\"elementor-widget-container\">\n\t\t\t\t\t\t\t\t\t\t\t\t\t<img fetchpriority=\"high\" decoding=\"async\" width=\"960\" height=\"720\" src=\"https:\/\/aprh.pt\/wp-content\/uploads\/2026\/03\/16-17maio1980_site.jpg\" class=\"attachment-large size-large wp-image-83847\" alt=\"\" srcset=\"https:\/\/aprh.pt\/wp-content\/uploads\/2026\/03\/16-17maio1980_site.jpg 960w, https:\/\/aprh.pt\/wp-content\/uploads\/2026\/03\/16-17maio1980_site-300x225.jpg 300w, https:\/\/aprh.pt\/wp-content\/uploads\/2026\/03\/16-17maio1980_site-768x576.jpg 768w\" sizes=\"(max-width: 960px) 100vw, 960px\" \/>\t\t\t\t\t\t\t\t\t\t\t\t\t<\/div>\n\t\t\t\t<\/div>\n\t\t\t\t\t<\/div>\n\t\t<\/div>\n\t\t\t\t<div class=\"elementor-column elementor-col-50 elementor-top-column elementor-element elementor-element-704fb77\" data-id=\"704fb77\" data-element_type=\"column\">\n\t\t\t<div class=\"elementor-widget-wrap elementor-element-populated\">\n\t\t\t\t\t\t<div class=\"elementor-element elementor-element-317cbb84 elementor-widget__width-auto elementor-widget elementor-widget-theme-post-excerpt\" data-id=\"317cbb84\" data-element_type=\"widget\" data-widget_type=\"theme-post-excerpt.default\">\n\t\t\t\t<div class=\"elementor-widget-container\">\n\t\t\t16 MAI\t\t<\/div>\n\t\t\t\t<\/div>\n\t\t\t\t<div class=\"elementor-element elementor-element-1f1545bb elementor-widget elementor-widget-theme-post-title elementor-page-title elementor-widget-heading\" data-id=\"1f1545bb\" data-element_type=\"widget\" data-widget_type=\"theme-post-title.default\">\n\t\t\t\t<div class=\"elementor-widget-container\">\n\t\t\t<h1 class=\"elementor-heading-title elementor-size-default\">Semin\u00e1rio sobre: \u201cA Bacia Hidrogr\u00e1fica do Douro; Contribui\u00e7\u00e3o da Navegabilidade do Douro no seu Desenvolvimento\u201d<\/h1>\t\t<\/div>\n\t\t\t\t<\/div>\n\t\t\t\t<div class=\"elementor-element elementor-element-30fe1dd7 elementor-widget elementor-widget-text-editor\" data-id=\"30fe1dd7\" data-element_type=\"widget\" data-widget_type=\"text-editor.default\">\n\t\t\t\t<div class=\"elementor-widget-container\">\n\t\t\t\t\t\t\t<p><strong>16 e 17 de maio de 1980<\/strong><\/p>\t\t\t\t\t\t<\/div>\n\t\t\t\t<\/div>\n\t\t\t\t<div class=\"elementor-element elementor-element-2417617 elementor-share-buttons--view-icon elementor-share-buttons--skin-flat elementor-share-buttons--shape-circle elementor-share-buttons--align-right elementor-share-buttons--color-custom elementor-grid-0 elementor-widget elementor-widget-share-buttons\" data-id=\"2417617\" data-element_type=\"widget\" data-widget_type=\"share-buttons.default\">\n\t\t\t\t<div class=\"elementor-widget-container\">\n\t\t\t\t\t<div class=\"elementor-grid\">\n\t\t\t\t\t\t\t\t<div class=\"elementor-grid-item\">\n\t\t\t\t\t\t<div\n\t\t\t\t\t\t\tclass=\"elementor-share-btn elementor-share-btn_facebook\"\n\t\t\t\t\t\t\trole=\"button\"\n\t\t\t\t\t\t\ttabindex=\"0\"\n\t\t\t\t\t\t\taria-label=\"Share on facebook\"\n\t\t\t\t\t\t>\n\t\t\t\t\t\t\t\t\t\t\t\t\t\t\t<span class=\"elementor-share-btn__icon\">\n\t\t\t\t\t\t\t\t<i class=\"fab fa-facebook\" aria-hidden=\"true\"><\/i>\t\t\t\t\t\t\t<\/span>\n\t\t\t\t\t\t\t\t\t\t\t\t\t\t\t\t\t\t\t\t<\/div>\n\t\t\t\t\t<\/div>\n\t\t\t\t\t\t\t\t\t<div class=\"elementor-grid-item\">\n\t\t\t\t\t\t<div\n\t\t\t\t\t\t\tclass=\"elementor-share-btn elementor-share-btn_twitter\"\n\t\t\t\t\t\t\trole=\"button\"\n\t\t\t\t\t\t\ttabindex=\"0\"\n\t\t\t\t\t\t\taria-label=\"Share on twitter\"\n\t\t\t\t\t\t>\n\t\t\t\t\t\t\t\t\t\t\t\t\t\t\t<span class=\"elementor-share-btn__icon\">\n\t\t\t\t\t\t\t\t<i class=\"fab fa-twitter\" aria-hidden=\"true\"><\/i>\t\t\t\t\t\t\t<\/span>\n\t\t\t\t\t\t\t\t\t\t\t\t\t\t\t\t\t\t\t\t<\/div>\n\t\t\t\t\t<\/div>\n\t\t\t\t\t\t\t\t\t<div class=\"elementor-grid-item\">\n\t\t\t\t\t\t<div\n\t\t\t\t\t\t\tclass=\"elementor-share-btn elementor-share-btn_linkedin\"\n\t\t\t\t\t\t\trole=\"button\"\n\t\t\t\t\t\t\ttabindex=\"0\"\n\t\t\t\t\t\t\taria-label=\"Share on linkedin\"\n\t\t\t\t\t\t>\n\t\t\t\t\t\t\t\t\t\t\t\t\t\t\t<span class=\"elementor-share-btn__icon\">\n\t\t\t\t\t\t\t\t<i class=\"fab fa-linkedin\" aria-hidden=\"true\"><\/i>\t\t\t\t\t\t\t<\/span>\n\t\t\t\t\t\t\t\t\t\t\t\t\t\t\t\t\t\t\t\t<\/div>\n\t\t\t\t\t<\/div>\n\t\t\t\t\t\t<\/div>\n\t\t\t\t<\/div>\n\t\t\t\t<\/div>\n\t\t\t\t\t<\/div>\n\t\t<\/div>\n\t\t\t\t\t<\/div>\n\t\t<\/section>\n\t\t\t\t<section class=\"elementor-section elementor-top-section elementor-element elementor-element-7108c963 elementor-section-boxed elementor-section-height-default elementor-section-height-default\" data-id=\"7108c963\" data-element_type=\"section\">\n\t\t\t\t\t\t<div class=\"elementor-container elementor-column-gap-no\">\n\t\t\t\t\t<div class=\"elementor-column elementor-col-100 elementor-top-column elementor-element elementor-element-42117e76\" data-id=\"42117e76\" data-element_type=\"column\">\n\t\t\t<div class=\"elementor-widget-wrap elementor-element-populated\">\n\t\t\t\t\t\t<div class=\"elementor-element elementor-element-3561b571 tabs_eventos elementor-tabs-view-horizontal elementor-widget elementor-widget-tabs\" data-id=\"3561b571\" data-element_type=\"widget\" data-widget_type=\"tabs.default\">\n\t\t\t\t<div class=\"elementor-widget-container\">\n\t\t\t\t\t<div class=\"elementor-tabs\">\n\t\t\t<div class=\"elementor-tabs-wrapper\" role=\"tablist\" >\n\t\t\t\t\t\t\t\t\t<div id=\"elementor-tab-title-8951\" class=\"elementor-tab-title elementor-tab-desktop-title\" aria-selected=\"true\" data-tab=\"1\" role=\"tab\" tabindex=\"0\" aria-controls=\"elementor-tab-content-8951\" aria-expanded=\"false\">Relato<\/div>\n\t\t\t\t\t\t\t<\/div>\n\t\t\t<div class=\"elementor-tabs-content-wrapper\" role=\"tablist\" aria-orientation=\"vertical\">\n\t\t\t\t\t\t\t\t\t<div class=\"elementor-tab-title elementor-tab-mobile-title\" aria-selected=\"true\" data-tab=\"1\" role=\"tab\" tabindex=\"0\" aria-controls=\"elementor-tab-content-8951\" aria-expanded=\"false\">Relato<\/div>\n\t\t\t\t\t<div id=\"elementor-tab-content-8951\" class=\"elementor-tab-content elementor-clearfix\" data-tab=\"1\" role=\"tabpanel\" aria-labelledby=\"elementor-tab-title-8951\" tabindex=\"0\" hidden=\"false\"><p>Teve lugar no Pal\u00e1cio da Bolsa, um Semin\u00e1rio sobre: \u201cA Bacia Hidrogr\u00e1fica do Douro; Contribui\u00e7\u00e3o da Navegabilidade do Douro no seu Desenvolvimento\u201d. <\/p><p>O Semin\u00e1rio foi dividido em tr\u00eas sess\u00f5es tendo sido tratados nove temas, nomeadamente: <\/p><p>1\u00aa SESS\u00c3O <br \/>TEMA I &#8211; Perspectiva Hist\u00f3rica Parte F\u00edsica, Descri\u00e7\u00e3o do Existente &#8211; Eng. Antonio Augusto de Sousa Taveira, Presidente do N\u00facleo Regional do Norte da A.P.R.H. <br \/>TEMA II &#8211; Os Fluxos Econ\u00f3micos na Area do Douro e a Navegabilidade. Perspectiva Actual &#8211; Dra Maria Fernanda Ribeiro dos Santos C.C.R.N. <br \/>TEMA III &#8211; Estabelecimento da Via Naveg\u00e1vel, trabalhos a realizar &#8211; Eng\u00ba Adolfo Gon\u00e7alves D.G.R.A.H. <\/p><p>2\u00aa SESS\u00c3O <br \/>TEMA IV &#8211; A Navegabilidade e o Plano Sider\u00fargico numa Perspectiva do Sector P\u00fablico e Privado &#8211; Eng. Santiago Bapista &#8211; Ferrominas. <br \/>TEMA V &#8211; A Navegabilidade e a Localiza\u00e7\u00e3o de Novas Actividades Industriais na Bacia do Douro &#8211; Eng. Victor Brand\u00e3o &#8211; Milnorte. <br \/>TEMA VI &#8211; A Navegabilidade do Douro e a Explora\u00e7\u00e3o Tur\u00edstica do Vale do Douro &#8211; Dra Laudomira de Jesus &#8211; CCRN &#8211; Eng. Jorge Cabral Ferreira CACVP\/Ferreirinha.<\/p><p>3\u00aa SESS\u00c3O <br \/>TEMA VII &#8211; A Navegabilidade do Douro. Tipos de Barcos, suas Vantagens e Inconvenientes &#8211; Eng. Pinto da Silva &#8211; E.D.P. <br \/>TEMA VIII &#8211; A navegabilidade do Douro e os Aspectos Portu\u00e1rios &#8211; Eng. Rei Neto A.P.D.L. <br \/>TEMA IX &#8211; A Navegabilidade do Douro e a sua Articula\u00e7\u00e3o com os Outros Meios de Transporte &#8211; Eng. Ferreira do Nascimento &#8211; J.A.E. <\/p><p>Todas estas comunica\u00e7\u00f5es se encontram reunidas em livro.<\/p><\/div>\n\t\t\t\t\t\t\t<\/div>\n\t\t<\/div>\n\t\t\t\t<\/div>\n\t\t\t\t<\/div>\n\t\t\t\t<div class=\"elementor-element elementor-element-7c43dac8 elementor-widget elementor-widget-global elementor-global-500 elementor-widget-spacer\" data-id=\"7c43dac8\" data-element_type=\"widget\" data-widget_type=\"spacer.default\">\n\t\t\t\t<div class=\"elementor-widget-container\">\n\t\t\t\t\t<div class=\"elementor-spacer\">\n\t\t\t<div class=\"elementor-spacer-inner\"><\/div>\n\t\t<\/div>\n\t\t\t\t<\/div>\n\t\t\t\t<\/div>\n\t\t\t\t\t<\/div>\n\t\t<\/div>\n\t\t\t\t\t<\/div>\n\t\t<\/section>\n\t\t\t\t<\/div>\n\t\t","protected":false},"excerpt":{"rendered":"<p>16 MAI<\/p>\n","protected":false},"author":2,"featured_media":83847,"comment_status":"closed","ping_status":"closed","sticky":false,"template":"","format":"standard","meta":{"footnotes":""},"categories":[390],"tags":[],"class_list":["post-83845","post","type-post","status-publish","format-standard","has-post-thumbnail","hentry","category-passados-1980"],"yoast_head":"<!-- This site is optimized with the Yoast SEO plugin v23.8 - https:\/\/yoast.com\/wordpress\/plugins\/seo\/ -->\n<title>Semin\u00e1rio sobre: \u201cA Bacia Hidrogr\u00e1fica do Douro; Contribui\u00e7\u00e3o da Navegabilidade do Douro no seu Desenvolvimento\u201d - APRH<\/title>\n<meta name=\"robots\" content=\"index, follow, max-snippet:-1, max-image-preview:large, max-video-preview:-1\" \/>\n<link rel=\"canonical\" href=\"https:\/\/aprh.pt\/pt\/eventos\/organizados-pela-aprh\/passados-1980\/seminario-sobre-a-bacia-hidrografica-do-douro-contribuicao-da-navegabilidade-do-douro-no-seu-desenvolvimento\/\" \/>\n<meta property=\"og:locale\" content=\"pt_PT\" \/>\n<meta property=\"og:type\" content=\"article\" \/>\n<meta property=\"og:title\" content=\"Semin\u00e1rio sobre: \u201cA Bacia Hidrogr\u00e1fica do Douro; Contribui\u00e7\u00e3o da Navegabilidade do Douro no seu Desenvolvimento\u201d - APRH\" \/>\n<meta property=\"og:description\" content=\"16 MAI\" \/>\n<meta property=\"og:url\" content=\"https:\/\/aprh.pt\/pt\/eventos\/organizados-pela-aprh\/passados-1980\/seminario-sobre-a-bacia-hidrografica-do-douro-contribuicao-da-navegabilidade-do-douro-no-seu-desenvolvimento\/\" \/>\n<meta property=\"og:site_name\" content=\"APRH\" \/>\n<meta property=\"article:published_time\" content=\"1980-05-16T15:30:48+00:00\" \/>\n<meta property=\"article:modified_time\" content=\"2026-03-02T15:33:25+00:00\" \/>\n<meta property=\"og:image\" content=\"https:\/\/aprh.pt\/wp-content\/uploads\/2026\/03\/16-17maio1980_site.jpg\" \/>\n\t<meta property=\"og:image:width\" content=\"960\" \/>\n\t<meta property=\"og:image:height\" content=\"720\" \/>\n\t<meta property=\"og:image:type\" content=\"image\/jpeg\" \/>\n<meta name=\"author\" content=\"Andr\u00e9\" \/>\n<meta name=\"twitter:card\" content=\"summary_large_image\" \/>\n<meta name=\"twitter:label1\" content=\"Escrito por\" \/>\n\t<meta name=\"twitter:data1\" content=\"Andr\u00e9\" \/>\n\t<meta name=\"twitter:label2\" content=\"Tempo estimado de leitura\" \/>\n\t<meta name=\"twitter:data2\" content=\"2 minutos\" \/>\n<script type=\"application\/ld+json\" class=\"yoast-schema-graph\">{\"@context\":\"https:\/\/schema.org\",\"@graph\":[{\"@type\":\"Article\",\"@id\":\"https:\/\/aprh.pt\/pt\/eventos\/organizados-pela-aprh\/passados-1980\/seminario-sobre-a-bacia-hidrografica-do-douro-contribuicao-da-navegabilidade-do-douro-no-seu-desenvolvimento\/#article\",\"isPartOf\":{\"@id\":\"https:\/\/aprh.pt\/pt\/eventos\/organizados-pela-aprh\/passados-1980\/seminario-sobre-a-bacia-hidrografica-do-douro-contribuicao-da-navegabilidade-do-douro-no-seu-desenvolvimento\/\"},\"author\":{\"name\":\"Andr\u00e9\",\"@id\":\"https:\/\/aprh.pt\/pt\/#\/schema\/person\/ef01fd0cbbfc5df175ba0784a9b613c8\"},\"headline\":\"Semin\u00e1rio sobre: \u201cA Bacia Hidrogr\u00e1fica do Douro; Contribui\u00e7\u00e3o da Navegabilidade do Douro no seu Desenvolvimento\u201d\",\"datePublished\":\"1980-05-16T15:30:48+00:00\",\"dateModified\":\"2026-03-02T15:33:25+00:00\",\"mainEntityOfPage\":{\"@id\":\"https:\/\/aprh.pt\/pt\/eventos\/organizados-pela-aprh\/passados-1980\/seminario-sobre-a-bacia-hidrografica-do-douro-contribuicao-da-navegabilidade-do-douro-no-seu-desenvolvimento\/\"},\"wordCount\":286,\"publisher\":{\"@id\":\"https:\/\/aprh.pt\/pt\/#organization\"},\"image\":{\"@id\":\"https:\/\/aprh.pt\/pt\/eventos\/organizados-pela-aprh\/passados-1980\/seminario-sobre-a-bacia-hidrografica-do-douro-contribuicao-da-navegabilidade-do-douro-no-seu-desenvolvimento\/#primaryimage\"},\"thumbnailUrl\":\"https:\/\/aprh.pt\/wp-content\/uploads\/2026\/03\/16-17maio1980_site.jpg\",\"articleSection\":[\"Passados 1980\"],\"inLanguage\":\"pt-PT\"},{\"@type\":\"WebPage\",\"@id\":\"https:\/\/aprh.pt\/pt\/eventos\/organizados-pela-aprh\/passados-1980\/seminario-sobre-a-bacia-hidrografica-do-douro-contribuicao-da-navegabilidade-do-douro-no-seu-desenvolvimento\/\",\"url\":\"https:\/\/aprh.pt\/pt\/eventos\/organizados-pela-aprh\/passados-1980\/seminario-sobre-a-bacia-hidrografica-do-douro-contribuicao-da-navegabilidade-do-douro-no-seu-desenvolvimento\/\",\"name\":\"Semin\u00e1rio sobre: \u201cA Bacia Hidrogr\u00e1fica do Douro; Contribui\u00e7\u00e3o da Navegabilidade do Douro no seu Desenvolvimento\u201d - APRH\",\"isPartOf\":{\"@id\":\"https:\/\/aprh.pt\/pt\/#website\"},\"primaryImageOfPage\":{\"@id\":\"https:\/\/aprh.pt\/pt\/eventos\/organizados-pela-aprh\/passados-1980\/seminario-sobre-a-bacia-hidrografica-do-douro-contribuicao-da-navegabilidade-do-douro-no-seu-desenvolvimento\/#primaryimage\"},\"image\":{\"@id\":\"https:\/\/aprh.pt\/pt\/eventos\/organizados-pela-aprh\/passados-1980\/seminario-sobre-a-bacia-hidrografica-do-douro-contribuicao-da-navegabilidade-do-douro-no-seu-desenvolvimento\/#primaryimage\"},\"thumbnailUrl\":\"https:\/\/aprh.pt\/wp-content\/uploads\/2026\/03\/16-17maio1980_site.jpg\",\"datePublished\":\"1980-05-16T15:30:48+00:00\",\"dateModified\":\"2026-03-02T15:33:25+00:00\",\"breadcrumb\":{\"@id\":\"https:\/\/aprh.pt\/pt\/eventos\/organizados-pela-aprh\/passados-1980\/seminario-sobre-a-bacia-hidrografica-do-douro-contribuicao-da-navegabilidade-do-douro-no-seu-desenvolvimento\/#breadcrumb\"},\"inLanguage\":\"pt-PT\",\"potentialAction\":[{\"@type\":\"ReadAction\",\"target\":[\"https:\/\/aprh.pt\/pt\/eventos\/organizados-pela-aprh\/passados-1980\/seminario-sobre-a-bacia-hidrografica-do-douro-contribuicao-da-navegabilidade-do-douro-no-seu-desenvolvimento\/\"]}]},{\"@type\":\"ImageObject\",\"inLanguage\":\"pt-PT\",\"@id\":\"https:\/\/aprh.pt\/pt\/eventos\/organizados-pela-aprh\/passados-1980\/seminario-sobre-a-bacia-hidrografica-do-douro-contribuicao-da-navegabilidade-do-douro-no-seu-desenvolvimento\/#primaryimage\",\"url\":\"https:\/\/aprh.pt\/wp-content\/uploads\/2026\/03\/16-17maio1980_site.jpg\",\"contentUrl\":\"https:\/\/aprh.pt\/wp-content\/uploads\/2026\/03\/16-17maio1980_site.jpg\",\"width\":960,\"height\":720},{\"@type\":\"BreadcrumbList\",\"@id\":\"https:\/\/aprh.pt\/pt\/eventos\/organizados-pela-aprh\/passados-1980\/seminario-sobre-a-bacia-hidrografica-do-douro-contribuicao-da-navegabilidade-do-douro-no-seu-desenvolvimento\/#breadcrumb\",\"itemListElement\":[{\"@type\":\"ListItem\",\"position\":1,\"name\":\"Home\",\"item\":\"https:\/\/aprh.pt\/pt\/\"},{\"@type\":\"ListItem\",\"position\":2,\"name\":\"Eventos\",\"item\":\"https:\/\/aprh.pt\/pt\/category\/eventos\/\"},{\"@type\":\"ListItem\",\"position\":3,\"name\":\"Organizados pela APRH\",\"item\":\"https:\/\/aprh.pt\/pt\/category\/eventos\/organizados-pela-aprh\/\"},{\"@type\":\"ListItem\",\"position\":4,\"name\":\"Passados 1980\",\"item\":\"https:\/\/aprh.pt\/pt\/category\/eventos\/organizados-pela-aprh\/passados-1980\/\"},{\"@type\":\"ListItem\",\"position\":5,\"name\":\"Semin\u00e1rio sobre: \u201cA Bacia Hidrogr\u00e1fica do Douro; Contribui\u00e7\u00e3o da Navegabilidade do Douro no seu Desenvolvimento\u201d\"}]},{\"@type\":\"WebSite\",\"@id\":\"https:\/\/aprh.pt\/pt\/#website\",\"url\":\"https:\/\/aprh.pt\/pt\/\",\"name\":\"APRH\",\"description\":\"Associa\u00e7\u00e3o Portuguesa dos Recursos H\u00eddricos\",\"publisher\":{\"@id\":\"https:\/\/aprh.pt\/pt\/#organization\"},\"potentialAction\":[{\"@type\":\"SearchAction\",\"target\":{\"@type\":\"EntryPoint\",\"urlTemplate\":\"https:\/\/aprh.pt\/pt\/?s={search_term_string}\"},\"query-input\":{\"@type\":\"PropertyValueSpecification\",\"valueRequired\":true,\"valueName\":\"search_term_string\"}}],\"inLanguage\":\"pt-PT\"},{\"@type\":\"Organization\",\"@id\":\"https:\/\/aprh.pt\/pt\/#organization\",\"name\":\"APRH\",\"url\":\"https:\/\/aprh.pt\/pt\/\",\"logo\":{\"@type\":\"ImageObject\",\"inLanguage\":\"pt-PT\",\"@id\":\"https:\/\/aprh.pt\/pt\/#\/schema\/logo\/image\/\",\"url\":\"https:\/\/aprh.pt\/wp-content\/uploads\/2022\/04\/logotipo.png\",\"contentUrl\":\"https:\/\/aprh.pt\/wp-content\/uploads\/2022\/04\/logotipo.png\",\"width\":181,\"height\":80,\"caption\":\"APRH\"},\"image\":{\"@id\":\"https:\/\/aprh.pt\/pt\/#\/schema\/logo\/image\/\"}},{\"@type\":\"Person\",\"@id\":\"https:\/\/aprh.pt\/pt\/#\/schema\/person\/ef01fd0cbbfc5df175ba0784a9b613c8\",\"name\":\"Andr\u00e9\",\"image\":{\"@type\":\"ImageObject\",\"inLanguage\":\"pt-PT\",\"@id\":\"https:\/\/aprh.pt\/pt\/#\/schema\/person\/image\/\",\"url\":\"https:\/\/secure.gravatar.com\/avatar\/f19c31d559f92a15766b9e9ddc230f85?s=96&d=mm&r=g\",\"contentUrl\":\"https:\/\/secure.gravatar.com\/avatar\/f19c31d559f92a15766b9e9ddc230f85?s=96&d=mm&r=g\",\"caption\":\"Andr\u00e9\"},\"url\":\"https:\/\/aprh.pt\/pt\/author\/aprh\/\"}]}<\/script>\n<!-- \/ Yoast SEO plugin. -->","yoast_head_json":{"title":"Semin\u00e1rio sobre: \u201cA Bacia Hidrogr\u00e1fica do Douro; Contribui\u00e7\u00e3o da Navegabilidade do Douro no seu Desenvolvimento\u201d - APRH","robots":{"index":"index","follow":"follow","max-snippet":"max-snippet:-1","max-image-preview":"max-image-preview:large","max-video-preview":"max-video-preview:-1"},"canonical":"https:\/\/aprh.pt\/pt\/eventos\/organizados-pela-aprh\/passados-1980\/seminario-sobre-a-bacia-hidrografica-do-douro-contribuicao-da-navegabilidade-do-douro-no-seu-desenvolvimento\/","og_locale":"pt_PT","og_type":"article","og_title":"Semin\u00e1rio sobre: \u201cA Bacia Hidrogr\u00e1fica do Douro; Contribui\u00e7\u00e3o da Navegabilidade do Douro no seu Desenvolvimento\u201d - APRH","og_description":"16 MAI","og_url":"https:\/\/aprh.pt\/pt\/eventos\/organizados-pela-aprh\/passados-1980\/seminario-sobre-a-bacia-hidrografica-do-douro-contribuicao-da-navegabilidade-do-douro-no-seu-desenvolvimento\/","og_site_name":"APRH","article_published_time":"1980-05-16T15:30:48+00:00","article_modified_time":"2026-03-02T15:33:25+00:00","og_image":[{"width":960,"height":720,"url":"https:\/\/aprh.pt\/wp-content\/uploads\/2026\/03\/16-17maio1980_site.jpg","type":"image\/jpeg"}],"author":"Andr\u00e9","twitter_card":"summary_large_image","twitter_misc":{"Escrito por":"Andr\u00e9","Tempo estimado de leitura":"2 minutos"},"schema":{"@context":"https:\/\/schema.org","@graph":[{"@type":"Article","@id":"https:\/\/aprh.pt\/pt\/eventos\/organizados-pela-aprh\/passados-1980\/seminario-sobre-a-bacia-hidrografica-do-douro-contribuicao-da-navegabilidade-do-douro-no-seu-desenvolvimento\/#article","isPartOf":{"@id":"https:\/\/aprh.pt\/pt\/eventos\/organizados-pela-aprh\/passados-1980\/seminario-sobre-a-bacia-hidrografica-do-douro-contribuicao-da-navegabilidade-do-douro-no-seu-desenvolvimento\/"},"author":{"name":"Andr\u00e9","@id":"https:\/\/aprh.pt\/pt\/#\/schema\/person\/ef01fd0cbbfc5df175ba0784a9b613c8"},"headline":"Semin\u00e1rio sobre: \u201cA Bacia Hidrogr\u00e1fica do Douro; Contribui\u00e7\u00e3o da Navegabilidade do Douro no seu Desenvolvimento\u201d","datePublished":"1980-05-16T15:30:48+00:00","dateModified":"2026-03-02T15:33:25+00:00","mainEntityOfPage":{"@id":"https:\/\/aprh.pt\/pt\/eventos\/organizados-pela-aprh\/passados-1980\/seminario-sobre-a-bacia-hidrografica-do-douro-contribuicao-da-navegabilidade-do-douro-no-seu-desenvolvimento\/"},"wordCount":286,"publisher":{"@id":"https:\/\/aprh.pt\/pt\/#organization"},"image":{"@id":"https:\/\/aprh.pt\/pt\/eventos\/organizados-pela-aprh\/passados-1980\/seminario-sobre-a-bacia-hidrografica-do-douro-contribuicao-da-navegabilidade-do-douro-no-seu-desenvolvimento\/#primaryimage"},"thumbnailUrl":"https:\/\/aprh.pt\/wp-content\/uploads\/2026\/03\/16-17maio1980_site.jpg","articleSection":["Passados 1980"],"inLanguage":"pt-PT"},{"@type":"WebPage","@id":"https:\/\/aprh.pt\/pt\/eventos\/organizados-pela-aprh\/passados-1980\/seminario-sobre-a-bacia-hidrografica-do-douro-contribuicao-da-navegabilidade-do-douro-no-seu-desenvolvimento\/","url":"https:\/\/aprh.pt\/pt\/eventos\/organizados-pela-aprh\/passados-1980\/seminario-sobre-a-bacia-hidrografica-do-douro-contribuicao-da-navegabilidade-do-douro-no-seu-desenvolvimento\/","name":"Semin\u00e1rio sobre: \u201cA Bacia Hidrogr\u00e1fica do Douro; Contribui\u00e7\u00e3o da Navegabilidade do Douro no seu Desenvolvimento\u201d - APRH","isPartOf":{"@id":"https:\/\/aprh.pt\/pt\/#website"},"primaryImageOfPage":{"@id":"https:\/\/aprh.pt\/pt\/eventos\/organizados-pela-aprh\/passados-1980\/seminario-sobre-a-bacia-hidrografica-do-douro-contribuicao-da-navegabilidade-do-douro-no-seu-desenvolvimento\/#primaryimage"},"image":{"@id":"https:\/\/aprh.pt\/pt\/eventos\/organizados-pela-aprh\/passados-1980\/seminario-sobre-a-bacia-hidrografica-do-douro-contribuicao-da-navegabilidade-do-douro-no-seu-desenvolvimento\/#primaryimage"},"thumbnailUrl":"https:\/\/aprh.pt\/wp-content\/uploads\/2026\/03\/16-17maio1980_site.jpg","datePublished":"1980-05-16T15:30:48+00:00","dateModified":"2026-03-02T15:33:25+00:00","breadcrumb":{"@id":"https:\/\/aprh.pt\/pt\/eventos\/organizados-pela-aprh\/passados-1980\/seminario-sobre-a-bacia-hidrografica-do-douro-contribuicao-da-navegabilidade-do-douro-no-seu-desenvolvimento\/#breadcrumb"},"inLanguage":"pt-PT","potentialAction":[{"@type":"ReadAction","target":["https:\/\/aprh.pt\/pt\/eventos\/organizados-pela-aprh\/passados-1980\/seminario-sobre-a-bacia-hidrografica-do-douro-contribuicao-da-navegabilidade-do-douro-no-seu-desenvolvimento\/"]}]},{"@type":"ImageObject","inLanguage":"pt-PT","@id":"https:\/\/aprh.pt\/pt\/eventos\/organizados-pela-aprh\/passados-1980\/seminario-sobre-a-bacia-hidrografica-do-douro-contribuicao-da-navegabilidade-do-douro-no-seu-desenvolvimento\/#primaryimage","url":"https:\/\/aprh.pt\/wp-content\/uploads\/2026\/03\/16-17maio1980_site.jpg","contentUrl":"https:\/\/aprh.pt\/wp-content\/uploads\/2026\/03\/16-17maio1980_site.jpg","width":960,"height":720},{"@type":"BreadcrumbList","@id":"https:\/\/aprh.pt\/pt\/eventos\/organizados-pela-aprh\/passados-1980\/seminario-sobre-a-bacia-hidrografica-do-douro-contribuicao-da-navegabilidade-do-douro-no-seu-desenvolvimento\/#breadcrumb","itemListElement":[{"@type":"ListItem","position":1,"name":"Home","item":"https:\/\/aprh.pt\/pt\/"},{"@type":"ListItem","position":2,"name":"Eventos","item":"https:\/\/aprh.pt\/pt\/category\/eventos\/"},{"@type":"ListItem","position":3,"name":"Organizados pela APRH","item":"https:\/\/aprh.pt\/pt\/category\/eventos\/organizados-pela-aprh\/"},{"@type":"ListItem","position":4,"name":"Passados 1980","item":"https:\/\/aprh.pt\/pt\/category\/eventos\/organizados-pela-aprh\/passados-1980\/"},{"@type":"ListItem","position":5,"name":"Semin\u00e1rio sobre: \u201cA Bacia Hidrogr\u00e1fica do Douro; Contribui\u00e7\u00e3o da Navegabilidade do Douro no seu Desenvolvimento\u201d"}]},{"@type":"WebSite","@id":"https:\/\/aprh.pt\/pt\/#website","url":"https:\/\/aprh.pt\/pt\/","name":"APRH","description":"Associa\u00e7\u00e3o Portuguesa dos Recursos H\u00eddricos","publisher":{"@id":"https:\/\/aprh.pt\/pt\/#organization"},"potentialAction":[{"@type":"SearchAction","target":{"@type":"EntryPoint","urlTemplate":"https:\/\/aprh.pt\/pt\/?s={search_term_string}"},"query-input":{"@type":"PropertyValueSpecification","valueRequired":true,"valueName":"search_term_string"}}],"inLanguage":"pt-PT"},{"@type":"Organization","@id":"https:\/\/aprh.pt\/pt\/#organization","name":"APRH","url":"https:\/\/aprh.pt\/pt\/","logo":{"@type":"ImageObject","inLanguage":"pt-PT","@id":"https:\/\/aprh.pt\/pt\/#\/schema\/logo\/image\/","url":"https:\/\/aprh.pt\/wp-content\/uploads\/2022\/04\/logotipo.png","contentUrl":"https:\/\/aprh.pt\/wp-content\/uploads\/2022\/04\/logotipo.png","width":181,"height":80,"caption":"APRH"},"image":{"@id":"https:\/\/aprh.pt\/pt\/#\/schema\/logo\/image\/"}},{"@type":"Person","@id":"https:\/\/aprh.pt\/pt\/#\/schema\/person\/ef01fd0cbbfc5df175ba0784a9b613c8","name":"Andr\u00e9","image":{"@type":"ImageObject","inLanguage":"pt-PT","@id":"https:\/\/aprh.pt\/pt\/#\/schema\/person\/image\/","url":"https:\/\/secure.gravatar.com\/avatar\/f19c31d559f92a15766b9e9ddc230f85?s=96&d=mm&r=g","contentUrl":"https:\/\/secure.gravatar.com\/avatar\/f19c31d559f92a15766b9e9ddc230f85?s=96&d=mm&r=g","caption":"Andr\u00e9"},"url":"https:\/\/aprh.pt\/pt\/author\/aprh\/"}]}},"_links":{"self":[{"href":"https:\/\/aprh.pt\/pt\/wp-json\/wp\/v2\/posts\/83845","targetHints":{"allow":["GET"]}}],"collection":[{"href":"https:\/\/aprh.pt\/pt\/wp-json\/wp\/v2\/posts"}],"about":[{"href":"https:\/\/aprh.pt\/pt\/wp-json\/wp\/v2\/types\/post"}],"author":[{"embeddable":true,"href":"https:\/\/aprh.pt\/pt\/wp-json\/wp\/v2\/users\/2"}],"replies":[{"embeddable":true,"href":"https:\/\/aprh.pt\/pt\/wp-json\/wp\/v2\/comments?post=83845"}],"version-history":[{"count":8,"href":"https:\/\/aprh.pt\/pt\/wp-json\/wp\/v2\/posts\/83845\/revisions"}],"predecessor-version":[{"id":83857,"href":"https:\/\/aprh.pt\/pt\/wp-json\/wp\/v2\/posts\/83845\/revisions\/83857"}],"wp:featuredmedia":[{"embeddable":true,"href":"https:\/\/aprh.pt\/pt\/wp-json\/wp\/v2\/media\/83847"}],"wp:attachment":[{"href":"https:\/\/aprh.pt\/pt\/wp-json\/wp\/v2\/media?parent=83845"}],"wp:term":[{"taxonomy":"category","embeddable":true,"href":"https:\/\/aprh.pt\/pt\/wp-json\/wp\/v2\/categories?post=83845"},{"taxonomy":"post_tag","embeddable":true,"href":"https:\/\/aprh.pt\/pt\/wp-json\/wp\/v2\/tags?post=83845"}],"curies":[{"name":"wp","href":"https:\/\/api.w.org\/{rel}","templated":true}]}}