{"id":84716,"date":"2026-04-30T16:49:31","date_gmt":"2026-04-30T16:49:31","guid":{"rendered":"https:\/\/aprh.pt\/?p=84716"},"modified":"2026-04-30T16:58:08","modified_gmt":"2026-04-30T16:58:08","slug":"rios-redes-de-vida-desafios-oportunidades-visoes","status":"publish","type":"post","link":"https:\/\/aprh.pt\/pt\/eventos\/organizados-pela-aprh\/proximos\/rios-redes-de-vida-desafios-oportunidades-visoes\/","title":{"rendered":"Rios, redes de vida &#8211; desafios, oportunidades, vis\u00f5es"},"content":{"rendered":"\t\t<div data-elementor-type=\"wp-post\" data-elementor-id=\"84716\" class=\"elementor elementor-84716\" data-elementor-post-type=\"post\">\n\t\t\t\t\t\t<section class=\"elementor-section elementor-top-section elementor-element elementor-element-7fa1956a elementor-section-boxed elementor-section-height-default elementor-section-height-default\" data-id=\"7fa1956a\" data-element_type=\"section\">\n\t\t\t\t\t\t<div class=\"elementor-container elementor-column-gap-default\">\n\t\t\t\t\t<div class=\"elementor-column elementor-col-100 elementor-top-column elementor-element elementor-element-512438c8\" data-id=\"512438c8\" data-element_type=\"column\">\n\t\t\t<div class=\"elementor-widget-wrap elementor-element-populated\">\n\t\t\t\t\t\t<div class=\"elementor-element elementor-element-611ae484 elementor-widget elementor-widget-spacer\" data-id=\"611ae484\" data-element_type=\"widget\" data-widget_type=\"spacer.default\">\n\t\t\t\t<div class=\"elementor-widget-container\">\n\t\t\t\t\t<div class=\"elementor-spacer\">\n\t\t\t<div class=\"elementor-spacer-inner\"><\/div>\n\t\t<\/div>\n\t\t\t\t<\/div>\n\t\t\t\t<\/div>\n\t\t\t\t\t<\/div>\n\t\t<\/div>\n\t\t\t\t\t<\/div>\n\t\t<\/section>\n\t\t\t\t<section class=\"elementor-section elementor-top-section elementor-element elementor-element-7af7672b elementor-section-boxed elementor-section-height-default elementor-section-height-default\" data-id=\"7af7672b\" data-element_type=\"section\">\n\t\t\t\t\t\t<div class=\"elementor-container elementor-column-gap-no\">\n\t\t\t\t\t<div class=\"elementor-column elementor-col-50 elementor-top-column elementor-element elementor-element-275fad5f\" data-id=\"275fad5f\" data-element_type=\"column\">\n\t\t\t<div class=\"elementor-widget-wrap elementor-element-populated\">\n\t\t\t\t\t\t<div class=\"elementor-element elementor-element-190cb740 elementor-widget elementor-widget-theme-post-featured-image elementor-widget-image\" data-id=\"190cb740\" data-element_type=\"widget\" data-widget_type=\"theme-post-featured-image.default\">\n\t\t\t\t<div class=\"elementor-widget-container\">\n\t\t\t\t\t\t\t\t\t\t\t\t\t<img fetchpriority=\"high\" decoding=\"async\" width=\"768\" height=\"1024\" src=\"https:\/\/aprh.pt\/wp-content\/uploads\/2026\/04\/Rios-e-redes-de-vida_2026-768x1024.jpg\" class=\"attachment-large size-large wp-image-84718\" alt=\"\" srcset=\"https:\/\/aprh.pt\/wp-content\/uploads\/2026\/04\/Rios-e-redes-de-vida_2026-768x1024.jpg 768w, https:\/\/aprh.pt\/wp-content\/uploads\/2026\/04\/Rios-e-redes-de-vida_2026-225x300.jpg 225w, https:\/\/aprh.pt\/wp-content\/uploads\/2026\/04\/Rios-e-redes-de-vida_2026-1152x1536.jpg 1152w, https:\/\/aprh.pt\/wp-content\/uploads\/2026\/04\/Rios-e-redes-de-vida_2026-1536x2048.jpg 1536w, https:\/\/aprh.pt\/wp-content\/uploads\/2026\/04\/Rios-e-redes-de-vida_2026-scaled.jpg 1920w\" sizes=\"(max-width: 768px) 100vw, 768px\" \/>\t\t\t\t\t\t\t\t\t\t\t\t\t<\/div>\n\t\t\t\t<\/div>\n\t\t\t\t\t<\/div>\n\t\t<\/div>\n\t\t\t\t<div class=\"elementor-column elementor-col-50 elementor-top-column elementor-element elementor-element-59e55251\" data-id=\"59e55251\" data-element_type=\"column\">\n\t\t\t<div class=\"elementor-widget-wrap elementor-element-populated\">\n\t\t\t\t\t\t<div class=\"elementor-element elementor-element-44bc1ca1 elementor-widget__width-auto elementor-widget elementor-widget-theme-post-excerpt\" data-id=\"44bc1ca1\" data-element_type=\"widget\" data-widget_type=\"theme-post-excerpt.default\">\n\t\t\t\t<div class=\"elementor-widget-container\">\n\t\t\t25 MAI\t\t<\/div>\n\t\t\t\t<\/div>\n\t\t\t\t<div class=\"elementor-element elementor-element-3d908ae8 elementor-widget elementor-widget-theme-post-title elementor-page-title elementor-widget-heading\" data-id=\"3d908ae8\" data-element_type=\"widget\" data-widget_type=\"theme-post-title.default\">\n\t\t\t\t<div class=\"elementor-widget-container\">\n\t\t\t<h1 class=\"elementor-heading-title elementor-size-default\">Rios, redes de vida &#8211; desafios, oportunidades, vis\u00f5es<\/h1>\t\t<\/div>\n\t\t\t\t<\/div>\n\t\t\t\t<div class=\"elementor-element elementor-element-63b96e4e elementor-widget elementor-widget-text-editor\" data-id=\"63b96e4e\" data-element_type=\"widget\" data-widget_type=\"text-editor.default\">\n\t\t\t\t<div class=\"elementor-widget-container\">\n\t\t\t\t\t\t\t<p><strong>25 de maio de 2026<\/strong><\/p><p>Casa da Achada<br \/>Rua da Achada 11, 1100-004 Lisboa<\/p><p><em>Mesa redonda organizada pela Comiss\u00e3o Especializada em Rios da APRH<\/em><\/p>\t\t\t\t\t\t<\/div>\n\t\t\t\t<\/div>\n\t\t\t\t<div class=\"elementor-element elementor-element-40fd9a2d elementor-share-buttons--view-icon elementor-share-buttons--skin-flat elementor-share-buttons--shape-circle elementor-share-buttons--align-right elementor-share-buttons--color-custom elementor-grid-0 elementor-widget elementor-widget-share-buttons\" data-id=\"40fd9a2d\" data-element_type=\"widget\" data-widget_type=\"share-buttons.default\">\n\t\t\t\t<div class=\"elementor-widget-container\">\n\t\t\t\t\t<div class=\"elementor-grid\">\n\t\t\t\t\t\t\t\t<div class=\"elementor-grid-item\">\n\t\t\t\t\t\t<div\n\t\t\t\t\t\t\tclass=\"elementor-share-btn elementor-share-btn_facebook\"\n\t\t\t\t\t\t\trole=\"button\"\n\t\t\t\t\t\t\ttabindex=\"0\"\n\t\t\t\t\t\t\taria-label=\"Share on facebook\"\n\t\t\t\t\t\t>\n\t\t\t\t\t\t\t\t\t\t\t\t\t\t\t<span class=\"elementor-share-btn__icon\">\n\t\t\t\t\t\t\t\t<i class=\"fab fa-facebook\" aria-hidden=\"true\"><\/i>\t\t\t\t\t\t\t<\/span>\n\t\t\t\t\t\t\t\t\t\t\t\t\t\t\t\t\t\t\t\t<\/div>\n\t\t\t\t\t<\/div>\n\t\t\t\t\t\t\t\t\t<div class=\"elementor-grid-item\">\n\t\t\t\t\t\t<div\n\t\t\t\t\t\t\tclass=\"elementor-share-btn elementor-share-btn_twitter\"\n\t\t\t\t\t\t\trole=\"button\"\n\t\t\t\t\t\t\ttabindex=\"0\"\n\t\t\t\t\t\t\taria-label=\"Share on twitter\"\n\t\t\t\t\t\t>\n\t\t\t\t\t\t\t\t\t\t\t\t\t\t\t<span class=\"elementor-share-btn__icon\">\n\t\t\t\t\t\t\t\t<i class=\"fab fa-twitter\" aria-hidden=\"true\"><\/i>\t\t\t\t\t\t\t<\/span>\n\t\t\t\t\t\t\t\t\t\t\t\t\t\t\t\t\t\t\t\t<\/div>\n\t\t\t\t\t<\/div>\n\t\t\t\t\t\t\t\t\t<div class=\"elementor-grid-item\">\n\t\t\t\t\t\t<div\n\t\t\t\t\t\t\tclass=\"elementor-share-btn elementor-share-btn_linkedin\"\n\t\t\t\t\t\t\trole=\"button\"\n\t\t\t\t\t\t\ttabindex=\"0\"\n\t\t\t\t\t\t\taria-label=\"Share on linkedin\"\n\t\t\t\t\t\t>\n\t\t\t\t\t\t\t\t\t\t\t\t\t\t\t<span class=\"elementor-share-btn__icon\">\n\t\t\t\t\t\t\t\t<i class=\"fab fa-linkedin\" aria-hidden=\"true\"><\/i>\t\t\t\t\t\t\t<\/span>\n\t\t\t\t\t\t\t\t\t\t\t\t\t\t\t\t\t\t\t\t<\/div>\n\t\t\t\t\t<\/div>\n\t\t\t\t\t\t<\/div>\n\t\t\t\t<\/div>\n\t\t\t\t<\/div>\n\t\t\t\t\t<\/div>\n\t\t<\/div>\n\t\t\t\t\t<\/div>\n\t\t<\/section>\n\t\t\t\t<section class=\"elementor-section elementor-top-section elementor-element elementor-element-4506a346 elementor-section-boxed elementor-section-height-default elementor-section-height-default\" data-id=\"4506a346\" data-element_type=\"section\">\n\t\t\t\t\t\t<div class=\"elementor-container elementor-column-gap-no\">\n\t\t\t\t\t<div class=\"elementor-column elementor-col-100 elementor-top-column elementor-element elementor-element-777047bb\" data-id=\"777047bb\" data-element_type=\"column\">\n\t\t\t<div class=\"elementor-widget-wrap elementor-element-populated\">\n\t\t\t\t\t\t<div class=\"elementor-element elementor-element-32fbc410 tabs_eventos elementor-tabs-view-horizontal elementor-widget elementor-widget-tabs\" data-id=\"32fbc410\" data-element_type=\"widget\" data-widget_type=\"tabs.default\">\n\t\t\t\t<div class=\"elementor-widget-container\">\n\t\t\t\t\t<div class=\"elementor-tabs\">\n\t\t\t<div class=\"elementor-tabs-wrapper\" role=\"tablist\" >\n\t\t\t\t\t\t\t\t\t<div id=\"elementor-tab-title-8551\" class=\"elementor-tab-title elementor-tab-desktop-title\" aria-selected=\"true\" data-tab=\"1\" role=\"tab\" tabindex=\"0\" aria-controls=\"elementor-tab-content-8551\" aria-expanded=\"false\">Descri\u00e7\u00e3o<\/div>\n\t\t\t\t\t\t\t\t\t<div id=\"elementor-tab-title-8552\" class=\"elementor-tab-title elementor-tab-desktop-title\" aria-selected=\"false\" data-tab=\"2\" role=\"tab\" tabindex=\"-1\" aria-controls=\"elementor-tab-content-8552\" aria-expanded=\"false\">Programa<\/div>\n\t\t\t\t\t\t\t\t\t<div id=\"elementor-tab-title-8553\" class=\"elementor-tab-title elementor-tab-desktop-title\" aria-selected=\"false\" data-tab=\"3\" role=\"tab\" tabindex=\"-1\" aria-controls=\"elementor-tab-content-8553\" aria-expanded=\"false\">Oradores<\/div>\n\t\t\t\t\t\t\t\t\t<div id=\"elementor-tab-title-8554\" class=\"elementor-tab-title elementor-tab-desktop-title\" aria-selected=\"false\" data-tab=\"4\" role=\"tab\" tabindex=\"-1\" aria-controls=\"elementor-tab-content-8554\" aria-expanded=\"false\">Inscri\u00e7\u00e3o<\/div>\n\t\t\t\t\t\t\t<\/div>\n\t\t\t<div class=\"elementor-tabs-content-wrapper\" role=\"tablist\" aria-orientation=\"vertical\">\n\t\t\t\t\t\t\t\t\t<div class=\"elementor-tab-title elementor-tab-mobile-title\" aria-selected=\"true\" data-tab=\"1\" role=\"tab\" tabindex=\"0\" aria-controls=\"elementor-tab-content-8551\" aria-expanded=\"false\">Descri\u00e7\u00e3o<\/div>\n\t\t\t\t\t<div id=\"elementor-tab-content-8551\" class=\"elementor-tab-content elementor-clearfix\" data-tab=\"1\" role=\"tabpanel\" aria-labelledby=\"elementor-tab-title-8551\" tabindex=\"0\" hidden=\"false\"><p>Assumindo um enquadramento que inclui os objectivos globais de sustentabilidade, o regime jur\u00eddico da \u00e1gua na Uni\u00e3o Europeia e o papel da participa\u00e7\u00e3o p\u00fablica, esta mesa redonda retoma um tema recorrente: enquanto a pol\u00edtica h\u00eddrica evoluiu de forma consistente, grande parte dos rios, sobretudo em bacias periurbanas, permanece ecologicamente empobrecida e invis\u00edvel para as suas comunidades pr\u00f3ximas, excepto em situa\u00e7\u00f5es de risco hidro-clim\u00e1tico. \u00c9 argument\u00e1vel que existe um afastamento material e simb\u00f3lico entre comunidades humanas e sistemas fluviais.<\/p><p>O objectivo central desta mesa redonda \u00e9 reavaliar esta desconex\u00e3o, interrogando n\u00e3o s\u00f3 os limites da resposta convencional \u2014 t\u00e9cnica, legal e administrativa \u2014 mas tamb\u00e9m a ontologia impl\u00edcita na pr\u00f3pria formula\u00e7\u00e3o entre reios e comunidades humanas. [O painel, multidisciplinar, ****] proceder\u00e1 a uma revis\u00e3o cr\u00edtica da evolu\u00e7\u00e3o das rela\u00e7\u00f5es humano-rio, desde paradigmas relacionais pr\u00e9-modernos at\u00e9 \u00e0s formas contempor\u00e2neas de excepcionalismo humano, evidenciando como estas moldaram pr\u00e1ticas de gest\u00e3o, estruturas de participa\u00e7\u00e3o e regimes de produ\u00e7\u00e3o de significado.<\/p><p>O debate ser\u00e1 aberto \u00e0 participa\u00e7\u00e3o do p\u00fablico.<\/p><p>Ser\u00e3o redigidas e aprovadas recomenda\u00e7\u00f5es para enviar aos \u00f3rg\u00e3os competentes para a gest\u00e3o do territ\u00f3rio, em particuar do dom\u00ednio h\u00eddrico.<\/p><\/div>\n\t\t\t\t\t\t\t\t\t<div class=\"elementor-tab-title elementor-tab-mobile-title\" aria-selected=\"false\" data-tab=\"2\" role=\"tab\" tabindex=\"-1\" aria-controls=\"elementor-tab-content-8552\" aria-expanded=\"false\">Programa<\/div>\n\t\t\t\t\t<div id=\"elementor-tab-content-8552\" class=\"elementor-tab-content elementor-clearfix\" data-tab=\"2\" role=\"tabpanel\" aria-labelledby=\"elementor-tab-title-8552\" tabindex=\"0\" hidden=\"hidden\"><div class=\"programacao-container\"><div class=\"item-sessao\"><span class=\"horario\">15:30 &#8211; 15:45<\/span><div class=\"descricao\"><strong>Apresenta\u00e7\u00e3o da sess\u00e3o<\/strong><p>Rui Ferreira, CER-APRH<\/p><\/div><\/div><div class=\"item-sessao\"><span class=\"horario\">15:45 \u2013 17:15<\/span><div class=\"descricao\"><strong>Interven\u00e7\u00f5es<\/strong><p>Alexandra Arag\u00e3o, Ana Estela Barbosa, Carlos Gouveia, Paulo Oliveira<\/p><\/div><\/div><div class=\"item-sessao\"><span class=\"horario\">17:15 \u2013 18:30<\/span><div class=\"descricao\"><strong>Intera\u00e7\u00e3o com o p\u00fablico<\/strong><p class=\"nota-cafe\">\u2615 Entre as 17:15 e as 18:30 ser\u00e1 servido caf\u00e9 e lanche<\/p><\/div><\/div><\/div><\/div>\n\t\t\t\t\t\t\t\t\t<div class=\"elementor-tab-title elementor-tab-mobile-title\" aria-selected=\"false\" data-tab=\"3\" role=\"tab\" tabindex=\"-1\" aria-controls=\"elementor-tab-content-8553\" aria-expanded=\"false\">Oradores<\/div>\n\t\t\t\t\t<div id=\"elementor-tab-content-8553\" class=\"elementor-tab-content elementor-clearfix\" data-tab=\"3\" role=\"tabpanel\" aria-labelledby=\"elementor-tab-title-8553\" tabindex=\"0\" hidden=\"hidden\"><div class=\"bio-orador\">\n<div class=\"bio-foto\"><img decoding=\"async\" src=\"https:\/\/www.aprh.pt\/images\/stories\/alexandra-aragao.jpg\" alt=\"Alexandra Arag\u00e3o\" \/><\/div>\n<div class=\"bio-conteudo\">\n<h3>Alexandra Arag\u00e3o<\/h3>\n<span class=\"bio-cargo\">Professora de direito do ambiente \/ Universidade de Coimbra<\/span>\n\nProfessora de direito do ambiente na Faculdade de Direito da Universidade de Coimbra, e diretora da Revista de \u201cDireito do Urbanismo, do Ordenamento e do Ambiente\u201d. \u00c9 membro do Observat\u00f3rio Europeu da Natura 2000 e das \u00c1guas. Membro do Comit\u00e9 de Conflitos de Interesses da Plataforma Intergovernamental sobre Biodiversidade e Servi\u00e7os dos Ecossistemas (IPBES) das Na\u00e7\u00f5es Unidas (2020 e 2024). Coordenadora da rede \u201cJUST-Side \u2013 Justi\u00e7a e Sustentabilidade atrav\u00e9s de infraestruturas de dados espaciais\u201d e da Plataforma de Inova\u00e7\u00e3o em Recursos End\u00f3genos da Estrat\u00e9gia de Desenvolvimento Regional do Centro, em Portugal. Cofundadora do Grupo Jur\u00eddico da Society for Ecological Restoration e Embaixadora do ODS 16 na Parceria Portuguesa para o Pacto Global. Participante em projetos de restauro fluvial (Geota-Rios Livres).\n\n<\/div>\n<\/div>\n<div class=\"bio-orador\">\n<div class=\"bio-foto\"><img decoding=\"async\" src=\"https:\/\/www.aprh.pt\/images\/stories\/ana-estela-barbosa.jpg\" alt=\"Ana Estela Barbosa\" \/><\/div>\n<div class=\"bio-conteudo\">\n<h3>Ana Estela Barbosa<\/h3>\n<span class=\"bio-cargo\">Investigadora \/ Laborat\u00f3rio Nacional de Engenharia Civil<\/span>\n\nDoutorada em Biotecnologia e Engenharia do Ambiente (Universidade de Aalborg, Dinamarca) e agregada em Ambiente e Sustentabilidade (FCT-UNL), \u00e9 investigadora no Laborat\u00f3rio Nacional de Engenharia Civil. Foi Vogal e depois Vice-Presidente da Comiss\u00e3o Diretiva da APRH (2021\u20132023; 2023\u20132025). Desenvolve investiga\u00e7\u00e3o interdisciplinar na interface entre ci\u00eancias do ambiente e sustentabilidade social. A sua experi\u00eancia abrange a gest\u00e3o integrada de sistemas h\u00eddricos, a sustentabilidade e a avalia\u00e7\u00e3o de impacte ambiental, articulando ci\u00eancia, inova\u00e7\u00e3o, pol\u00edtica e sociedade. Tem particular interesse nas Solu\u00e7\u00f5es de Base Natural enquanto abordagens capazes de responder, de forma integrada, a desafios globais. Atualmente, coordena o projeto NATURELAB (2023\u20132027), financiado pelo Horizonte Europa.\n\n<\/div>\n<\/div>\n<div class=\"bio-orador\">\n<div class=\"bio-foto\"><\/div>\n<div class=\"bio-conteudo\">\n<h3>Carlos Gouveia<\/h3>\n<span class=\"bio-cargo\">Professor \/ Faculdade de Letras da Universidade de Lisboa<\/span>\n\nCarlos A. M. Gouveia \u00e9 Professor da Faculdade de Letras da Universidade de Lisboa e investigador do CELGA-ILTEC (Centro de Estudos de Lingu\u00edstica Geral e Aplicada &amp; Instituto de Lingu\u00edstica Te\u00f3rica e Computacional) da Universidade de Coimbra. As suas \u00e1reas de investiga\u00e7\u00e3o s\u00e3o a Lingu\u00edstica Aplicada Cr\u00edtica e a An\u00e1lise Cr\u00edtica do Discurso, com particular \u00eanfase nos estudos de literacia, de desenvolvimento profissional e de representa\u00e7\u00f5es sociais. A sua investiga\u00e7\u00e3o mais recente centra-se nas metanarrativas de valor, uso e sustentabilidade que circulam na sociedade, analisando representa\u00e7\u00f5es discursivas do valor da l\u00edngua inglesa e a narrativa de prosperidade e sucesso entre estudantes universit\u00e1rios europeus de ingl\u00eas como l\u00edngua estrangeira, bem como representa\u00e7\u00f5es sociossemi\u00f3ticas do ativismo clim\u00e1tico na sociedade.\n\n<\/div>\n<\/div><\/div>\n\t\t\t\t\t\t\t\t\t<div class=\"elementor-tab-title elementor-tab-mobile-title\" aria-selected=\"false\" data-tab=\"4\" role=\"tab\" tabindex=\"-1\" aria-controls=\"elementor-tab-content-8554\" aria-expanded=\"false\">Inscri\u00e7\u00e3o<\/div>\n\t\t\t\t\t<div id=\"elementor-tab-content-8554\" class=\"elementor-tab-content elementor-clearfix\" data-tab=\"4\" role=\"tabpanel\" aria-labelledby=\"elementor-tab-title-8554\" tabindex=\"0\" hidden=\"hidden\"><p>Inscri\u00e7\u00f5es at\u00e9 20 de maio: <a href=\"https:\/\/forms.gle\/MFEffB6Akc9GS5iMA\" target=\"_blank\" rel=\"noopener\">Formul\u00e1rio de inscri\u00e7\u00e3o<\/a><\/p><ul><li><p>Estudantes: gratuito<\/p><\/li><li><p>Associados da APRH: 10\u20ac<\/p><\/li><li><p>N\u00e3o associados e n\u00e3o estudantes: 20\u20ac<\/p><\/li><\/ul><\/div>\n\t\t\t\t\t\t\t<\/div>\n\t\t<\/div>\n\t\t\t\t<\/div>\n\t\t\t\t<\/div>\n\t\t\t\t<div class=\"elementor-element elementor-element-28d93587 elementor-widget elementor-widget-global elementor-global-500 elementor-widget-spacer\" data-id=\"28d93587\" data-element_type=\"widget\" data-widget_type=\"spacer.default\">\n\t\t\t\t<div class=\"elementor-widget-container\">\n\t\t\t\t\t<div class=\"elementor-spacer\">\n\t\t\t<div class=\"elementor-spacer-inner\"><\/div>\n\t\t<\/div>\n\t\t\t\t<\/div>\n\t\t\t\t<\/div>\n\t\t\t\t\t<\/div>\n\t\t<\/div>\n\t\t\t\t\t<\/div>\n\t\t<\/section>\n\t\t\t\t<\/div>\n\t\t","protected":false},"excerpt":{"rendered":"<p>25 MAI<\/p>\n","protected":false},"author":2,"featured_media":84718,"comment_status":"closed","ping_status":"closed","sticky":false,"template":"","format":"standard","meta":{"footnotes":""},"categories":[30],"tags":[],"class_list":["post-84716","post","type-post","status-publish","format-standard","has-post-thumbnail","hentry","category-proximos"],"yoast_head":"<!-- This site is optimized with the Yoast SEO plugin v23.8 - https:\/\/yoast.com\/wordpress\/plugins\/seo\/ -->\n<title>Rios, redes de vida - desafios, oportunidades, vis\u00f5es - APRH<\/title>\n<meta name=\"robots\" content=\"index, follow, max-snippet:-1, max-image-preview:large, max-video-preview:-1\" \/>\n<link rel=\"canonical\" href=\"https:\/\/aprh.pt\/pt\/eventos\/organizados-pela-aprh\/proximos\/rios-redes-de-vida-desafios-oportunidades-visoes\/\" \/>\n<meta property=\"og:locale\" content=\"pt_PT\" \/>\n<meta property=\"og:type\" content=\"article\" \/>\n<meta property=\"og:title\" content=\"Rios, redes de vida - desafios, oportunidades, vis\u00f5es - APRH\" \/>\n<meta property=\"og:description\" content=\"25 MAI\" \/>\n<meta property=\"og:url\" content=\"https:\/\/aprh.pt\/pt\/eventos\/organizados-pela-aprh\/proximos\/rios-redes-de-vida-desafios-oportunidades-visoes\/\" \/>\n<meta property=\"og:site_name\" content=\"APRH\" \/>\n<meta property=\"article:published_time\" content=\"2026-04-30T16:49:31+00:00\" \/>\n<meta property=\"article:modified_time\" content=\"2026-04-30T16:58:08+00:00\" \/>\n<meta property=\"og:image\" content=\"https:\/\/aprh.pt\/wp-content\/uploads\/2026\/04\/Rios-e-redes-de-vida_2026-scaled.jpg\" \/>\n\t<meta property=\"og:image:width\" content=\"1920\" \/>\n\t<meta property=\"og:image:height\" content=\"2560\" \/>\n\t<meta property=\"og:image:type\" content=\"image\/jpeg\" \/>\n<meta name=\"author\" content=\"Andr\u00e9\" \/>\n<meta name=\"twitter:card\" content=\"summary_large_image\" \/>\n<meta name=\"twitter:label1\" content=\"Escrito por\" \/>\n\t<meta name=\"twitter:data1\" content=\"Andr\u00e9\" \/>\n\t<meta name=\"twitter:label2\" content=\"Tempo estimado de leitura\" \/>\n\t<meta name=\"twitter:data2\" content=\"5 minutos\" \/>\n<script type=\"application\/ld+json\" class=\"yoast-schema-graph\">{\"@context\":\"https:\/\/schema.org\",\"@graph\":[{\"@type\":\"Article\",\"@id\":\"https:\/\/aprh.pt\/pt\/eventos\/organizados-pela-aprh\/proximos\/rios-redes-de-vida-desafios-oportunidades-visoes\/#article\",\"isPartOf\":{\"@id\":\"https:\/\/aprh.pt\/pt\/eventos\/organizados-pela-aprh\/proximos\/rios-redes-de-vida-desafios-oportunidades-visoes\/\"},\"author\":{\"name\":\"Andr\u00e9\",\"@id\":\"https:\/\/aprh.pt\/pt\/#\/schema\/person\/ef01fd0cbbfc5df175ba0784a9b613c8\"},\"headline\":\"Rios, redes de vida &#8211; desafios, oportunidades, vis\u00f5es\",\"datePublished\":\"2026-04-30T16:49:31+00:00\",\"dateModified\":\"2026-04-30T16:58:08+00:00\",\"mainEntityOfPage\":{\"@id\":\"https:\/\/aprh.pt\/pt\/eventos\/organizados-pela-aprh\/proximos\/rios-redes-de-vida-desafios-oportunidades-visoes\/\"},\"wordCount\":715,\"publisher\":{\"@id\":\"https:\/\/aprh.pt\/pt\/#organization\"},\"image\":{\"@id\":\"https:\/\/aprh.pt\/pt\/eventos\/organizados-pela-aprh\/proximos\/rios-redes-de-vida-desafios-oportunidades-visoes\/#primaryimage\"},\"thumbnailUrl\":\"https:\/\/aprh.pt\/wp-content\/uploads\/2026\/04\/Rios-e-redes-de-vida_2026-scaled.jpg\",\"articleSection\":[\"Pr\u00f3ximos\"],\"inLanguage\":\"pt-PT\"},{\"@type\":\"WebPage\",\"@id\":\"https:\/\/aprh.pt\/pt\/eventos\/organizados-pela-aprh\/proximos\/rios-redes-de-vida-desafios-oportunidades-visoes\/\",\"url\":\"https:\/\/aprh.pt\/pt\/eventos\/organizados-pela-aprh\/proximos\/rios-redes-de-vida-desafios-oportunidades-visoes\/\",\"name\":\"Rios, redes de vida - desafios, oportunidades, vis\u00f5es - APRH\",\"isPartOf\":{\"@id\":\"https:\/\/aprh.pt\/pt\/#website\"},\"primaryImageOfPage\":{\"@id\":\"https:\/\/aprh.pt\/pt\/eventos\/organizados-pela-aprh\/proximos\/rios-redes-de-vida-desafios-oportunidades-visoes\/#primaryimage\"},\"image\":{\"@id\":\"https:\/\/aprh.pt\/pt\/eventos\/organizados-pela-aprh\/proximos\/rios-redes-de-vida-desafios-oportunidades-visoes\/#primaryimage\"},\"thumbnailUrl\":\"https:\/\/aprh.pt\/wp-content\/uploads\/2026\/04\/Rios-e-redes-de-vida_2026-scaled.jpg\",\"datePublished\":\"2026-04-30T16:49:31+00:00\",\"dateModified\":\"2026-04-30T16:58:08+00:00\",\"breadcrumb\":{\"@id\":\"https:\/\/aprh.pt\/pt\/eventos\/organizados-pela-aprh\/proximos\/rios-redes-de-vida-desafios-oportunidades-visoes\/#breadcrumb\"},\"inLanguage\":\"pt-PT\",\"potentialAction\":[{\"@type\":\"ReadAction\",\"target\":[\"https:\/\/aprh.pt\/pt\/eventos\/organizados-pela-aprh\/proximos\/rios-redes-de-vida-desafios-oportunidades-visoes\/\"]}]},{\"@type\":\"ImageObject\",\"inLanguage\":\"pt-PT\",\"@id\":\"https:\/\/aprh.pt\/pt\/eventos\/organizados-pela-aprh\/proximos\/rios-redes-de-vida-desafios-oportunidades-visoes\/#primaryimage\",\"url\":\"https:\/\/aprh.pt\/wp-content\/uploads\/2026\/04\/Rios-e-redes-de-vida_2026-scaled.jpg\",\"contentUrl\":\"https:\/\/aprh.pt\/wp-content\/uploads\/2026\/04\/Rios-e-redes-de-vida_2026-scaled.jpg\",\"width\":1920,\"height\":2560},{\"@type\":\"BreadcrumbList\",\"@id\":\"https:\/\/aprh.pt\/pt\/eventos\/organizados-pela-aprh\/proximos\/rios-redes-de-vida-desafios-oportunidades-visoes\/#breadcrumb\",\"itemListElement\":[{\"@type\":\"ListItem\",\"position\":1,\"name\":\"Home\",\"item\":\"https:\/\/aprh.pt\/pt\/\"},{\"@type\":\"ListItem\",\"position\":2,\"name\":\"Eventos\",\"item\":\"https:\/\/aprh.pt\/pt\/category\/eventos\/\"},{\"@type\":\"ListItem\",\"position\":3,\"name\":\"Organizados pela APRH\",\"item\":\"https:\/\/aprh.pt\/pt\/category\/eventos\/organizados-pela-aprh\/\"},{\"@type\":\"ListItem\",\"position\":4,\"name\":\"Pr\u00f3ximos\",\"item\":\"https:\/\/aprh.pt\/pt\/category\/eventos\/organizados-pela-aprh\/proximos\/\"},{\"@type\":\"ListItem\",\"position\":5,\"name\":\"Rios, redes de vida &#8211; desafios, oportunidades, vis\u00f5es\"}]},{\"@type\":\"WebSite\",\"@id\":\"https:\/\/aprh.pt\/pt\/#website\",\"url\":\"https:\/\/aprh.pt\/pt\/\",\"name\":\"APRH\",\"description\":\"Associa\u00e7\u00e3o Portuguesa dos Recursos H\u00eddricos\",\"publisher\":{\"@id\":\"https:\/\/aprh.pt\/pt\/#organization\"},\"potentialAction\":[{\"@type\":\"SearchAction\",\"target\":{\"@type\":\"EntryPoint\",\"urlTemplate\":\"https:\/\/aprh.pt\/pt\/?s={search_term_string}\"},\"query-input\":{\"@type\":\"PropertyValueSpecification\",\"valueRequired\":true,\"valueName\":\"search_term_string\"}}],\"inLanguage\":\"pt-PT\"},{\"@type\":\"Organization\",\"@id\":\"https:\/\/aprh.pt\/pt\/#organization\",\"name\":\"APRH\",\"url\":\"https:\/\/aprh.pt\/pt\/\",\"logo\":{\"@type\":\"ImageObject\",\"inLanguage\":\"pt-PT\",\"@id\":\"https:\/\/aprh.pt\/pt\/#\/schema\/logo\/image\/\",\"url\":\"https:\/\/aprh.pt\/wp-content\/uploads\/2022\/04\/logotipo.png\",\"contentUrl\":\"https:\/\/aprh.pt\/wp-content\/uploads\/2022\/04\/logotipo.png\",\"width\":181,\"height\":80,\"caption\":\"APRH\"},\"image\":{\"@id\":\"https:\/\/aprh.pt\/pt\/#\/schema\/logo\/image\/\"}},{\"@type\":\"Person\",\"@id\":\"https:\/\/aprh.pt\/pt\/#\/schema\/person\/ef01fd0cbbfc5df175ba0784a9b613c8\",\"name\":\"Andr\u00e9\",\"image\":{\"@type\":\"ImageObject\",\"inLanguage\":\"pt-PT\",\"@id\":\"https:\/\/aprh.pt\/pt\/#\/schema\/person\/image\/\",\"url\":\"https:\/\/secure.gravatar.com\/avatar\/f19c31d559f92a15766b9e9ddc230f85?s=96&d=mm&r=g\",\"contentUrl\":\"https:\/\/secure.gravatar.com\/avatar\/f19c31d559f92a15766b9e9ddc230f85?s=96&d=mm&r=g\",\"caption\":\"Andr\u00e9\"},\"url\":\"https:\/\/aprh.pt\/pt\/author\/aprh\/\"}]}<\/script>\n<!-- \/ Yoast SEO plugin. -->","yoast_head_json":{"title":"Rios, redes de vida - desafios, oportunidades, vis\u00f5es - APRH","robots":{"index":"index","follow":"follow","max-snippet":"max-snippet:-1","max-image-preview":"max-image-preview:large","max-video-preview":"max-video-preview:-1"},"canonical":"https:\/\/aprh.pt\/pt\/eventos\/organizados-pela-aprh\/proximos\/rios-redes-de-vida-desafios-oportunidades-visoes\/","og_locale":"pt_PT","og_type":"article","og_title":"Rios, redes de vida - desafios, oportunidades, vis\u00f5es - APRH","og_description":"25 MAI","og_url":"https:\/\/aprh.pt\/pt\/eventos\/organizados-pela-aprh\/proximos\/rios-redes-de-vida-desafios-oportunidades-visoes\/","og_site_name":"APRH","article_published_time":"2026-04-30T16:49:31+00:00","article_modified_time":"2026-04-30T16:58:08+00:00","og_image":[{"width":1920,"height":2560,"url":"https:\/\/aprh.pt\/wp-content\/uploads\/2026\/04\/Rios-e-redes-de-vida_2026-scaled.jpg","type":"image\/jpeg"}],"author":"Andr\u00e9","twitter_card":"summary_large_image","twitter_misc":{"Escrito por":"Andr\u00e9","Tempo estimado de leitura":"5 minutos"},"schema":{"@context":"https:\/\/schema.org","@graph":[{"@type":"Article","@id":"https:\/\/aprh.pt\/pt\/eventos\/organizados-pela-aprh\/proximos\/rios-redes-de-vida-desafios-oportunidades-visoes\/#article","isPartOf":{"@id":"https:\/\/aprh.pt\/pt\/eventos\/organizados-pela-aprh\/proximos\/rios-redes-de-vida-desafios-oportunidades-visoes\/"},"author":{"name":"Andr\u00e9","@id":"https:\/\/aprh.pt\/pt\/#\/schema\/person\/ef01fd0cbbfc5df175ba0784a9b613c8"},"headline":"Rios, redes de vida &#8211; desafios, oportunidades, vis\u00f5es","datePublished":"2026-04-30T16:49:31+00:00","dateModified":"2026-04-30T16:58:08+00:00","mainEntityOfPage":{"@id":"https:\/\/aprh.pt\/pt\/eventos\/organizados-pela-aprh\/proximos\/rios-redes-de-vida-desafios-oportunidades-visoes\/"},"wordCount":715,"publisher":{"@id":"https:\/\/aprh.pt\/pt\/#organization"},"image":{"@id":"https:\/\/aprh.pt\/pt\/eventos\/organizados-pela-aprh\/proximos\/rios-redes-de-vida-desafios-oportunidades-visoes\/#primaryimage"},"thumbnailUrl":"https:\/\/aprh.pt\/wp-content\/uploads\/2026\/04\/Rios-e-redes-de-vida_2026-scaled.jpg","articleSection":["Pr\u00f3ximos"],"inLanguage":"pt-PT"},{"@type":"WebPage","@id":"https:\/\/aprh.pt\/pt\/eventos\/organizados-pela-aprh\/proximos\/rios-redes-de-vida-desafios-oportunidades-visoes\/","url":"https:\/\/aprh.pt\/pt\/eventos\/organizados-pela-aprh\/proximos\/rios-redes-de-vida-desafios-oportunidades-visoes\/","name":"Rios, redes de vida - desafios, oportunidades, vis\u00f5es - APRH","isPartOf":{"@id":"https:\/\/aprh.pt\/pt\/#website"},"primaryImageOfPage":{"@id":"https:\/\/aprh.pt\/pt\/eventos\/organizados-pela-aprh\/proximos\/rios-redes-de-vida-desafios-oportunidades-visoes\/#primaryimage"},"image":{"@id":"https:\/\/aprh.pt\/pt\/eventos\/organizados-pela-aprh\/proximos\/rios-redes-de-vida-desafios-oportunidades-visoes\/#primaryimage"},"thumbnailUrl":"https:\/\/aprh.pt\/wp-content\/uploads\/2026\/04\/Rios-e-redes-de-vida_2026-scaled.jpg","datePublished":"2026-04-30T16:49:31+00:00","dateModified":"2026-04-30T16:58:08+00:00","breadcrumb":{"@id":"https:\/\/aprh.pt\/pt\/eventos\/organizados-pela-aprh\/proximos\/rios-redes-de-vida-desafios-oportunidades-visoes\/#breadcrumb"},"inLanguage":"pt-PT","potentialAction":[{"@type":"ReadAction","target":["https:\/\/aprh.pt\/pt\/eventos\/organizados-pela-aprh\/proximos\/rios-redes-de-vida-desafios-oportunidades-visoes\/"]}]},{"@type":"ImageObject","inLanguage":"pt-PT","@id":"https:\/\/aprh.pt\/pt\/eventos\/organizados-pela-aprh\/proximos\/rios-redes-de-vida-desafios-oportunidades-visoes\/#primaryimage","url":"https:\/\/aprh.pt\/wp-content\/uploads\/2026\/04\/Rios-e-redes-de-vida_2026-scaled.jpg","contentUrl":"https:\/\/aprh.pt\/wp-content\/uploads\/2026\/04\/Rios-e-redes-de-vida_2026-scaled.jpg","width":1920,"height":2560},{"@type":"BreadcrumbList","@id":"https:\/\/aprh.pt\/pt\/eventos\/organizados-pela-aprh\/proximos\/rios-redes-de-vida-desafios-oportunidades-visoes\/#breadcrumb","itemListElement":[{"@type":"ListItem","position":1,"name":"Home","item":"https:\/\/aprh.pt\/pt\/"},{"@type":"ListItem","position":2,"name":"Eventos","item":"https:\/\/aprh.pt\/pt\/category\/eventos\/"},{"@type":"ListItem","position":3,"name":"Organizados pela APRH","item":"https:\/\/aprh.pt\/pt\/category\/eventos\/organizados-pela-aprh\/"},{"@type":"ListItem","position":4,"name":"Pr\u00f3ximos","item":"https:\/\/aprh.pt\/pt\/category\/eventos\/organizados-pela-aprh\/proximos\/"},{"@type":"ListItem","position":5,"name":"Rios, redes de vida &#8211; desafios, oportunidades, vis\u00f5es"}]},{"@type":"WebSite","@id":"https:\/\/aprh.pt\/pt\/#website","url":"https:\/\/aprh.pt\/pt\/","name":"APRH","description":"Associa\u00e7\u00e3o Portuguesa dos Recursos H\u00eddricos","publisher":{"@id":"https:\/\/aprh.pt\/pt\/#organization"},"potentialAction":[{"@type":"SearchAction","target":{"@type":"EntryPoint","urlTemplate":"https:\/\/aprh.pt\/pt\/?s={search_term_string}"},"query-input":{"@type":"PropertyValueSpecification","valueRequired":true,"valueName":"search_term_string"}}],"inLanguage":"pt-PT"},{"@type":"Organization","@id":"https:\/\/aprh.pt\/pt\/#organization","name":"APRH","url":"https:\/\/aprh.pt\/pt\/","logo":{"@type":"ImageObject","inLanguage":"pt-PT","@id":"https:\/\/aprh.pt\/pt\/#\/schema\/logo\/image\/","url":"https:\/\/aprh.pt\/wp-content\/uploads\/2022\/04\/logotipo.png","contentUrl":"https:\/\/aprh.pt\/wp-content\/uploads\/2022\/04\/logotipo.png","width":181,"height":80,"caption":"APRH"},"image":{"@id":"https:\/\/aprh.pt\/pt\/#\/schema\/logo\/image\/"}},{"@type":"Person","@id":"https:\/\/aprh.pt\/pt\/#\/schema\/person\/ef01fd0cbbfc5df175ba0784a9b613c8","name":"Andr\u00e9","image":{"@type":"ImageObject","inLanguage":"pt-PT","@id":"https:\/\/aprh.pt\/pt\/#\/schema\/person\/image\/","url":"https:\/\/secure.gravatar.com\/avatar\/f19c31d559f92a15766b9e9ddc230f85?s=96&d=mm&r=g","contentUrl":"https:\/\/secure.gravatar.com\/avatar\/f19c31d559f92a15766b9e9ddc230f85?s=96&d=mm&r=g","caption":"Andr\u00e9"},"url":"https:\/\/aprh.pt\/pt\/author\/aprh\/"}]}},"_links":{"self":[{"href":"https:\/\/aprh.pt\/pt\/wp-json\/wp\/v2\/posts\/84716","targetHints":{"allow":["GET"]}}],"collection":[{"href":"https:\/\/aprh.pt\/pt\/wp-json\/wp\/v2\/posts"}],"about":[{"href":"https:\/\/aprh.pt\/pt\/wp-json\/wp\/v2\/types\/post"}],"author":[{"embeddable":true,"href":"https:\/\/aprh.pt\/pt\/wp-json\/wp\/v2\/users\/2"}],"replies":[{"embeddable":true,"href":"https:\/\/aprh.pt\/pt\/wp-json\/wp\/v2\/comments?post=84716"}],"version-history":[{"count":19,"href":"https:\/\/aprh.pt\/pt\/wp-json\/wp\/v2\/posts\/84716\/revisions"}],"predecessor-version":[{"id":84737,"href":"https:\/\/aprh.pt\/pt\/wp-json\/wp\/v2\/posts\/84716\/revisions\/84737"}],"wp:featuredmedia":[{"embeddable":true,"href":"https:\/\/aprh.pt\/pt\/wp-json\/wp\/v2\/media\/84718"}],"wp:attachment":[{"href":"https:\/\/aprh.pt\/pt\/wp-json\/wp\/v2\/media?parent=84716"}],"wp:term":[{"taxonomy":"category","embeddable":true,"href":"https:\/\/aprh.pt\/pt\/wp-json\/wp\/v2\/categories?post=84716"},{"taxonomy":"post_tag","embeddable":true,"href":"https:\/\/aprh.pt\/pt\/wp-json\/wp\/v2\/tags?post=84716"}],"curies":[{"name":"wp","href":"https:\/\/api.w.org\/{rel}","templated":true}]}}